{"id":1688150,"date":"2026-01-28T18:49:49","date_gmt":"2026-01-28T15:49:49","guid":{"rendered":"https:\/\/analyse.optim.biz\/?p=1688150"},"modified":"2026-01-28T18:49:49","modified_gmt":"2026-01-28T15:49:49","slug":"giuliano-sangiorgi-vicino-al-mio-sud-devastato-dal-ciclone-video","status":"publish","type":"post","link":"https:\/\/analyse.optim.biz\/?p=1688150","title":{"rendered":"Giuliano Sangiorgi: \u00abVicino al mio Sud devastato dal ciclone\u00bb Video"},"content":{"rendered":"<article class=\"free-content\" id=\"content\">\n<header>\n<h1 class=\"titolo\">Giuliano Sangiorgi: \u00abVicino al mio Sud devastato dal ciclone\u00bb Video<\/h1>\n<\/header>\n<div class=\"row\">\n<section id=\"main-content\" class=\"col-xs-8\">\n<figure class=\"main-photo\"><img decoding=\"async\" src=\"https:\/\/analyse.optim.biz\/wp-content\/uploads\/2026\/02\/9325589_28194634_onecms_1ol7ezrd7jwd0uu17br_12v4jhttr7k-1.jpg\" width height alt=\"Giuliano Sangiorgi: \u00abVicino al mio Sud devastato dal ciclone\u00bb Video\" title=\"Giuliano Sangiorgi: \u00abVicino al mio Sud devastato dal ciclone\u00bb Video\"><\/figure>\n<div class=\"info-container-top\">\n<div class=\"row middle-xs\">\n<div class=\"col-xs end-xs\"><span class=\"tempo\">1 Minuto di Lettura<\/span><\/div>\n<\/div>\n<\/div>\n<div class=\"info-container-bottom\">\n<div class=\"row middle-xs\">\n<div class=\"col-xs-8\">\n              mercoled\u00ec 28 gennaio 2026, 19:49                            <span class=\"last_agg\"> &#8211; Ultimo aggiornamento:<br \/>\n                  <b>30 gennaio, 17:51<\/b><\/span><\/div>\n<div class=\"col-xs\">\n<div class=\"share_bar_wrapper\">\n<div class=\"share-item share-box\">\n<ul>\n<li class=\"copy\">\n<li class=\"facebook\">\n<li class=\"twitter\">\n<li class=\"mail\">\n<li class=\"whatsapp\"><\/ul>\n<\/div>\n<\/div>\n<\/div>\n<\/div>\n<\/div>\n<div class=\"body-text\">\n<p>\u00abVolevo esprimere tutta la mia vicinanza, la mia solidariet\u00e0 alla <a href=\"http:\/\/quotidianodipuglia.it\/t\/sicilia\">Sicilia<\/a>, alla <a href=\"http:\/\/quotidianodipuglia.it\/t\/sardegna\">Sardegna<\/a>, alla <a href=\"http:\/\/quotidianodipuglia.it\/t\/calabria\">Calabria<\/a>, alla <a href=\"http:\/\/quotidianodipuglia.it\/t\/puglia\">Puglia<\/a>, alla mia Puglia, alla mia Sicilia. Mia proprio perch\u00e9 \u00e8 la terra di mio padre\u00bb. <strong><a href=\"http:\/\/quotidianodipuglia.it\/t\/giuliano-sangiorgi\">Giuliano Sangiorgi<\/a>, voce dei <a href=\"http:\/\/quotidianodipuglia.it\/t\/negramaro\">Negramaro<\/a>, con un video sui social si dice vicino alle terre devastate dal maltempo<\/strong>. \u00abNiscemi mi ha colpito profondamente &#8211; aggiunge il cantante -, perch\u00e9 \u00e8 in provincia di Caltanisetta, la citt\u00e0 dove \u00e8 nato mio padre, la citt\u00e0 di cui sono cittadino onorario, con molto orgoglio. E lo sono diventato dopo che mio padre se ne \u00e8 andato da questa terra\u00bb. \u00abSono vicino al mio Sud, a tutte le persone che hanno avuto gravissimi danni da questo ciclone che ha devastato le nostre coste. <\/p>\n<p>Questo \u00e8 solo un sostegno morale\u00bb, dice condividendo per\u00f2 anche l&#8217;iban diffuso da Fiorello \u00abper sostenere personalmente ognuno le popolazioni colpite da questo maltempo devastante\u00bb.<\/p>\n<div class=\"generic_embed\"><\/div>\n<\/div>\n<div class=\"wrap-box-end\">\n<div class=\"copy\">\n            \u00a9 RIPRODUZIONE RISERVATA\n            <\/div>\n<div class=\"item-options\">\n<div class=\"share_bar_wrapper\">\n<div class=\"share-item share-box\">\n<ul>\n<li class=\"copy\">\n<li class=\"facebook\">\n<li class=\"twitter\">\n<li class=\"mail\">\n<li class=\"whatsapp\"><\/ul>\n<\/div>\n<\/div>\n<\/div>\n<\/div>\n<aside class=\"area\">&#8216;;<br \/>\n        outbrainEl.insertAdjacentHTML(&#8220;afterBegin&#8221;, AdCodeOutbrain);<\/p>\n<p>        loadScript(&#8216;\/\/widgets.outbrain.com\/outbrain.js&#8217;, function(){<br \/>\n            \/\/ cerco il widget. Necessario se c&#8217;\u00e8 un&#8217;altro widget di Outbrain in pagina (es: inread)<br \/>\n            OBR.extern.researchWidget();<br \/>\n        });<br \/>\n    }<\/p>\n<p>    function AnnunciOutbrain(callback) {<br \/>\n        var outbrainDiv = document.getElementById(&#8216;outbrainWait&#8217;);<br \/>\n        \/\/ Verifica se l&#8217;elemento esiste<br \/>\n        if (outbrainDiv) {<br \/>\n            \/\/ Modifica l&#8217;id dell&#8217;elemento div<br \/>\n            outbrainDiv.id = &#8216;outbrain&#8217;;<br \/>\n        }<\/p>\n<p>                    var load_method = impostazioni_testata.outbrain.load_method || &#8216;first-interaction&#8217;;<\/p>\n<p>        var outbrainEl = document.getElementById(&#8216;outbrain&#8217;);<\/p>\n<p>        CED.log(&#8220;outbrain load_method:&#8221; + load_method);<\/p>\n<p>        if (load_method == &#8216;when-near-viewport&#8217;) {<\/p>\n<p>            \/\/ outbrain parte solo quando scrollando arriva abbastanza vicino alla viewport<br \/>\n            if (typeof callback === &#8220;function&#8221;) {<\/p>\n<p>                \/\/ Listen for the scroll event<br \/>\n                \/\/document.addEventListener(&#8216;scroll&#8217;, onScroll(outbrainEl,callback), false);<br \/>\n                CedsWNV.watch(outbrainEl, callback, {<br \/>\n                    checkInterval: 300,<br \/>\n                    offset: 500<br \/>\n                });<\/p>\n<p>                \/*devo chiamare la funzione con argomenti e variabili *\/<br \/>\n            }<\/p>\n<p>        } else {<br \/>\n            \/\/ DEFAULT: outbrain parte alla prima interazione o dopo il timeout inattivit\u00e0<br \/>\n            _waitOnceFor(load_method, callback);<br \/>\n        }<br \/>\n    }<\/p>\n<p>            AnnunciOutbrain(WidgetOutbrainTag);<\/p>\n<div id=\"correlati-verticali\">\n<div class=\"testatabox default\">\n<h3>POTREBBE INTERESSARTI ANCHE<\/h3>\n<\/div>\n<div class=\"strip-2-bottom listing\">\n<div class=\"row\">\n<article class=\"col-xs-6 html_base_bottom   spettacoli \">\n<div class=\"item_content\">\n<figure class=\"medium\"><a href=\"http:\/\/quotidianodipuglia.it\/spettacoli\/giuliano_sangiorgi_vicino_al_mio_sud_devastato_dal_ciclone-9325589.html\" title=\"Giuliano Sangiorgi: \u00abVicino al mio Sud devastato dal ciclone\u00bb Video\"><img loading=\"lazy\" decoding=\"async\" src=\"https:\/\/analyse.optim.biz\/wp-content\/uploads\/2026\/02\/9325589_28194634_onecms_1ol7ezrd7jwd0uu17br_12v4jhttr7k-2.jpg\" title=\"Giuliano Sangiorgi: \u00abVicino al mio Sud devastato dal ciclone\u00bb Video\" width=\"404\" height=\"221\"><\/a><\/figure>\n<p><span class=\"testatina testatina-articolo\"><a href=\"http:\/\/quotidianodipuglia.it\/spettacoli\/giuliano_sangiorgi_vicino_al_mio_sud_devastato_dal_ciclone-9325589.html\">SPETTACOLI<\/a><\/span><\/p>\n<div class=\"titolo\"><a href=\"http:\/\/quotidianodipuglia.it\/spettacoli\/giuliano_sangiorgi_vicino_al_mio_sud_devastato_dal_ciclone-9325589.html\" class=\"ml_primary_link\">Giuliano Sangiorgi: \u00abVicino al mio Sud devastato dal ciclone\u00bb Video<\/a><\/div>\n<\/div>\n<\/article>\n<article class=\"col-xs-6 html_base_bottom   lecce \">\n<div class=\"item_content\">\n<figure class=\"medium\"><a href=\"http:\/\/quotidianodipuglia.it\/lecce\/lecce_copertino_morta_nonna_giuliano_sangiorgi-9180080.html\" title=\"Giuliano Sangiorgi, morta nonna Stella. Il toccante addio sui social: \u00abSei il mare che mi porto dentro\u00bb\"><img loading=\"lazy\" decoding=\"async\" src=\"https:\/\/analyse.optim.biz\/wp-content\/uploads\/2026\/02\/9180080_10112434_lecce_copertino_morta_nonna_giuliano_sangiorgi.jpg\" title=\"Giuliano Sangiorgi, morta nonna Stella. Il toccante addio sui social: \u00abSei il mare che mi porto dentro\u00bb\" width=\"404\" height=\"221\"><\/a><\/p>\n<ul class=\"info-item\">\n<li class=\"has-foto ri-camera-line\"><\/ul>\n<\/figure>\n<p><span class=\"testatina testatina-articolo\"><a href=\"http:\/\/quotidianodipuglia.it\/lecce\/lecce_copertino_morta_nonna_giuliano_sangiorgi-9180080.html\">LECCE<\/a><\/span><\/p>\n<div class=\"titolo\"><a href=\"http:\/\/quotidianodipuglia.it\/lecce\/lecce_copertino_morta_nonna_giuliano_sangiorgi-9180080.html\" class=\"ml_primary_link\">Giuliano Sangiorgi, morta nonna Stella. Il toccante addio sui social: \u00abSei il mare che mi porto dentro\u00bb<\/a><\/div>\n<\/div>\n<\/article>\n<article class=\"col-xs-6 html_base_bottom   spettacoli \">\n<div class=\"item_content\">\n<figure class=\"medium\"><a href=\"http:\/\/quotidianodipuglia.it\/spettacoli\/giuliano_sangiorgi_negramaro_pausa_dopo_il_2026-9174492.html\" title=\"Giuliano Sangiorgi: \u00abCon i Negramaro ci prendiamo una pausa ma noi siamo una famiglia. Dopo il 2026 ci fermiamo\u00bb\"><img loading=\"lazy\" decoding=\"async\" src=\"https:\/\/analyse.optim.biz\/wp-content\/uploads\/2026\/02\/9174492_07082548_7823522_18090417_sangiorgi_4.jpg\" title=\"Giuliano Sangiorgi: \u00abCon i Negramaro ci prendiamo una pausa ma noi siamo una famiglia. Dopo il 2026 ci fermiamo\u00bb\" width=\"404\" height=\"221\"><\/a><\/figure>\n<p><span class=\"testatina testatina-articolo\"><a href=\"http:\/\/quotidianodipuglia.it\/spettacoli\/giuliano_sangiorgi_negramaro_pausa_dopo_il_2026-9174492.html\">IL PERSONAGGIO <\/a><\/span><\/p>\n<div class=\"titolo\"><a href=\"http:\/\/quotidianodipuglia.it\/spettacoli\/giuliano_sangiorgi_negramaro_pausa_dopo_il_2026-9174492.html\" class=\"ml_primary_link\">Giuliano Sangiorgi: \u00abCon i Negramaro ci prendiamo una pausa ma noi siamo una famiglia. Dopo il 2026 ci fermiamo\u00bb<\/a><\/div>\n<p><span class=\"firma\"><span>di Luca Uccello<\/span><\/span><\/div>\n<\/article>\n<article class=\"col-xs-6 html_base_bottom   spettacoli \">\n<div class=\"item_content\">\n<figure class=\"medium\"><a href=\"http:\/\/quotidianodipuglia.it\/spettacoli\/giuliano_sangiorgi_racconto_concerti_bari-9137583.html\" title=\"Sangiorgi, le emozioni della tre giorni barese: \u00abTre lune piene di voi. E non averne mai abbastanza\u00bb\"><img loading=\"lazy\" decoding=\"async\" src=\"https:\/\/analyse.optim.biz\/wp-content\/uploads\/2026\/02\/9137583_20083238_bc066bbd_eadc_4c3c_a369_0938422fdb48.jpg\" title=\"Sangiorgi, le emozioni della tre giorni barese: \u00abTre lune piene di voi. E non averne mai abbastanza\u00bb\" width=\"404\" height=\"221\"><\/a><\/figure>\n<p><span class=\"testatina testatina-articolo\"><a href=\"http:\/\/quotidianodipuglia.it\/spettacoli\/giuliano_sangiorgi_racconto_concerti_bari-9137583.html\">CULTURA E SPETTACOLI <\/a><\/span><\/p>\n<div class=\"titolo\"><a href=\"http:\/\/quotidianodipuglia.it\/spettacoli\/giuliano_sangiorgi_racconto_concerti_bari-9137583.html\" class=\"ml_primary_link\">Sangiorgi, le emozioni della tre giorni barese: \u00abTre lune piene di voi. E non averne mai abbastanza\u00bb<\/a><\/div>\n<p><span class=\"firma\"><span>di Giuliano SANGIORGI<\/span><\/span><\/div>\n<\/article>\n<article class=\"col-xs-6 html_base_bottom   spettacoli \">\n<div class=\"item_content\">\n<figure class=\"medium\"><a href=\"http:\/\/quotidianodipuglia.it\/spettacoli\/salento_buon_compleanno_elvis_ligabue_giuliano_sangiorgi_emma_marrone-9077589.html\" title='\"Buon Compleanno Elvis!\" 30 anni dopo, Emma e Sangiorgi cantano Liga. Album-cover: tutti gli artisti'><img loading=\"lazy\" decoding=\"async\" src=\"https:\/\/analyse.optim.biz\/wp-content\/uploads\/2026\/02\/9077589_19152448_salento_buon_compleanno_elvis_ligabue_giuliano_sangiorgi_emma_marrone.jpg\" title='\"Buon Compleanno Elvis!\" 30 anni dopo, Emma e Sangiorgi cantano Liga. Album-cover: tutti gli artisti' width=\"404\" height=\"221\"><\/a><\/p>\n<ul class=\"info-item\">\n<li class=\"has-foto ri-camera-line\"><\/ul>\n<\/figure>\n<p><span class=\"testatina testatina-articolo\"><a href=\"http:\/\/quotidianodipuglia.it\/spettacoli\/salento_buon_compleanno_elvis_ligabue_giuliano_sangiorgi_emma_marrone-9077589.html\">SPETTACOLI<\/a><\/span><\/p>\n<div class=\"titolo\"><a href=\"http:\/\/quotidianodipuglia.it\/spettacoli\/salento_buon_compleanno_elvis_ligabue_giuliano_sangiorgi_emma_marrone-9077589.html\" class=\"ml_primary_link\">&#8220;Buon Compleanno Elvis!&#8221; 30 anni dopo, Emma e Sangiorgi cantano Liga. Album-cover: tutti gli artisti<\/a><\/div>\n<\/div>\n<\/article>\n<article class=\"col-xs-6 html_base_bottom   lecce \">\n<div class=\"item_content\">\n<figure class=\"medium\"><a href=\"http:\/\/quotidianodipuglia.it\/lecce\/notte_della_taranta_giuliano_sangiorgi_antonio_castrignano_sanremo-9028483.html\" title=\"Notte della Taranta, da Sangiorgi a Castrignan\u00f2: il ritorno a casa dopo l'effetto Sanremo. Il commento\"><img loading=\"lazy\" decoding=\"async\" src=\"https:\/\/analyse.optim.biz\/wp-content\/uploads\/2026\/02\/9028483_24121428_whatsapp_image_2025_08_23_at_22-15-48.jpg\" title=\"Notte della Taranta, da Sangiorgi a Castrignan\u00f2: il ritorno a casa dopo l'effetto Sanremo. Il commento\" width=\"404\" height=\"221\"><\/a><\/figure>\n<p><span class=\"testatina testatina-articolo\"><a href=\"http:\/\/quotidianodipuglia.it\/lecce\/notte_della_taranta_giuliano_sangiorgi_antonio_castrignano_sanremo-9028483.html\">LECCE<\/a><\/span><\/p>\n<div class=\"titolo\"><a href=\"http:\/\/quotidianodipuglia.it\/lecce\/notte_della_taranta_giuliano_sangiorgi_antonio_castrignano_sanremo-9028483.html\" class=\"ml_primary_link\">Notte della Taranta, da Sangiorgi a Castrignan\u00f2: il ritorno a casa dopo l&#8217;effetto Sanremo. Il commento<\/a><\/div>\n<p><span class=\"firma\"><span>di Vincenzo MARUCCIO<\/span><\/span><\/div>\n<\/article>\n<article class=\"col-xs-6 html_base_bottom   spettacoli \">\n<div class=\"item_content\">\n<figure class=\"medium\"><a href=\"http:\/\/quotidianodipuglia.it\/spettacoli\/giuliano_sangiorgi_lu_carcaluru_canto_per_gli_ulivi_scritto_per_la_notte_della_taranta_il_racconto_e_il_testo_in_italiano_della_canzone-9006189.html\" title=\"Giuliano Sangiorgi: il mio canto per gli ulivi, un folletto come inno alla speranza\"><img loading=\"lazy\" decoding=\"async\" src=\"https:\/\/analyse.optim.biz\/wp-content\/uploads\/2026\/02\/9006189_10150912_giuliano_2.jpg\" title=\"Giuliano Sangiorgi: il mio canto per gli ulivi, un folletto come inno alla speranza\" width=\"404\" height=\"221\"><\/a><\/figure>\n<p><span class=\"testatina testatina-articolo\"><a href=\"http:\/\/quotidianodipuglia.it\/spettacoli\/giuliano_sangiorgi_lu_carcaluru_canto_per_gli_ulivi_scritto_per_la_notte_della_taranta_il_racconto_e_il_testo_in_italiano_della_canzone-9006189.html\">IL RACCONTO<\/a><\/span><\/p>\n<div class=\"titolo\"><a href=\"http:\/\/quotidianodipuglia.it\/spettacoli\/giuliano_sangiorgi_lu_carcaluru_canto_per_gli_ulivi_scritto_per_la_notte_della_taranta_il_racconto_e_il_testo_in_italiano_della_canzone-9006189.html\" class=\"ml_primary_link\">Giuliano Sangiorgi: il mio canto per gli ulivi, un folletto come inno alla speranza<\/a><\/div>\n<p><span class=\"firma\"><span>di Giuliano SANGIORGI<\/span><\/span><\/div>\n<\/article>\n<article class=\"col-xs-6 html_base_bottom   cultura \">\n<div class=\"item_content\">\n<figure class=\"medium\"><a href=\"http:\/\/quotidianodipuglia.it\/cultura\/il_folletto_e_gli_ulivi_un_inno_alla_speranza_giuliano_sangiorgi_taranta-9004939.html\" title=\"Il folletto e gli ulivi: un inno alla speranza\"><img loading=\"lazy\" decoding=\"async\" src=\"https:\/\/analyse.optim.biz\/wp-content\/uploads\/2026\/02\/9004939_09220900_www.jpg\" title=\"Il folletto e gli ulivi: un inno alla speranza\" width=\"404\" height=\"221\"><\/a><\/figure>\n<p><span class=\"testatina testatina-articolo\"><a href=\"http:\/\/quotidianodipuglia.it\/cultura\/il_folletto_e_gli_ulivi_un_inno_alla_speranza_giuliano_sangiorgi_taranta-9004939.html\">CULTURA<\/a><\/span><\/p>\n<div class=\"titolo\"><a href=\"http:\/\/quotidianodipuglia.it\/cultura\/il_folletto_e_gli_ulivi_un_inno_alla_speranza_giuliano_sangiorgi_taranta-9004939.html\" class=\"ml_primary_link\">Il folletto e gli ulivi: un inno alla speranza<\/a><\/div>\n<p><span class=\"firma\"><span>di Giuliano SANGIORGI<\/span><\/span><\/div>\n<\/article>\n<article class=\"col-xs-6 html_base_bottom   spettacoli \">\n<div class=\"item_content\">\n<figure class=\"medium\"><a href=\"http:\/\/quotidianodipuglia.it\/spettacoli\/melpignano_notte_della_taranta_quando_giuliano_sangiorgi-9001170.html\" title=\"Notte della Taranta, Sangiorgi protagonista del Concertone: in anteprima 'Lu Carcaluru' e omaggio alla pizzica. Video\"><img loading=\"lazy\" decoding=\"async\" src=\"https:\/\/analyse.optim.biz\/wp-content\/uploads\/2026\/02\/9001170_07154622_melpignano_notte_della_taranta_quando_giuliano_sangiorgi.jpg\" title=\"Notte della Taranta, Sangiorgi protagonista del Concertone: in anteprima 'Lu Carcaluru' e omaggio alla pizzica. Video\" width=\"404\" height=\"221\"><\/a><\/figure>\n<p><span class=\"testatina testatina-articolo\"><a href=\"http:\/\/quotidianodipuglia.it\/spettacoli\/melpignano_notte_della_taranta_quando_giuliano_sangiorgi-9001170.html\">SPETTACOLI<\/a><\/span><\/p>\n<div class=\"titolo\"><a href=\"http:\/\/quotidianodipuglia.it\/spettacoli\/melpignano_notte_della_taranta_quando_giuliano_sangiorgi-9001170.html\" class=\"ml_primary_link\">Notte della Taranta, Sangiorgi protagonista del Concertone: in anteprima &#8216;Lu Carcaluru&#8217; e omaggio alla pizzica. Video <\/a><\/div>\n<\/div>\n<\/article>\n<article class=\"col-xs-6 html_base_bottom   spettacoli \">\n<div class=\"item_content\">\n<figure class=\"medium\"><a href=\"http:\/\/quotidianodipuglia.it\/spettacoli\/notte_della_taranta_melpignano_quado_ospiti_chi_sono_giuliano_sangiorgi-8900215.html\" title=\"Taranta, sul palco anche Sangiorgi, Tara e Settembre. In ballo anche Brancale\"><img loading=\"lazy\" decoding=\"async\" src=\"https:\/\/analyse.optim.biz\/wp-content\/uploads\/2026\/02\/8900215_16004226_taranta.jpg\" title=\"Taranta, sul palco anche Sangiorgi, Tara e Settembre. In ballo anche Brancale\" width=\"404\" height=\"221\"><\/a><\/figure>\n<p><span class=\"testatina testatina-articolo\"><a href=\"http:\/\/quotidianodipuglia.it\/spettacoli\/notte_della_taranta_melpignano_quado_ospiti_chi_sono_giuliano_sangiorgi-8900215.html\">MUSICA<\/a><\/span><\/p>\n<div class=\"titolo\"><a href=\"http:\/\/quotidianodipuglia.it\/spettacoli\/notte_della_taranta_melpignano_quado_ospiti_chi_sono_giuliano_sangiorgi-8900215.html\" class=\"ml_primary_link\">Taranta, sul palco anche Sangiorgi, Tara e Settembre. In ballo anche Brancale<\/a><\/div>\n<p><span class=\"firma\"><span>di Alessandra LUPO<\/span><\/span><\/div>\n<\/article>\n<\/div>\n<\/div>\n<\/div>\n<\/aside>\n<\/section>\n<\/div>\n<aside id=\"right-rail\" class=\"col-xs-4\">\n<div id=\"right-content\">\n<div class=\"area right\">\n<div class=\"area right_articolo\" data-id=\"445\" data-nome=\"Right Articolo (generico) 2022\">\n<div class=\"strip-1-x-video box-tv\" data-strip-id=\"64973\">\n<div class=\"strip-1-video_player\">\n<div class=\"row\">\n<article class=\"col-xs-12 html_base_bottom  video sport \">\n<div class=\"item_content video\">\n<div class=\"embed_video\">\n<div class=\"jw_embed\" data-mediaid=\"vHgoHtF1\" data-disable_video_float_on_non_adv_content=\"cedjs-dynamic\" data-autostart=\"true\" data-related='{\"oncomplete\":\"show\"}' data-mute=\"true\" data-adv_always_floating=\"false\"><img loading=\"lazy\" decoding=\"async\" src=\"https:\/\/analyse.optim.biz\/wp-content\/uploads\/2026\/02\/video-132.svg\" width=\"340\" height=\"180\" alt=\"Video\" title=\"video-132\"><\/div>\n<\/div>\n<div class=\"titolo\"><a href=\"http:\/\/quotidianodipuglia.it\/video\/sport\/cce_lsb_lecce_pall_a9_nardo_68_67-9278426.html\" class=\"ml_primary_link\">Cce Lsb Lecce-Pall. A9 Nard\u00f2 68-67<\/a><\/div>\n<\/div>\n<\/article>\n<\/div>\n<\/div>\n<div class=\"strip-1-square listing\">\n<div class=\"row\">\n<article class=\"col-xs-12 html_base_square  video \">\n<div class=\"item_content\">\n<div class=\"row\">\n<div class=\"col-xs valign__content\">\n<div class=\"square___content\">\n<figure class=\"thumbnail\"><a href=\"http:\/\/quotidianodipuglia.it\/video\/guyana_calabria_campania_prime_in_ue_per_rischio_poverta-9135288.html\" title=\"Guyana, Calabria, Campania prime in Ue per rischio povert\u00e0\"><img loading=\"lazy\" decoding=\"async\" src=\"https:\/\/analyse.optim.biz\/wp-content\/uploads\/2026\/02\/9135288_poster-89.jpg\" title=\"Guyana, Calabria, Campania prime in Ue per rischio povert\u00e0\" width=\"64\" height=\"64\"><\/a><\/figure>\n<\/div>\n<div class=\"valign\">\n<div class=\"titolo\"><a href=\"http:\/\/quotidianodipuglia.it\/video\/guyana_calabria_campania_prime_in_ue_per_rischio_poverta-9135288.html\" class=\"ml_primary_link\">Guyana, Calabria, Campania prime in Ue per rischio povert\u00e0<\/a><\/div>\n<\/div>\n<\/div>\n<\/div>\n<\/div>\n<\/article>\n<article class=\"col-xs-12 html_base_square  video \">\n<div class=\"item_content\">\n<div class=\"row\">\n<div class=\"col-xs valign__content\">\n<div class=\"square___content\">\n<figure class=\"thumbnail\"><a href=\"http:\/\/quotidianodipuglia.it\/video\/storie_italiane_il_racconto_di_mario_ermito-9105224.html\" title=\"Storie Italiane, il racconto di Mario Ermito\"><img loading=\"lazy\" decoding=\"async\" src=\"https:\/\/analyse.optim.biz\/wp-content\/uploads\/2026\/02\/9105224_poster-86.jpg\" title=\"Storie Italiane, il racconto di Mario Ermito\" width=\"64\" height=\"64\"><\/a><\/figure>\n<\/div>\n<div class=\"valign\">\n<div class=\"titolo\"><a href=\"http:\/\/quotidianodipuglia.it\/video\/storie_italiane_il_racconto_di_mario_ermito-9105224.html\" class=\"ml_primary_link\">Storie Italiane, il racconto di Mario Ermito<\/a><\/div>\n<\/div>\n<\/div>\n<\/div>\n<\/div>\n<\/article>\n<article class=\"col-xs-12 html_base_square  video \">\n<div class=\"item_content\">\n<div class=\"row\">\n<div class=\"col-xs valign__content\">\n<div class=\"square___content\">\n<figure class=\"thumbnail\"><a href=\"http:\/\/quotidianodipuglia.it\/video\/lecce_protocollo_scuola_istituzioni_prefettura-9089424.html\" title=\"\u00abL'autismo non \u00e8 solo una diagnosi, \u00e8 un modo diverso di percepire il mondo\u00bb, il commovente messaggio di Emma\"><img loading=\"lazy\" decoding=\"async\" src=\"https:\/\/analyse.optim.biz\/wp-content\/uploads\/2026\/02\/9089424_25191819_myfilename-88.jpg\" title=\"\u00abL'autismo non \u00e8 solo una diagnosi, \u00e8 un modo diverso di percepire il mondo\u00bb, il commovente messaggio di Emma\" width=\"64\" height=\"64\"><\/a><\/figure>\n<\/div>\n<div class=\"valign\">\n<div class=\"titolo\"><a href=\"http:\/\/quotidianodipuglia.it\/video\/lecce_protocollo_scuola_istituzioni_prefettura-9089424.html\" class=\"ml_primary_link\">\u00abL&#8217;autismo non \u00e8 solo una diagnosi, \u00e8 un modo diverso di percepire il mondo\u00bb, il commovente messaggio di Emma<\/a><\/div>\n<\/div>\n<\/div>\n<\/div>\n<\/div>\n<\/article>\n<\/div>\n<\/div>\n<\/div>\n<div class=\"strip-combo \">\n<div class=\"testatabox default sinistra  spettacoli\">\n<h3 class=\"spettacoli\">Della stessa sezione<\/h3>\n<\/div>\n<div class=\"strip-1-bottom principale\">\n<div class=\"row\">\n<article class=\"col-xs-12 html_base_bottom   spettacoli \">\n<div class=\"item_content\">\n<figure class=\"medium\"><a href=\"http:\/\/quotidianodipuglia.it\/spettacoli\/sanremo_2026_duetti_cover_conti_fagnani_morgan_pupo_accoppiamenti_chi_sono_rai_1-9331444.html\" title=\"Conti annuncia i duetti di Sanremo 2026: da Morgan a Fagnani fino a Belen e Pupo, tutti gli accoppiamenti\"><img decoding=\"async\" src=\"https:\/\/analyse.optim.biz\/wp-content\/uploads\/2026\/02\/9331444_31142734_fr_2026_01_31t142728-455-1-2.jpg\" title=\"Conti annuncia i duetti di Sanremo 2026: da Morgan a Fagnani fino a Belen e Pupo, tutti gli accoppiamenti\" width=\"-16\" height=\"-9\"><\/a><\/p>\n<ul class=\"info-item\">\n<li class=\"has-video ri-video-line\"><\/ul>\n<\/figure>\n<p><span class=\"testatina testatina-articolo\"><a href=\"http:\/\/quotidianodipuglia.it\/spettacoli\/sanremo_2026_duetti_cover_conti_fagnani_morgan_pupo_accoppiamenti_chi_sono_rai_1-9331444.html\">IL FESTIVAL<\/a><\/span><\/p>\n<div class=\"titolo\"><a href=\"http:\/\/quotidianodipuglia.it\/spettacoli\/sanremo_2026_duetti_cover_conti_fagnani_morgan_pupo_accoppiamenti_chi_sono_rai_1-9331444.html\" class=\"ml_primary_link\">Conti annuncia i duetti di Sanremo 2026: da Morgan a Fagnani fino a Belen e Pupo, tutti gli accoppiamenti<\/a><\/div>\n<aside>\n<ul class=\"approfondimenti\">\n<li><a href=\"https:\/\/www.quotidianodipuglia.it\/video\/askanews\/sanremo_max_pezzali_protagonista_di_cinque_serate_uniche-9331218.html\" title=\"Video\">Video<\/a><\/li>\n<\/ul>\n<\/aside>\n<\/div>\n<\/article>\n<\/div>\n<\/div>\n<div class=\"strip-1-square seconda listing\">\n<div class=\"row\">\n<article class=\"col-xs-12 html_base_square  spettacoli \">\n<div class=\"item_content\">\n<div class=\"row\">\n<div class=\"col-xs valign__content\">\n<div class=\"square___content\">\n<figure class=\"thumbnail\"><a href=\"http:\/\/quotidianodipuglia.it\/spettacoli\/emma_marrone_stefano_de_martino_corna_relazione_maria_de_filippi_cosa_ha_detto_ultime_notizie-9329591.html\" title='Emma Marrone senza filtri a \"Fuori di Cabello\": \u00abStefano De Martino \u00e8 stato il fidanzato che mi ha fatto pi\u00f9 ridere, ma non ci tornerei\u00bb'><img loading=\"lazy\" decoding=\"async\" src=\"https:\/\/analyse.optim.biz\/wp-content\/uploads\/2026\/02\/9329591_30151923_onecms_19xtlocuwia6i4al1cu_tgu5x4cc1s-4.jpg\" title='Emma Marrone senza filtri a \"Fuori di Cabello\": \u00abStefano De Martino \u00e8 stato il fidanzato che mi ha fatto pi\u00f9 ridere, ma non ci tornerei\u00bb' width=\"64\" height=\"64\"><\/a><\/figure>\n<\/div>\n<div class=\"valign\"><span class=\"testatina testatina-articolo\"><a href=\"http:\/\/quotidianodipuglia.it\/spettacoli\/emma_marrone_stefano_de_martino_corna_relazione_maria_de_filippi_cosa_ha_detto_ultime_notizie-9329591.html\">IL PERSONAGGIO<\/a><\/span><\/p>\n<div class=\"titolo\"><a href=\"http:\/\/quotidianodipuglia.it\/spettacoli\/emma_marrone_stefano_de_martino_corna_relazione_maria_de_filippi_cosa_ha_detto_ultime_notizie-9329591.html\" class=\"ml_primary_link\">Emma Marrone senza filtri a &#8220;Fuori di Cabello&#8221;: \u00abStefano De Martino \u00e8 stato il fidanzato che mi ha fatto pi\u00f9 ridere, ma non ci tornerei\u00bb<\/a><\/div>\n<p><span class=\"firma\"><span>di Gabriele Crispo<\/span><\/span><\/div>\n<\/div>\n<\/div>\n<\/div>\n<\/article>\n<article class=\"col-xs-12 html_base_square  spettacoli \">\n<div class=\"item_content\">\n<div class=\"row\">\n<div class=\"col-xs valign__content\">\n<div class=\"square___content\">\n<figure class=\"thumbnail\"><a href=\"http:\/\/quotidianodipuglia.it\/spettacoli\/sanremo_2026_carlo_conti_annuncio_tg1_co_conduttore_chi_e_ultime_notizie-9329116.html\" title=\"Sanremo 2026, Carlo Conti al Tg1: \u00abIl co-conduttore della seconda serata sar\u00e0 Achille Lauro\u00bb\"><img loading=\"lazy\" decoding=\"async\" src=\"https:\/\/analyse.optim.biz\/wp-content\/uploads\/2026\/02\/9329116_29195215_8133545_22081152_0-4.jpg\" title=\"Sanremo 2026, Carlo Conti al Tg1: \u00abIl co-conduttore della seconda serata sar\u00e0 Achille Lauro\u00bb\" width=\"64\" height=\"64\"><\/a><\/figure>\n<\/div>\n<div class=\"valign\"><span class=\"testatina testatina-articolo\"><a href=\"http:\/\/quotidianodipuglia.it\/spettacoli\/sanremo_2026_carlo_conti_annuncio_tg1_co_conduttore_chi_e_ultime_notizie-9329116.html\">L&#8217;ANNUNCIO<\/a><\/span><\/p>\n<div class=\"titolo\"><a href=\"http:\/\/quotidianodipuglia.it\/spettacoli\/sanremo_2026_carlo_conti_annuncio_tg1_co_conduttore_chi_e_ultime_notizie-9329116.html\" class=\"ml_primary_link\">Sanremo 2026, Carlo Conti al Tg1: \u00abIl co-conduttore della seconda serata sar\u00e0 Achille Lauro\u00bb<\/a><\/div>\n<\/div>\n<\/div>\n<\/div>\n<\/div>\n<\/article>\n<article class=\"col-xs-12 html_base_square  spettacoli \">\n<div class=\"item_content\">\n<div class=\"row\">\n<div class=\"col-xs valign__content\">\n<div class=\"square___content\">\n<figure class=\"thumbnail\"><a href=\"http:\/\/quotidianodipuglia.it\/spettacoli\/recital_musica_parole_eventi_salento_galatone_tempesta_sorprese_omaggio_roberto_vecchio_cantanti_dove-9329483.html\" title=\"&quot;E la tempesta ci sorprese&quot;, recital tra musica e parole: nel Salento l'omaggio a Roberto Vecchioni\"><img loading=\"lazy\" decoding=\"async\" src=\"https:\/\/analyse.optim.biz\/wp-content\/uploads\/2026\/02\/9329483_30141925_recital_musica_parole_eventi_salento_galatone_tempesta_sorprese_omaggio_roberto_vecchio_cantanti_dove-4.jpg\" title=\"&quot;E la tempesta ci sorprese&quot;, recital tra musica e parole: nel Salento l'omaggio a Roberto Vecchioni\" width=\"64\" height=\"64\"><\/a><\/figure>\n<\/div>\n<div class=\"valign\"><span class=\"testatina testatina-articolo\"><a href=\"http:\/\/quotidianodipuglia.it\/spettacoli\/recital_musica_parole_eventi_salento_galatone_tempesta_sorprese_omaggio_roberto_vecchio_cantanti_dove-9329483.html\">SPETTACOLI<\/a><\/span><\/p>\n<div class=\"titolo\"><a href=\"http:\/\/quotidianodipuglia.it\/spettacoli\/recital_musica_parole_eventi_salento_galatone_tempesta_sorprese_omaggio_roberto_vecchio_cantanti_dove-9329483.html\" class=\"ml_primary_link\">&#8220;E la tempesta ci sorprese&#8221;, recital tra musica e parole: nel Salento l&#8217;omaggio a Roberto Vecchioni<\/a><\/div>\n<p><span class=\"firma\"><span>di Antonio MARTINO<\/span><\/span><\/div>\n<\/div>\n<\/div>\n<\/div>\n<\/article>\n<article class=\"col-xs-12 html_base_square  spettacoli \">\n<div class=\"item_content\">\n<div class=\"row\">\n<div class=\"col-xs valign__content\">\n<div class=\"square___content\">\n<figure class=\"thumbnail\"><a href=\"http:\/\/quotidianodipuglia.it\/spettacoli\/carolina_bubbico_torna_a_sanremo_dirigera_ditonellapiaga-9325578.html\" title=\"Carolina Bubbico torna a Sanremo: diriger\u00e0 Ditonellapiaga\"><img loading=\"lazy\" decoding=\"async\" src=\"https:\/\/analyse.optim.biz\/wp-content\/uploads\/2026\/02\/9325578_28193248_bubbic_e_dito_nella_piaga-3.jpg\" title=\"Carolina Bubbico torna a Sanremo: diriger\u00e0 Ditonellapiaga\" width=\"64\" height=\"64\"><\/a><\/figure>\n<\/div>\n<div class=\"valign\"><span class=\"testatina testatina-articolo\"><a href=\"http:\/\/quotidianodipuglia.it\/spettacoli\/carolina_bubbico_torna_a_sanremo_dirigera_ditonellapiaga-9325578.html\">MUSICA<\/a><\/span><\/p>\n<div class=\"titolo\"><a href=\"http:\/\/quotidianodipuglia.it\/spettacoli\/carolina_bubbico_torna_a_sanremo_dirigera_ditonellapiaga-9325578.html\" class=\"ml_primary_link\">Carolina Bubbico torna a Sanremo: diriger\u00e0 Ditonellapiaga<\/a><\/div>\n<\/div>\n<\/div>\n<\/div>\n<\/div>\n<\/article>\n<\/div>\n<\/div>\n<\/div>\n<div class=\"strip-1-square listing strip_moltofood_flexible  quotidianodipuglia\">\n<div class=\"testatabox testatina-box grande moltofood default\">\n<h3><a href=\"https:\/\/www.moltofood.it\" target=\"_blank\" title=\"moltofood.it\"><img loading=\"lazy\" decoding=\"async\" src=\"https:\/\/analyse.optim.biz\/wp-content\/uploads\/2026\/02\/moltofood-87.svg\" width=\"140\" height=\"20\" title=\"moltofood-87\"><\/a><\/h3>\n<\/div>\n<div class=\"row \">\n<article class=\"col-xs-12 html_base_square\">\n<div class=\"item_content\">\n<div class=\"row\">\n<div class=\"square___content\">\n<figure><a href=\"https:\/\/www.moltofood.it\/schiacciata-ripiena-senza-lievito-ricetta\/?utm_source=quotidianodipuglia&amp;utm_medium=strip_moltofood_flexible&amp;utm_campaign=right_articolo\" target=\"_blank\" title=\"Schiacciata ripiena, la ricetta scrocchiarella e senza lievito\"><img decoding=\"async\" src=\"https:\/\/analyse.optim.biz\/wp-content\/uploads\/2026\/02\/schiacciata-ripiena-1-150x150-141.jpg\" title=\"Schiacciata ripiena, la ricetta scrocchiarella e senza lievito\"><\/a><\/figure>\n<\/div>\n<div class=\"col-xs valign__content\">\n<div class=\"valign\"><span class=\"testatina testatina-articolo\"><a href=\"https:\/\/www.moltofood.it\/schiacciata-ripiena-senza-lievito-ricetta\/?utm_source=quotidianodipuglia&amp;utm_medium=strip_moltofood_flexible&amp;utm_campaign=right_articolo\"><br \/>\n                                                Piatti unici                                                <\/a><\/span><\/p>\n<h2 class=\"titolo\"><a href=\"https:\/\/www.moltofood.it\/schiacciata-ripiena-senza-lievito-ricetta\/?utm_source=quotidianodipuglia&amp;utm_medium=strip_moltofood_flexible&amp;utm_campaign=right_articolo\" title=\"Schiacciata ripiena, la ricetta scrocchiarella e senza lievito\" target=\"_blank\">Schiacciata ripiena, la ricetta scrocchiarella e senza lievito<\/a><\/h2>\n<p><span class=\"firma\">di Margherita Catalani<\/span><\/div>\n<\/div>\n<\/div>\n<\/div>\n<\/article>\n<article class=\"col-xs-12 html_base_square\">\n<div class=\"item_content\">\n<div class=\"row\">\n<div class=\"square___content\">\n<figure><a href=\"https:\/\/www.moltofood.it\/granola-in-friggitrice-ad-aria-ricetta\/?utm_source=quotidianodipuglia&amp;utm_medium=strip_moltofood_flexible&amp;utm_campaign=right_articolo\" target=\"_blank\" title=\"Granola in friggitrice ad aria: veloce, pratica e super versatile\"><img decoding=\"async\" src=\"https:\/\/analyse.optim.biz\/wp-content\/uploads\/2026\/02\/granolacottainfriggitriceadaria_copertina-150x150-3-94.jpeg\" title=\"Granola in friggitrice ad aria: veloce, pratica e super versatile\"><\/a><\/figure>\n<\/div>\n<div class=\"col-xs valign__content\">\n<div class=\"valign\"><span class=\"testatina testatina-articolo\"><a href=\"https:\/\/www.moltofood.it\/granola-in-friggitrice-ad-aria-ricetta\/?utm_source=quotidianodipuglia&amp;utm_medium=strip_moltofood_flexible&amp;utm_campaign=right_articolo\"><br \/>\n                                                Dolci                                                <\/a><\/span><\/p>\n<h2 class=\"titolo\"><a href=\"https:\/\/www.moltofood.it\/granola-in-friggitrice-ad-aria-ricetta\/?utm_source=quotidianodipuglia&amp;utm_medium=strip_moltofood_flexible&amp;utm_campaign=right_articolo\" title=\"Granola in friggitrice ad aria: veloce, pratica e super versatile\" target=\"_blank\">Granola in friggitrice ad aria: veloce, pratica e super versatile<\/a><\/h2>\n<p><span class=\"firma\">di Virginia Fabbri<\/span><\/div>\n<\/div>\n<\/div>\n<\/div>\n<\/article>\n<\/div>\n<p><a href=\"https:\/\/www.moltofood.it?utm_source=quotidianodipuglia&amp;utm_medium=strip_moltofood_flexible&amp;utm_campaign=right_articolo\" class=\"testatabox show_more\" target=\"_blank\" title=\"moltofood.it\">Vedi tutte le ricette<\/a><\/div>\n<div class=\"strip-1-bottom\">\n<div class=\"testatabox default sinistra rosso partner news\">\n<h3 class=\"partner news\"><a href=\"https:\/\/www.romevaticancard.com\/it\/omniacards\/omnia-card-72\/?ref=banner\">OMNIA CARD<\/a><\/h3>\n<\/div>\n<div class=\"row\">\n<article class=\"col-xs-12 html_base_bottom   partner news \">\n<div class=\"item_content hyperlink\">\n<figure class=\"medium\"><a href=\"https:\/\/www.romevaticancard.com\/it\/omniacards\/omnia-card-72\/?ref=banner\" title=\"Omnia card 72h + Roma Pass: Musei Vaticani e Colosseo inclusi\"><img decoding=\"async\" src=\"https:\/\/analyse.optim.biz\/wp-content\/uploads\/2026\/02\/7772044_27112113_rome-86.jpg\" title=\"Omnia card 72h + Roma Pass: Musei Vaticani e Colosseo inclusi\" width=\"-16\" height=\"-9\"><\/a><\/figure>\n<div class=\"titolo\"><a href=\"https:\/\/www.romevaticancard.com\/it\/omniacards\/omnia-card-72\/?ref=banner\" class=\"ml_primary_link\">Omnia card 72h + Roma Pass: Musei Vaticani e Colosseo inclusi<\/a><\/div>\n<\/div>\n<\/article>\n<\/div>\n<\/div>\n<div class=\"strip-1-no_foto ranking listing\">\n<div class=\"testatabox boxed sinistra  \">\n<h3 class>LE PI\u00d9 LETTE<\/h3>\n<\/div>\n<div class=\"row\">\n<article class=\"col-xs-12 html_base_no_foto  cultura \">\n<div class=\"item_content\"><span class=\"testatina testatina-articolo\"><a href=\"http:\/\/quotidianodipuglia.it\/cultura\/salento_nave_romana_ritrovata_in_fondo_al_mare_dove_recupero_cosa_sappiamo-9329894.html\">CULTURA<\/a><\/span><\/p>\n<div class=\"titolo\"><a href=\"http:\/\/quotidianodipuglia.it\/cultura\/salento_nave_romana_ritrovata_in_fondo_al_mare_dove_recupero_cosa_sappiamo-9329894.html\" class=\"ml_primary_link\">C&#8217;\u00e8 un tesoro sul fondale marino: sulla costa ionica spunta una nave romana. Quasi un milione di euro per portarla alla luce<\/a><\/div>\n<div class=\"row item_content_moreinfo middle-xs\">\n<div class=\"col-xs-8\"><span class=\"firma\"><span>di Renato DE CAPUA<\/span><\/span><\/div>\n<\/div>\n<\/div>\n<\/article>\n<article class=\"col-xs-12 html_base_no_foto  schede \">\n<div class=\"item_content\"><span class=\"testatina testatina-articolo\"><a href=\"http:\/\/quotidianodipuglia.it\/schede\/il_caso_bambino_bus_piedi_neve_cosa_e_successo_ricostruzione_vicenda_polemiche_oggi-9331114.html\">IL CASO <\/a><\/span><\/p>\n<div class=\"titolo\"><a href=\"http:\/\/quotidianodipuglia.it\/schede\/il_caso_bambino_bus_piedi_neve_cosa_e_successo_ricostruzione_vicenda_polemiche_oggi-9331114.html\" class=\"ml_primary_link\">Bambino fatto scendere dal bus: i 6 km a piedi, il biglietto a 10 euro, l&#8217;autista sospeso, l&#8217;inchiesta. Cosa \u00e8 successo<\/a><\/div>\n<div class=\"row item_content_moreinfo middle-xs\">\n<div class=\"col-xs-8\"><span class=\"firma\"><span>di Marta Giusti<\/span><\/span><\/div>\n<div class=\"col-xs\">\n<ul class=\"info-item\">\n<li class=\"has-foto ri-camera-line\"><\/ul>\n<\/div>\n<\/div>\n<\/div>\n<\/article>\n<article class=\"col-xs-12 html_base_no_foto  schede \">\n<div class=\"item_content\"><span class=\"testatina testatina-articolo\"><a href=\"http:\/\/quotidianodipuglia.it\/schede\/oroscopo_settimana_2_8_febbraio_2026_top_flop_chi_sale_chi_scende-9331740.html\">LA VOCE DELLE STELLE<\/a><\/span><\/p>\n<div class=\"titolo\"><a href=\"http:\/\/quotidianodipuglia.it\/schede\/oroscopo_settimana_2_8_febbraio_2026_top_flop_chi_sale_chi_scende-9331740.html\" class=\"ml_primary_link\">Oroscopo della prossima settimana: Cancro spezza la routine, Scorpione osserva, Bilancia si dedica agli affetti.<span> Ariete? Mantieni la calma<\/span><\/a><a href=\"http:\/\/quotidianodipuglia.it\/schede\/oroscopo_weekend_oggi_domani_sabato_31_gennaio_1_febbraio_2026_chi_sale_chi_scende-9327376.html\" class=\"ml_articolo\"><u>Le previsioni del weekend<\/u><\/a><\/div>\n<div class=\"row item_content_moreinfo middle-xs\">\n<div class=\"col-xs-8\"><span class=\"firma\"><span>di Redazione web<\/span><\/span><\/div>\n<\/div>\n<\/div>\n<\/article>\n<article class=\"col-xs-12 html_base_no_foto  schede \">\n<div class=\"item_content\"><span class=\"testatina testatina-articolo\"><a href=\"http:\/\/quotidianodipuglia.it\/schede\/oroscopo_paolo_fox_stelle_fine_settimana_weekend_31_gennaio_1_febbraio_2026-9331582.html\">IN TV <\/a><\/span><\/p>\n<div class=\"titolo\"><a href=\"http:\/\/quotidianodipuglia.it\/schede\/oroscopo_paolo_fox_stelle_fine_settimana_weekend_31_gennaio_1_febbraio_2026-9331582.html\" class=\"ml_primary_link\">Oroscopo di Paolo Fox, le stelle del fine settimana: Gemelli al top, Sagittario in ripresa, Capricorno isolato<\/a><a href=\"http:\/\/quotidianodipuglia.it\/schede\/oroscopo_weekend_oggi_domani_sabato_31_gennaio_1_febbraio_2026_chi_sale_chi_scende-9327376.html\" class=\"ml_articolo\"><span>Le previsioni del weekend\u00a0<\/span><\/a><\/div>\n<div class=\"row item_content_moreinfo middle-xs\">\n<div class=\"col-xs-8\"><span class=\"firma\"><span>di Redazione web<\/span><\/span><\/div>\n<\/div>\n<\/div>\n<\/article>\n<article class=\"col-xs-12 html_base_no_foto  lecce \">\n<div class=\"item_content\"><span class=\"testatina testatina-articolo\"><a href=\"http:\/\/quotidianodipuglia.it\/lecce\/tesoro_sommerso_mari_del_salento_nave_romana_attende_riscatto_da_40_anni-9331754.html\">LECCE<\/a><\/span><\/p>\n<div class=\"titolo\"><a href=\"http:\/\/quotidianodipuglia.it\/lecce\/tesoro_sommerso_mari_del_salento_nave_romana_attende_riscatto_da_40_anni-9331754.html\" class=\"ml_primary_link\">Tesoro sommerso a Santa Caterina: la nave romana attende il riscatto da 40 anni<\/a><\/div>\n<div class=\"row item_content_moreinfo middle-xs\">\n<div class=\"col-xs-8\"><span class=\"firma\"><span>di Giuseppe TARANTINO<\/span><\/span><\/div>\n<\/div>\n<\/div>\n<\/article>\n<\/div>\n<\/div>\n<div class=\"strip- lgw\">\n<div class=\"header\"><span class=\"title\"><br \/>\n                Cerca il tuo immobile all&#8217;asta<br \/>\n            <\/span><\/div>\n<div class=\"content\"><a href=\"https:\/\/www.legalmente.net\/\" target=\"_blank\" class=\"brand\"><img decoding=\"async\" src=\"https:\/\/analyse.optim.biz\/wp-content\/uploads\/2026\/02\/logo-139.jpg\" title=\"logo-139\"><\/a><\/div>\n<\/div>\n<\/div>\n<\/div>\n<\/div>\n<\/aside>\n<\/article>\n<article class=\"free-content\" id=\"content\">\n<header>\n<h1 class=\"titolo\">Giuliano Sangiorgi: \u00abVicino al mio Sud devastato dal ciclone\u00bb Video<\/h1>\n<\/header>\n<div class=\"row\">\n<section id=\"main-content\" class=\"col-xs-8\">\n<figure class=\"main-photo\"><img decoding=\"async\" src=\"https:\/\/analyse.optim.biz\/wp-content\/uploads\/2026\/02\/9325589_28194634_onecms_1ol7ezrd7jwd0uu17br_12v4jhttr7k-1.jpg\" width height alt=\"Giuliano Sangiorgi: \u00abVicino al mio Sud devastato dal ciclone\u00bb Video\" title=\"Giuliano Sangiorgi: \u00abVicino al mio Sud devastato dal ciclone\u00bb Video\"><\/figure>\n<div class=\"info-container-top\">\n<div class=\"row middle-xs\">\n<div class=\"col-xs end-xs\"><span class=\"tempo\">1 Minuto di Lettura<\/span><\/div>\n<\/div>\n<\/div>\n<div class=\"info-container-bottom\">\n<div class=\"row middle-xs\">\n<div class=\"col-xs-8\">\n              mercoled\u00ec 28 gennaio 2026, 19:49                            <span class=\"last_agg\"> &#8211; Ultimo aggiornamento:<br \/>\n                  <b>30 gennaio, 17:51<\/b><\/span><\/div>\n<div class=\"col-xs\">\n<div class=\"share_bar_wrapper\">\n<div class=\"share-item share-box\">\n<ul>\n<li class=\"copy\">\n<li class=\"facebook\">\n<li class=\"twitter\">\n<li class=\"mail\">\n<li class=\"whatsapp\"><\/ul>\n<\/div>\n<\/div>\n<\/div>\n<\/div>\n<\/div>\n<div class=\"body-text\">\n<p>\u00abVolevo esprimere tutta la mia vicinanza, la mia solidariet\u00e0 alla <a href=\"http:\/\/quotidianodipuglia.it\/t\/sicilia\">Sicilia<\/a>, alla <a href=\"http:\/\/quotidianodipuglia.it\/t\/sardegna\">Sardegna<\/a>, alla <a href=\"http:\/\/quotidianodipuglia.it\/t\/calabria\">Calabria<\/a>, alla <a href=\"http:\/\/quotidianodipuglia.it\/t\/puglia\">Puglia<\/a>, alla mia Puglia, alla mia Sicilia. Mia proprio perch\u00e9 \u00e8 la terra di mio padre\u00bb. <strong><a href=\"http:\/\/quotidianodipuglia.it\/t\/giuliano-sangiorgi\">Giuliano Sangiorgi<\/a>, voce dei <a href=\"http:\/\/quotidianodipuglia.it\/t\/negramaro\">Negramaro<\/a>, con un video sui social si dice vicino alle terre devastate dal maltempo<\/strong>. \u00abNiscemi mi ha colpito profondamente &#8211; aggiunge il cantante -, perch\u00e9 \u00e8 in provincia di Caltanisetta, la citt\u00e0 dove \u00e8 nato mio padre, la citt\u00e0 di cui sono cittadino onorario, con molto orgoglio. E lo sono diventato dopo che mio padre se ne \u00e8 andato da questa terra\u00bb. \u00abSono vicino al mio Sud, a tutte le persone che hanno avuto gravissimi danni da questo ciclone che ha devastato le nostre coste. <\/p>\n<p>Questo \u00e8 solo un sostegno morale\u00bb, dice condividendo per\u00f2 anche l&#8217;iban diffuso da Fiorello \u00abper sostenere personalmente ognuno le popolazioni colpite da questo maltempo devastante\u00bb.<\/p>\n<div class=\"generic_embed\"><\/div>\n<\/div>\n<div class=\"wrap-box-end\">\n<div class=\"copy\">\n            \u00a9 RIPRODUZIONE RISERVATA\n            <\/div>\n<div class=\"item-options\">\n<div class=\"share_bar_wrapper\">\n<div class=\"share-item share-box\">\n<ul>\n<li class=\"copy\">\n<li class=\"facebook\">\n<li class=\"twitter\">\n<li class=\"mail\">\n<li class=\"whatsapp\"><\/ul>\n<\/div>\n<\/div>\n<\/div>\n<\/div>\n<aside class=\"area\">&#8216;;<br \/>\n        outbrainEl.insertAdjacentHTML(&#8220;afterBegin&#8221;, AdCodeOutbrain);<\/p>\n<p>        loadScript(&#8216;\/\/widgets.outbrain.com\/outbrain.js&#8217;, function(){<br \/>\n            \/\/ cerco il widget. Necessario se c&#8217;\u00e8 un&#8217;altro widget di Outbrain in pagina (es: inread)<br \/>\n            OBR.extern.researchWidget();<br \/>\n        });<br \/>\n    }<\/p>\n<p>    function AnnunciOutbrain(callback) {<br \/>\n        var outbrainDiv = document.getElementById(&#8216;outbrainWait&#8217;);<br \/>\n        \/\/ Verifica se l&#8217;elemento esiste<br \/>\n        if (outbrainDiv) {<br \/>\n            \/\/ Modifica l&#8217;id dell&#8217;elemento div<br \/>\n            outbrainDiv.id = &#8216;outbrain&#8217;;<br \/>\n        }<\/p>\n<p>                    var load_method = impostazioni_testata.outbrain.load_method || &#8216;first-interaction&#8217;;<\/p>\n<p>        var outbrainEl = document.getElementById(&#8216;outbrain&#8217;);<\/p>\n<p>        CED.log(&#8220;outbrain load_method:&#8221; + load_method);<\/p>\n<p>        if (load_method == &#8216;when-near-viewport&#8217;) {<\/p>\n<p>            \/\/ outbrain parte solo quando scrollando arriva abbastanza vicino alla viewport<br \/>\n            if (typeof callback === &#8220;function&#8221;) {<\/p>\n<p>                \/\/ Listen for the scroll event<br \/>\n                \/\/document.addEventListener(&#8216;scroll&#8217;, onScroll(outbrainEl,callback), false);<br \/>\n                CedsWNV.watch(outbrainEl, callback, {<br \/>\n                    checkInterval: 300,<br \/>\n                    offset: 500<br \/>\n                });<\/p>\n<p>                \/*devo chiamare la funzione con argomenti e variabili *\/<br \/>\n            }<\/p>\n<p>        } else {<br \/>\n            \/\/ DEFAULT: outbrain parte alla prima interazione o dopo il timeout inattivit\u00e0<br \/>\n            _waitOnceFor(load_method, callback);<br \/>\n        }<br \/>\n    }<\/p>\n<p>            AnnunciOutbrain(WidgetOutbrainTag);<\/p>\n<div id=\"correlati-verticali\">\n<div class=\"testatabox default\">\n<h3>POTREBBE INTERESSARTI ANCHE<\/h3>\n<\/div>\n<div class=\"strip-2-bottom listing\">\n<div class=\"row\">\n<article class=\"col-xs-6 html_base_bottom   spettacoli \">\n<div class=\"item_content\">\n<figure class=\"medium\"><a href=\"http:\/\/quotidianodipuglia.it\/spettacoli\/giuliano_sangiorgi_vicino_al_mio_sud_devastato_dal_ciclone-9325589.html\" title=\"Giuliano Sangiorgi: \u00abVicino al mio Sud devastato dal ciclone\u00bb Video\"><img loading=\"lazy\" decoding=\"async\" src=\"https:\/\/analyse.optim.biz\/wp-content\/uploads\/2026\/02\/9325589_28194634_onecms_1ol7ezrd7jwd0uu17br_12v4jhttr7k-2.jpg\" title=\"Giuliano Sangiorgi: \u00abVicino al mio Sud devastato dal ciclone\u00bb Video\" width=\"404\" height=\"221\"><\/a><\/figure>\n<p><span class=\"testatina testatina-articolo\"><a href=\"http:\/\/quotidianodipuglia.it\/spettacoli\/giuliano_sangiorgi_vicino_al_mio_sud_devastato_dal_ciclone-9325589.html\">SPETTACOLI<\/a><\/span><\/p>\n<div class=\"titolo\"><a href=\"http:\/\/quotidianodipuglia.it\/spettacoli\/giuliano_sangiorgi_vicino_al_mio_sud_devastato_dal_ciclone-9325589.html\" class=\"ml_primary_link\">Giuliano Sangiorgi: \u00abVicino al mio Sud devastato dal ciclone\u00bb Video<\/a><\/div>\n<\/div>\n<\/article>\n<article class=\"col-xs-6 html_base_bottom   lecce \">\n<div class=\"item_content\">\n<figure class=\"medium\"><a href=\"http:\/\/quotidianodipuglia.it\/lecce\/lecce_copertino_morta_nonna_giuliano_sangiorgi-9180080.html\" title=\"Giuliano Sangiorgi, morta nonna Stella. Il toccante addio sui social: \u00abSei il mare che mi porto dentro\u00bb\"><img loading=\"lazy\" decoding=\"async\" src=\"https:\/\/analyse.optim.biz\/wp-content\/uploads\/2026\/02\/9180080_10112434_lecce_copertino_morta_nonna_giuliano_sangiorgi.jpg\" title=\"Giuliano Sangiorgi, morta nonna Stella. Il toccante addio sui social: \u00abSei il mare che mi porto dentro\u00bb\" width=\"404\" height=\"221\"><\/a><\/p>\n<ul class=\"info-item\">\n<li class=\"has-foto ri-camera-line\"><\/ul>\n<\/figure>\n<p><span class=\"testatina testatina-articolo\"><a href=\"http:\/\/quotidianodipuglia.it\/lecce\/lecce_copertino_morta_nonna_giuliano_sangiorgi-9180080.html\">LECCE<\/a><\/span><\/p>\n<div class=\"titolo\"><a href=\"http:\/\/quotidianodipuglia.it\/lecce\/lecce_copertino_morta_nonna_giuliano_sangiorgi-9180080.html\" class=\"ml_primary_link\">Giuliano Sangiorgi, morta nonna Stella. Il toccante addio sui social: \u00abSei il mare che mi porto dentro\u00bb<\/a><\/div>\n<\/div>\n<\/article>\n<article class=\"col-xs-6 html_base_bottom   spettacoli \">\n<div class=\"item_content\">\n<figure class=\"medium\"><a href=\"http:\/\/quotidianodipuglia.it\/spettacoli\/giuliano_sangiorgi_negramaro_pausa_dopo_il_2026-9174492.html\" title=\"Giuliano Sangiorgi: \u00abCon i Negramaro ci prendiamo una pausa ma noi siamo una famiglia. Dopo il 2026 ci fermiamo\u00bb\"><img loading=\"lazy\" decoding=\"async\" src=\"https:\/\/analyse.optim.biz\/wp-content\/uploads\/2026\/02\/9174492_07082548_7823522_18090417_sangiorgi_4.jpg\" title=\"Giuliano Sangiorgi: \u00abCon i Negramaro ci prendiamo una pausa ma noi siamo una famiglia. Dopo il 2026 ci fermiamo\u00bb\" width=\"404\" height=\"221\"><\/a><\/figure>\n<p><span class=\"testatina testatina-articolo\"><a href=\"http:\/\/quotidianodipuglia.it\/spettacoli\/giuliano_sangiorgi_negramaro_pausa_dopo_il_2026-9174492.html\">IL PERSONAGGIO <\/a><\/span><\/p>\n<div class=\"titolo\"><a href=\"http:\/\/quotidianodipuglia.it\/spettacoli\/giuliano_sangiorgi_negramaro_pausa_dopo_il_2026-9174492.html\" class=\"ml_primary_link\">Giuliano Sangiorgi: \u00abCon i Negramaro ci prendiamo una pausa ma noi siamo una famiglia. Dopo il 2026 ci fermiamo\u00bb<\/a><\/div>\n<p><span class=\"firma\"><span>di Luca Uccello<\/span><\/span><\/div>\n<\/article>\n<article class=\"col-xs-6 html_base_bottom   spettacoli \">\n<div class=\"item_content\">\n<figure class=\"medium\"><a href=\"http:\/\/quotidianodipuglia.it\/spettacoli\/giuliano_sangiorgi_racconto_concerti_bari-9137583.html\" title=\"Sangiorgi, le emozioni della tre giorni barese: \u00abTre lune piene di voi. E non averne mai abbastanza\u00bb\"><img loading=\"lazy\" decoding=\"async\" src=\"https:\/\/analyse.optim.biz\/wp-content\/uploads\/2026\/02\/9137583_20083238_bc066bbd_eadc_4c3c_a369_0938422fdb48.jpg\" title=\"Sangiorgi, le emozioni della tre giorni barese: \u00abTre lune piene di voi. E non averne mai abbastanza\u00bb\" width=\"404\" height=\"221\"><\/a><\/figure>\n<p><span class=\"testatina testatina-articolo\"><a href=\"http:\/\/quotidianodipuglia.it\/spettacoli\/giuliano_sangiorgi_racconto_concerti_bari-9137583.html\">CULTURA E SPETTACOLI <\/a><\/span><\/p>\n<div class=\"titolo\"><a href=\"http:\/\/quotidianodipuglia.it\/spettacoli\/giuliano_sangiorgi_racconto_concerti_bari-9137583.html\" class=\"ml_primary_link\">Sangiorgi, le emozioni della tre giorni barese: \u00abTre lune piene di voi. E non averne mai abbastanza\u00bb<\/a><\/div>\n<p><span class=\"firma\"><span>di Giuliano SANGIORGI<\/span><\/span><\/div>\n<\/article>\n<article class=\"col-xs-6 html_base_bottom   spettacoli \">\n<div class=\"item_content\">\n<figure class=\"medium\"><a href=\"http:\/\/quotidianodipuglia.it\/spettacoli\/salento_buon_compleanno_elvis_ligabue_giuliano_sangiorgi_emma_marrone-9077589.html\" title='\"Buon Compleanno Elvis!\" 30 anni dopo, Emma e Sangiorgi cantano Liga. Album-cover: tutti gli artisti'><img loading=\"lazy\" decoding=\"async\" src=\"https:\/\/analyse.optim.biz\/wp-content\/uploads\/2026\/02\/9077589_19152448_salento_buon_compleanno_elvis_ligabue_giuliano_sangiorgi_emma_marrone.jpg\" title='\"Buon Compleanno Elvis!\" 30 anni dopo, Emma e Sangiorgi cantano Liga. Album-cover: tutti gli artisti' width=\"404\" height=\"221\"><\/a><\/p>\n<ul class=\"info-item\">\n<li class=\"has-foto ri-camera-line\"><\/ul>\n<\/figure>\n<p><span class=\"testatina testatina-articolo\"><a href=\"http:\/\/quotidianodipuglia.it\/spettacoli\/salento_buon_compleanno_elvis_ligabue_giuliano_sangiorgi_emma_marrone-9077589.html\">SPETTACOLI<\/a><\/span><\/p>\n<div class=\"titolo\"><a href=\"http:\/\/quotidianodipuglia.it\/spettacoli\/salento_buon_compleanno_elvis_ligabue_giuliano_sangiorgi_emma_marrone-9077589.html\" class=\"ml_primary_link\">&#8220;Buon Compleanno Elvis!&#8221; 30 anni dopo, Emma e Sangiorgi cantano Liga. Album-cover: tutti gli artisti<\/a><\/div>\n<\/div>\n<\/article>\n<article class=\"col-xs-6 html_base_bottom   lecce \">\n<div class=\"item_content\">\n<figure class=\"medium\"><a href=\"http:\/\/quotidianodipuglia.it\/lecce\/notte_della_taranta_giuliano_sangiorgi_antonio_castrignano_sanremo-9028483.html\" title=\"Notte della Taranta, da Sangiorgi a Castrignan\u00f2: il ritorno a casa dopo l'effetto Sanremo. Il commento\"><img loading=\"lazy\" decoding=\"async\" src=\"https:\/\/analyse.optim.biz\/wp-content\/uploads\/2026\/02\/9028483_24121428_whatsapp_image_2025_08_23_at_22-15-48.jpg\" title=\"Notte della Taranta, da Sangiorgi a Castrignan\u00f2: il ritorno a casa dopo l'effetto Sanremo. Il commento\" width=\"404\" height=\"221\"><\/a><\/figure>\n<p><span class=\"testatina testatina-articolo\"><a href=\"http:\/\/quotidianodipuglia.it\/lecce\/notte_della_taranta_giuliano_sangiorgi_antonio_castrignano_sanremo-9028483.html\">LECCE<\/a><\/span><\/p>\n<div class=\"titolo\"><a href=\"http:\/\/quotidianodipuglia.it\/lecce\/notte_della_taranta_giuliano_sangiorgi_antonio_castrignano_sanremo-9028483.html\" class=\"ml_primary_link\">Notte della Taranta, da Sangiorgi a Castrignan\u00f2: il ritorno a casa dopo l&#8217;effetto Sanremo. Il commento<\/a><\/div>\n<p><span class=\"firma\"><span>di Vincenzo MARUCCIO<\/span><\/span><\/div>\n<\/article>\n<article class=\"col-xs-6 html_base_bottom   spettacoli \">\n<div class=\"item_content\">\n<figure class=\"medium\"><a href=\"http:\/\/quotidianodipuglia.it\/spettacoli\/giuliano_sangiorgi_lu_carcaluru_canto_per_gli_ulivi_scritto_per_la_notte_della_taranta_il_racconto_e_il_testo_in_italiano_della_canzone-9006189.html\" title=\"Giuliano Sangiorgi: il mio canto per gli ulivi, un folletto come inno alla speranza\"><img loading=\"lazy\" decoding=\"async\" src=\"https:\/\/analyse.optim.biz\/wp-content\/uploads\/2026\/02\/9006189_10150912_giuliano_2.jpg\" title=\"Giuliano Sangiorgi: il mio canto per gli ulivi, un folletto come inno alla speranza\" width=\"404\" height=\"221\"><\/a><\/figure>\n<p><span class=\"testatina testatina-articolo\"><a href=\"http:\/\/quotidianodipuglia.it\/spettacoli\/giuliano_sangiorgi_lu_carcaluru_canto_per_gli_ulivi_scritto_per_la_notte_della_taranta_il_racconto_e_il_testo_in_italiano_della_canzone-9006189.html\">IL RACCONTO<\/a><\/span><\/p>\n<div class=\"titolo\"><a href=\"http:\/\/quotidianodipuglia.it\/spettacoli\/giuliano_sangiorgi_lu_carcaluru_canto_per_gli_ulivi_scritto_per_la_notte_della_taranta_il_racconto_e_il_testo_in_italiano_della_canzone-9006189.html\" class=\"ml_primary_link\">Giuliano Sangiorgi: il mio canto per gli ulivi, un folletto come inno alla speranza<\/a><\/div>\n<p><span class=\"firma\"><span>di Giuliano SANGIORGI<\/span><\/span><\/div>\n<\/article>\n<article class=\"col-xs-6 html_base_bottom   cultura \">\n<div class=\"item_content\">\n<figure class=\"medium\"><a href=\"http:\/\/quotidianodipuglia.it\/cultura\/il_folletto_e_gli_ulivi_un_inno_alla_speranza_giuliano_sangiorgi_taranta-9004939.html\" title=\"Il folletto e gli ulivi: un inno alla speranza\"><img loading=\"lazy\" decoding=\"async\" src=\"https:\/\/analyse.optim.biz\/wp-content\/uploads\/2026\/02\/9004939_09220900_www.jpg\" title=\"Il folletto e gli ulivi: un inno alla speranza\" width=\"404\" height=\"221\"><\/a><\/figure>\n<p><span class=\"testatina testatina-articolo\"><a href=\"http:\/\/quotidianodipuglia.it\/cultura\/il_folletto_e_gli_ulivi_un_inno_alla_speranza_giuliano_sangiorgi_taranta-9004939.html\">CULTURA<\/a><\/span><\/p>\n<div class=\"titolo\"><a href=\"http:\/\/quotidianodipuglia.it\/cultura\/il_folletto_e_gli_ulivi_un_inno_alla_speranza_giuliano_sangiorgi_taranta-9004939.html\" class=\"ml_primary_link\">Il folletto e gli ulivi: un inno alla speranza<\/a><\/div>\n<p><span class=\"firma\"><span>di Giuliano SANGIORGI<\/span><\/span><\/div>\n<\/article>\n<article class=\"col-xs-6 html_base_bottom   spettacoli \">\n<div class=\"item_content\">\n<figure class=\"medium\"><a href=\"http:\/\/quotidianodipuglia.it\/spettacoli\/melpignano_notte_della_taranta_quando_giuliano_sangiorgi-9001170.html\" title=\"Notte della Taranta, Sangiorgi protagonista del Concertone: in anteprima 'Lu Carcaluru' e omaggio alla pizzica. Video\"><img loading=\"lazy\" decoding=\"async\" src=\"https:\/\/analyse.optim.biz\/wp-content\/uploads\/2026\/02\/9001170_07154622_melpignano_notte_della_taranta_quando_giuliano_sangiorgi.jpg\" title=\"Notte della Taranta, Sangiorgi protagonista del Concertone: in anteprima 'Lu Carcaluru' e omaggio alla pizzica. Video\" width=\"404\" height=\"221\"><\/a><\/figure>\n<p><span class=\"testatina testatina-articolo\"><a href=\"http:\/\/quotidianodipuglia.it\/spettacoli\/melpignano_notte_della_taranta_quando_giuliano_sangiorgi-9001170.html\">SPETTACOLI<\/a><\/span><\/p>\n<div class=\"titolo\"><a href=\"http:\/\/quotidianodipuglia.it\/spettacoli\/melpignano_notte_della_taranta_quando_giuliano_sangiorgi-9001170.html\" class=\"ml_primary_link\">Notte della Taranta, Sangiorgi protagonista del Concertone: in anteprima &#8216;Lu Carcaluru&#8217; e omaggio alla pizzica. Video <\/a><\/div>\n<\/div>\n<\/article>\n<article class=\"col-xs-6 html_base_bottom   spettacoli \">\n<div class=\"item_content\">\n<figure class=\"medium\"><a href=\"http:\/\/quotidianodipuglia.it\/spettacoli\/notte_della_taranta_melpignano_quado_ospiti_chi_sono_giuliano_sangiorgi-8900215.html\" title=\"Taranta, sul palco anche Sangiorgi, Tara e Settembre. In ballo anche Brancale\"><img loading=\"lazy\" decoding=\"async\" src=\"https:\/\/analyse.optim.biz\/wp-content\/uploads\/2026\/02\/8900215_16004226_taranta.jpg\" title=\"Taranta, sul palco anche Sangiorgi, Tara e Settembre. In ballo anche Brancale\" width=\"404\" height=\"221\"><\/a><\/figure>\n<p><span class=\"testatina testatina-articolo\"><a href=\"http:\/\/quotidianodipuglia.it\/spettacoli\/notte_della_taranta_melpignano_quado_ospiti_chi_sono_giuliano_sangiorgi-8900215.html\">MUSICA<\/a><\/span><\/p>\n<div class=\"titolo\"><a href=\"http:\/\/quotidianodipuglia.it\/spettacoli\/notte_della_taranta_melpignano_quado_ospiti_chi_sono_giuliano_sangiorgi-8900215.html\" class=\"ml_primary_link\">Taranta, sul palco anche Sangiorgi, Tara e Settembre. In ballo anche Brancale<\/a><\/div>\n<p><span class=\"firma\"><span>di Alessandra LUPO<\/span><\/span><\/div>\n<\/article>\n<\/div>\n<\/div>\n<\/div>\n<\/aside>\n<\/section>\n<\/div>\n<aside id=\"right-rail\" class=\"col-xs-4\">\n<div id=\"right-content\">\n<div class=\"area right\">\n<div class=\"area right_articolo\" data-id=\"445\" data-nome=\"Right Articolo (generico) 2022\">\n<div class=\"strip-1-x-video box-tv\" data-strip-id=\"64973\">\n<div class=\"strip-1-video_player\">\n<div class=\"row\">\n<article class=\"col-xs-12 html_base_bottom  video sport \">\n<div class=\"item_content video\">\n<div class=\"embed_video\">\n<div class=\"jw_embed\" data-mediaid=\"vHgoHtF1\" data-disable_video_float_on_non_adv_content=\"cedjs-dynamic\" data-autostart=\"true\" data-related='{\"oncomplete\":\"show\"}' data-mute=\"true\" data-adv_always_floating=\"false\"><img loading=\"lazy\" decoding=\"async\" src=\"https:\/\/analyse.optim.biz\/wp-content\/uploads\/2026\/02\/video-132.svg\" width=\"340\" height=\"180\" alt=\"Video\" title=\"video-132\"><\/div>\n<\/div>\n<div class=\"titolo\"><a href=\"http:\/\/quotidianodipuglia.it\/video\/sport\/cce_lsb_lecce_pall_a9_nardo_68_67-9278426.html\" class=\"ml_primary_link\">Cce Lsb Lecce-Pall. A9 Nard\u00f2 68-67<\/a><\/div>\n<\/div>\n<\/article>\n<\/div>\n<\/div>\n<div class=\"strip-1-square listing\">\n<div class=\"row\">\n<article class=\"col-xs-12 html_base_square  video \">\n<div class=\"item_content\">\n<div class=\"row\">\n<div class=\"col-xs valign__content\">\n<div class=\"square___content\">\n<figure class=\"thumbnail\"><a href=\"http:\/\/quotidianodipuglia.it\/video\/guyana_calabria_campania_prime_in_ue_per_rischio_poverta-9135288.html\" title=\"Guyana, Calabria, Campania prime in Ue per rischio povert\u00e0\"><img loading=\"lazy\" decoding=\"async\" src=\"https:\/\/analyse.optim.biz\/wp-content\/uploads\/2026\/02\/9135288_poster-89.jpg\" title=\"Guyana, Calabria, Campania prime in Ue per rischio povert\u00e0\" width=\"64\" height=\"64\"><\/a><\/figure>\n<\/div>\n<div class=\"valign\">\n<div class=\"titolo\"><a href=\"http:\/\/quotidianodipuglia.it\/video\/guyana_calabria_campania_prime_in_ue_per_rischio_poverta-9135288.html\" class=\"ml_primary_link\">Guyana, Calabria, Campania prime in Ue per rischio povert\u00e0<\/a><\/div>\n<\/div>\n<\/div>\n<\/div>\n<\/div>\n<\/article>\n<article class=\"col-xs-12 html_base_square  video \">\n<div class=\"item_content\">\n<div class=\"row\">\n<div class=\"col-xs valign__content\">\n<div class=\"square___content\">\n<figure class=\"thumbnail\"><a href=\"http:\/\/quotidianodipuglia.it\/video\/storie_italiane_il_racconto_di_mario_ermito-9105224.html\" title=\"Storie Italiane, il racconto di Mario Ermito\"><img loading=\"lazy\" decoding=\"async\" src=\"https:\/\/analyse.optim.biz\/wp-content\/uploads\/2026\/02\/9105224_poster-86.jpg\" title=\"Storie Italiane, il racconto di Mario Ermito\" width=\"64\" height=\"64\"><\/a><\/figure>\n<\/div>\n<div class=\"valign\">\n<div class=\"titolo\"><a href=\"http:\/\/quotidianodipuglia.it\/video\/storie_italiane_il_racconto_di_mario_ermito-9105224.html\" class=\"ml_primary_link\">Storie Italiane, il racconto di Mario Ermito<\/a><\/div>\n<\/div>\n<\/div>\n<\/div>\n<\/div>\n<\/article>\n<article class=\"col-xs-12 html_base_square  video \">\n<div class=\"item_content\">\n<div class=\"row\">\n<div class=\"col-xs valign__content\">\n<div class=\"square___content\">\n<figure class=\"thumbnail\"><a href=\"http:\/\/quotidianodipuglia.it\/video\/lecce_protocollo_scuola_istituzioni_prefettura-9089424.html\" title=\"\u00abL'autismo non \u00e8 solo una diagnosi, \u00e8 un modo diverso di percepire il mondo\u00bb, il commovente messaggio di Emma\"><img loading=\"lazy\" decoding=\"async\" src=\"https:\/\/analyse.optim.biz\/wp-content\/uploads\/2026\/02\/9089424_25191819_myfilename-88.jpg\" title=\"\u00abL'autismo non \u00e8 solo una diagnosi, \u00e8 un modo diverso di percepire il mondo\u00bb, il commovente messaggio di Emma\" width=\"64\" height=\"64\"><\/a><\/figure>\n<\/div>\n<div class=\"valign\">\n<div class=\"titolo\"><a href=\"http:\/\/quotidianodipuglia.it\/video\/lecce_protocollo_scuola_istituzioni_prefettura-9089424.html\" class=\"ml_primary_link\">\u00abL&#8217;autismo non \u00e8 solo una diagnosi, \u00e8 un modo diverso di percepire il mondo\u00bb, il commovente messaggio di Emma<\/a><\/div>\n<\/div>\n<\/div>\n<\/div>\n<\/div>\n<\/article>\n<\/div>\n<\/div>\n<\/div>\n<div class=\"strip-combo \">\n<div class=\"testatabox default sinistra  spettacoli\">\n<h3 class=\"spettacoli\">Della stessa sezione<\/h3>\n<\/div>\n<div class=\"strip-1-bottom principale\">\n<div class=\"row\">\n<article class=\"col-xs-12 html_base_bottom   spettacoli \">\n<div class=\"item_content\">\n<figure class=\"medium\"><a href=\"http:\/\/quotidianodipuglia.it\/spettacoli\/sanremo_2026_duetti_cover_conti_fagnani_morgan_pupo_accoppiamenti_chi_sono_rai_1-9331444.html\" title=\"Conti annuncia i duetti di Sanremo 2026: da Morgan a Fagnani fino a Belen e Pupo, tutti gli accoppiamenti\"><img decoding=\"async\" src=\"https:\/\/analyse.optim.biz\/wp-content\/uploads\/2026\/02\/9331444_31142734_fr_2026_01_31t142728-455-1-2.jpg\" title=\"Conti annuncia i duetti di Sanremo 2026: da Morgan a Fagnani fino a Belen e Pupo, tutti gli accoppiamenti\" width=\"-16\" height=\"-9\"><\/a><\/p>\n<ul class=\"info-item\">\n<li class=\"has-video ri-video-line\"><\/ul>\n<\/figure>\n<p><span class=\"testatina testatina-articolo\"><a href=\"http:\/\/quotidianodipuglia.it\/spettacoli\/sanremo_2026_duetti_cover_conti_fagnani_morgan_pupo_accoppiamenti_chi_sono_rai_1-9331444.html\">IL FESTIVAL<\/a><\/span><\/p>\n<div class=\"titolo\"><a href=\"http:\/\/quotidianodipuglia.it\/spettacoli\/sanremo_2026_duetti_cover_conti_fagnani_morgan_pupo_accoppiamenti_chi_sono_rai_1-9331444.html\" class=\"ml_primary_link\">Conti annuncia i duetti di Sanremo 2026: da Morgan a Fagnani fino a Belen e Pupo, tutti gli accoppiamenti<\/a><\/div>\n<aside>\n<ul class=\"approfondimenti\">\n<li><a href=\"https:\/\/www.quotidianodipuglia.it\/video\/askanews\/sanremo_max_pezzali_protagonista_di_cinque_serate_uniche-9331218.html\" title=\"Video\">Video<\/a><\/li>\n<\/ul>\n<\/aside>\n<\/div>\n<\/article>\n<\/div>\n<\/div>\n<div class=\"strip-1-square seconda listing\">\n<div class=\"row\">\n<article class=\"col-xs-12 html_base_square  spettacoli \">\n<div class=\"item_content\">\n<div class=\"row\">\n<div class=\"col-xs valign__content\">\n<div class=\"square___content\">\n<figure class=\"thumbnail\"><a href=\"http:\/\/quotidianodipuglia.it\/spettacoli\/emma_marrone_stefano_de_martino_corna_relazione_maria_de_filippi_cosa_ha_detto_ultime_notizie-9329591.html\" title='Emma Marrone senza filtri a \"Fuori di Cabello\": \u00abStefano De Martino \u00e8 stato il fidanzato che mi ha fatto pi\u00f9 ridere, ma non ci tornerei\u00bb'><img loading=\"lazy\" decoding=\"async\" src=\"https:\/\/analyse.optim.biz\/wp-content\/uploads\/2026\/02\/9329591_30151923_onecms_19xtlocuwia6i4al1cu_tgu5x4cc1s-4.jpg\" title='Emma Marrone senza filtri a \"Fuori di Cabello\": \u00abStefano De Martino \u00e8 stato il fidanzato che mi ha fatto pi\u00f9 ridere, ma non ci tornerei\u00bb' width=\"64\" height=\"64\"><\/a><\/figure>\n<\/div>\n<div class=\"valign\"><span class=\"testatina testatina-articolo\"><a href=\"http:\/\/quotidianodipuglia.it\/spettacoli\/emma_marrone_stefano_de_martino_corna_relazione_maria_de_filippi_cosa_ha_detto_ultime_notizie-9329591.html\">IL PERSONAGGIO<\/a><\/span><\/p>\n<div class=\"titolo\"><a href=\"http:\/\/quotidianodipuglia.it\/spettacoli\/emma_marrone_stefano_de_martino_corna_relazione_maria_de_filippi_cosa_ha_detto_ultime_notizie-9329591.html\" class=\"ml_primary_link\">Emma Marrone senza filtri a &#8220;Fuori di Cabello&#8221;: \u00abStefano De Martino \u00e8 stato il fidanzato che mi ha fatto pi\u00f9 ridere, ma non ci tornerei\u00bb<\/a><\/div>\n<p><span class=\"firma\"><span>di Gabriele Crispo<\/span><\/span><\/div>\n<\/div>\n<\/div>\n<\/div>\n<\/article>\n<article class=\"col-xs-12 html_base_square  spettacoli \">\n<div class=\"item_content\">\n<div class=\"row\">\n<div class=\"col-xs valign__content\">\n<div class=\"square___content\">\n<figure class=\"thumbnail\"><a href=\"http:\/\/quotidianodipuglia.it\/spettacoli\/sanremo_2026_carlo_conti_annuncio_tg1_co_conduttore_chi_e_ultime_notizie-9329116.html\" title=\"Sanremo 2026, Carlo Conti al Tg1: \u00abIl co-conduttore della seconda serata sar\u00e0 Achille Lauro\u00bb\"><img loading=\"lazy\" decoding=\"async\" src=\"https:\/\/analyse.optim.biz\/wp-content\/uploads\/2026\/02\/9329116_29195215_8133545_22081152_0-4.jpg\" title=\"Sanremo 2026, Carlo Conti al Tg1: \u00abIl co-conduttore della seconda serata sar\u00e0 Achille Lauro\u00bb\" width=\"64\" height=\"64\"><\/a><\/figure>\n<\/div>\n<div class=\"valign\"><span class=\"testatina testatina-articolo\"><a href=\"http:\/\/quotidianodipuglia.it\/spettacoli\/sanremo_2026_carlo_conti_annuncio_tg1_co_conduttore_chi_e_ultime_notizie-9329116.html\">L&#8217;ANNUNCIO<\/a><\/span><\/p>\n<div class=\"titolo\"><a href=\"http:\/\/quotidianodipuglia.it\/spettacoli\/sanremo_2026_carlo_conti_annuncio_tg1_co_conduttore_chi_e_ultime_notizie-9329116.html\" class=\"ml_primary_link\">Sanremo 2026, Carlo Conti al Tg1: \u00abIl co-conduttore della seconda serata sar\u00e0 Achille Lauro\u00bb<\/a><\/div>\n<\/div>\n<\/div>\n<\/div>\n<\/div>\n<\/article>\n<article class=\"col-xs-12 html_base_square  spettacoli \">\n<div class=\"item_content\">\n<div class=\"row\">\n<div class=\"col-xs valign__content\">\n<div class=\"square___content\">\n<figure class=\"thumbnail\"><a href=\"http:\/\/quotidianodipuglia.it\/spettacoli\/recital_musica_parole_eventi_salento_galatone_tempesta_sorprese_omaggio_roberto_vecchio_cantanti_dove-9329483.html\" title=\"&quot;E la tempesta ci sorprese&quot;, recital tra musica e parole: nel Salento l'omaggio a Roberto Vecchioni\"><img loading=\"lazy\" decoding=\"async\" src=\"https:\/\/analyse.optim.biz\/wp-content\/uploads\/2026\/02\/9329483_30141925_recital_musica_parole_eventi_salento_galatone_tempesta_sorprese_omaggio_roberto_vecchio_cantanti_dove-4.jpg\" title=\"&quot;E la tempesta ci sorprese&quot;, recital tra musica e parole: nel Salento l'omaggio a Roberto Vecchioni\" width=\"64\" height=\"64\"><\/a><\/figure>\n<\/div>\n<div class=\"valign\"><span class=\"testatina testatina-articolo\"><a href=\"http:\/\/quotidianodipuglia.it\/spettacoli\/recital_musica_parole_eventi_salento_galatone_tempesta_sorprese_omaggio_roberto_vecchio_cantanti_dove-9329483.html\">SPETTACOLI<\/a><\/span><\/p>\n<div class=\"titolo\"><a href=\"http:\/\/quotidianodipuglia.it\/spettacoli\/recital_musica_parole_eventi_salento_galatone_tempesta_sorprese_omaggio_roberto_vecchio_cantanti_dove-9329483.html\" class=\"ml_primary_link\">&#8220;E la tempesta ci sorprese&#8221;, recital tra musica e parole: nel Salento l&#8217;omaggio a Roberto Vecchioni<\/a><\/div>\n<p><span class=\"firma\"><span>di Antonio MARTINO<\/span><\/span><\/div>\n<\/div>\n<\/div>\n<\/div>\n<\/article>\n<article class=\"col-xs-12 html_base_square  spettacoli \">\n<div class=\"item_content\">\n<div class=\"row\">\n<div class=\"col-xs valign__content\">\n<div class=\"square___content\">\n<figure class=\"thumbnail\"><a href=\"http:\/\/quotidianodipuglia.it\/spettacoli\/carolina_bubbico_torna_a_sanremo_dirigera_ditonellapiaga-9325578.html\" title=\"Carolina Bubbico torna a Sanremo: diriger\u00e0 Ditonellapiaga\"><img loading=\"lazy\" decoding=\"async\" src=\"https:\/\/analyse.optim.biz\/wp-content\/uploads\/2026\/02\/9325578_28193248_bubbic_e_dito_nella_piaga-3.jpg\" title=\"Carolina Bubbico torna a Sanremo: diriger\u00e0 Ditonellapiaga\" width=\"64\" height=\"64\"><\/a><\/figure>\n<\/div>\n<div class=\"valign\"><span class=\"testatina testatina-articolo\"><a href=\"http:\/\/quotidianodipuglia.it\/spettacoli\/carolina_bubbico_torna_a_sanremo_dirigera_ditonellapiaga-9325578.html\">MUSICA<\/a><\/span><\/p>\n<div class=\"titolo\"><a href=\"http:\/\/quotidianodipuglia.it\/spettacoli\/carolina_bubbico_torna_a_sanremo_dirigera_ditonellapiaga-9325578.html\" class=\"ml_primary_link\">Carolina Bubbico torna a Sanremo: diriger\u00e0 Ditonellapiaga<\/a><\/div>\n<\/div>\n<\/div>\n<\/div>\n<\/div>\n<\/article>\n<\/div>\n<\/div>\n<\/div>\n<div class=\"strip-1-square listing strip_moltofood_flexible  quotidianodipuglia\">\n<div class=\"testatabox testatina-box grande moltofood default\">\n<h3><a href=\"https:\/\/www.moltofood.it\" target=\"_blank\" title=\"moltofood.it\"><img loading=\"lazy\" decoding=\"async\" src=\"https:\/\/analyse.optim.biz\/wp-content\/uploads\/2026\/02\/moltofood-87.svg\" width=\"140\" height=\"20\" title=\"moltofood-87\"><\/a><\/h3>\n<\/div>\n<div class=\"row \">\n<article class=\"col-xs-12 html_base_square\">\n<div class=\"item_content\">\n<div class=\"row\">\n<div class=\"square___content\">\n<figure><a href=\"https:\/\/www.moltofood.it\/schiacciata-ripiena-senza-lievito-ricetta\/?utm_source=quotidianodipuglia&amp;utm_medium=strip_moltofood_flexible&amp;utm_campaign=right_articolo\" target=\"_blank\" title=\"Schiacciata ripiena, la ricetta scrocchiarella e senza lievito\"><img decoding=\"async\" src=\"https:\/\/analyse.optim.biz\/wp-content\/uploads\/2026\/02\/schiacciata-ripiena-1-150x150-141.jpg\" title=\"Schiacciata ripiena, la ricetta scrocchiarella e senza lievito\"><\/a><\/figure>\n<\/div>\n<div class=\"col-xs valign__content\">\n<div class=\"valign\"><span class=\"testatina testatina-articolo\"><a href=\"https:\/\/www.moltofood.it\/schiacciata-ripiena-senza-lievito-ricetta\/?utm_source=quotidianodipuglia&amp;utm_medium=strip_moltofood_flexible&amp;utm_campaign=right_articolo\"><br \/>\n                                                Piatti unici                                                <\/a><\/span><\/p>\n<h2 class=\"titolo\"><a href=\"https:\/\/www.moltofood.it\/schiacciata-ripiena-senza-lievito-ricetta\/?utm_source=quotidianodipuglia&amp;utm_medium=strip_moltofood_flexible&amp;utm_campaign=right_articolo\" title=\"Schiacciata ripiena, la ricetta scrocchiarella e senza lievito\" target=\"_blank\">Schiacciata ripiena, la ricetta scrocchiarella e senza lievito<\/a><\/h2>\n<p><span class=\"firma\">di Margherita Catalani<\/span><\/div>\n<\/div>\n<\/div>\n<\/div>\n<\/article>\n<article class=\"col-xs-12 html_base_square\">\n<div class=\"item_content\">\n<div class=\"row\">\n<div class=\"square___content\">\n<figure><a href=\"https:\/\/www.moltofood.it\/granola-in-friggitrice-ad-aria-ricetta\/?utm_source=quotidianodipuglia&amp;utm_medium=strip_moltofood_flexible&amp;utm_campaign=right_articolo\" target=\"_blank\" title=\"Granola in friggitrice ad aria: veloce, pratica e super versatile\"><img decoding=\"async\" src=\"https:\/\/analyse.optim.biz\/wp-content\/uploads\/2026\/02\/granolacottainfriggitriceadaria_copertina-150x150-3-94.jpeg\" title=\"Granola in friggitrice ad aria: veloce, pratica e super versatile\"><\/a><\/figure>\n<\/div>\n<div class=\"col-xs valign__content\">\n<div class=\"valign\"><span class=\"testatina testatina-articolo\"><a href=\"https:\/\/www.moltofood.it\/granola-in-friggitrice-ad-aria-ricetta\/?utm_source=quotidianodipuglia&amp;utm_medium=strip_moltofood_flexible&amp;utm_campaign=right_articolo\"><br \/>\n                                                Dolci                                                <\/a><\/span><\/p>\n<h2 class=\"titolo\"><a href=\"https:\/\/www.moltofood.it\/granola-in-friggitrice-ad-aria-ricetta\/?utm_source=quotidianodipuglia&amp;utm_medium=strip_moltofood_flexible&amp;utm_campaign=right_articolo\" title=\"Granola in friggitrice ad aria: veloce, pratica e super versatile\" target=\"_blank\">Granola in friggitrice ad aria: veloce, pratica e super versatile<\/a><\/h2>\n<p><span class=\"firma\">di Virginia Fabbri<\/span><\/div>\n<\/div>\n<\/div>\n<\/div>\n<\/article>\n<\/div>\n<p><a href=\"https:\/\/www.moltofood.it?utm_source=quotidianodipuglia&amp;utm_medium=strip_moltofood_flexible&amp;utm_campaign=right_articolo\" class=\"testatabox show_more\" target=\"_blank\" title=\"moltofood.it\">Vedi tutte le ricette<\/a><\/div>\n<div class=\"strip-1-bottom\">\n<div class=\"testatabox default sinistra rosso partner news\">\n<h3 class=\"partner news\"><a href=\"https:\/\/www.romevaticancard.com\/it\/omniacards\/omnia-card-72\/?ref=banner\">OMNIA CARD<\/a><\/h3>\n<\/div>\n<div class=\"row\">\n<article class=\"col-xs-12 html_base_bottom   partner news \">\n<div class=\"item_content hyperlink\">\n<figure class=\"medium\"><a href=\"https:\/\/www.romevaticancard.com\/it\/omniacards\/omnia-card-72\/?ref=banner\" title=\"Omnia card 72h + Roma Pass: Musei Vaticani e Colosseo inclusi\"><img decoding=\"async\" src=\"https:\/\/analyse.optim.biz\/wp-content\/uploads\/2026\/02\/7772044_27112113_rome-86.jpg\" title=\"Omnia card 72h + Roma Pass: Musei Vaticani e Colosseo inclusi\" width=\"-16\" height=\"-9\"><\/a><\/figure>\n<div class=\"titolo\"><a href=\"https:\/\/www.romevaticancard.com\/it\/omniacards\/omnia-card-72\/?ref=banner\" class=\"ml_primary_link\">Omnia card 72h + Roma Pass: Musei Vaticani e Colosseo inclusi<\/a><\/div>\n<\/div>\n<\/article>\n<\/div>\n<\/div>\n<div class=\"strip-1-no_foto ranking listing\">\n<div class=\"testatabox boxed sinistra  \">\n<h3 class>LE PI\u00d9 LETTE<\/h3>\n<\/div>\n<div class=\"row\">\n<article class=\"col-xs-12 html_base_no_foto  cultura \">\n<div class=\"item_content\"><span class=\"testatina testatina-articolo\"><a href=\"http:\/\/quotidianodipuglia.it\/cultura\/salento_nave_romana_ritrovata_in_fondo_al_mare_dove_recupero_cosa_sappiamo-9329894.html\">CULTURA<\/a><\/span><\/p>\n<div class=\"titolo\"><a href=\"http:\/\/quotidianodipuglia.it\/cultura\/salento_nave_romana_ritrovata_in_fondo_al_mare_dove_recupero_cosa_sappiamo-9329894.html\" class=\"ml_primary_link\">C&#8217;\u00e8 un tesoro sul fondale marino: sulla costa ionica spunta una nave romana. Quasi un milione di euro per portarla alla luce<\/a><\/div>\n<div class=\"row item_content_moreinfo middle-xs\">\n<div class=\"col-xs-8\"><span class=\"firma\"><span>di Renato DE CAPUA<\/span><\/span><\/div>\n<\/div>\n<\/div>\n<\/article>\n<article class=\"col-xs-12 html_base_no_foto  schede \">\n<div class=\"item_content\"><span class=\"testatina testatina-articolo\"><a href=\"http:\/\/quotidianodipuglia.it\/schede\/il_caso_bambino_bus_piedi_neve_cosa_e_successo_ricostruzione_vicenda_polemiche_oggi-9331114.html\">IL CASO <\/a><\/span><\/p>\n<div class=\"titolo\"><a href=\"http:\/\/quotidianodipuglia.it\/schede\/il_caso_bambino_bus_piedi_neve_cosa_e_successo_ricostruzione_vicenda_polemiche_oggi-9331114.html\" class=\"ml_primary_link\">Bambino fatto scendere dal bus: i 6 km a piedi, il biglietto a 10 euro, l&#8217;autista sospeso, l&#8217;inchiesta. Cosa \u00e8 successo<\/a><\/div>\n<div class=\"row item_content_moreinfo middle-xs\">\n<div class=\"col-xs-8\"><span class=\"firma\"><span>di Marta Giusti<\/span><\/span><\/div>\n<div class=\"col-xs\">\n<ul class=\"info-item\">\n<li class=\"has-foto ri-camera-line\"><\/ul>\n<\/div>\n<\/div>\n<\/div>\n<\/article>\n<article class=\"col-xs-12 html_base_no_foto  schede \">\n<div class=\"item_content\"><span class=\"testatina testatina-articolo\"><a href=\"http:\/\/quotidianodipuglia.it\/schede\/oroscopo_settimana_2_8_febbraio_2026_top_flop_chi_sale_chi_scende-9331740.html\">LA VOCE DELLE STELLE<\/a><\/span><\/p>\n<div class=\"titolo\"><a href=\"http:\/\/quotidianodipuglia.it\/schede\/oroscopo_settimana_2_8_febbraio_2026_top_flop_chi_sale_chi_scende-9331740.html\" class=\"ml_primary_link\">Oroscopo della prossima settimana: Cancro spezza la routine, Scorpione osserva, Bilancia si dedica agli affetti.<span> Ariete? Mantieni la calma<\/span><\/a><a href=\"http:\/\/quotidianodipuglia.it\/schede\/oroscopo_weekend_oggi_domani_sabato_31_gennaio_1_febbraio_2026_chi_sale_chi_scende-9327376.html\" class=\"ml_articolo\"><u>Le previsioni del weekend<\/u><\/a><\/div>\n<div class=\"row item_content_moreinfo middle-xs\">\n<div class=\"col-xs-8\"><span class=\"firma\"><span>di Redazione web<\/span><\/span><\/div>\n<\/div>\n<\/div>\n<\/article>\n<article class=\"col-xs-12 html_base_no_foto  schede \">\n<div class=\"item_content\"><span class=\"testatina testatina-articolo\"><a href=\"http:\/\/quotidianodipuglia.it\/schede\/oroscopo_paolo_fox_stelle_fine_settimana_weekend_31_gennaio_1_febbraio_2026-9331582.html\">IN TV <\/a><\/span><\/p>\n<div class=\"titolo\"><a href=\"http:\/\/quotidianodipuglia.it\/schede\/oroscopo_paolo_fox_stelle_fine_settimana_weekend_31_gennaio_1_febbraio_2026-9331582.html\" class=\"ml_primary_link\">Oroscopo di Paolo Fox, le stelle del fine settimana: Gemelli al top, Sagittario in ripresa, Capricorno isolato<\/a><a href=\"http:\/\/quotidianodipuglia.it\/schede\/oroscopo_weekend_oggi_domani_sabato_31_gennaio_1_febbraio_2026_chi_sale_chi_scende-9327376.html\" class=\"ml_articolo\"><span>Le previsioni del weekend\u00a0<\/span><\/a><\/div>\n<div class=\"row item_content_moreinfo middle-xs\">\n<div class=\"col-xs-8\"><span class=\"firma\"><span>di Redazione web<\/span><\/span><\/div>\n<\/div>\n<\/div>\n<\/article>\n<article class=\"col-xs-12 html_base_no_foto  lecce \">\n<div class=\"item_content\"><span class=\"testatina testatina-articolo\"><a href=\"http:\/\/quotidianodipuglia.it\/lecce\/tesoro_sommerso_mari_del_salento_nave_romana_attende_riscatto_da_40_anni-9331754.html\">LECCE<\/a><\/span><\/p>\n<div class=\"titolo\"><a href=\"http:\/\/quotidianodipuglia.it\/lecce\/tesoro_sommerso_mari_del_salento_nave_romana_attende_riscatto_da_40_anni-9331754.html\" class=\"ml_primary_link\">Tesoro sommerso a Santa Caterina: la nave romana attende il riscatto da 40 anni<\/a><\/div>\n<div class=\"row item_content_moreinfo middle-xs\">\n<div class=\"col-xs-8\"><span class=\"firma\"><span>di Giuseppe TARANTINO<\/span><\/span><\/div>\n<\/div>\n<\/div>\n<\/article>\n<\/div>\n<\/div>\n<div class=\"strip- lgw\">\n<div class=\"header\"><span class=\"title\"><br \/>\n                Cerca il tuo immobile all&#8217;asta<br \/>\n            <\/span><\/div>\n<div class=\"content\"><a href=\"https:\/\/www.legalmente.net\/\" target=\"_blank\" class=\"brand\"><img decoding=\"async\" src=\"https:\/\/analyse.optim.biz\/wp-content\/uploads\/2026\/02\/logo-139.jpg\" title=\"logo-139\"><\/a><\/div>\n<\/div>\n<\/div>\n<\/div>\n<\/div>\n<\/aside>\n<\/article>\n<p> Source URL: http:\/\/quotidianodipuglia.it\/spettacoli\/giuliano_sangiorgi_vicino_al_mio_sud_devastato_dal_ciclone-9325589.html<\/p>\n","protected":false},"excerpt":{"rendered":"<p>Giuliano Sangiorgi: \u00abVicino al mio Sud devastato dal ciclone\u00bb Video 1 Minuto di Lettura mercoled\u00ec 28 gennaio 2026, 19:49 &#8211; Ultimo aggiornamento: 30 gennaio, 17:51 \u00abVolevo esprimere tutta la mia vicinanza, la mia solidariet\u00e0 alla Sicilia, alla Sardegna, alla Calabria, alla Puglia, alla mia Puglia, alla mia Sicilia. Mia proprio perch\u00e9 \u00e8 la terra di [&hellip;]<\/p>\n","protected":false},"author":1,"featured_media":1688151,"comment_status":"open","ping_status":"","sticky":false,"template":"","format":"standard","meta":{"footnotes":""},"categories":[87],"tags":[226,155],"class_list":["post-1688150","post","type-post","status-publish","format-standard","has-post-thumbnail","hentry","category-italy","tag-crawlmanager","tag-quotidianodipuglia-it"],"_links":{"self":[{"href":"https:\/\/analyse.optim.biz\/index.php?rest_route=\/wp\/v2\/posts\/1688150","targetHints":{"allow":["GET"]}}],"collection":[{"href":"https:\/\/analyse.optim.biz\/index.php?rest_route=\/wp\/v2\/posts"}],"about":[{"href":"https:\/\/analyse.optim.biz\/index.php?rest_route=\/wp\/v2\/types\/post"}],"author":[{"embeddable":true,"href":"https:\/\/analyse.optim.biz\/index.php?rest_route=\/wp\/v2\/users\/1"}],"replies":[{"embeddable":true,"href":"https:\/\/analyse.optim.biz\/index.php?rest_route=%2Fwp%2Fv2%2Fcomments&post=1688150"}],"version-history":[{"count":0,"href":"https:\/\/analyse.optim.biz\/index.php?rest_route=\/wp\/v2\/posts\/1688150\/revisions"}],"wp:featuredmedia":[{"embeddable":true,"href":"https:\/\/analyse.optim.biz\/index.php?rest_route=\/wp\/v2\/media\/1688151"}],"wp:attachment":[{"href":"https:\/\/analyse.optim.biz\/index.php?rest_route=%2Fwp%2Fv2%2Fmedia&parent=1688150"}],"wp:term":[{"taxonomy":"category","embeddable":true,"href":"https:\/\/analyse.optim.biz\/index.php?rest_route=%2Fwp%2Fv2%2Fcategories&post=1688150"},{"taxonomy":"post_tag","embeddable":true,"href":"https:\/\/analyse.optim.biz\/index.php?rest_route=%2Fwp%2Fv2%2Ftags&post=1688150"}],"curies":[{"name":"wp","href":"https:\/\/api.w.org\/{rel}","templated":true}]}}