{"id":1687955,"date":"2026-01-28T09:35:23","date_gmt":"2026-01-28T06:35:23","guid":{"rendered":"https:\/\/analyse.optim.biz\/?p=1687955"},"modified":"2026-01-28T09:35:23","modified_gmt":"2026-01-28T06:35:23","slug":"le-piante-grasse-aiutano-a-riscaldare-la-casa-ecco-come-e-quale-e-meglio-scegliere","status":"publish","type":"post","link":"https:\/\/analyse.optim.biz\/?p=1687955","title":{"rendered":"Le piante grasse aiutano a riscaldare la casa, ecco come (e quale \u00e8 meglio scegliere)"},"content":{"rendered":"<article class=\"free-content\" id=\"content\">\n<header>\n<h1 class=\"titolo\">Le piante grasse aiutano a riscaldare la casa, ecco come (e quale \u00e8 meglio scegliere)<\/h1>\n<h2 class=\"sottotitolo\">Ci sono diverse piante adatte all&#8217;illuminazione della casa. Ad esempio l&#8217;aloe vera\u200b \u00e8 indicata per aree molto luminose o esposte a Sud, cos\u00ec come diversi tipi di Agave. <\/h2>\n<\/header>\n<div class=\"row\">\n<section id=\"main-content\" class=\"col-xs-8\">\n<figure class=\"main-photo caption\"><img decoding=\"async\" src=\"https:\/\/analyse.optim.biz\/wp-content\/uploads\/2026\/02\/9324903_28103123_onecms_1a8yj0cyzuw3w0iqyxi-1.jpg\" width height alt=\"Le piante grasse aiutano a riscaldare la casa, ecco come (e quale \u00e8 meglio scegliere)\" title=\"Le piante grasse aiutano a riscaldare la casa, ecco come (e quale \u00e8 meglio scegliere)\"><figcaption>Le piante grasse aiutano a riscaldare la casa, ecco come (e quale \u00e8 meglio scegliere)<\/figcaption><\/figure>\n<div class=\"info-container-top\">\n<div class=\"row middle-xs\">\n<div class=\"col-xs end-xs\"><span class=\"tempo\">2 Minuti di Lettura<\/span><\/div>\n<\/div>\n<\/div>\n<div class=\"info-container-bottom\">\n<div class=\"row middle-xs\">\n<div class=\"col-xs-8\">\n              mercoled\u00ec 28 gennaio 2026, 10:35                        <\/div>\n<div class=\"col-xs\">\n<div class=\"share_bar_wrapper\">\n<div class=\"share-item share-box\">\n<ul>\n<li class=\"copy\">\n<li class=\"facebook\">\n<li class=\"twitter\">\n<li class=\"mail\">\n<li class=\"whatsapp\"><\/ul>\n<\/div>\n<\/div>\n<\/div>\n<\/div>\n<\/div>\n<div class=\"body-text\">\n<p>Quando fa freddo un buon modo per aiutare a riscaldare gli ambienti di casa pu\u00f2 essere&#8230; tenerci piante grasse. Le <strong><a href=\"http:\/\/quotidianodipuglia.it\/t\/piante\">piante<\/a> grasse<\/strong> sono altrimenti dette succulente per la loro capacit\u00e0 di trattenere acqua: infatti, per adattarsi\u00a0alla sopravvivenza in ambienti\u00a0aridi, hanno sviluppato tessuti specializzati per l&#8217;accumulo e l&#8217;immagazzinamento di\u00a0acqua\u00a0(parenchimi acquiferi, detti anche &#8220;succulenti&#8221;), in almeno uno dei tre sistemi di organi fra\u00a0radici,\u00a0fusto\u00a0e\u00a0foglie.\u00a0<\/p>\n<aside class=\"slider-articoli-orizzontale in-article\">\n<div class=\"testatabox default\"><span>APPROFONDIMENTI<\/span><\/div>\n<div class=\"slider-items\" data-slidestoshow=\"1\" data-slidestoscroll=\"3\" data-slidedots data-slidearrows=\"1\">\n<article class=\"col-xs html_base_right salute alimentazione \">\n<div class=\"item_content\">\n<div class=\"row\">\n<div class=\"col-xs-6\">\n<figure class=\"medium\"><a href=\"http:\/\/quotidianodipuglia.it\/salute\/alimentazione\/dieta_avena_come_abbassare_colesterolo-9323196.html\" title=\"Dieta dell'avena, ecco come abbassare drasticamente il colesterolo. \u00abBastano solo due giorni\u00bb\"><img loading=\"lazy\" decoding=\"async\" src=\"https:\/\/analyse.optim.biz\/wp-content\/uploads\/2026\/02\/9323196_27170809_muesli_6039565_1280.jpg\" title=\"Dieta dell'avena, ecco come abbassare drasticamente il colesterolo. \u00abBastano solo due giorni\u00bb\" width=\"264\" height=\"144\"><\/a><\/figure>\n<\/div>\n<div class=\"col-xs-6\">\n<div class=\"valign__content\">\n<div class=\"valign\"><span class=\"testatina testatina-articolo\"><a href=\"http:\/\/quotidianodipuglia.it\/salute\/alimentazione\/dieta_avena_come_abbassare_colesterolo-9323196.html\">SALUTE<\/a><\/span><\/p>\n<div class=\"titolo\"><a href=\"http:\/\/quotidianodipuglia.it\/salute\/alimentazione\/dieta_avena_come_abbassare_colesterolo-9323196.html\" title=\"Dieta dell'avena, ecco come abbassare drasticamente il colesterolo. \u00abBastano solo due giorni\u00bb\">Dieta dell&#8217;avena, ecco come abbassare drasticamente il colesterolo. \u00abBastano solo due giorni\u00bb<\/a><\/div>\n<\/div>\n<\/div>\n<\/div>\n<\/div>\n<\/div>\n<\/article>\n<\/div>\n<\/aside>\n<h3>Come riscaldano l&#8217;ambiente<\/h3>\n<p>Tenerle in casa pu\u00f2 quindi essere un buon modo per far diminuire il tasso di umidit\u00e0, contribuendo a riscaldare l&#8217;ambiente. <\/p>\n<p>In pi\u00f9\u00a0le piante grasse, non essendo impegnative da curare,\u00a0sono perfette per chi \u00e8 impegnato e passa molto tempo fuori casa. Alcune, ad esempio, vanno annaffiate solo una volta ogni due o quattro settimane.<\/p>\n<h3>Quali scegliere<\/h3>\n<p>Ci sono diverse piante adatte all&#8217;illuminazione della casa. Ad esempio l&#8217;<a href=\"http:\/\/quotidianodipuglia.it\/t\/aloe-vera\">aloe vera<\/a> \u00e8 indicata per aree molto luminose o esposte a Sud, cos\u00ec come diversi tipi di Agave. Se la casa \u00e8 piccola si pu\u00f2 considerare una\u00a0Queen Victoria o l&#8217;ibrido di aloe Blue Elf.<\/p>\n<p>Per zone con luce media o esposte a est e ovest meglio invece una Euphorbia trigona, la classica Crassula ovata, il Kalanchoe beharensis e l&#8217;Aeonium arboreum, simile ad un albero.<\/p>\n<p>Per le zone meno illuminate ed esposte a nord invece meglio\u00a0la Sansevieria.\u00a0Per coltivarle serve\u00a0un terreno\u00a0sabbioso e ben drenato\u00a0con un mix commerciale per cactus e piante grasse. Le piante vanno poi posizionate lontano dalle finestre,\u00a0idealmente a una distanza compresa tra 0,9 e 1,5 metri.\u00a0<\/p>\n<\/div>\n<div class=\"wrap-box-end\">\n<div class=\"copy\">\n            \u00a9 RIPRODUZIONE RISERVATA\n            <\/div>\n<div class=\"item-options\">\n<div class=\"share_bar_wrapper\">\n<div class=\"share-item share-box\">\n<ul>\n<li class=\"copy\">\n<li class=\"facebook\">\n<li class=\"twitter\">\n<li class=\"mail\">\n<li class=\"whatsapp\"><\/ul>\n<\/div>\n<\/div>\n<\/div>\n<\/div>\n<aside class=\"area\">&#8216;;<br \/>\n        outbrainEl.insertAdjacentHTML(&#8220;afterBegin&#8221;, AdCodeOutbrain);<\/p>\n<p>        loadScript(&#8216;\/\/widgets.outbrain.com\/outbrain.js&#8217;, function(){<br \/>\n            \/\/ cerco il widget. Necessario se c&#8217;\u00e8 un&#8217;altro widget di Outbrain in pagina (es: inread)<br \/>\n            OBR.extern.researchWidget();<br \/>\n        });<br \/>\n    }<\/p>\n<p>    function AnnunciOutbrain(callback) {<br \/>\n        var outbrainDiv = document.getElementById(&#8216;outbrainWait&#8217;);<br \/>\n        \/\/ Verifica se l&#8217;elemento esiste<br \/>\n        if (outbrainDiv) {<br \/>\n            \/\/ Modifica l&#8217;id dell&#8217;elemento div<br \/>\n            outbrainDiv.id = &#8216;outbrain&#8217;;<br \/>\n        }<\/p>\n<p>                    var load_method = impostazioni_testata.outbrain.load_method || &#8216;first-interaction&#8217;;<\/p>\n<p>        var outbrainEl = document.getElementById(&#8216;outbrain&#8217;);<\/p>\n<p>        CED.log(&#8220;outbrain load_method:&#8221; + load_method);<\/p>\n<p>        if (load_method == &#8216;when-near-viewport&#8217;) {<\/p>\n<p>            \/\/ outbrain parte solo quando scrollando arriva abbastanza vicino alla viewport<br \/>\n            if (typeof callback === &#8220;function&#8221;) {<\/p>\n<p>                \/\/ Listen for the scroll event<br \/>\n                \/\/document.addEventListener(&#8216;scroll&#8217;, onScroll(outbrainEl,callback), false);<br \/>\n                CedsWNV.watch(outbrainEl, callback, {<br \/>\n                    checkInterval: 300,<br \/>\n                    offset: 500<br \/>\n                });<\/p>\n<p>                \/*devo chiamare la funzione con argomenti e variabili *\/<br \/>\n            }<\/p>\n<p>        } else {<br \/>\n            \/\/ DEFAULT: outbrain parte alla prima interazione o dopo il timeout inattivit\u00e0<br \/>\n            _waitOnceFor(load_method, callback);<br \/>\n        }<br \/>\n    }<\/p>\n<p>            AnnunciOutbrain(WidgetOutbrainTag);<\/p>\n<div id=\"correlati-verticali\">\n<div class=\"testatabox default\">\n<h3>POTREBBE INTERESSARTI ANCHE<\/h3>\n<\/div>\n<\/div>\n<\/aside>\n<\/section>\n<\/div>\n<aside id=\"right-rail\" class=\"col-xs-4\">\n<div id=\"right-content\">\n<div class=\"area right\">\n<div class=\"area right_articolo\" data-id=\"445\" data-nome=\"Right Articolo (generico) 2022\">\n<div class=\"strip-1-x-video box-tv\" data-strip-id=\"60983\">\n<div class=\"strip-1-video_player\">\n<div class=\"row\">\n<article class=\"col-xs-12 html_base_bottom  video sport \">\n<div class=\"item_content video\">\n<div class=\"embed_video\">\n<div class=\"jw_embed\" data-mediaid=\"vHgoHtF1\" data-disable_video_float_on_non_adv_content=\"cedjs-dynamic\" data-autostart=\"true\" data-related='{\"oncomplete\":\"show\"}' data-mute=\"true\" data-adv_always_floating=\"false\"><img loading=\"lazy\" decoding=\"async\" src=\"https:\/\/analyse.optim.biz\/wp-content\/uploads\/2026\/02\/video-130.svg\" width=\"340\" height=\"180\" alt=\"Video\" title=\"video-130\"><\/div>\n<\/div>\n<div class=\"titolo\"><a href=\"http:\/\/quotidianodipuglia.it\/video\/sport\/cce_lsb_lecce_pall_a9_nardo_68_67-9278426.html\" class=\"ml_primary_link\">Cce Lsb Lecce-Pall. A9 Nard\u00f2 68-67<\/a><\/div>\n<\/div>\n<\/article>\n<\/div>\n<\/div>\n<div class=\"strip-1-square listing\">\n<div class=\"row\">\n<article class=\"col-xs-12 html_base_square  video \">\n<div class=\"item_content\">\n<div class=\"row\">\n<div class=\"col-xs valign__content\">\n<div class=\"square___content\">\n<figure class=\"thumbnail\"><a href=\"http:\/\/quotidianodipuglia.it\/video\/guyana_calabria_campania_prime_in_ue_per_rischio_poverta-9135288.html\" title=\"Guyana, Calabria, Campania prime in Ue per rischio povert\u00e0\"><img loading=\"lazy\" decoding=\"async\" src=\"https:\/\/analyse.optim.biz\/wp-content\/uploads\/2026\/02\/9135288_poster-87.jpg\" title=\"Guyana, Calabria, Campania prime in Ue per rischio povert\u00e0\" width=\"64\" height=\"64\"><\/a><\/figure>\n<\/div>\n<div class=\"valign\">\n<div class=\"titolo\"><a href=\"http:\/\/quotidianodipuglia.it\/video\/guyana_calabria_campania_prime_in_ue_per_rischio_poverta-9135288.html\" class=\"ml_primary_link\">Guyana, Calabria, Campania prime in Ue per rischio povert\u00e0<\/a><\/div>\n<\/div>\n<\/div>\n<\/div>\n<\/div>\n<\/article>\n<article class=\"col-xs-12 html_base_square  video \">\n<div class=\"item_content\">\n<div class=\"row\">\n<div class=\"col-xs valign__content\">\n<div class=\"square___content\">\n<figure class=\"thumbnail\"><a href=\"http:\/\/quotidianodipuglia.it\/video\/storie_italiane_il_racconto_di_mario_ermito-9105224.html\" title=\"Storie Italiane, il racconto di Mario Ermito\"><img loading=\"lazy\" decoding=\"async\" src=\"https:\/\/analyse.optim.biz\/wp-content\/uploads\/2026\/02\/9105224_poster-84.jpg\" title=\"Storie Italiane, il racconto di Mario Ermito\" width=\"64\" height=\"64\"><\/a><\/figure>\n<\/div>\n<div class=\"valign\">\n<div class=\"titolo\"><a href=\"http:\/\/quotidianodipuglia.it\/video\/storie_italiane_il_racconto_di_mario_ermito-9105224.html\" class=\"ml_primary_link\">Storie Italiane, il racconto di Mario Ermito<\/a><\/div>\n<\/div>\n<\/div>\n<\/div>\n<\/div>\n<\/article>\n<article class=\"col-xs-12 html_base_square  video \">\n<div class=\"item_content\">\n<div class=\"row\">\n<div class=\"col-xs valign__content\">\n<div class=\"square___content\">\n<figure class=\"thumbnail\"><a href=\"http:\/\/quotidianodipuglia.it\/video\/lecce_protocollo_scuola_istituzioni_prefettura-9089424.html\" title=\"\u00abL'autismo non \u00e8 solo una diagnosi, \u00e8 un modo diverso di percepire il mondo\u00bb, il commovente messaggio di Emma\"><img loading=\"lazy\" decoding=\"async\" src=\"https:\/\/analyse.optim.biz\/wp-content\/uploads\/2026\/02\/9089424_25191819_myfilename-86.jpg\" title=\"\u00abL'autismo non \u00e8 solo una diagnosi, \u00e8 un modo diverso di percepire il mondo\u00bb, il commovente messaggio di Emma\" width=\"64\" height=\"64\"><\/a><\/figure>\n<\/div>\n<div class=\"valign\">\n<div class=\"titolo\"><a href=\"http:\/\/quotidianodipuglia.it\/video\/lecce_protocollo_scuola_istituzioni_prefettura-9089424.html\" class=\"ml_primary_link\">\u00abL&#8217;autismo non \u00e8 solo una diagnosi, \u00e8 un modo diverso di percepire il mondo\u00bb, il commovente messaggio di Emma<\/a><\/div>\n<\/div>\n<\/div>\n<\/div>\n<\/div>\n<\/article>\n<\/div>\n<\/div>\n<\/div>\n<div class=\"strip-combo \">\n<div class=\"testatabox default sinistra  salute focus\">\n<h3 class=\"salute focus\">Della stessa sezione<\/h3>\n<\/div>\n<div class=\"strip-1-bottom principale\">\n<div class=\"row\">\n<article class=\"col-xs-12 html_base_bottom   salute focus \">\n<div class=\"item_content\">\n<figure class=\"medium\"><a href=\"http:\/\/quotidianodipuglia.it\/salute\/focus\/sonno_problemi_al_cuore_quante_ore_bisogna_dormire_orari_regolari-9323670.html\" title=\"Sonno e problemi al cuore, dormire poco e a ritmi sfalsati fa salire la pressione e predisponde all'obesit\u00e0\"><img decoding=\"async\" src=\"https:\/\/analyse.optim.biz\/wp-content\/uploads\/2026\/02\/9323670_28064103_sonno1.jpg\" title=\"Sonno e problemi al cuore, dormire poco e a ritmi sfalsati fa salire la pressione e predisponde all'obesit\u00e0\" width=\"-16\" height=\"-9\"><\/a><\/figure>\n<p><span class=\"testatina testatina-articolo\"><a href=\"http:\/\/quotidianodipuglia.it\/salute\/focus\/sonno_problemi_al_cuore_quante_ore_bisogna_dormire_orari_regolari-9323670.html\">IL FOCUS<\/a><\/span><\/p>\n<div class=\"titolo\"><a href=\"http:\/\/quotidianodipuglia.it\/salute\/focus\/sonno_problemi_al_cuore_quante_ore_bisogna_dormire_orari_regolari-9323670.html\" class=\"ml_primary_link\">Sonno e problemi al cuore, dormire poco e a ritmi sfalsati fa salire la pressione e predisponde all&#8217;obesit\u00e0<\/a><\/div>\n<p><span class=\"firma\"><span>di Antonio G. Rebuzzi<\/span><\/span><\/p>\n<aside>\n<ul class=\"approfondimenti\">\n<li><a href=\"https:\/\/www.ilmessaggero.it\/salute\/focus\/tosse_secca_che_non_passa_cosa_prendere_cure_cosa_fare-9323667.html\" title=\"Tosse secca che dura settimane, cosa fare: i segnali che non vanno sottovalutati e i rimedi da prendere\">Tosse secca che dura settimane, cosa fare: i segnali che non vanno sottovalutati e i rimedi da prendere<\/a><\/li>\n<\/ul>\n<\/aside>\n<\/div>\n<\/article>\n<\/div>\n<\/div>\n<div class=\"strip-1-square seconda listing\">\n<div class=\"row\">\n<article class=\"col-xs-12 html_base_square  salute focus \">\n<div class=\"item_content\">\n<div class=\"row\">\n<div class=\"col-xs valign__content\">\n<div class=\"square___content\">\n<figure class=\"thumbnail\"><a href=\"http:\/\/quotidianodipuglia.it\/salute\/focus\/infarto_ictus_chi_rischia_di_piu_notturni_mattinieri_perche_effetto_cuore-9325085.html\" title=\"Infarto o ictus, le persone \u00abnotturne\u00bb rischiano pi\u00f9 dei \u00abmattinieri\u00bb: ecco l'effetto sul cuore\"><img loading=\"lazy\" decoding=\"async\" src=\"https:\/\/analyse.optim.biz\/wp-content\/uploads\/2026\/02\/9325085_28125855_infarto_ictus.jpg\" title=\"Infarto o ictus, le persone \u00abnotturne\u00bb rischiano pi\u00f9 dei \u00abmattinieri\u00bb: ecco l'effetto sul cuore\" width=\"64\" height=\"64\"><\/a><\/figure>\n<\/div>\n<div class=\"valign\"><span class=\"testatina testatina-articolo\"><a href=\"http:\/\/quotidianodipuglia.it\/salute\/focus\/infarto_ictus_chi_rischia_di_piu_notturni_mattinieri_perche_effetto_cuore-9325085.html\">LO STUDIO<\/a><\/span><\/p>\n<div class=\"titolo\"><a href=\"http:\/\/quotidianodipuglia.it\/salute\/focus\/infarto_ictus_chi_rischia_di_piu_notturni_mattinieri_perche_effetto_cuore-9325085.html\" class=\"ml_primary_link\">Infarto o ictus, le persone \u00abnotturne\u00bb rischiano pi\u00f9 dei \u00abmattinieri\u00bb: ecco l&#8217;effetto sul cuore<\/a><\/div>\n<\/div>\n<\/div>\n<\/div>\n<\/div>\n<\/article>\n<article class=\"col-xs-12 html_base_square  salute focus \">\n<div class=\"item_content\">\n<div class=\"row\">\n<div class=\"col-xs valign__content\">\n<div class=\"square___content\">\n<figure class=\"thumbnail\"><a href=\"http:\/\/quotidianodipuglia.it\/salute\/focus\/pianta_grassa_riscalda_casa_come_fa_quale_scegliere-9324903.html\" title=\"Le piante grasse aiutano a riscaldare la casa, ecco come (e quale \u00e8 meglio scegliere)\"><img loading=\"lazy\" decoding=\"async\" src=\"https:\/\/analyse.optim.biz\/wp-content\/uploads\/2026\/02\/9324903_28103123_onecms_1a8yj0cyzuw3w0iqyxi-2.jpg\" title=\"Le piante grasse aiutano a riscaldare la casa, ecco come (e quale \u00e8 meglio scegliere)\" width=\"64\" height=\"64\"><\/a><\/figure>\n<\/div>\n<div class=\"valign\"><span class=\"testatina testatina-articolo\"><a href=\"http:\/\/quotidianodipuglia.it\/salute\/focus\/pianta_grassa_riscalda_casa_come_fa_quale_scegliere-9324903.html\">IL TRUCCO <\/a><\/span><\/p>\n<div class=\"titolo\"><a href=\"http:\/\/quotidianodipuglia.it\/salute\/focus\/pianta_grassa_riscalda_casa_come_fa_quale_scegliere-9324903.html\" class=\"ml_primary_link\">Le piante grasse aiutano a riscaldare la casa, ecco come (e quale \u00e8 meglio scegliere)<\/a><\/div>\n<\/div>\n<\/div>\n<\/div>\n<\/div>\n<\/article>\n<article class=\"col-xs-12 html_base_square  salute focus \">\n<div class=\"item_content\">\n<div class=\"row\">\n<div class=\"col-xs valign__content\">\n<div class=\"square___content\">\n<figure class=\"thumbnail\"><a href=\"http:\/\/quotidianodipuglia.it\/salute\/focus\/tosse_secca_che_non_passa_cosa_prendere_cure_cosa_fare-9323667.html\" title=\"Tosse secca che dura settimane, cosa fare: i segnali che non vanno sottovalutati e i rimedi da prendere\"><img loading=\"lazy\" decoding=\"async\" src=\"https:\/\/analyse.optim.biz\/wp-content\/uploads\/2026\/02\/9323667_28062629_tosse.jpg\" title=\"Tosse secca che dura settimane, cosa fare: i segnali che non vanno sottovalutati e i rimedi da prendere\" width=\"64\" height=\"64\"><\/a><\/figure>\n<\/div>\n<div class=\"valign\"><span class=\"testatina testatina-articolo\"><a href=\"http:\/\/quotidianodipuglia.it\/salute\/focus\/tosse_secca_che_non_passa_cosa_prendere_cure_cosa_fare-9323667.html\">SALUTE<\/a><\/span><\/p>\n<div class=\"titolo\"><a href=\"http:\/\/quotidianodipuglia.it\/salute\/focus\/tosse_secca_che_non_passa_cosa_prendere_cure_cosa_fare-9323667.html\" class=\"ml_primary_link\">Tosse secca che dura settimane, cosa fare: i segnali che non vanno sottovalutati e i rimedi da prendere<\/a><\/div>\n<p><span class=\"firma\"><span>di Maria Rita Montebelli<\/span><\/span><\/div>\n<\/div>\n<\/div>\n<\/div>\n<\/article>\n<article class=\"col-xs-12 html_base_square  salute focus \">\n<div class=\"item_content\">\n<div class=\"row\">\n<div class=\"col-xs valign__content\">\n<div class=\"square___content\">\n<figure class=\"thumbnail\"><a href=\"http:\/\/quotidianodipuglia.it\/salute\/focus\/tumore_al_fegato_cure_diagnosi_sopravvivenza_cause_nuove_tecniche-9322360.html\" title=\"Tumore al fegato, le nuove cure: niente bisturi ma tecniche mininvasive e anestesia locale\"><img loading=\"lazy\" decoding=\"async\" src=\"https:\/\/analyse.optim.biz\/wp-content\/uploads\/2026\/02\/9322360_27074109_tumore_fegato.jpg\" title=\"Tumore al fegato, le nuove cure: niente bisturi ma tecniche mininvasive e anestesia locale\" width=\"64\" height=\"64\"><\/a><\/figure>\n<\/div>\n<div class=\"valign\"><span class=\"testatina testatina-articolo\"><a href=\"http:\/\/quotidianodipuglia.it\/salute\/focus\/tumore_al_fegato_cure_diagnosi_sopravvivenza_cause_nuove_tecniche-9322360.html\">LO STUDIO<\/a><\/span><\/p>\n<div class=\"titolo\"><a href=\"http:\/\/quotidianodipuglia.it\/salute\/focus\/tumore_al_fegato_cure_diagnosi_sopravvivenza_cause_nuove_tecniche-9322360.html\" class=\"ml_primary_link\">Tumore al fegato, le nuove cure: niente bisturi ma tecniche mininvasive e anestesia locale<\/a><\/div>\n<p><span class=\"firma\"><span>di Lucia Oggianu<\/span><\/span><\/div>\n<\/div>\n<\/div>\n<\/div>\n<\/article>\n<\/div>\n<\/div>\n<\/div>\n<div class=\"strip-1-square listing strip_moltofood_flexible  quotidianodipuglia\">\n<div class=\"testatabox testatina-box grande moltofood default\">\n<h3><a href=\"https:\/\/www.moltofood.it\" target=\"_blank\" title=\"moltofood.it\"><img loading=\"lazy\" decoding=\"async\" src=\"https:\/\/analyse.optim.biz\/wp-content\/uploads\/2026\/02\/moltofood-85.svg\" width=\"140\" height=\"20\" title=\"moltofood-85\"><\/a><\/h3>\n<\/div>\n<div class=\"row \">\n<article class=\"col-xs-12 html_base_square\">\n<div class=\"item_content\">\n<div class=\"row\">\n<div class=\"square___content\">\n<figure><a href=\"https:\/\/www.moltofood.it\/schiacciata-ripiena-senza-lievito-ricetta\/?utm_source=quotidianodipuglia&amp;utm_medium=strip_moltofood_flexible&amp;utm_campaign=right_articolo\" target=\"_blank\" title=\"Schiacciata ripiena, la ricetta scrocchiarella e senza lievito\"><img decoding=\"async\" src=\"https:\/\/analyse.optim.biz\/wp-content\/uploads\/2026\/02\/schiacciata-ripiena-1-150x150-139.jpg\" title=\"Schiacciata ripiena, la ricetta scrocchiarella e senza lievito\"><\/a><\/figure>\n<\/div>\n<div class=\"col-xs valign__content\">\n<div class=\"valign\"><span class=\"testatina testatina-articolo\"><a href=\"https:\/\/www.moltofood.it\/schiacciata-ripiena-senza-lievito-ricetta\/?utm_source=quotidianodipuglia&amp;utm_medium=strip_moltofood_flexible&amp;utm_campaign=right_articolo\"><br \/>\n                                                Piatti unici                                                <\/a><\/span><\/p>\n<h2 class=\"titolo\"><a href=\"https:\/\/www.moltofood.it\/schiacciata-ripiena-senza-lievito-ricetta\/?utm_source=quotidianodipuglia&amp;utm_medium=strip_moltofood_flexible&amp;utm_campaign=right_articolo\" title=\"Schiacciata ripiena, la ricetta scrocchiarella e senza lievito\" target=\"_blank\">Schiacciata ripiena, la ricetta scrocchiarella e senza lievito<\/a><\/h2>\n<p><span class=\"firma\">di Margherita Catalani<\/span><\/div>\n<\/div>\n<\/div>\n<\/div>\n<\/article>\n<article class=\"col-xs-12 html_base_square\">\n<div class=\"item_content\">\n<div class=\"row\">\n<div class=\"square___content\">\n<figure><a href=\"https:\/\/www.moltofood.it\/granola-in-friggitrice-ad-aria-ricetta\/?utm_source=quotidianodipuglia&amp;utm_medium=strip_moltofood_flexible&amp;utm_campaign=right_articolo\" target=\"_blank\" title=\"Granola in friggitrice ad aria: veloce, pratica e super versatile\"><img decoding=\"async\" src=\"https:\/\/analyse.optim.biz\/wp-content\/uploads\/2026\/02\/granolacottainfriggitriceadaria_copertina-150x150-3-92.jpeg\" title=\"Granola in friggitrice ad aria: veloce, pratica e super versatile\"><\/a><\/figure>\n<\/div>\n<div class=\"col-xs valign__content\">\n<div class=\"valign\"><span class=\"testatina testatina-articolo\"><a href=\"https:\/\/www.moltofood.it\/granola-in-friggitrice-ad-aria-ricetta\/?utm_source=quotidianodipuglia&amp;utm_medium=strip_moltofood_flexible&amp;utm_campaign=right_articolo\"><br \/>\n                                                Dolci                                                <\/a><\/span><\/p>\n<h2 class=\"titolo\"><a href=\"https:\/\/www.moltofood.it\/granola-in-friggitrice-ad-aria-ricetta\/?utm_source=quotidianodipuglia&amp;utm_medium=strip_moltofood_flexible&amp;utm_campaign=right_articolo\" title=\"Granola in friggitrice ad aria: veloce, pratica e super versatile\" target=\"_blank\">Granola in friggitrice ad aria: veloce, pratica e super versatile<\/a><\/h2>\n<p><span class=\"firma\">di Virginia Fabbri<\/span><\/div>\n<\/div>\n<\/div>\n<\/div>\n<\/article>\n<\/div>\n<p><a href=\"https:\/\/www.moltofood.it?utm_source=quotidianodipuglia&amp;utm_medium=strip_moltofood_flexible&amp;utm_campaign=right_articolo\" class=\"testatabox show_more\" target=\"_blank\" title=\"moltofood.it\">Vedi tutte le ricette<\/a><\/div>\n<div class=\"strip-1-bottom\">\n<div class=\"testatabox default sinistra rosso partner news\">\n<h3 class=\"partner news\"><a href=\"https:\/\/www.romevaticancard.com\/it\/omniacards\/omnia-card-72\/?ref=banner\">OMNIA CARD<\/a><\/h3>\n<\/div>\n<div class=\"row\">\n<article class=\"col-xs-12 html_base_bottom   partner news \">\n<div class=\"item_content hyperlink\">\n<figure class=\"medium\"><a href=\"https:\/\/www.romevaticancard.com\/it\/omniacards\/omnia-card-72\/?ref=banner\" title=\"Omnia card 72h + Roma Pass: Musei Vaticani e Colosseo inclusi\"><img decoding=\"async\" src=\"https:\/\/analyse.optim.biz\/wp-content\/uploads\/2026\/02\/7772044_27112113_rome-84.jpg\" title=\"Omnia card 72h + Roma Pass: Musei Vaticani e Colosseo inclusi\" width=\"-16\" height=\"-9\"><\/a><\/figure>\n<div class=\"titolo\"><a href=\"https:\/\/www.romevaticancard.com\/it\/omniacards\/omnia-card-72\/?ref=banner\" class=\"ml_primary_link\">Omnia card 72h + Roma Pass: Musei Vaticani e Colosseo inclusi<\/a><\/div>\n<\/div>\n<\/article>\n<\/div>\n<\/div>\n<div class=\"strip-1-no_foto ranking listing\">\n<div class=\"testatabox boxed sinistra  \">\n<h3 class>LE PI\u00d9 LETTE<\/h3>\n<\/div>\n<div class=\"row\">\n<article class=\"col-xs-12 html_base_no_foto  schede \">\n<div class=\"item_content\"><span class=\"testatina testatina-articolo\"><a href=\"http:\/\/quotidianodipuglia.it\/schede\/il_caso_bambino_bus_piedi_neve_cosa_e_successo_ricostruzione_vicenda_polemiche_oggi-9331114.html\">IL CASO <\/a><\/span><\/p>\n<div class=\"titolo\"><a href=\"http:\/\/quotidianodipuglia.it\/schede\/il_caso_bambino_bus_piedi_neve_cosa_e_successo_ricostruzione_vicenda_polemiche_oggi-9331114.html\" class=\"ml_primary_link\">Bambino fatto scendere dal bus: i 6 km a piedi, il biglietto a 10 euro, l&#8217;autista sospeso, l&#8217;inchiesta. Cosa \u00e8 successo<\/a><\/div>\n<div class=\"row item_content_moreinfo middle-xs\">\n<div class=\"col-xs-8\"><span class=\"firma\"><span>di Marta Giusti<\/span><\/span><\/div>\n<div class=\"col-xs\">\n<ul class=\"info-item\">\n<li class=\"has-foto ri-camera-line\"><\/ul>\n<\/div>\n<\/div>\n<\/div>\n<\/article>\n<article class=\"col-xs-12 html_base_no_foto  lecce \">\n<div class=\"item_content\"><span class=\"testatina testatina-articolo\"><a href=\"http:\/\/quotidianodipuglia.it\/lecce\/furto_ospedale_galatina_rubano_portafogli_infemiera_usano_carte_credito_acquisti_denunciati_famiglia_cosa_sappiamo-9329376.html\">SALENTO <\/a><\/span><\/p>\n<div class=\"titolo\"><a href=\"http:\/\/quotidianodipuglia.it\/lecce\/furto_ospedale_galatina_rubano_portafogli_infemiera_usano_carte_credito_acquisti_denunciati_famiglia_cosa_sappiamo-9329376.html\" class=\"ml_primary_link\">In ospedale rubano il portagli di un&#8217;infermiera e usano le carte di credito per gli acquisti: denunciati genitori e figlio<\/a><\/div>\n<\/div>\n<\/article>\n<article class=\"col-xs-12 html_base_no_foto  cultura \">\n<div class=\"item_content\"><span class=\"testatina testatina-articolo\"><a href=\"http:\/\/quotidianodipuglia.it\/cultura\/salento_nave_romana_ritrovata_in_fondo_al_mare_dove_recupero_cosa_sappiamo-9329894.html\">CULTURA<\/a><\/span><\/p>\n<div class=\"titolo\"><a href=\"http:\/\/quotidianodipuglia.it\/cultura\/salento_nave_romana_ritrovata_in_fondo_al_mare_dove_recupero_cosa_sappiamo-9329894.html\" class=\"ml_primary_link\">C&#8217;\u00e8 un tesoro sul fondale marino: sulla costa ionica spunta una nave romana. Quasi un milione di euro per portarla alla luce<\/a><\/div>\n<div class=\"row item_content_moreinfo middle-xs\">\n<div class=\"col-xs-8\"><span class=\"firma\"><span>di Renato DE CAPUA<\/span><\/span><\/div>\n<\/div>\n<\/div>\n<\/article>\n<article class=\"col-xs-12 html_base_no_foto  schede \">\n<div class=\"item_content\"><span class=\"testatina testatina-articolo\"><a href=\"http:\/\/quotidianodipuglia.it\/schede\/previsioni_meteo_puglia_maltempo_piogge-9329638.html\">SCHEDE<\/a><\/span><\/p>\n<div class=\"titolo\"><a href=\"http:\/\/quotidianodipuglia.it\/schede\/previsioni_meteo_puglia_maltempo_piogge-9329638.html\" class=\"ml_primary_link\">In arrivo il &#8220;Ciclone Polare&#8221;: tempeste e piogge in Puglia, ecco le zone pi\u00f9 a rischio nel weekend<\/a><\/div>\n<\/div>\n<\/article>\n<article class=\"col-xs-12 html_base_no_foto  bari \">\n<div class=\"item_content\"><span class=\"testatina testatina-articolo\"><a href=\"http:\/\/quotidianodipuglia.it\/bari\/bitonto_palese_incidente_morto_oggi_30_gennaio_2026_giuseppe_vero-9329187.html\">LA TRAGEDIA<\/a><\/span><\/p>\n<div class=\"titolo\"><a href=\"http:\/\/quotidianodipuglia.it\/bari\/bitonto_palese_incidente_morto_oggi_30_gennaio_2026_giuseppe_vero-9329187.html\" class=\"ml_primary_link\">Scontro frontale sulla provinciale: muore a 30 anni, ferito gravemente un altro giovane<\/a><\/div>\n<div class=\"row item_content_moreinfo middle-xs\">\n<div class=\"col-xs-8\"><span class=\"firma\"><span>di Nicola MANGIALARDI<\/span><\/span><\/div>\n<\/div>\n<\/div>\n<\/article>\n<\/div>\n<\/div>\n<div class=\"strip- lgw\">\n<div class=\"header\"><span class=\"title\"><br \/>\n                Cerca il tuo immobile all&#8217;asta<br \/>\n            <\/span><\/div>\n<div class=\"content\"><a href=\"https:\/\/www.legalmente.net\/\" target=\"_blank\" class=\"brand\"><img decoding=\"async\" src=\"https:\/\/analyse.optim.biz\/wp-content\/uploads\/2026\/02\/logo-137.jpg\" title=\"logo-137\"><\/a><\/div>\n<\/div>\n<\/div>\n<\/div>\n<\/div>\n<\/aside>\n<\/article>\n<article class=\"free-content\" id=\"content\">\n<header>\n<h1 class=\"titolo\">Le piante grasse aiutano a riscaldare la casa, ecco come (e quale \u00e8 meglio scegliere)<\/h1>\n<h2 class=\"sottotitolo\">Ci sono diverse piante adatte all&#8217;illuminazione della casa. Ad esempio l&#8217;aloe vera\u200b \u00e8 indicata per aree molto luminose o esposte a Sud, cos\u00ec come diversi tipi di Agave. <\/h2>\n<\/header>\n<div class=\"row\">\n<section id=\"main-content\" class=\"col-xs-8\">\n<figure class=\"main-photo caption\"><img decoding=\"async\" src=\"https:\/\/analyse.optim.biz\/wp-content\/uploads\/2026\/02\/9324903_28103123_onecms_1a8yj0cyzuw3w0iqyxi-1.jpg\" width height alt=\"Le piante grasse aiutano a riscaldare la casa, ecco come (e quale \u00e8 meglio scegliere)\" title=\"Le piante grasse aiutano a riscaldare la casa, ecco come (e quale \u00e8 meglio scegliere)\"><figcaption>Le piante grasse aiutano a riscaldare la casa, ecco come (e quale \u00e8 meglio scegliere)<\/figcaption><\/figure>\n<div class=\"info-container-top\">\n<div class=\"row middle-xs\">\n<div class=\"col-xs end-xs\"><span class=\"tempo\">2 Minuti di Lettura<\/span><\/div>\n<\/div>\n<\/div>\n<div class=\"info-container-bottom\">\n<div class=\"row middle-xs\">\n<div class=\"col-xs-8\">\n              mercoled\u00ec 28 gennaio 2026, 10:35                        <\/div>\n<div class=\"col-xs\">\n<div class=\"share_bar_wrapper\">\n<div class=\"share-item share-box\">\n<ul>\n<li class=\"copy\">\n<li class=\"facebook\">\n<li class=\"twitter\">\n<li class=\"mail\">\n<li class=\"whatsapp\"><\/ul>\n<\/div>\n<\/div>\n<\/div>\n<\/div>\n<\/div>\n<div class=\"body-text\">\n<p>Quando fa freddo un buon modo per aiutare a riscaldare gli ambienti di casa pu\u00f2 essere&#8230; tenerci piante grasse. Le <strong><a href=\"http:\/\/quotidianodipuglia.it\/t\/piante\">piante<\/a> grasse<\/strong> sono altrimenti dette succulente per la loro capacit\u00e0 di trattenere acqua: infatti, per adattarsi\u00a0alla sopravvivenza in ambienti\u00a0aridi, hanno sviluppato tessuti specializzati per l&#8217;accumulo e l&#8217;immagazzinamento di\u00a0acqua\u00a0(parenchimi acquiferi, detti anche &#8220;succulenti&#8221;), in almeno uno dei tre sistemi di organi fra\u00a0radici,\u00a0fusto\u00a0e\u00a0foglie.\u00a0<\/p>\n<aside class=\"slider-articoli-orizzontale in-article\">\n<div class=\"testatabox default\"><span>APPROFONDIMENTI<\/span><\/div>\n<div class=\"slider-items\" data-slidestoshow=\"1\" data-slidestoscroll=\"3\" data-slidedots data-slidearrows=\"1\">\n<article class=\"col-xs html_base_right salute alimentazione \">\n<div class=\"item_content\">\n<div class=\"row\">\n<div class=\"col-xs-6\">\n<figure class=\"medium\"><a href=\"http:\/\/quotidianodipuglia.it\/salute\/alimentazione\/dieta_avena_come_abbassare_colesterolo-9323196.html\" title=\"Dieta dell'avena, ecco come abbassare drasticamente il colesterolo. \u00abBastano solo due giorni\u00bb\"><img loading=\"lazy\" decoding=\"async\" src=\"https:\/\/analyse.optim.biz\/wp-content\/uploads\/2026\/02\/9323196_27170809_muesli_6039565_1280.jpg\" title=\"Dieta dell'avena, ecco come abbassare drasticamente il colesterolo. \u00abBastano solo due giorni\u00bb\" width=\"264\" height=\"144\"><\/a><\/figure>\n<\/div>\n<div class=\"col-xs-6\">\n<div class=\"valign__content\">\n<div class=\"valign\"><span class=\"testatina testatina-articolo\"><a href=\"http:\/\/quotidianodipuglia.it\/salute\/alimentazione\/dieta_avena_come_abbassare_colesterolo-9323196.html\">SALUTE<\/a><\/span><\/p>\n<div class=\"titolo\"><a href=\"http:\/\/quotidianodipuglia.it\/salute\/alimentazione\/dieta_avena_come_abbassare_colesterolo-9323196.html\" title=\"Dieta dell'avena, ecco come abbassare drasticamente il colesterolo. \u00abBastano solo due giorni\u00bb\">Dieta dell&#8217;avena, ecco come abbassare drasticamente il colesterolo. \u00abBastano solo due giorni\u00bb<\/a><\/div>\n<\/div>\n<\/div>\n<\/div>\n<\/div>\n<\/div>\n<\/article>\n<\/div>\n<\/aside>\n<h3>Come riscaldano l&#8217;ambiente<\/h3>\n<p>Tenerle in casa pu\u00f2 quindi essere un buon modo per far diminuire il tasso di umidit\u00e0, contribuendo a riscaldare l&#8217;ambiente. <\/p>\n<p>In pi\u00f9\u00a0le piante grasse, non essendo impegnative da curare,\u00a0sono perfette per chi \u00e8 impegnato e passa molto tempo fuori casa. Alcune, ad esempio, vanno annaffiate solo una volta ogni due o quattro settimane.<\/p>\n<h3>Quali scegliere<\/h3>\n<p>Ci sono diverse piante adatte all&#8217;illuminazione della casa. Ad esempio l&#8217;<a href=\"http:\/\/quotidianodipuglia.it\/t\/aloe-vera\">aloe vera<\/a> \u00e8 indicata per aree molto luminose o esposte a Sud, cos\u00ec come diversi tipi di Agave. Se la casa \u00e8 piccola si pu\u00f2 considerare una\u00a0Queen Victoria o l&#8217;ibrido di aloe Blue Elf.<\/p>\n<p>Per zone con luce media o esposte a est e ovest meglio invece una Euphorbia trigona, la classica Crassula ovata, il Kalanchoe beharensis e l&#8217;Aeonium arboreum, simile ad un albero.<\/p>\n<p>Per le zone meno illuminate ed esposte a nord invece meglio\u00a0la Sansevieria.\u00a0Per coltivarle serve\u00a0un terreno\u00a0sabbioso e ben drenato\u00a0con un mix commerciale per cactus e piante grasse. Le piante vanno poi posizionate lontano dalle finestre,\u00a0idealmente a una distanza compresa tra 0,9 e 1,5 metri.\u00a0<\/p>\n<\/div>\n<div class=\"wrap-box-end\">\n<div class=\"copy\">\n            \u00a9 RIPRODUZIONE RISERVATA\n            <\/div>\n<div class=\"item-options\">\n<div class=\"share_bar_wrapper\">\n<div class=\"share-item share-box\">\n<ul>\n<li class=\"copy\">\n<li class=\"facebook\">\n<li class=\"twitter\">\n<li class=\"mail\">\n<li class=\"whatsapp\"><\/ul>\n<\/div>\n<\/div>\n<\/div>\n<\/div>\n<aside class=\"area\">&#8216;;<br \/>\n        outbrainEl.insertAdjacentHTML(&#8220;afterBegin&#8221;, AdCodeOutbrain);<\/p>\n<p>        loadScript(&#8216;\/\/widgets.outbrain.com\/outbrain.js&#8217;, function(){<br \/>\n            \/\/ cerco il widget. Necessario se c&#8217;\u00e8 un&#8217;altro widget di Outbrain in pagina (es: inread)<br \/>\n            OBR.extern.researchWidget();<br \/>\n        });<br \/>\n    }<\/p>\n<p>    function AnnunciOutbrain(callback) {<br \/>\n        var outbrainDiv = document.getElementById(&#8216;outbrainWait&#8217;);<br \/>\n        \/\/ Verifica se l&#8217;elemento esiste<br \/>\n        if (outbrainDiv) {<br \/>\n            \/\/ Modifica l&#8217;id dell&#8217;elemento div<br \/>\n            outbrainDiv.id = &#8216;outbrain&#8217;;<br \/>\n        }<\/p>\n<p>                    var load_method = impostazioni_testata.outbrain.load_method || &#8216;first-interaction&#8217;;<\/p>\n<p>        var outbrainEl = document.getElementById(&#8216;outbrain&#8217;);<\/p>\n<p>        CED.log(&#8220;outbrain load_method:&#8221; + load_method);<\/p>\n<p>        if (load_method == &#8216;when-near-viewport&#8217;) {<\/p>\n<p>            \/\/ outbrain parte solo quando scrollando arriva abbastanza vicino alla viewport<br \/>\n            if (typeof callback === &#8220;function&#8221;) {<\/p>\n<p>                \/\/ Listen for the scroll event<br \/>\n                \/\/document.addEventListener(&#8216;scroll&#8217;, onScroll(outbrainEl,callback), false);<br \/>\n                CedsWNV.watch(outbrainEl, callback, {<br \/>\n                    checkInterval: 300,<br \/>\n                    offset: 500<br \/>\n                });<\/p>\n<p>                \/*devo chiamare la funzione con argomenti e variabili *\/<br \/>\n            }<\/p>\n<p>        } else {<br \/>\n            \/\/ DEFAULT: outbrain parte alla prima interazione o dopo il timeout inattivit\u00e0<br \/>\n            _waitOnceFor(load_method, callback);<br \/>\n        }<br \/>\n    }<\/p>\n<p>            AnnunciOutbrain(WidgetOutbrainTag);<\/p>\n<div id=\"correlati-verticali\">\n<div class=\"testatabox default\">\n<h3>POTREBBE INTERESSARTI ANCHE<\/h3>\n<\/div>\n<\/div>\n<\/aside>\n<\/section>\n<\/div>\n<aside id=\"right-rail\" class=\"col-xs-4\">\n<div id=\"right-content\">\n<div class=\"area right\">\n<div class=\"area right_articolo\" data-id=\"445\" data-nome=\"Right Articolo (generico) 2022\">\n<div class=\"strip-1-x-video box-tv\" data-strip-id=\"60983\">\n<div class=\"strip-1-video_player\">\n<div class=\"row\">\n<article class=\"col-xs-12 html_base_bottom  video sport \">\n<div class=\"item_content video\">\n<div class=\"embed_video\">\n<div class=\"jw_embed\" data-mediaid=\"vHgoHtF1\" data-disable_video_float_on_non_adv_content=\"cedjs-dynamic\" data-autostart=\"true\" data-related='{\"oncomplete\":\"show\"}' data-mute=\"true\" data-adv_always_floating=\"false\"><img loading=\"lazy\" decoding=\"async\" src=\"https:\/\/analyse.optim.biz\/wp-content\/uploads\/2026\/02\/video-130.svg\" width=\"340\" height=\"180\" alt=\"Video\" title=\"video-130\"><\/div>\n<\/div>\n<div class=\"titolo\"><a href=\"http:\/\/quotidianodipuglia.it\/video\/sport\/cce_lsb_lecce_pall_a9_nardo_68_67-9278426.html\" class=\"ml_primary_link\">Cce Lsb Lecce-Pall. A9 Nard\u00f2 68-67<\/a><\/div>\n<\/div>\n<\/article>\n<\/div>\n<\/div>\n<div class=\"strip-1-square listing\">\n<div class=\"row\">\n<article class=\"col-xs-12 html_base_square  video \">\n<div class=\"item_content\">\n<div class=\"row\">\n<div class=\"col-xs valign__content\">\n<div class=\"square___content\">\n<figure class=\"thumbnail\"><a href=\"http:\/\/quotidianodipuglia.it\/video\/guyana_calabria_campania_prime_in_ue_per_rischio_poverta-9135288.html\" title=\"Guyana, Calabria, Campania prime in Ue per rischio povert\u00e0\"><img loading=\"lazy\" decoding=\"async\" src=\"https:\/\/analyse.optim.biz\/wp-content\/uploads\/2026\/02\/9135288_poster-87.jpg\" title=\"Guyana, Calabria, Campania prime in Ue per rischio povert\u00e0\" width=\"64\" height=\"64\"><\/a><\/figure>\n<\/div>\n<div class=\"valign\">\n<div class=\"titolo\"><a href=\"http:\/\/quotidianodipuglia.it\/video\/guyana_calabria_campania_prime_in_ue_per_rischio_poverta-9135288.html\" class=\"ml_primary_link\">Guyana, Calabria, Campania prime in Ue per rischio povert\u00e0<\/a><\/div>\n<\/div>\n<\/div>\n<\/div>\n<\/div>\n<\/article>\n<article class=\"col-xs-12 html_base_square  video \">\n<div class=\"item_content\">\n<div class=\"row\">\n<div class=\"col-xs valign__content\">\n<div class=\"square___content\">\n<figure class=\"thumbnail\"><a href=\"http:\/\/quotidianodipuglia.it\/video\/storie_italiane_il_racconto_di_mario_ermito-9105224.html\" title=\"Storie Italiane, il racconto di Mario Ermito\"><img loading=\"lazy\" decoding=\"async\" src=\"https:\/\/analyse.optim.biz\/wp-content\/uploads\/2026\/02\/9105224_poster-84.jpg\" title=\"Storie Italiane, il racconto di Mario Ermito\" width=\"64\" height=\"64\"><\/a><\/figure>\n<\/div>\n<div class=\"valign\">\n<div class=\"titolo\"><a href=\"http:\/\/quotidianodipuglia.it\/video\/storie_italiane_il_racconto_di_mario_ermito-9105224.html\" class=\"ml_primary_link\">Storie Italiane, il racconto di Mario Ermito<\/a><\/div>\n<\/div>\n<\/div>\n<\/div>\n<\/div>\n<\/article>\n<article class=\"col-xs-12 html_base_square  video \">\n<div class=\"item_content\">\n<div class=\"row\">\n<div class=\"col-xs valign__content\">\n<div class=\"square___content\">\n<figure class=\"thumbnail\"><a href=\"http:\/\/quotidianodipuglia.it\/video\/lecce_protocollo_scuola_istituzioni_prefettura-9089424.html\" title=\"\u00abL'autismo non \u00e8 solo una diagnosi, \u00e8 un modo diverso di percepire il mondo\u00bb, il commovente messaggio di Emma\"><img loading=\"lazy\" decoding=\"async\" src=\"https:\/\/analyse.optim.biz\/wp-content\/uploads\/2026\/02\/9089424_25191819_myfilename-86.jpg\" title=\"\u00abL'autismo non \u00e8 solo una diagnosi, \u00e8 un modo diverso di percepire il mondo\u00bb, il commovente messaggio di Emma\" width=\"64\" height=\"64\"><\/a><\/figure>\n<\/div>\n<div class=\"valign\">\n<div class=\"titolo\"><a href=\"http:\/\/quotidianodipuglia.it\/video\/lecce_protocollo_scuola_istituzioni_prefettura-9089424.html\" class=\"ml_primary_link\">\u00abL&#8217;autismo non \u00e8 solo una diagnosi, \u00e8 un modo diverso di percepire il mondo\u00bb, il commovente messaggio di Emma<\/a><\/div>\n<\/div>\n<\/div>\n<\/div>\n<\/div>\n<\/article>\n<\/div>\n<\/div>\n<\/div>\n<div class=\"strip-combo \">\n<div class=\"testatabox default sinistra  salute focus\">\n<h3 class=\"salute focus\">Della stessa sezione<\/h3>\n<\/div>\n<div class=\"strip-1-bottom principale\">\n<div class=\"row\">\n<article class=\"col-xs-12 html_base_bottom   salute focus \">\n<div class=\"item_content\">\n<figure class=\"medium\"><a href=\"http:\/\/quotidianodipuglia.it\/salute\/focus\/sonno_problemi_al_cuore_quante_ore_bisogna_dormire_orari_regolari-9323670.html\" title=\"Sonno e problemi al cuore, dormire poco e a ritmi sfalsati fa salire la pressione e predisponde all'obesit\u00e0\"><img decoding=\"async\" src=\"https:\/\/analyse.optim.biz\/wp-content\/uploads\/2026\/02\/9323670_28064103_sonno1.jpg\" title=\"Sonno e problemi al cuore, dormire poco e a ritmi sfalsati fa salire la pressione e predisponde all'obesit\u00e0\" width=\"-16\" height=\"-9\"><\/a><\/figure>\n<p><span class=\"testatina testatina-articolo\"><a href=\"http:\/\/quotidianodipuglia.it\/salute\/focus\/sonno_problemi_al_cuore_quante_ore_bisogna_dormire_orari_regolari-9323670.html\">IL FOCUS<\/a><\/span><\/p>\n<div class=\"titolo\"><a href=\"http:\/\/quotidianodipuglia.it\/salute\/focus\/sonno_problemi_al_cuore_quante_ore_bisogna_dormire_orari_regolari-9323670.html\" class=\"ml_primary_link\">Sonno e problemi al cuore, dormire poco e a ritmi sfalsati fa salire la pressione e predisponde all&#8217;obesit\u00e0<\/a><\/div>\n<p><span class=\"firma\"><span>di Antonio G. Rebuzzi<\/span><\/span><\/p>\n<aside>\n<ul class=\"approfondimenti\">\n<li><a href=\"https:\/\/www.ilmessaggero.it\/salute\/focus\/tosse_secca_che_non_passa_cosa_prendere_cure_cosa_fare-9323667.html\" title=\"Tosse secca che dura settimane, cosa fare: i segnali che non vanno sottovalutati e i rimedi da prendere\">Tosse secca che dura settimane, cosa fare: i segnali che non vanno sottovalutati e i rimedi da prendere<\/a><\/li>\n<\/ul>\n<\/aside>\n<\/div>\n<\/article>\n<\/div>\n<\/div>\n<div class=\"strip-1-square seconda listing\">\n<div class=\"row\">\n<article class=\"col-xs-12 html_base_square  salute focus \">\n<div class=\"item_content\">\n<div class=\"row\">\n<div class=\"col-xs valign__content\">\n<div class=\"square___content\">\n<figure class=\"thumbnail\"><a href=\"http:\/\/quotidianodipuglia.it\/salute\/focus\/infarto_ictus_chi_rischia_di_piu_notturni_mattinieri_perche_effetto_cuore-9325085.html\" title=\"Infarto o ictus, le persone \u00abnotturne\u00bb rischiano pi\u00f9 dei \u00abmattinieri\u00bb: ecco l'effetto sul cuore\"><img loading=\"lazy\" decoding=\"async\" src=\"https:\/\/analyse.optim.biz\/wp-content\/uploads\/2026\/02\/9325085_28125855_infarto_ictus.jpg\" title=\"Infarto o ictus, le persone \u00abnotturne\u00bb rischiano pi\u00f9 dei \u00abmattinieri\u00bb: ecco l'effetto sul cuore\" width=\"64\" height=\"64\"><\/a><\/figure>\n<\/div>\n<div class=\"valign\"><span class=\"testatina testatina-articolo\"><a href=\"http:\/\/quotidianodipuglia.it\/salute\/focus\/infarto_ictus_chi_rischia_di_piu_notturni_mattinieri_perche_effetto_cuore-9325085.html\">LO STUDIO<\/a><\/span><\/p>\n<div class=\"titolo\"><a href=\"http:\/\/quotidianodipuglia.it\/salute\/focus\/infarto_ictus_chi_rischia_di_piu_notturni_mattinieri_perche_effetto_cuore-9325085.html\" class=\"ml_primary_link\">Infarto o ictus, le persone \u00abnotturne\u00bb rischiano pi\u00f9 dei \u00abmattinieri\u00bb: ecco l&#8217;effetto sul cuore<\/a><\/div>\n<\/div>\n<\/div>\n<\/div>\n<\/div>\n<\/article>\n<article class=\"col-xs-12 html_base_square  salute focus \">\n<div class=\"item_content\">\n<div class=\"row\">\n<div class=\"col-xs valign__content\">\n<div class=\"square___content\">\n<figure class=\"thumbnail\"><a href=\"http:\/\/quotidianodipuglia.it\/salute\/focus\/pianta_grassa_riscalda_casa_come_fa_quale_scegliere-9324903.html\" title=\"Le piante grasse aiutano a riscaldare la casa, ecco come (e quale \u00e8 meglio scegliere)\"><img loading=\"lazy\" decoding=\"async\" src=\"https:\/\/analyse.optim.biz\/wp-content\/uploads\/2026\/02\/9324903_28103123_onecms_1a8yj0cyzuw3w0iqyxi-2.jpg\" title=\"Le piante grasse aiutano a riscaldare la casa, ecco come (e quale \u00e8 meglio scegliere)\" width=\"64\" height=\"64\"><\/a><\/figure>\n<\/div>\n<div class=\"valign\"><span class=\"testatina testatina-articolo\"><a href=\"http:\/\/quotidianodipuglia.it\/salute\/focus\/pianta_grassa_riscalda_casa_come_fa_quale_scegliere-9324903.html\">IL TRUCCO <\/a><\/span><\/p>\n<div class=\"titolo\"><a href=\"http:\/\/quotidianodipuglia.it\/salute\/focus\/pianta_grassa_riscalda_casa_come_fa_quale_scegliere-9324903.html\" class=\"ml_primary_link\">Le piante grasse aiutano a riscaldare la casa, ecco come (e quale \u00e8 meglio scegliere)<\/a><\/div>\n<\/div>\n<\/div>\n<\/div>\n<\/div>\n<\/article>\n<article class=\"col-xs-12 html_base_square  salute focus \">\n<div class=\"item_content\">\n<div class=\"row\">\n<div class=\"col-xs valign__content\">\n<div class=\"square___content\">\n<figure class=\"thumbnail\"><a href=\"http:\/\/quotidianodipuglia.it\/salute\/focus\/tosse_secca_che_non_passa_cosa_prendere_cure_cosa_fare-9323667.html\" title=\"Tosse secca che dura settimane, cosa fare: i segnali che non vanno sottovalutati e i rimedi da prendere\"><img loading=\"lazy\" decoding=\"async\" src=\"https:\/\/analyse.optim.biz\/wp-content\/uploads\/2026\/02\/9323667_28062629_tosse.jpg\" title=\"Tosse secca che dura settimane, cosa fare: i segnali che non vanno sottovalutati e i rimedi da prendere\" width=\"64\" height=\"64\"><\/a><\/figure>\n<\/div>\n<div class=\"valign\"><span class=\"testatina testatina-articolo\"><a href=\"http:\/\/quotidianodipuglia.it\/salute\/focus\/tosse_secca_che_non_passa_cosa_prendere_cure_cosa_fare-9323667.html\">SALUTE<\/a><\/span><\/p>\n<div class=\"titolo\"><a href=\"http:\/\/quotidianodipuglia.it\/salute\/focus\/tosse_secca_che_non_passa_cosa_prendere_cure_cosa_fare-9323667.html\" class=\"ml_primary_link\">Tosse secca che dura settimane, cosa fare: i segnali che non vanno sottovalutati e i rimedi da prendere<\/a><\/div>\n<p><span class=\"firma\"><span>di Maria Rita Montebelli<\/span><\/span><\/div>\n<\/div>\n<\/div>\n<\/div>\n<\/article>\n<article class=\"col-xs-12 html_base_square  salute focus \">\n<div class=\"item_content\">\n<div class=\"row\">\n<div class=\"col-xs valign__content\">\n<div class=\"square___content\">\n<figure class=\"thumbnail\"><a href=\"http:\/\/quotidianodipuglia.it\/salute\/focus\/tumore_al_fegato_cure_diagnosi_sopravvivenza_cause_nuove_tecniche-9322360.html\" title=\"Tumore al fegato, le nuove cure: niente bisturi ma tecniche mininvasive e anestesia locale\"><img loading=\"lazy\" decoding=\"async\" src=\"https:\/\/analyse.optim.biz\/wp-content\/uploads\/2026\/02\/9322360_27074109_tumore_fegato.jpg\" title=\"Tumore al fegato, le nuove cure: niente bisturi ma tecniche mininvasive e anestesia locale\" width=\"64\" height=\"64\"><\/a><\/figure>\n<\/div>\n<div class=\"valign\"><span class=\"testatina testatina-articolo\"><a href=\"http:\/\/quotidianodipuglia.it\/salute\/focus\/tumore_al_fegato_cure_diagnosi_sopravvivenza_cause_nuove_tecniche-9322360.html\">LO STUDIO<\/a><\/span><\/p>\n<div class=\"titolo\"><a href=\"http:\/\/quotidianodipuglia.it\/salute\/focus\/tumore_al_fegato_cure_diagnosi_sopravvivenza_cause_nuove_tecniche-9322360.html\" class=\"ml_primary_link\">Tumore al fegato, le nuove cure: niente bisturi ma tecniche mininvasive e anestesia locale<\/a><\/div>\n<p><span class=\"firma\"><span>di Lucia Oggianu<\/span><\/span><\/div>\n<\/div>\n<\/div>\n<\/div>\n<\/article>\n<\/div>\n<\/div>\n<\/div>\n<div class=\"strip-1-square listing strip_moltofood_flexible  quotidianodipuglia\">\n<div class=\"testatabox testatina-box grande moltofood default\">\n<h3><a href=\"https:\/\/www.moltofood.it\" target=\"_blank\" title=\"moltofood.it\"><img loading=\"lazy\" decoding=\"async\" src=\"https:\/\/analyse.optim.biz\/wp-content\/uploads\/2026\/02\/moltofood-85.svg\" width=\"140\" height=\"20\" title=\"moltofood-85\"><\/a><\/h3>\n<\/div>\n<div class=\"row \">\n<article class=\"col-xs-12 html_base_square\">\n<div class=\"item_content\">\n<div class=\"row\">\n<div class=\"square___content\">\n<figure><a href=\"https:\/\/www.moltofood.it\/schiacciata-ripiena-senza-lievito-ricetta\/?utm_source=quotidianodipuglia&amp;utm_medium=strip_moltofood_flexible&amp;utm_campaign=right_articolo\" target=\"_blank\" title=\"Schiacciata ripiena, la ricetta scrocchiarella e senza lievito\"><img decoding=\"async\" src=\"https:\/\/analyse.optim.biz\/wp-content\/uploads\/2026\/02\/schiacciata-ripiena-1-150x150-139.jpg\" title=\"Schiacciata ripiena, la ricetta scrocchiarella e senza lievito\"><\/a><\/figure>\n<\/div>\n<div class=\"col-xs valign__content\">\n<div class=\"valign\"><span class=\"testatina testatina-articolo\"><a href=\"https:\/\/www.moltofood.it\/schiacciata-ripiena-senza-lievito-ricetta\/?utm_source=quotidianodipuglia&amp;utm_medium=strip_moltofood_flexible&amp;utm_campaign=right_articolo\"><br \/>\n                                                Piatti unici                                                <\/a><\/span><\/p>\n<h2 class=\"titolo\"><a href=\"https:\/\/www.moltofood.it\/schiacciata-ripiena-senza-lievito-ricetta\/?utm_source=quotidianodipuglia&amp;utm_medium=strip_moltofood_flexible&amp;utm_campaign=right_articolo\" title=\"Schiacciata ripiena, la ricetta scrocchiarella e senza lievito\" target=\"_blank\">Schiacciata ripiena, la ricetta scrocchiarella e senza lievito<\/a><\/h2>\n<p><span class=\"firma\">di Margherita Catalani<\/span><\/div>\n<\/div>\n<\/div>\n<\/div>\n<\/article>\n<article class=\"col-xs-12 html_base_square\">\n<div class=\"item_content\">\n<div class=\"row\">\n<div class=\"square___content\">\n<figure><a href=\"https:\/\/www.moltofood.it\/granola-in-friggitrice-ad-aria-ricetta\/?utm_source=quotidianodipuglia&amp;utm_medium=strip_moltofood_flexible&amp;utm_campaign=right_articolo\" target=\"_blank\" title=\"Granola in friggitrice ad aria: veloce, pratica e super versatile\"><img decoding=\"async\" src=\"https:\/\/analyse.optim.biz\/wp-content\/uploads\/2026\/02\/granolacottainfriggitriceadaria_copertina-150x150-3-92.jpeg\" title=\"Granola in friggitrice ad aria: veloce, pratica e super versatile\"><\/a><\/figure>\n<\/div>\n<div class=\"col-xs valign__content\">\n<div class=\"valign\"><span class=\"testatina testatina-articolo\"><a href=\"https:\/\/www.moltofood.it\/granola-in-friggitrice-ad-aria-ricetta\/?utm_source=quotidianodipuglia&amp;utm_medium=strip_moltofood_flexible&amp;utm_campaign=right_articolo\"><br \/>\n                                                Dolci                                                <\/a><\/span><\/p>\n<h2 class=\"titolo\"><a href=\"https:\/\/www.moltofood.it\/granola-in-friggitrice-ad-aria-ricetta\/?utm_source=quotidianodipuglia&amp;utm_medium=strip_moltofood_flexible&amp;utm_campaign=right_articolo\" title=\"Granola in friggitrice ad aria: veloce, pratica e super versatile\" target=\"_blank\">Granola in friggitrice ad aria: veloce, pratica e super versatile<\/a><\/h2>\n<p><span class=\"firma\">di Virginia Fabbri<\/span><\/div>\n<\/div>\n<\/div>\n<\/div>\n<\/article>\n<\/div>\n<p><a href=\"https:\/\/www.moltofood.it?utm_source=quotidianodipuglia&amp;utm_medium=strip_moltofood_flexible&amp;utm_campaign=right_articolo\" class=\"testatabox show_more\" target=\"_blank\" title=\"moltofood.it\">Vedi tutte le ricette<\/a><\/div>\n<div class=\"strip-1-bottom\">\n<div class=\"testatabox default sinistra rosso partner news\">\n<h3 class=\"partner news\"><a href=\"https:\/\/www.romevaticancard.com\/it\/omniacards\/omnia-card-72\/?ref=banner\">OMNIA CARD<\/a><\/h3>\n<\/div>\n<div class=\"row\">\n<article class=\"col-xs-12 html_base_bottom   partner news \">\n<div class=\"item_content hyperlink\">\n<figure class=\"medium\"><a href=\"https:\/\/www.romevaticancard.com\/it\/omniacards\/omnia-card-72\/?ref=banner\" title=\"Omnia card 72h + Roma Pass: Musei Vaticani e Colosseo inclusi\"><img decoding=\"async\" src=\"https:\/\/analyse.optim.biz\/wp-content\/uploads\/2026\/02\/7772044_27112113_rome-84.jpg\" title=\"Omnia card 72h + Roma Pass: Musei Vaticani e Colosseo inclusi\" width=\"-16\" height=\"-9\"><\/a><\/figure>\n<div class=\"titolo\"><a href=\"https:\/\/www.romevaticancard.com\/it\/omniacards\/omnia-card-72\/?ref=banner\" class=\"ml_primary_link\">Omnia card 72h + Roma Pass: Musei Vaticani e Colosseo inclusi<\/a><\/div>\n<\/div>\n<\/article>\n<\/div>\n<\/div>\n<div class=\"strip-1-no_foto ranking listing\">\n<div class=\"testatabox boxed sinistra  \">\n<h3 class>LE PI\u00d9 LETTE<\/h3>\n<\/div>\n<div class=\"row\">\n<article class=\"col-xs-12 html_base_no_foto  schede \">\n<div class=\"item_content\"><span class=\"testatina testatina-articolo\"><a href=\"http:\/\/quotidianodipuglia.it\/schede\/il_caso_bambino_bus_piedi_neve_cosa_e_successo_ricostruzione_vicenda_polemiche_oggi-9331114.html\">IL CASO <\/a><\/span><\/p>\n<div class=\"titolo\"><a href=\"http:\/\/quotidianodipuglia.it\/schede\/il_caso_bambino_bus_piedi_neve_cosa_e_successo_ricostruzione_vicenda_polemiche_oggi-9331114.html\" class=\"ml_primary_link\">Bambino fatto scendere dal bus: i 6 km a piedi, il biglietto a 10 euro, l&#8217;autista sospeso, l&#8217;inchiesta. Cosa \u00e8 successo<\/a><\/div>\n<div class=\"row item_content_moreinfo middle-xs\">\n<div class=\"col-xs-8\"><span class=\"firma\"><span>di Marta Giusti<\/span><\/span><\/div>\n<div class=\"col-xs\">\n<ul class=\"info-item\">\n<li class=\"has-foto ri-camera-line\"><\/ul>\n<\/div>\n<\/div>\n<\/div>\n<\/article>\n<article class=\"col-xs-12 html_base_no_foto  lecce \">\n<div class=\"item_content\"><span class=\"testatina testatina-articolo\"><a href=\"http:\/\/quotidianodipuglia.it\/lecce\/furto_ospedale_galatina_rubano_portafogli_infemiera_usano_carte_credito_acquisti_denunciati_famiglia_cosa_sappiamo-9329376.html\">SALENTO <\/a><\/span><\/p>\n<div class=\"titolo\"><a href=\"http:\/\/quotidianodipuglia.it\/lecce\/furto_ospedale_galatina_rubano_portafogli_infemiera_usano_carte_credito_acquisti_denunciati_famiglia_cosa_sappiamo-9329376.html\" class=\"ml_primary_link\">In ospedale rubano il portagli di un&#8217;infermiera e usano le carte di credito per gli acquisti: denunciati genitori e figlio<\/a><\/div>\n<\/div>\n<\/article>\n<article class=\"col-xs-12 html_base_no_foto  cultura \">\n<div class=\"item_content\"><span class=\"testatina testatina-articolo\"><a href=\"http:\/\/quotidianodipuglia.it\/cultura\/salento_nave_romana_ritrovata_in_fondo_al_mare_dove_recupero_cosa_sappiamo-9329894.html\">CULTURA<\/a><\/span><\/p>\n<div class=\"titolo\"><a href=\"http:\/\/quotidianodipuglia.it\/cultura\/salento_nave_romana_ritrovata_in_fondo_al_mare_dove_recupero_cosa_sappiamo-9329894.html\" class=\"ml_primary_link\">C&#8217;\u00e8 un tesoro sul fondale marino: sulla costa ionica spunta una nave romana. Quasi un milione di euro per portarla alla luce<\/a><\/div>\n<div class=\"row item_content_moreinfo middle-xs\">\n<div class=\"col-xs-8\"><span class=\"firma\"><span>di Renato DE CAPUA<\/span><\/span><\/div>\n<\/div>\n<\/div>\n<\/article>\n<article class=\"col-xs-12 html_base_no_foto  schede \">\n<div class=\"item_content\"><span class=\"testatina testatina-articolo\"><a href=\"http:\/\/quotidianodipuglia.it\/schede\/previsioni_meteo_puglia_maltempo_piogge-9329638.html\">SCHEDE<\/a><\/span><\/p>\n<div class=\"titolo\"><a href=\"http:\/\/quotidianodipuglia.it\/schede\/previsioni_meteo_puglia_maltempo_piogge-9329638.html\" class=\"ml_primary_link\">In arrivo il &#8220;Ciclone Polare&#8221;: tempeste e piogge in Puglia, ecco le zone pi\u00f9 a rischio nel weekend<\/a><\/div>\n<\/div>\n<\/article>\n<article class=\"col-xs-12 html_base_no_foto  bari \">\n<div class=\"item_content\"><span class=\"testatina testatina-articolo\"><a href=\"http:\/\/quotidianodipuglia.it\/bari\/bitonto_palese_incidente_morto_oggi_30_gennaio_2026_giuseppe_vero-9329187.html\">LA TRAGEDIA<\/a><\/span><\/p>\n<div class=\"titolo\"><a href=\"http:\/\/quotidianodipuglia.it\/bari\/bitonto_palese_incidente_morto_oggi_30_gennaio_2026_giuseppe_vero-9329187.html\" class=\"ml_primary_link\">Scontro frontale sulla provinciale: muore a 30 anni, ferito gravemente un altro giovane<\/a><\/div>\n<div class=\"row item_content_moreinfo middle-xs\">\n<div class=\"col-xs-8\"><span class=\"firma\"><span>di Nicola MANGIALARDI<\/span><\/span><\/div>\n<\/div>\n<\/div>\n<\/article>\n<\/div>\n<\/div>\n<div class=\"strip- lgw\">\n<div class=\"header\"><span class=\"title\"><br \/>\n                Cerca il tuo immobile all&#8217;asta<br \/>\n            <\/span><\/div>\n<div class=\"content\"><a href=\"https:\/\/www.legalmente.net\/\" target=\"_blank\" class=\"brand\"><img decoding=\"async\" src=\"https:\/\/analyse.optim.biz\/wp-content\/uploads\/2026\/02\/logo-137.jpg\" title=\"logo-137\"><\/a><\/div>\n<\/div>\n<\/div>\n<\/div>\n<\/div>\n<\/aside>\n<\/article>\n<p> Source URL: http:\/\/quotidianodipuglia.it\/salute\/focus\/pianta_grassa_riscalda_casa_come_fa_quale_scegliere-9324903.html<\/p>\n","protected":false},"excerpt":{"rendered":"<p>Le piante grasse aiutano a riscaldare la casa, ecco come (e quale \u00e8 meglio scegliere) Ci sono diverse piante adatte all&#8217;illuminazione della casa. Ad esempio l&#8217;aloe vera\u200b \u00e8 indicata per aree molto luminose o esposte a Sud, cos\u00ec come diversi tipi di Agave. Le piante grasse aiutano a riscaldare la casa, ecco come (e quale [&hellip;]<\/p>\n","protected":false},"author":1,"featured_media":1687969,"comment_status":"open","ping_status":"","sticky":false,"template":"","format":"standard","meta":{"footnotes":""},"categories":[87],"tags":[226,155],"class_list":["post-1687955","post","type-post","status-publish","format-standard","has-post-thumbnail","hentry","category-italy","tag-crawlmanager","tag-quotidianodipuglia-it"],"_links":{"self":[{"href":"https:\/\/analyse.optim.biz\/index.php?rest_route=\/wp\/v2\/posts\/1687955","targetHints":{"allow":["GET"]}}],"collection":[{"href":"https:\/\/analyse.optim.biz\/index.php?rest_route=\/wp\/v2\/posts"}],"about":[{"href":"https:\/\/analyse.optim.biz\/index.php?rest_route=\/wp\/v2\/types\/post"}],"author":[{"embeddable":true,"href":"https:\/\/analyse.optim.biz\/index.php?rest_route=\/wp\/v2\/users\/1"}],"replies":[{"embeddable":true,"href":"https:\/\/analyse.optim.biz\/index.php?rest_route=%2Fwp%2Fv2%2Fcomments&post=1687955"}],"version-history":[{"count":0,"href":"https:\/\/analyse.optim.biz\/index.php?rest_route=\/wp\/v2\/posts\/1687955\/revisions"}],"wp:featuredmedia":[{"embeddable":true,"href":"https:\/\/analyse.optim.biz\/index.php?rest_route=\/wp\/v2\/media\/1687969"}],"wp:attachment":[{"href":"https:\/\/analyse.optim.biz\/index.php?rest_route=%2Fwp%2Fv2%2Fmedia&parent=1687955"}],"wp:term":[{"taxonomy":"category","embeddable":true,"href":"https:\/\/analyse.optim.biz\/index.php?rest_route=%2Fwp%2Fv2%2Fcategories&post=1687955"},{"taxonomy":"post_tag","embeddable":true,"href":"https:\/\/analyse.optim.biz\/index.php?rest_route=%2Fwp%2Fv2%2Ftags&post=1687955"}],"curies":[{"name":"wp","href":"https:\/\/api.w.org\/{rel}","templated":true}]}}