{"id":168657,"date":"2016-01-19T11:57:53","date_gmt":"2016-01-19T08:57:53","guid":{"rendered":"https:\/\/analyse.optim.biz\/?p=168657"},"modified":"2016-01-19T11:57:53","modified_gmt":"2016-01-19T08:57:53","slug":"dacian-ciolos-vizita-oficiala-la-paris","status":"publish","type":"post","link":"https:\/\/analyse.optim.biz\/?p=168657","title":{"rendered":"Dacian Ciolo\u0219, vizit\u0103 oficial\u0103 la Paris"},"content":{"rendered":"<div class=\"entry data-app-meta data-app-meta-article\" data-embed-base-url-canonical=\"https:\/\/www.digi24.ro\/embed\/stiri\/actualitate\/politica\/dacian-ciolos-vizita-oficiala-la-paris-478188\">\n<p data-index=\"1\"><img decoding=\"async\" src=\"https:\/\/analyse.optim.biz\/wp-content\/uploads\/2024\/09\/mczoyxnopwyxmgy2mwyyztqwmzq0ngm4mmjindazm2q4yzhlmzm0-thumb_.jpg\" data-skip-htmlfix=\"1\" title=\"mczoyxnopwyxmgy2mwyyztqwmzq0ngm4mmjindazm2q4yzhlmzm0-thumb_\"><\/p>\n<p data-index=\"2\"><span><em><strong>Foto: Agerpres<\/strong><\/em><\/span><\/p>\n<p data-index=\"3\">\u201ePremierul Dacian Ciolo\u0219 se va afla, \u00een perioada 20-21 ianuarie, \u00eentr-o vizit\u0103 oficial\u0103 la Paris, la invita\u021bia pre\u0219edintelui Republicii Franceze, Fran\u00e7ois Hollande.<\/p>\n<p data-index=\"4\">\u00cent\u00e2lnirea \u0219efului Executivului cu pre\u0219edintele Hollande, va fi urmat\u0103 de un dejun de lucru, la care va participa \u0219i premierul francez Manuel Valls,\u00a0\u0219i de o declara\u021bie de pres\u0103 comun\u0103. Premierul Dacian Ciolo\u0219 va avea, de asemenea, \u00eentrevederi cu pre\u0219edintele Senatului Republicii Franceze, Gerard Larcher, \u0219i cu pre\u0219edintele Adun\u0103rii Na\u021bionale, Claude Bartolone.<\/p>\n<p data-index=\"5\">Principalele subiecte abordate \u00een cadrul discu\u021biilor cu oficialii francezi vizeaz\u0103 rela\u021biile istorice privilegiate dintre Rom\u00e2nia \u0219i Fran\u021ba, intensificarea ritmului pentru finalizarea proiectelor din Foaia de parcurs a Parteneriatului strategic cu Fran\u0163a, dinamizarea rela\u021biilor economice \u0219i consolidarea contactelor cu mediile de afaceri, consolidarea cooper\u0103rii sectoriale \u00een domenii de interes comun, dar \u0219i subiecte importante de pe agenda european\u0103 \u0219i interna\u021bional\u0103, precum terorismul, migra\u021bia \u0219i politica de securitate a Uniunii Europene.<\/p>\n<p data-index=\"6\">De asemenea, vor mai fi abordate subiecte precum aderarea Rom\u00e2niei la spa\u021biul Schengen,\u00a0viitorul raport al Comisiei Europene referitor la Mecanismul de Cooperare \u0219i Verificare, dar \u0219i cooperarea \u00een procesul de preg\u0103tire a \u021b\u0103rii noastre pentru preluarea mandatului Pre\u0219edin\u021biei Consiliului UE.<\/p>\n<p data-index=\"7\">La Paris, premierul Dacian Ciolo\u0219 se va \u00eent\u00e2lni, de asemenea,\u00a0cu reprezentan\u021bi ai comunit\u0103\u021bii rom\u00e2ne\u0219ti din Fran\u021ba iar, la universitatea francez\u0103 SciencesPO,\u00a0cu un grup de studen\u021bi \u0219i masteranzi rom\u00e2ni,\u00a0\u00a0prilej cu care va sus\u021bine un discurs despre beneficiile ader\u0103rii la UE \u0219i viziunea Rom\u00e2niei asupra proiectului european.<\/p>\n<p data-index=\"8\">Pe l\u00e2ng\u0103 convorbirile cu \u00eenal\u021bi oficiali francezi pe teme de interes comun, vizita va avea \u0219i o component\u0103 economic\u0103, incluz\u00e2nd \u00eent\u00e2lnirea cu reprezentan\u021bi ai mediului de afaceri francez.<\/p>\n<p data-index=\"9\">\u00cen seara zilei de 20 ianuarie, prim-ministrul Dacian Ciolo\u0219 va avea un mesaj \u00een deschiderea concertului\u00a0care marcheaz\u0103 Ziua Na\u021bional\u0103 a Culturii Rom\u00e2ne, concert sus\u021binut de maestrul Eugen Doga, organizat de Ambasada Rom\u00e2niei la Paris \u00eempreun\u0103 cu Ambasada Republicii Moldova.\u00a0Tot \u00een sfera interesului pentru cultur\u0103 se \u00eenscrie \u0219i vizita la atelierul,\u00a0devenit muzeu, al\u00a0sculptorului rom\u00e2n Constantin Br\u00e2ncu\u0219i.<\/p>\n<p data-index=\"10\">Din delega\u021bia oficial\u0103 fac parte viceprim-ministrul \u0219i ministru al Economiei, Comer\u021bului \u0219i Rela\u021biilor cu Mediul de Afaceri, Costin Borc, \u0219eful Cancelariei primului-ministru, Drago\u015f Tudorache, ministrul Afacerilor Externe, Laz\u0103r Com\u0103nescu, \u0219i ministrul Culturii \u0219i Cultelor, Vlad Alexandrescu\u201d, se arat\u0103 \u00een comunicatul Guvernului.\u00a0<\/p>\n<h3>PROGRAMUL PRIMULUI-MINISTRU DACIAN CIOLO\u0218<\/h3>\n<p data-index=\"11\"><strong>Miercuri, 20 ianuarie 2016<\/strong><\/p>\n<p data-index=\"12\">12.40 Ceremonia oficial\u0103 de primire la H\u00f4tel National des Invalides<\/p>\n<p data-index=\"13\">13.00 Sosire la Palatul Elys\u00e9e<\/p>\n<p data-index=\"14\">-Premierul va fi \u00eent\u00e2mpinat de pre\u0219edintele Repulicii Franceze, Fran\u00e7ois Hollande<\/p>\n<p data-index=\"15\">13.05 Dejun oficial oferit de pre\u0219edintele francez Francois Hollande<\/p>\n<p data-index=\"16\">14.30 Declara\u021bii de pres\u0103 comune<\/p>\n<p data-index=\"17\">15.00 Vizit\u0103 la Atelierul Br\u00e2ncu\u0219i<\/p>\n<p data-index=\"18\">16.00 Convorbiri oficiale la sediul Senatului Republicii Franceze<\/p>\n<p data-index=\"19\">17.00 Conferin\u021b\u0103 la SciencesPO &#8211; Premierul Dacian Ciolo\u0219 va sus\u021bine un discurs cu tema &#8220;Beneficiile ader\u0103rii la UE \u0219i viziunea Rom\u00e2niei asupra proiectului european &#8220;<\/p>\n<p data-index=\"20\">&#8211; \u00cent\u00e2lnire cu studen\u021bii \u0219i masteranzii rom\u00e2ni de la SciencesPO<\/p>\n<p data-index=\"21\">19.00 \u00cent\u00e2lnire cu reprezentan\u0163i ai comunit\u0103\u0163ii rom\u00e2ne\u015fti din Fran\u0163a<\/p>\n<p data-index=\"22\">20.00 Mesajul premierului Dacian Ciolo\u0219 \u00een deschiderea concertului sus\u021binut de maestrul Eugen Doga<\/p>\n<p data-index=\"23\"><strong>Joi, 21 ianuarie 2016<\/strong><\/p>\n<p data-index=\"24\">08.35 \u00cent\u00e2lnire cu \u0219efi de \u00eentreprinderi franceze<\/p>\n<p data-index=\"25\">11.00 Convorbiri oficiale la sediul Adun\u0103rii Na\u021bionale<\/p>\n<p data-index=\"26\"><strong>Not\u0103: Ora de desf\u0103\u0219urare a evenimentelor este ora local\u0103\u00a0<\/strong><\/p>\n<\/div>\n<p> Source URL: https:\/\/www.digi24.ro\/stiri\/actualitate\/politica\/dacian-ciolos-vizita-oficiala-la-paris-478188<\/p>\n","protected":false},"excerpt":{"rendered":"<p>Foto: Agerpres \u201ePremierul Dacian Ciolo\u0219 se va afla, \u00een perioada 20-21 ianuarie, \u00eentr-o vizit\u0103 oficial\u0103 la Paris, la invita\u021bia pre\u0219edintelui Republicii Franceze, Fran\u00e7ois Hollande. \u00cent\u00e2lnirea \u0219efului Executivului cu pre\u0219edintele Hollande, va fi urmat\u0103 de un dejun de lucru, la care va participa \u0219i premierul francez Manuel Valls,\u00a0\u0219i de o declara\u021bie de pres\u0103 comun\u0103. Premierul Dacian [&hellip;]<\/p>\n","protected":false},"author":1,"featured_media":168658,"comment_status":"open","ping_status":"","sticky":false,"template":"","format":"standard","meta":{"footnotes":""},"categories":[2],"tags":[11],"class_list":["post-168657","post","type-post","status-publish","format-standard","has-post-thumbnail","hentry","category-politics","tag-digi24"],"_links":{"self":[{"href":"https:\/\/analyse.optim.biz\/index.php?rest_route=\/wp\/v2\/posts\/168657","targetHints":{"allow":["GET"]}}],"collection":[{"href":"https:\/\/analyse.optim.biz\/index.php?rest_route=\/wp\/v2\/posts"}],"about":[{"href":"https:\/\/analyse.optim.biz\/index.php?rest_route=\/wp\/v2\/types\/post"}],"author":[{"embeddable":true,"href":"https:\/\/analyse.optim.biz\/index.php?rest_route=\/wp\/v2\/users\/1"}],"replies":[{"embeddable":true,"href":"https:\/\/analyse.optim.biz\/index.php?rest_route=%2Fwp%2Fv2%2Fcomments&post=168657"}],"version-history":[{"count":0,"href":"https:\/\/analyse.optim.biz\/index.php?rest_route=\/wp\/v2\/posts\/168657\/revisions"}],"wp:featuredmedia":[{"embeddable":true,"href":"https:\/\/analyse.optim.biz\/index.php?rest_route=\/wp\/v2\/media\/168658"}],"wp:attachment":[{"href":"https:\/\/analyse.optim.biz\/index.php?rest_route=%2Fwp%2Fv2%2Fmedia&parent=168657"}],"wp:term":[{"taxonomy":"category","embeddable":true,"href":"https:\/\/analyse.optim.biz\/index.php?rest_route=%2Fwp%2Fv2%2Fcategories&post=168657"},{"taxonomy":"post_tag","embeddable":true,"href":"https:\/\/analyse.optim.biz\/index.php?rest_route=%2Fwp%2Fv2%2Ftags&post=168657"}],"curies":[{"name":"wp","href":"https:\/\/api.w.org\/{rel}","templated":true}]}}