{"id":1685243,"date":"2026-01-28T19:44:10","date_gmt":"2026-01-28T16:44:10","guid":{"rendered":"https:\/\/analyse.optim.biz\/?p=1685243"},"modified":"2026-01-28T19:44:10","modified_gmt":"2026-01-28T16:44:10","slug":"bari-vecchia-inchiesta-orecchiette-industriali-il-pm-chiede-larchiviazione-per-nunzia-e-gli-altri-indagati","status":"publish","type":"post","link":"https:\/\/analyse.optim.biz\/?p=1685243","title":{"rendered":"Bari Vecchia, inchiesta orecchiette industriali: il pm chiede l\u2019archiviazione per Nunzia e gli altri indagati"},"content":{"rendered":"<article class=\"free-content\" id=\"content\">\n<header>\n<h1 class=\"titolo\">Bari Vecchia, inchiesta orecchiette industriali: il pm chiede l\u2019archiviazione per Nunzia e gli altri indagati<\/h1>\n<h2 class=\"sottotitolo\">L&#8217;inchiesta nata dalla denuncia di Home Restaurant e Carlo Taormina. Nonostante la conferma della condotta illecita, per il magistrato mancherebbe l&#8217;abitualit\u00e0<\/h2>\n<\/header>\n<div class=\"row\">\n<section id=\"main-content\" class=\"col-xs-8\">\n<figure class=\"main-photo\"><img decoding=\"async\" src=\"https:\/\/analyse.optim.biz\/wp-content\/uploads\/2026\/02\/9325659_obj65107383_1-1.jpg\" width height alt=\"Bari Vecchia, inchiesta orecchiette industriali: il pm chiede l\u2019archiviazione per Nunzia e gli altri indagati\" title=\"Bari Vecchia, inchiesta orecchiette industriali: il pm chiede l\u2019archiviazione per Nunzia e gli altri indagati\"><\/figure>\n<div class=\"info-container-top\">\n<div class=\"row middle-xs\">\n<div class=\"col-xs firma\"><span>di Nicola MANGIALARDI<\/span><\/div>\n<div class=\"col-xs end-xs\"><span class=\"tempo\">3 Minuti di Lettura<\/span><\/div>\n<\/div>\n<\/div>\n<div class=\"info-container-bottom\">\n<div class=\"row middle-xs\">\n<div class=\"col-xs-8\">\n              mercoled\u00ec 28 gennaio 2026, 20:44                        <\/div>\n<div class=\"col-xs\">\n<div class=\"share_bar_wrapper\">\n<div class=\"share-item share-box\">\n<ul>\n<li class=\"copy\">\n<li class=\"facebook\">\n<li class=\"twitter\">\n<li class=\"mail\">\n<li class=\"whatsapp\"><\/ul>\n<\/div>\n<\/div>\n<\/div>\n<\/div>\n<\/div>\n<div class=\"body-text\">\n<p>La vicenda delle <strong><a href=\"http:\/\/quotidianodipuglia.it\/t\/orecchiette-\">orecchiette <\/a><\/strong>vendute come artigianali nei vicoli di <strong><a href=\"http:\/\/quotidianodipuglia.it\/t\/bari-\">Bari <\/a><\/strong>Vecchia approda a un nuovo capitolo. L\u2019inchiesta, partita dalla denuncia di Gaetano Campolo di Home Restaurant, assistito dall\u2019avvocato Carlo Taormina, aveva acceso un dibattito sulla correttezza nella promozione gastronomica nella citt\u00e0 vecchia. Campolo aveva denunciato come alcune signore, tra cui <strong><a href=\"http:\/\/quotidianodipuglia.it\/t\/nunzia-\">Nunzia <\/a><\/strong>De Scalo, nota come la \u201cRegina delle orecchiette di strada Arco Basso\u201d, spacciassero orecchiette industriali per artigianali ai numerosi turisti che affollano la zona.<\/p>\n<aside class=\"slider-articoli-orizzontale in-article\">\n<div class=\"testatabox default\"><span>APPROFONDIMENTI<\/span><\/div>\n<div class=\"slider-items\" data-slidestoshow=\"3\" data-slidestoscroll=\"3\" data-slidedots data-slidearrows=\"1\">\n<article class=\"col-xs html_base_bottom   bari \">\n<div class=\"item_content\">\n<figure class=\"medium\"><a href=\"http:\/\/quotidianodipuglia.it\/bari\/bari_orecchiette_stop_abusivismo_pastaie_impresa-8880870.html\" title=\"Orecchiette, stop all\u2019abusivismo: \u00abRegole chiare per le pastaie\u00bb. Dovranno registrare una \u201cImpresa alimentare domestica\u201d\"><img loading=\"lazy\" decoding=\"async\" src=\"https:\/\/analyse.optim.biz\/wp-content\/uploads\/2026\/02\/8880870_05201523_bari_orecchiette_stop_abusivismo_pastaie_impresa.jpg\" title=\"Orecchiette, stop all\u2019abusivismo: \u00abRegole chiare per le pastaie\u00bb. Dovranno registrare una \u201cImpresa alimentare domestica\u201d\" width=\"264\" height=\"144\"><\/a><\/p>\n<ul class=\"info-item\">\n<li class=\"has-foto ri-camera-line\"><\/ul>\n<\/figure>\n<p><span class=\"testatina testatina-articolo\"><a href=\"http:\/\/quotidianodipuglia.it\/bari\/bari_orecchiette_stop_abusivismo_pastaie_impresa-8880870.html\">BARI<\/a><\/span><\/p>\n<div class=\"titolo\"><a href=\"http:\/\/quotidianodipuglia.it\/bari\/bari_orecchiette_stop_abusivismo_pastaie_impresa-8880870.html\" title=\"Orecchiette, stop all\u2019abusivismo: \u00abRegole chiare per le pastaie\u00bb. Dovranno registrare una \u201cImpresa alimentare domestica\u201d\">Orecchiette, stop all\u2019abusivismo: \u00abRegole chiare per le pastaie\u00bb. Dovranno registrare una \u201cImpresa alimentare domestica\u201d<\/a><\/div>\n<\/div>\n<\/article>\n<article class=\"col-xs html_base_bottom   brindisi \">\n<div class=\"item_content\">\n<figure class=\"medium\"><a href=\"http:\/\/quotidianodipuglia.it\/brindisi\/nunzia_a_brindisi_quando_dove_succede-8880429.html\" title=\"La pastaia Nunzia ospite di &quot;Vele e Orecchiette&quot;: l'evento per la 39esima regata Brindisi-Corf\u00f9\"><img loading=\"lazy\" decoding=\"async\" src=\"https:\/\/analyse.optim.biz\/wp-content\/uploads\/2026\/02\/8880429_05133324_nunzia_a_brindisi_quando_dove_succede.jpg\" title=\"La pastaia Nunzia ospite di &quot;Vele e Orecchiette&quot;: l'evento per la 39esima regata Brindisi-Corf\u00f9\" width=\"264\" height=\"144\"><\/a><\/figure>\n<p><span class=\"testatina testatina-articolo\"><a href=\"http:\/\/quotidianodipuglia.it\/brindisi\/nunzia_a_brindisi_quando_dove_succede-8880429.html\">L&#8217;EVENTO<\/a><\/span><\/p>\n<div class=\"titolo\"><a href=\"http:\/\/quotidianodipuglia.it\/brindisi\/nunzia_a_brindisi_quando_dove_succede-8880429.html\" title=\"La pastaia Nunzia ospite di &quot;Vele e Orecchiette&quot;: l'evento per la 39esima regata Brindisi-Corf\u00f9\">La pastaia Nunzia ospite di &#8220;Vele e Orecchiette&#8221;: l&#8217;evento per la 39esima regata Brindisi-Corf\u00f9<\/a><\/div>\n<\/div>\n<\/article>\n<article class=\"col-xs html_base_bottom   bari \">\n<div class=\"item_content\">\n<figure class=\"medium\"><a href=\"http:\/\/quotidianodipuglia.it\/bari\/bari_truffa_orecchiette_indagini_procura_perche_cosa_e_successo-8674039.html\" title=\"Truffa delle orecchiette vendute a Bari vecchia: indaga la Procura\"><img loading=\"lazy\" decoding=\"async\" src=\"https:\/\/analyse.optim.biz\/wp-content\/uploads\/2026\/02\/8674039_22182532_bari_truffa_orecchiette_indagini_procura_perche_cosa_e_successo.jpg\" title=\"Truffa delle orecchiette vendute a Bari vecchia: indaga la Procura\" width=\"264\" height=\"144\"><\/a><\/figure>\n<p><span class=\"testatina testatina-articolo\"><a href=\"http:\/\/quotidianodipuglia.it\/bari\/bari_truffa_orecchiette_indagini_procura_perche_cosa_e_successo-8674039.html\">BARI<\/a><\/span><\/p>\n<div class=\"titolo\"><a href=\"http:\/\/quotidianodipuglia.it\/bari\/bari_truffa_orecchiette_indagini_procura_perche_cosa_e_successo-8674039.html\" title=\"Truffa delle orecchiette vendute a Bari vecchia: indaga la Procura\">Truffa delle orecchiette vendute a Bari vecchia: indaga la Procura<\/a><\/div>\n<\/div>\n<\/article>\n<\/div>\n<\/aside>\n<p>Secondo il pubblico ministero Baldo Pisani, la condotta dei tre indagati \u201cintegra il reato contestato\u201d. <\/p>\n<p>Tuttavia, il magistrato ha sottolineato che il fatto risulta di particolare tenuit\u00e0: la violazione sarebbe lieve, con danno esiguo e dolo limitato, e inoltre la condotta degli indagati \u201cnon \u00e8 abituale\u201d. Sulla base di questi elementi, Pisani ha avanzato richiesta di archiviazione del procedimento.<\/p>\n<p>Ora la decisione finale spetta al giudice per le indagini preliminari, che dovr\u00e0 stabilire se confermare l\u2019archiviazione o ordinare ulteriori indagini. La vicenda, oltre a richiamare l\u2019attenzione sulla tutela del consumatore, solleva anche questioni di trasparenza e concorrenza nel cuore turistico della citt\u00e0. Gaetano Campolo, parte offesa nel procedimento, ha dichiarato di non opporsi tecnicamente alla richiesta del pm, ma di voler comunque verificare se il Gip riterr\u00e0 davvero \u201clieve\u201d un sistema che, a suo avviso, inganna migliaia di turisti. \u00abStaremo a vedere cosa decider\u00e0 il gip. Se non archivier\u00e0, ci costituiremo parte civile: la fede pubblica non pu\u00f2 retrocedere davanti all\u2019impunit\u00e0\u00bb, ha aggiunto Campolo, evidenziando l\u2019importanza della tutela della correttezza commerciale e della reputazione dei prodotti tipici locali. Il caso ha suscitato grande attenzione, soprattutto dopo la messa in onda di un servizio di \u201dMi Manda Rai 3\u201d, che aveva portato alla luce l\u2019uso di orecchiette industriali spacciate per fatte a mano. La decisione del Gip sar\u00e0 determinante: confermare l\u2019archiviazione significherebbe chiudere la vicenda per insufficienza di gravit\u00e0, mentre la prosecuzione delle indagini potrebbe aprire un nuovo capitolo giudiziario, con la possibilit\u00e0 di una costituzione di parte civile da parte di Campolo e la valutazione di eventuali sanzioni per le persone coinvolte.<\/p>\n<\/div>\n<div class=\"wrap-box-end\">\n<div class=\"copy\">\n            \u00a9 RIPRODUZIONE RISERVATA\n            <\/div>\n<div class=\"item-options\">\n<div class=\"share_bar_wrapper\">\n<div class=\"share-item share-box\">\n<ul>\n<li class=\"copy\">\n<li class=\"facebook\">\n<li class=\"twitter\">\n<li class=\"mail\">\n<li class=\"whatsapp\"><\/ul>\n<\/div>\n<\/div>\n<\/div>\n<\/div>\n<aside class=\"area\">&#8216;;<br \/>\n        outbrainEl.insertAdjacentHTML(&#8220;afterBegin&#8221;, AdCodeOutbrain);<\/p>\n<p>        loadScript(&#8216;\/\/widgets.outbrain.com\/outbrain.js&#8217;, function(){<br \/>\n            \/\/ cerco il widget. Necessario se c&#8217;\u00e8 un&#8217;altro widget di Outbrain in pagina (es: inread)<br \/>\n            OBR.extern.researchWidget();<br \/>\n        });<br \/>\n    }<\/p>\n<p>    function AnnunciOutbrain(callback) {<br \/>\n        var outbrainDiv = document.getElementById(&#8216;outbrainWait&#8217;);<br \/>\n        \/\/ Verifica se l&#8217;elemento esiste<br \/>\n        if (outbrainDiv) {<br \/>\n            \/\/ Modifica l&#8217;id dell&#8217;elemento div<br \/>\n            outbrainDiv.id = &#8216;outbrain&#8217;;<br \/>\n        }<\/p>\n<p>                    var load_method = impostazioni_testata.outbrain.load_method || &#8216;first-interaction&#8217;;<\/p>\n<p>        var outbrainEl = document.getElementById(&#8216;outbrain&#8217;);<\/p>\n<p>        CED.log(&#8220;outbrain load_method:&#8221; + load_method);<\/p>\n<p>        if (load_method == &#8216;when-near-viewport&#8217;) {<\/p>\n<p>            \/\/ outbrain parte solo quando scrollando arriva abbastanza vicino alla viewport<br \/>\n            if (typeof callback === &#8220;function&#8221;) {<\/p>\n<p>                \/\/ Listen for the scroll event<br \/>\n                \/\/document.addEventListener(&#8216;scroll&#8217;, onScroll(outbrainEl,callback), false);<br \/>\n                CedsWNV.watch(outbrainEl, callback, {<br \/>\n                    checkInterval: 300,<br \/>\n                    offset: 500<br \/>\n                });<\/p>\n<p>                \/*devo chiamare la funzione con argomenti e variabili *\/<br \/>\n            }<\/p>\n<p>        } else {<br \/>\n            \/\/ DEFAULT: outbrain parte alla prima interazione o dopo il timeout inattivit\u00e0<br \/>\n            _waitOnceFor(load_method, callback);<br \/>\n        }<br \/>\n    }<\/p>\n<p>            AnnunciOutbrain(WidgetOutbrainTag);<\/p>\n<div id=\"correlati-verticali\">\n<div class=\"testatabox default\">\n<h3>POTREBBE INTERESSARTI ANCHE<\/h3>\n<\/div>\n<div class=\"strip-2-bottom listing\">\n<div class=\"row\">\n<article class=\"col-xs-6 html_base_bottom   bari \">\n<div class=\"item_content\">\n<figure class=\"medium\"><a href=\"http:\/\/quotidianodipuglia.it\/bari\/inchiesta_orecchiette_bari_vecchia_archiviazione-9325659.html\" title=\"Scandalo orecchiette a Bari: \u00abSono industriali, non fatte a mano\u00bb. Il pm grazia Nunzia, la Regina di Arco Basso: \u00abFatto lieve\u00bb\"><img loading=\"lazy\" decoding=\"async\" src=\"https:\/\/analyse.optim.biz\/wp-content\/uploads\/2026\/02\/9325659_obj65107383_1-2.jpg\" title=\"Scandalo orecchiette a Bari: \u00abSono industriali, non fatte a mano\u00bb. Il pm grazia Nunzia, la Regina di Arco Basso: \u00abFatto lieve\u00bb\" width=\"404\" height=\"221\"><\/a><\/figure>\n<p><span class=\"testatina testatina-articolo\"><a href=\"http:\/\/quotidianodipuglia.it\/bari\/inchiesta_orecchiette_bari_vecchia_archiviazione-9325659.html\">L&#8217;INCHIESTA <\/a><\/span><\/p>\n<div class=\"titolo\"><a href=\"http:\/\/quotidianodipuglia.it\/bari\/inchiesta_orecchiette_bari_vecchia_archiviazione-9325659.html\" class=\"ml_primary_link\">Scandalo orecchiette a Bari: \u00abSono industriali, non fatte a mano\u00bb. Il pm grazia Nunzia, la Regina di Arco Basso: \u00abFatto lieve\u00bb<\/a><\/div>\n<p><span class=\"firma\"><span>di Nicola MANGIALARDI<\/span><\/span><\/div>\n<\/article>\n<article class=\"col-xs-6 html_base_bottom   brindisi \">\n<div class=\"item_content\">\n<figure class=\"medium\"><a href=\"http:\/\/quotidianodipuglia.it\/brindisi\/dirigente_comunale_processo_morte_20enne_scooter_pericolo_non_segnalato-9323049.html\" title=\"\u00abPericolo non segnalato\u00bb: dirigente comunale a processo per la morte di un 20enne in scooter\"><img loading=\"lazy\" decoding=\"async\" src=\"https:\/\/analyse.optim.biz\/wp-content\/uploads\/2026\/02\/9323049_27151352_mirko_conserva.jpg\" title=\"\u00abPericolo non segnalato\u00bb: dirigente comunale a processo per la morte di un 20enne in scooter\" width=\"404\" height=\"221\"><\/a><\/figure>\n<p><span class=\"testatina testatina-articolo\"><a href=\"http:\/\/quotidianodipuglia.it\/brindisi\/dirigente_comunale_processo_morte_20enne_scooter_pericolo_non_segnalato-9323049.html\">IL PROCESSO<\/a><\/span><\/p>\n<div class=\"titolo\"><a href=\"http:\/\/quotidianodipuglia.it\/brindisi\/dirigente_comunale_processo_morte_20enne_scooter_pericolo_non_segnalato-9323049.html\" class=\"ml_primary_link\">\u00abPericolo non segnalato\u00bb: dirigente comunale a processo per la morte di un 20enne in scooter<\/a><\/div>\n<\/div>\n<\/article>\n<article class=\"col-xs-6 html_base_bottom   schede \">\n<div class=\"item_content\">\n<figure class=\"medium\"><a href=\"http:\/\/quotidianodipuglia.it\/schede\/nardo_caso_tatiana_tramacere_chiuso_per_inquirenti_nessun_reato-9228741.html\" title=\"Caso Tatiana Tramacere chiuso: per gli inquirenti non c'\u00e8 nessun reato\"><img loading=\"lazy\" decoding=\"async\" src=\"https:\/\/analyse.optim.biz\/wp-content\/uploads\/2026\/02\/9228741_05183625_9228170_05085210_ragazza_scomparsa_tatiana_tramacere_torna_a_casa_dragos_cosa_ha_detto.jpg\" title=\"Caso Tatiana Tramacere chiuso: per gli inquirenti non c'\u00e8 nessun reato\" width=\"404\" height=\"221\"><\/a><\/p>\n<ul class=\"info-item\">\n<li class=\"has-video ri-video-line\"><\/ul>\n<\/figure>\n<p><span class=\"testatina testatina-articolo\"><a href=\"http:\/\/quotidianodipuglia.it\/schede\/nardo_caso_tatiana_tramacere_chiuso_per_inquirenti_nessun_reato-9228741.html\">SCHEDE<\/a><\/span><\/p>\n<div class=\"titolo\"><a href=\"http:\/\/quotidianodipuglia.it\/schede\/nardo_caso_tatiana_tramacere_chiuso_per_inquirenti_nessun_reato-9228741.html\" class=\"ml_primary_link\">Caso Tatiana Tramacere chiuso: per gli inquirenti non c&#8217;\u00e8 nessun reato<\/a><\/div>\n<\/div>\n<\/article>\n<article class=\"col-xs-6 html_base_bottom   lecce \">\n<div class=\"item_content\">\n<figure class=\"medium\"><a href=\"http:\/\/quotidianodipuglia.it\/lecce\/rsa_la_fontanella_soleto_38_morti_per_covid_inchiesta_archiviata-8999238.html\" title=\"Covid, 38 morti nella Rsa: inchiesta archiviata. Per i magistrati, evento eccezionale senza colpe\"><img loading=\"lazy\" decoding=\"async\" src=\"https:\/\/analyse.optim.biz\/wp-content\/uploads\/2026\/02\/8999238_06140706_covid.jpg\" title=\"Covid, 38 morti nella Rsa: inchiesta archiviata. Per i magistrati, evento eccezionale senza colpe\" width=\"404\" height=\"221\"><\/a><\/figure>\n<p><span class=\"testatina testatina-articolo\"><a href=\"http:\/\/quotidianodipuglia.it\/lecce\/rsa_la_fontanella_soleto_38_morti_per_covid_inchiesta_archiviata-8999238.html\">IL CASO<\/a><\/span><\/p>\n<div class=\"titolo\"><a href=\"http:\/\/quotidianodipuglia.it\/lecce\/rsa_la_fontanella_soleto_38_morti_per_covid_inchiesta_archiviata-8999238.html\" class=\"ml_primary_link\">Covid, 38 morti nella Rsa: inchiesta archiviata. Per i magistrati, evento eccezionale senza colpe<\/a><\/div>\n<\/div>\n<\/article>\n<article class=\"col-xs-6 html_base_bottom   brindisi \">\n<div class=\"item_content\">\n<figure class=\"medium\"><a href=\"http:\/\/quotidianodipuglia.it\/brindisi\/archiviazione_reati_penali_procura_napoli_maresciallo_carabinieri_latiano_cosa_sappiamo-8979450.html\" title=\"La procura: nessun reato militare commesso dal maresciallo. Il legale: \u00abGiustizia dopo aver subito l'umiliazione del demansionamento\u00bb\"><img loading=\"lazy\" decoding=\"async\" src=\"https:\/\/analyse.optim.biz\/wp-content\/uploads\/2026\/02\/8979450_26143828_archiviazione_reati_penali_procura_napoli_maresciallo_carabinieri_latiano_cosa_sappiamo.jpg\" title=\"La procura: nessun reato militare commesso dal maresciallo. Il legale: \u00abGiustizia dopo aver subito l'umiliazione del demansionamento\u00bb\" width=\"404\" height=\"221\"><\/a><\/figure>\n<p><span class=\"testatina testatina-articolo\"><a href=\"http:\/\/quotidianodipuglia.it\/brindisi\/archiviazione_reati_penali_procura_napoli_maresciallo_carabinieri_latiano_cosa_sappiamo-8979450.html\">LATIANO <\/a><\/span><\/p>\n<div class=\"titolo\"><a href=\"http:\/\/quotidianodipuglia.it\/brindisi\/archiviazione_reati_penali_procura_napoli_maresciallo_carabinieri_latiano_cosa_sappiamo-8979450.html\" class=\"ml_primary_link\">La procura: nessun reato militare commesso dal maresciallo. Il legale: \u00abGiustizia dopo aver subito l&#8217;umiliazione del demansionamento\u00bb<\/a><\/div>\n<\/div>\n<\/article>\n<article class=\"col-xs-6 html_base_bottom   lecce \">\n<div class=\"item_content\">\n<figure class=\"medium\"><a href=\"http:\/\/quotidianodipuglia.it\/lecce\/archiviata_la_quarta_volta_inchiesta_sulla_morte_dj_ivan_ciullo_la_famiglia_ricorreremo_corte_di_strasburgo-8971774.html\" title=\"Il giallo del suicidio del dj Ivan Ciullo, l'inchiesta archiviata per la quarta volta. La famiglia: \u00abFu un omicidio, ricorreremo alla Corte di Strasburgo\u00bb\"><img loading=\"lazy\" decoding=\"async\" src=\"https:\/\/analyse.optim.biz\/wp-content\/uploads\/2026\/02\/8971774_22212257_archiviata_la_quarta_volta_inchiesta_sulla_morte_dj_ivan_ciullo_la_famiglia_ricorreremo_corte_di_strasburgo.jpg\" title=\"Il giallo del suicidio del dj Ivan Ciullo, l'inchiesta archiviata per la quarta volta. La famiglia: \u00abFu un omicidio, ricorreremo alla Corte di Strasburgo\u00bb\" width=\"404\" height=\"221\"><\/a><\/figure>\n<p><span class=\"testatina testatina-articolo\"><a href=\"http:\/\/quotidianodipuglia.it\/lecce\/archiviata_la_quarta_volta_inchiesta_sulla_morte_dj_ivan_ciullo_la_famiglia_ricorreremo_corte_di_strasburgo-8971774.html\">LECCE<\/a><\/span><\/p>\n<div class=\"titolo\"><a href=\"http:\/\/quotidianodipuglia.it\/lecce\/archiviata_la_quarta_volta_inchiesta_sulla_morte_dj_ivan_ciullo_la_famiglia_ricorreremo_corte_di_strasburgo-8971774.html\" class=\"ml_primary_link\">Il giallo del suicidio del dj Ivan Ciullo, l&#8217;inchiesta archiviata per la quarta volta. La famiglia: \u00abFu un omicidio, ricorreremo alla Corte di Strasburgo\u00bb<\/a><\/div>\n<p><span class=\"firma\"><span>di Pierangelo TEMPESTA<\/span><\/span><\/div>\n<\/article>\n<article class=\"col-xs-6 html_base_bottom   brindisi \">\n<div class=\"item_content\">\n<figure class=\"medium\"><a href=\"http:\/\/quotidianodipuglia.it\/brindisi\/palmina_gip_suicidio_cassazione_sbaglio_uccisa_non_voleva_prostituirsi_cassazione_omicidio_volontario_suicidio-8944579.html\" title=\"Il gip: \u00abPalmina, non fu suicidio. La Cassazione sbagli\u00f2: fu uccisa perch\u00e9 non voleva prostituirsi\u00bb\"><img loading=\"lazy\" decoding=\"async\" src=\"https:\/\/analyse.optim.biz\/wp-content\/uploads\/2026\/02\/8944579_08160710_palmina_martinelli.jpg\" title=\"Il gip: \u00abPalmina, non fu suicidio. La Cassazione sbagli\u00f2: fu uccisa perch\u00e9 non voleva prostituirsi\u00bb\" width=\"404\" height=\"221\"><\/a><\/figure>\n<p><span class=\"testatina testatina-articolo\"><a href=\"http:\/\/quotidianodipuglia.it\/brindisi\/palmina_gip_suicidio_cassazione_sbaglio_uccisa_non_voleva_prostituirsi_cassazione_omicidio_volontario_suicidio-8944579.html\">IL CASO<\/a><\/span><\/p>\n<div class=\"titolo\"><a href=\"http:\/\/quotidianodipuglia.it\/brindisi\/palmina_gip_suicidio_cassazione_sbaglio_uccisa_non_voleva_prostituirsi_cassazione_omicidio_volontario_suicidio-8944579.html\" class=\"ml_primary_link\">Il gip: \u00abPalmina, non fu suicidio. La Cassazione sbagli\u00f2: fu uccisa perch\u00e9 non voleva prostituirsi\u00bb<\/a><\/div>\n<p><span class=\"firma\"><span>di Erasmo Marinazzo<\/span><\/span><\/div>\n<\/article>\n<article class=\"col-xs-6 html_base_bottom   brindisi \">\n<div class=\"item_content\">\n<figure class=\"medium\"><a href=\"http:\/\/quotidianodipuglia.it\/brindisi\/imputazione_coatta_omicidio_stradale_dirigente_comunale_viale_scooter_mori-8909976.html\" title=\"Mor\u00ec con lo scooter sul viale: omicidio stradale, imputazione coatta per il dirigente comunale\"><img loading=\"lazy\" decoding=\"async\" src=\"https:\/\/analyse.optim.biz\/wp-content\/uploads\/2026\/02\/8909976_20165226_mirko_conserva.jpg\" title=\"Mor\u00ec con lo scooter sul viale: omicidio stradale, imputazione coatta per il dirigente comunale\" width=\"404\" height=\"221\"><\/a><\/figure>\n<p><span class=\"testatina testatina-articolo\"><a href=\"http:\/\/quotidianodipuglia.it\/brindisi\/imputazione_coatta_omicidio_stradale_dirigente_comunale_viale_scooter_mori-8909976.html\">L&#8217;INCHIESTA<\/a><\/span><\/p>\n<div class=\"titolo\"><a href=\"http:\/\/quotidianodipuglia.it\/brindisi\/imputazione_coatta_omicidio_stradale_dirigente_comunale_viale_scooter_mori-8909976.html\" class=\"ml_primary_link\">Mor\u00ec con lo scooter sul viale: omicidio stradale, imputazione coatta per il dirigente comunale<\/a><\/div>\n<p><span class=\"firma\"><span>di Erasmo Marinazzo<\/span><\/span><\/div>\n<\/article>\n<article class=\"col-xs-6 html_base_bottom   brindisi \">\n<div class=\"item_content\">\n<figure class=\"medium\"><a href=\"http:\/\/quotidianodipuglia.it\/brindisi\/omicidio_mesagne_irene_margherito_figlio_indagato_complice_cosa_e_successo-8865903.html\" title=\"\u00abOmicidio, figlio complice. Non si archivi l\u2019inchiesta\u00bb. I familiari si oppongono al pm, era in auto con lo zio\"><img loading=\"lazy\" decoding=\"async\" src=\"https:\/\/analyse.optim.biz\/wp-content\/uploads\/2026\/02\/8865903_29063857_irene_margherito.jpg\" title=\"\u00abOmicidio, figlio complice. Non si archivi l\u2019inchiesta\u00bb. I familiari si oppongono al pm, era in auto con lo zio\" width=\"404\" height=\"221\"><\/a><\/figure>\n<p><span class=\"testatina testatina-articolo\"><a href=\"http:\/\/quotidianodipuglia.it\/brindisi\/omicidio_mesagne_irene_margherito_figlio_indagato_complice_cosa_e_successo-8865903.html\">L&#8217;INCHIESTA<\/a><\/span><\/p>\n<div class=\"titolo\"><a href=\"http:\/\/quotidianodipuglia.it\/brindisi\/omicidio_mesagne_irene_margherito_figlio_indagato_complice_cosa_e_successo-8865903.html\" class=\"ml_primary_link\">\u00abOmicidio, figlio complice. Non si archivi l\u2019inchiesta\u00bb. I familiari si oppongono al pm, era in auto con lo zio<\/a><\/div>\n<p><span class=\"firma\"><span>di Erasmo Marinazzo<\/span><\/span><\/div>\n<\/article>\n<article class=\"col-xs-6 html_base_bottom   regione \">\n<div class=\"item_content\">\n<figure class=\"medium\"><a href=\"http:\/\/quotidianodipuglia.it\/regione\/xylella_c_archiviazione_bis_stop_alle_tesi_complottiste-8813396.html\" title=\"Xylella, c\u2019\u00e8 l\u2019archiviazione bis dalla Procura di Bari. Lo stop alle tesi complottiste\"><img loading=\"lazy\" decoding=\"async\" src=\"https:\/\/analyse.optim.biz\/wp-content\/uploads\/2026\/02\/8813396_03200446_xylella_1.jpg\" title=\"Xylella, c\u2019\u00e8 l\u2019archiviazione bis dalla Procura di Bari. Lo stop alle tesi complottiste\" width=\"404\" height=\"221\"><\/a><\/figure>\n<p><span class=\"testatina testatina-articolo\"><a href=\"http:\/\/quotidianodipuglia.it\/regione\/xylella_c_archiviazione_bis_stop_alle_tesi_complottiste-8813396.html\">REGIONE<\/a><\/span><\/p>\n<div class=\"titolo\"><a href=\"http:\/\/quotidianodipuglia.it\/regione\/xylella_c_archiviazione_bis_stop_alle_tesi_complottiste-8813396.html\" class=\"ml_primary_link\">Xylella, c\u2019\u00e8 l\u2019archiviazione bis dalla Procura di Bari. Lo stop alle tesi complottiste<\/a><\/div>\n<\/div>\n<\/article>\n<\/div>\n<\/div>\n<\/div>\n<\/aside>\n<\/section>\n<\/div>\n<aside id=\"right-rail\" class=\"col-xs-4\">\n<div id=\"right-content\">\n<div class=\"area right\">\n<div class=\"area right_articolo\" data-id=\"445\" data-nome=\"Right Articolo (generico) 2022\">\n<div class=\"strip-1-x-video box-tv\" data-strip-id=\"87311\">\n<div class=\"strip-1-video_player\">\n<div class=\"row\">\n<article class=\"col-xs-12 html_base_bottom  video sport \">\n<div class=\"item_content video\">\n<div class=\"embed_video\">\n<div class=\"jw_embed\" data-mediaid=\"vHgoHtF1\" data-disable_video_float_on_non_adv_content=\"cedjs-dynamic\" data-autostart=\"true\" data-related='{\"oncomplete\":\"show\"}' data-mute=\"true\" data-adv_always_floating=\"false\"><img loading=\"lazy\" decoding=\"async\" src=\"https:\/\/analyse.optim.biz\/wp-content\/uploads\/2026\/02\/video-120.svg\" width=\"340\" height=\"180\" alt=\"Video\" title=\"video-120\"><\/div>\n<\/div>\n<div class=\"titolo\"><a href=\"http:\/\/quotidianodipuglia.it\/video\/sport\/cce_lsb_lecce_pall_a9_nardo_68_67-9278426.html\" class=\"ml_primary_link\">Cce Lsb Lecce-Pall. A9 Nard\u00f2 68-67<\/a><\/div>\n<\/div>\n<\/article>\n<\/div>\n<\/div>\n<div class=\"strip-1-square listing\">\n<div class=\"row\">\n<article class=\"col-xs-12 html_base_square  video \">\n<div class=\"item_content\">\n<div class=\"row\">\n<div class=\"col-xs valign__content\">\n<div class=\"square___content\">\n<figure class=\"thumbnail\"><a href=\"http:\/\/quotidianodipuglia.it\/video\/guyana_calabria_campania_prime_in_ue_per_rischio_poverta-9135288.html\" title=\"Guyana, Calabria, Campania prime in Ue per rischio povert\u00e0\"><img loading=\"lazy\" decoding=\"async\" src=\"https:\/\/analyse.optim.biz\/wp-content\/uploads\/2026\/02\/9135288_poster-77.jpg\" title=\"Guyana, Calabria, Campania prime in Ue per rischio povert\u00e0\" width=\"64\" height=\"64\"><\/a><\/figure>\n<\/div>\n<div class=\"valign\">\n<div class=\"titolo\"><a href=\"http:\/\/quotidianodipuglia.it\/video\/guyana_calabria_campania_prime_in_ue_per_rischio_poverta-9135288.html\" class=\"ml_primary_link\">Guyana, Calabria, Campania prime in Ue per rischio povert\u00e0<\/a><\/div>\n<\/div>\n<\/div>\n<\/div>\n<\/div>\n<\/article>\n<article class=\"col-xs-12 html_base_square  video \">\n<div class=\"item_content\">\n<div class=\"row\">\n<div class=\"col-xs valign__content\">\n<div class=\"square___content\">\n<figure class=\"thumbnail\"><a href=\"http:\/\/quotidianodipuglia.it\/video\/storie_italiane_il_racconto_di_mario_ermito-9105224.html\" title=\"Storie Italiane, il racconto di Mario Ermito\"><img loading=\"lazy\" decoding=\"async\" src=\"https:\/\/analyse.optim.biz\/wp-content\/uploads\/2026\/02\/9105224_poster-74.jpg\" title=\"Storie Italiane, il racconto di Mario Ermito\" width=\"64\" height=\"64\"><\/a><\/figure>\n<\/div>\n<div class=\"valign\">\n<div class=\"titolo\"><a href=\"http:\/\/quotidianodipuglia.it\/video\/storie_italiane_il_racconto_di_mario_ermito-9105224.html\" class=\"ml_primary_link\">Storie Italiane, il racconto di Mario Ermito<\/a><\/div>\n<\/div>\n<\/div>\n<\/div>\n<\/div>\n<\/article>\n<article class=\"col-xs-12 html_base_square  video \">\n<div class=\"item_content\">\n<div class=\"row\">\n<div class=\"col-xs valign__content\">\n<div class=\"square___content\">\n<figure class=\"thumbnail\"><a href=\"http:\/\/quotidianodipuglia.it\/video\/lecce_protocollo_scuola_istituzioni_prefettura-9089424.html\" title=\"\u00abL'autismo non \u00e8 solo una diagnosi, \u00e8 un modo diverso di percepire il mondo\u00bb, il commovente messaggio di Emma\"><img loading=\"lazy\" decoding=\"async\" src=\"https:\/\/analyse.optim.biz\/wp-content\/uploads\/2026\/02\/9089424_25191819_myfilename-76.jpg\" title=\"\u00abL'autismo non \u00e8 solo una diagnosi, \u00e8 un modo diverso di percepire il mondo\u00bb, il commovente messaggio di Emma\" width=\"64\" height=\"64\"><\/a><\/figure>\n<\/div>\n<div class=\"valign\">\n<div class=\"titolo\"><a href=\"http:\/\/quotidianodipuglia.it\/video\/lecce_protocollo_scuola_istituzioni_prefettura-9089424.html\" class=\"ml_primary_link\">\u00abL&#8217;autismo non \u00e8 solo una diagnosi, \u00e8 un modo diverso di percepire il mondo\u00bb, il commovente messaggio di Emma<\/a><\/div>\n<\/div>\n<\/div>\n<\/div>\n<\/div>\n<\/article>\n<\/div>\n<\/div>\n<\/div>\n<div class=\"strip-combo \">\n<div class=\"testatabox default sinistra  bari\">\n<h3 class=\"bari\">Della stessa sezione<\/h3>\n<\/div>\n<div class=\"strip-1-bottom principale\">\n<div class=\"row\">\n<article class=\"col-xs-12 html_base_bottom   bari \">\n<div class=\"item_content\">\n<figure class=\"medium\"><a href=\"http:\/\/quotidianodipuglia.it\/bari\/bari_piazza_aldo_moro_stazione_cantiere_lavori-9331780.html\" title=\"Bari, Piazza Moro \u00e8 ancora un cantiere. Solo a marzo via alla seconda fase\"><img decoding=\"async\" src=\"https:\/\/analyse.optim.biz\/wp-content\/uploads\/2026\/02\/9331780_obj65171420_1-15.jpg\" title=\"Bari, Piazza Moro \u00e8 ancora un cantiere. Solo a marzo via alla seconda fase\" width=\"-16\" height=\"-9\"><\/a><\/figure>\n<p><span class=\"testatina testatina-articolo\"><a href=\"http:\/\/quotidianodipuglia.it\/bari\/bari_piazza_aldo_moro_stazione_cantiere_lavori-9331780.html\">BARI<\/a><\/span><\/p>\n<div class=\"titolo\"><a href=\"http:\/\/quotidianodipuglia.it\/bari\/bari_piazza_aldo_moro_stazione_cantiere_lavori-9331780.html\" class=\"ml_primary_link\">Bari, Piazza Moro \u00e8 ancora un cantiere. Solo a marzo via alla seconda fase<\/a><\/div>\n<p><span class=\"firma\"><span>di Elga MONTANI<\/span><\/span><\/div>\n<\/article>\n<\/div>\n<\/div>\n<div class=\"strip-1-square seconda listing\">\n<div class=\"row\">\n<article class=\"col-xs-12 html_base_square  bari \">\n<div class=\"item_content\">\n<div class=\"row\">\n<div class=\"col-xs valign__content\">\n<div class=\"square___content\">\n<figure class=\"thumbnail\"><a href=\"http:\/\/quotidianodipuglia.it\/bari\/adelfia_esplosione_bombola_gas_palazzo_crollato_incendio_testimonianze_vicini-9331498.html\" title=\"L'esplosione, poi l'incendio e il crollo. Le testimonianze dei vicini: \u00abSentivamo urlare, fiamme troppe alte per entrare\u00bb\"><img loading=\"lazy\" decoding=\"async\" src=\"https:\/\/analyse.optim.biz\/wp-content\/uploads\/2026\/02\/9331498_31163311_whatsapp_image_2026_01_31_at_16-14-35-15.jpg\" title=\"L'esplosione, poi l'incendio e il crollo. Le testimonianze dei vicini: \u00abSentivamo urlare, fiamme troppe alte per entrare\u00bb\" width=\"64\" height=\"64\"><\/a><\/figure>\n<\/div>\n<div class=\"valign\"><span class=\"testatina testatina-articolo\"><a href=\"http:\/\/quotidianodipuglia.it\/bari\/adelfia_esplosione_bombola_gas_palazzo_crollato_incendio_testimonianze_vicini-9331498.html\">BARI<\/a><\/span><\/p>\n<div class=\"titolo\"><a href=\"http:\/\/quotidianodipuglia.it\/bari\/adelfia_esplosione_bombola_gas_palazzo_crollato_incendio_testimonianze_vicini-9331498.html\" class=\"ml_primary_link\">L&#8217;esplosione, poi l&#8217;incendio e il crollo. Le testimonianze dei vicini: \u00abSentivamo urlare, fiamme troppe alte per entrare\u00bb<\/a><\/div>\n<\/div>\n<\/div>\n<\/div>\n<\/div>\n<\/article>\n<article class=\"col-xs-12 html_base_square  bari \">\n<div class=\"item_content\">\n<div class=\"row\">\n<div class=\"col-xs valign__content\">\n<div class=\"square___content\">\n<figure class=\"thumbnail\"><a href=\"http:\/\/quotidianodipuglia.it\/bari\/adelfia_esplode_bombola_gas_crolla_edificio_due_morti-9331384.html\" title=\"Esplode una bombola di gas, crolla un edificio: due morti\"><img loading=\"lazy\" decoding=\"async\" src=\"https:\/\/analyse.optim.biz\/wp-content\/uploads\/2026\/02\/9331384_31193545_progetto_senza_titolo_76_-17.jpg\" title=\"Esplode una bombola di gas, crolla un edificio: due morti\" width=\"64\" height=\"64\"><\/a><\/figure>\n<\/div>\n<div class=\"valign\"><span class=\"testatina testatina-articolo\"><a href=\"http:\/\/quotidianodipuglia.it\/bari\/adelfia_esplode_bombola_gas_crolla_edificio_due_morti-9331384.html\">BARI<\/a><\/span><\/p>\n<div class=\"titolo\"><a href=\"http:\/\/quotidianodipuglia.it\/bari\/adelfia_esplode_bombola_gas_crolla_edificio_due_morti-9331384.html\" class=\"ml_primary_link\">Esplode una bombola di gas, crolla un edificio: due morti<\/a><\/div>\n<\/div>\n<\/div>\n<\/div>\n<\/div>\n<\/article>\n<article class=\"col-xs-12 html_base_square  bari \">\n<div class=\"item_content\">\n<div class=\"row\">\n<div class=\"col-xs valign__content\">\n<div class=\"square___content\">\n<figure class=\"thumbnail\"><a href=\"http:\/\/quotidianodipuglia.it\/bari\/apertura_anno_giudiziario_lecce_bari_allarme_magistrati_contro_riforma_rischio_autonomia_cosa_sappiamo-9331230.html\" title=\"Apertura dell'anno giudiziario a Bari e Lecce, attacco dei magistrati: \u00abDa mani libere a mani pulite \u00e8 un attimo\u00bb. Sisto contestato: \u00abBasta\u00bb\"><img loading=\"lazy\" decoding=\"async\" src=\"https:\/\/analyse.optim.biz\/wp-content\/uploads\/2026\/02\/9331230_31105121_progetto_senza_titolo_11_-27.jpg\" title=\"Apertura dell'anno giudiziario a Bari e Lecce, attacco dei magistrati: \u00abDa mani libere a mani pulite \u00e8 un attimo\u00bb. Sisto contestato: \u00abBasta\u00bb\" width=\"64\" height=\"64\"><\/a><\/figure>\n<\/div>\n<div class=\"valign\"><span class=\"testatina testatina-articolo\"><a href=\"http:\/\/quotidianodipuglia.it\/bari\/apertura_anno_giudiziario_lecce_bari_allarme_magistrati_contro_riforma_rischio_autonomia_cosa_sappiamo-9331230.html\">LA CERIMONIA <\/a><\/span><\/p>\n<div class=\"titolo\"><a href=\"http:\/\/quotidianodipuglia.it\/bari\/apertura_anno_giudiziario_lecce_bari_allarme_magistrati_contro_riforma_rischio_autonomia_cosa_sappiamo-9331230.html\" class=\"ml_primary_link\">Apertura dell&#8217;anno giudiziario a Bari e Lecce, attacco dei magistrati: \u00abDa mani libere a mani pulite \u00e8 un attimo\u00bb. Sisto contestato: \u00abBasta\u00bb<\/a><\/div>\n<p><span class=\"firma\"><span>di Roberta GRASSI e Francesca SORRENTINO<\/span><\/span><\/div>\n<\/div>\n<\/div>\n<\/div>\n<\/article>\n<article class=\"col-xs-12 html_base_square  bari \">\n<div class=\"item_content\">\n<div class=\"row\">\n<div class=\"col-xs valign__content\">\n<div class=\"square___content\">\n<figure class=\"thumbnail\"><a href=\"http:\/\/quotidianodipuglia.it\/bari\/urina_davanti_portone_chiesa_redentore_bari_video_esplode_polemica_decoro_urbano-9331383.html\" title=\"Un uomo urina sul portone della chiesa del Redentore: esplode la polemica sul decoro urbano\"><img loading=\"lazy\" decoding=\"async\" src=\"https:\/\/analyse.optim.biz\/wp-content\/uploads\/2026\/02\/9331383_31144406_urina_davanti_portone_chiesa_redentore_bari_video_esplode_polemica_decoro_urbano-17.jpg\" title=\"Un uomo urina sul portone della chiesa del Redentore: esplode la polemica sul decoro urbano\" width=\"64\" height=\"64\"><\/a><\/figure>\n<\/div>\n<div class=\"valign\"><span class=\"testatina testatina-articolo\"><a href=\"http:\/\/quotidianodipuglia.it\/bari\/urina_davanti_portone_chiesa_redentore_bari_video_esplode_polemica_decoro_urbano-9331383.html\">BARI<\/a><\/span><\/p>\n<div class=\"titolo\"><a href=\"http:\/\/quotidianodipuglia.it\/bari\/urina_davanti_portone_chiesa_redentore_bari_video_esplode_polemica_decoro_urbano-9331383.html\" class=\"ml_primary_link\">Un uomo urina sul portone della chiesa del Redentore: esplode la polemica sul decoro urbano<\/a><\/div>\n<\/div>\n<\/div>\n<\/div>\n<\/div>\n<\/article>\n<\/div>\n<\/div>\n<\/div>\n<div class=\"strip-1-square listing strip_moltofood_flexible  quotidianodipuglia\">\n<div class=\"testatabox testatina-box grande moltofood default\">\n<h3><a href=\"https:\/\/www.moltofood.it\" target=\"_blank\" title=\"moltofood.it\"><img loading=\"lazy\" decoding=\"async\" src=\"https:\/\/analyse.optim.biz\/wp-content\/uploads\/2026\/02\/moltofood-75.svg\" width=\"140\" height=\"20\" title=\"moltofood-75\"><\/a><\/h3>\n<\/div>\n<div class=\"row \">\n<article class=\"col-xs-12 html_base_square\">\n<div class=\"item_content\">\n<div class=\"row\">\n<div class=\"square___content\">\n<figure><a href=\"https:\/\/www.moltofood.it\/schiacciata-ripiena-senza-lievito-ricetta\/?utm_source=quotidianodipuglia&amp;utm_medium=strip_moltofood_flexible&amp;utm_campaign=right_articolo\" target=\"_blank\" title=\"Schiacciata ripiena, la ricetta scrocchiarella e senza lievito\"><img decoding=\"async\" src=\"https:\/\/analyse.optim.biz\/wp-content\/uploads\/2026\/02\/schiacciata-ripiena-1-150x150-129.jpg\" title=\"Schiacciata ripiena, la ricetta scrocchiarella e senza lievito\"><\/a><\/figure>\n<\/div>\n<div class=\"col-xs valign__content\">\n<div class=\"valign\"><span class=\"testatina testatina-articolo\"><a href=\"https:\/\/www.moltofood.it\/schiacciata-ripiena-senza-lievito-ricetta\/?utm_source=quotidianodipuglia&amp;utm_medium=strip_moltofood_flexible&amp;utm_campaign=right_articolo\"><br \/>\n                                                Piatti unici                                                <\/a><\/span><\/p>\n<h2 class=\"titolo\"><a href=\"https:\/\/www.moltofood.it\/schiacciata-ripiena-senza-lievito-ricetta\/?utm_source=quotidianodipuglia&amp;utm_medium=strip_moltofood_flexible&amp;utm_campaign=right_articolo\" title=\"Schiacciata ripiena, la ricetta scrocchiarella e senza lievito\" target=\"_blank\">Schiacciata ripiena, la ricetta scrocchiarella e senza lievito<\/a><\/h2>\n<p><span class=\"firma\">di Margherita Catalani<\/span><\/div>\n<\/div>\n<\/div>\n<\/div>\n<\/article>\n<article class=\"col-xs-12 html_base_square\">\n<div class=\"item_content\">\n<div class=\"row\">\n<div class=\"square___content\">\n<figure><a href=\"https:\/\/www.moltofood.it\/granola-in-friggitrice-ad-aria-ricetta\/?utm_source=quotidianodipuglia&amp;utm_medium=strip_moltofood_flexible&amp;utm_campaign=right_articolo\" target=\"_blank\" title=\"Granola in friggitrice ad aria: veloce, pratica e super versatile\"><img decoding=\"async\" src=\"https:\/\/analyse.optim.biz\/wp-content\/uploads\/2026\/02\/granolacottainfriggitriceadaria_copertina-150x150-3-82.jpeg\" title=\"Granola in friggitrice ad aria: veloce, pratica e super versatile\"><\/a><\/figure>\n<\/div>\n<div class=\"col-xs valign__content\">\n<div class=\"valign\"><span class=\"testatina testatina-articolo\"><a href=\"https:\/\/www.moltofood.it\/granola-in-friggitrice-ad-aria-ricetta\/?utm_source=quotidianodipuglia&amp;utm_medium=strip_moltofood_flexible&amp;utm_campaign=right_articolo\"><br \/>\n                                                Dolci                                                <\/a><\/span><\/p>\n<h2 class=\"titolo\"><a href=\"https:\/\/www.moltofood.it\/granola-in-friggitrice-ad-aria-ricetta\/?utm_source=quotidianodipuglia&amp;utm_medium=strip_moltofood_flexible&amp;utm_campaign=right_articolo\" title=\"Granola in friggitrice ad aria: veloce, pratica e super versatile\" target=\"_blank\">Granola in friggitrice ad aria: veloce, pratica e super versatile<\/a><\/h2>\n<p><span class=\"firma\">di Virginia Fabbri<\/span><\/div>\n<\/div>\n<\/div>\n<\/div>\n<\/article>\n<\/div>\n<p><a href=\"https:\/\/www.moltofood.it?utm_source=quotidianodipuglia&amp;utm_medium=strip_moltofood_flexible&amp;utm_campaign=right_articolo\" class=\"testatabox show_more\" target=\"_blank\" title=\"moltofood.it\">Vedi tutte le ricette<\/a><\/div>\n<div class=\"strip-1-bottom\">\n<div class=\"testatabox default sinistra rosso partner news\">\n<h3 class=\"partner news\"><a href=\"https:\/\/www.romevaticancard.com\/it\/omniacards\/omnia-card-72\/?ref=banner\">OMNIA CARD<\/a><\/h3>\n<\/div>\n<div class=\"row\">\n<article class=\"col-xs-12 html_base_bottom   partner news \">\n<div class=\"item_content hyperlink\">\n<figure class=\"medium\"><a href=\"https:\/\/www.romevaticancard.com\/it\/omniacards\/omnia-card-72\/?ref=banner\" title=\"Omnia card 72h + Roma Pass: Musei Vaticani e Colosseo inclusi\"><img decoding=\"async\" src=\"https:\/\/analyse.optim.biz\/wp-content\/uploads\/2026\/02\/7772044_27112113_rome-74.jpg\" title=\"Omnia card 72h + Roma Pass: Musei Vaticani e Colosseo inclusi\" width=\"-16\" height=\"-9\"><\/a><\/figure>\n<div class=\"titolo\"><a href=\"https:\/\/www.romevaticancard.com\/it\/omniacards\/omnia-card-72\/?ref=banner\" class=\"ml_primary_link\">Omnia card 72h + Roma Pass: Musei Vaticani e Colosseo inclusi<\/a><\/div>\n<\/div>\n<\/article>\n<\/div>\n<\/div>\n<div class=\"strip-1-no_foto ranking listing\">\n<div class=\"testatabox boxed sinistra  \">\n<h3 class>LE PI\u00d9 LETTE<\/h3>\n<\/div>\n<div class=\"row\">\n<article class=\"col-xs-12 html_base_no_foto  cultura \">\n<div class=\"item_content\"><span class=\"testatina testatina-articolo\"><a href=\"http:\/\/quotidianodipuglia.it\/cultura\/salento_nave_romana_ritrovata_in_fondo_al_mare_dove_recupero_cosa_sappiamo-9329894.html\">CULTURA<\/a><\/span><\/p>\n<div class=\"titolo\"><a href=\"http:\/\/quotidianodipuglia.it\/cultura\/salento_nave_romana_ritrovata_in_fondo_al_mare_dove_recupero_cosa_sappiamo-9329894.html\" class=\"ml_primary_link\">C&#8217;\u00e8 un tesoro sul fondale marino: sulla costa ionica spunta una nave romana. Quasi un milione di euro per portarla alla luce<\/a><\/div>\n<div class=\"row item_content_moreinfo middle-xs\">\n<div class=\"col-xs-8\"><span class=\"firma\"><span>di Renato DE CAPUA<\/span><\/span><\/div>\n<\/div>\n<\/div>\n<\/article>\n<article class=\"col-xs-12 html_base_no_foto  schede \">\n<div class=\"item_content\"><span class=\"testatina testatina-articolo\"><a href=\"http:\/\/quotidianodipuglia.it\/schede\/il_caso_bambino_bus_piedi_neve_cosa_e_successo_ricostruzione_vicenda_polemiche_oggi-9331114.html\">IL CASO <\/a><\/span><\/p>\n<div class=\"titolo\"><a href=\"http:\/\/quotidianodipuglia.it\/schede\/il_caso_bambino_bus_piedi_neve_cosa_e_successo_ricostruzione_vicenda_polemiche_oggi-9331114.html\" class=\"ml_primary_link\">Bambino fatto scendere dal bus: i 6 km a piedi, il biglietto a 10 euro, l&#8217;autista sospeso, l&#8217;inchiesta. Cosa \u00e8 successo<\/a><\/div>\n<div class=\"row item_content_moreinfo middle-xs\">\n<div class=\"col-xs-8\"><span class=\"firma\"><span>di Marta Giusti<\/span><\/span><\/div>\n<div class=\"col-xs\">\n<ul class=\"info-item\">\n<li class=\"has-foto ri-camera-line\"><\/ul>\n<\/div>\n<\/div>\n<\/div>\n<\/article>\n<article class=\"col-xs-12 html_base_no_foto  schede \">\n<div class=\"item_content\"><span class=\"testatina testatina-articolo\"><a href=\"http:\/\/quotidianodipuglia.it\/schede\/oroscopo_settimana_2_8_febbraio_2026_top_flop_chi_sale_chi_scende-9331740.html\">LA VOCE DELLE STELLE<\/a><\/span><\/p>\n<div class=\"titolo\"><a href=\"http:\/\/quotidianodipuglia.it\/schede\/oroscopo_settimana_2_8_febbraio_2026_top_flop_chi_sale_chi_scende-9331740.html\" class=\"ml_primary_link\">Oroscopo della prossima settimana: Cancro spezza la routine, Scorpione osserva, Bilancia si dedica agli affetti.<span> Ariete? Mantieni la calma<\/span><\/a><a href=\"http:\/\/quotidianodipuglia.it\/schede\/oroscopo_weekend_oggi_domani_sabato_31_gennaio_1_febbraio_2026_chi_sale_chi_scende-9327376.html\" class=\"ml_articolo\"><u>Le previsioni del weekend<\/u><\/a><\/div>\n<div class=\"row item_content_moreinfo middle-xs\">\n<div class=\"col-xs-8\"><span class=\"firma\"><span>di Redazione web<\/span><\/span><\/div>\n<\/div>\n<\/div>\n<\/article>\n<article class=\"col-xs-12 html_base_no_foto  schede \">\n<div class=\"item_content\"><span class=\"testatina testatina-articolo\"><a href=\"http:\/\/quotidianodipuglia.it\/schede\/oroscopo_paolo_fox_stelle_fine_settimana_weekend_31_gennaio_1_febbraio_2026-9331582.html\">IN TV <\/a><\/span><\/p>\n<div class=\"titolo\"><a href=\"http:\/\/quotidianodipuglia.it\/schede\/oroscopo_paolo_fox_stelle_fine_settimana_weekend_31_gennaio_1_febbraio_2026-9331582.html\" class=\"ml_primary_link\">Oroscopo di Paolo Fox, le stelle del fine settimana: Gemelli al top, Sagittario in ripresa, Capricorno isolato<\/a><a href=\"http:\/\/quotidianodipuglia.it\/schede\/oroscopo_weekend_oggi_domani_sabato_31_gennaio_1_febbraio_2026_chi_sale_chi_scende-9327376.html\" class=\"ml_articolo\"><span>Le previsioni del weekend\u00a0<\/span><\/a><\/div>\n<div class=\"row item_content_moreinfo middle-xs\">\n<div class=\"col-xs-8\"><span class=\"firma\"><span>di Redazione web<\/span><\/span><\/div>\n<\/div>\n<\/div>\n<\/article>\n<article class=\"col-xs-12 html_base_no_foto  attualita \">\n<div class=\"item_content\"><span class=\"testatina testatina-articolo\"><a href=\"http:\/\/quotidianodipuglia.it\/attualita\/donald_trump_resort_salento_albania-9331850.html\">LA SVOLTA <\/a><\/span><\/p>\n<div class=\"titolo\"><a href=\"http:\/\/quotidianodipuglia.it\/attualita\/donald_trump_resort_salento_albania-9331850.html\" class=\"ml_primary_link\">I Trump nuovi vicini di casa: l&#8217;ok al resort di lusso a poche miglia dal Salento. Il no degli ambientalisti<\/a><\/div>\n<div class=\"row item_content_moreinfo middle-xs\">\n<div class=\"col-xs-8\"><span class=\"firma\"><span>di Vincenzo MARUCCIO<\/span><\/span><\/div>\n<\/div>\n<\/div>\n<\/article>\n<\/div>\n<\/div>\n<div class=\"strip- lgw\">\n<div class=\"header\"><span class=\"title\"><br \/>\n                Cerca il tuo immobile all&#8217;asta<br \/>\n            <\/span><\/div>\n<div class=\"content\"><a href=\"https:\/\/www.legalmente.net\/\" target=\"_blank\" class=\"brand\"><img decoding=\"async\" src=\"https:\/\/analyse.optim.biz\/wp-content\/uploads\/2026\/02\/logo-127.jpg\" title=\"logo-127\"><\/a><\/div>\n<\/div>\n<\/div>\n<\/div>\n<\/div>\n<\/aside>\n<\/article>\n<article class=\"free-content\" id=\"content\">\n<header>\n<h1 class=\"titolo\">Bari Vecchia, inchiesta orecchiette industriali: il pm chiede l\u2019archiviazione per Nunzia e gli altri indagati<\/h1>\n<h2 class=\"sottotitolo\">L&#8217;inchiesta nata dalla denuncia di Home Restaurant e Carlo Taormina. Nonostante la conferma della condotta illecita, per il magistrato mancherebbe l&#8217;abitualit\u00e0<\/h2>\n<\/header>\n<div class=\"row\">\n<section id=\"main-content\" class=\"col-xs-8\">\n<figure class=\"main-photo\"><img decoding=\"async\" src=\"https:\/\/analyse.optim.biz\/wp-content\/uploads\/2026\/02\/9325659_obj65107383_1-1.jpg\" width height alt=\"Bari Vecchia, inchiesta orecchiette industriali: il pm chiede l\u2019archiviazione per Nunzia e gli altri indagati\" title=\"Bari Vecchia, inchiesta orecchiette industriali: il pm chiede l\u2019archiviazione per Nunzia e gli altri indagati\"><\/figure>\n<div class=\"info-container-top\">\n<div class=\"row middle-xs\">\n<div class=\"col-xs firma\"><span>di Nicola MANGIALARDI<\/span><\/div>\n<div class=\"col-xs end-xs\"><span class=\"tempo\">3 Minuti di Lettura<\/span><\/div>\n<\/div>\n<\/div>\n<div class=\"info-container-bottom\">\n<div class=\"row middle-xs\">\n<div class=\"col-xs-8\">\n              mercoled\u00ec 28 gennaio 2026, 20:44                        <\/div>\n<div class=\"col-xs\">\n<div class=\"share_bar_wrapper\">\n<div class=\"share-item share-box\">\n<ul>\n<li class=\"copy\">\n<li class=\"facebook\">\n<li class=\"twitter\">\n<li class=\"mail\">\n<li class=\"whatsapp\"><\/ul>\n<\/div>\n<\/div>\n<\/div>\n<\/div>\n<\/div>\n<div class=\"body-text\">\n<p>La vicenda delle <strong><a href=\"http:\/\/quotidianodipuglia.it\/t\/orecchiette-\">orecchiette <\/a><\/strong>vendute come artigianali nei vicoli di <strong><a href=\"http:\/\/quotidianodipuglia.it\/t\/bari-\">Bari <\/a><\/strong>Vecchia approda a un nuovo capitolo. L\u2019inchiesta, partita dalla denuncia di Gaetano Campolo di Home Restaurant, assistito dall\u2019avvocato Carlo Taormina, aveva acceso un dibattito sulla correttezza nella promozione gastronomica nella citt\u00e0 vecchia. Campolo aveva denunciato come alcune signore, tra cui <strong><a href=\"http:\/\/quotidianodipuglia.it\/t\/nunzia-\">Nunzia <\/a><\/strong>De Scalo, nota come la \u201cRegina delle orecchiette di strada Arco Basso\u201d, spacciassero orecchiette industriali per artigianali ai numerosi turisti che affollano la zona.<\/p>\n<aside class=\"slider-articoli-orizzontale in-article\">\n<div class=\"testatabox default\"><span>APPROFONDIMENTI<\/span><\/div>\n<div class=\"slider-items\" data-slidestoshow=\"3\" data-slidestoscroll=\"3\" data-slidedots data-slidearrows=\"1\">\n<article class=\"col-xs html_base_bottom   bari \">\n<div class=\"item_content\">\n<figure class=\"medium\"><a href=\"http:\/\/quotidianodipuglia.it\/bari\/bari_orecchiette_stop_abusivismo_pastaie_impresa-8880870.html\" title=\"Orecchiette, stop all\u2019abusivismo: \u00abRegole chiare per le pastaie\u00bb. Dovranno registrare una \u201cImpresa alimentare domestica\u201d\"><img loading=\"lazy\" decoding=\"async\" src=\"https:\/\/analyse.optim.biz\/wp-content\/uploads\/2026\/02\/8880870_05201523_bari_orecchiette_stop_abusivismo_pastaie_impresa.jpg\" title=\"Orecchiette, stop all\u2019abusivismo: \u00abRegole chiare per le pastaie\u00bb. Dovranno registrare una \u201cImpresa alimentare domestica\u201d\" width=\"264\" height=\"144\"><\/a><\/p>\n<ul class=\"info-item\">\n<li class=\"has-foto ri-camera-line\"><\/ul>\n<\/figure>\n<p><span class=\"testatina testatina-articolo\"><a href=\"http:\/\/quotidianodipuglia.it\/bari\/bari_orecchiette_stop_abusivismo_pastaie_impresa-8880870.html\">BARI<\/a><\/span><\/p>\n<div class=\"titolo\"><a href=\"http:\/\/quotidianodipuglia.it\/bari\/bari_orecchiette_stop_abusivismo_pastaie_impresa-8880870.html\" title=\"Orecchiette, stop all\u2019abusivismo: \u00abRegole chiare per le pastaie\u00bb. Dovranno registrare una \u201cImpresa alimentare domestica\u201d\">Orecchiette, stop all\u2019abusivismo: \u00abRegole chiare per le pastaie\u00bb. Dovranno registrare una \u201cImpresa alimentare domestica\u201d<\/a><\/div>\n<\/div>\n<\/article>\n<article class=\"col-xs html_base_bottom   brindisi \">\n<div class=\"item_content\">\n<figure class=\"medium\"><a href=\"http:\/\/quotidianodipuglia.it\/brindisi\/nunzia_a_brindisi_quando_dove_succede-8880429.html\" title=\"La pastaia Nunzia ospite di &quot;Vele e Orecchiette&quot;: l'evento per la 39esima regata Brindisi-Corf\u00f9\"><img loading=\"lazy\" decoding=\"async\" src=\"https:\/\/analyse.optim.biz\/wp-content\/uploads\/2026\/02\/8880429_05133324_nunzia_a_brindisi_quando_dove_succede.jpg\" title=\"La pastaia Nunzia ospite di &quot;Vele e Orecchiette&quot;: l'evento per la 39esima regata Brindisi-Corf\u00f9\" width=\"264\" height=\"144\"><\/a><\/figure>\n<p><span class=\"testatina testatina-articolo\"><a href=\"http:\/\/quotidianodipuglia.it\/brindisi\/nunzia_a_brindisi_quando_dove_succede-8880429.html\">L&#8217;EVENTO<\/a><\/span><\/p>\n<div class=\"titolo\"><a href=\"http:\/\/quotidianodipuglia.it\/brindisi\/nunzia_a_brindisi_quando_dove_succede-8880429.html\" title=\"La pastaia Nunzia ospite di &quot;Vele e Orecchiette&quot;: l'evento per la 39esima regata Brindisi-Corf\u00f9\">La pastaia Nunzia ospite di &#8220;Vele e Orecchiette&#8221;: l&#8217;evento per la 39esima regata Brindisi-Corf\u00f9<\/a><\/div>\n<\/div>\n<\/article>\n<article class=\"col-xs html_base_bottom   bari \">\n<div class=\"item_content\">\n<figure class=\"medium\"><a href=\"http:\/\/quotidianodipuglia.it\/bari\/bari_truffa_orecchiette_indagini_procura_perche_cosa_e_successo-8674039.html\" title=\"Truffa delle orecchiette vendute a Bari vecchia: indaga la Procura\"><img loading=\"lazy\" decoding=\"async\" src=\"https:\/\/analyse.optim.biz\/wp-content\/uploads\/2026\/02\/8674039_22182532_bari_truffa_orecchiette_indagini_procura_perche_cosa_e_successo.jpg\" title=\"Truffa delle orecchiette vendute a Bari vecchia: indaga la Procura\" width=\"264\" height=\"144\"><\/a><\/figure>\n<p><span class=\"testatina testatina-articolo\"><a href=\"http:\/\/quotidianodipuglia.it\/bari\/bari_truffa_orecchiette_indagini_procura_perche_cosa_e_successo-8674039.html\">BARI<\/a><\/span><\/p>\n<div class=\"titolo\"><a href=\"http:\/\/quotidianodipuglia.it\/bari\/bari_truffa_orecchiette_indagini_procura_perche_cosa_e_successo-8674039.html\" title=\"Truffa delle orecchiette vendute a Bari vecchia: indaga la Procura\">Truffa delle orecchiette vendute a Bari vecchia: indaga la Procura<\/a><\/div>\n<\/div>\n<\/article>\n<\/div>\n<\/aside>\n<p>Secondo il pubblico ministero Baldo Pisani, la condotta dei tre indagati \u201cintegra il reato contestato\u201d. <\/p>\n<p>Tuttavia, il magistrato ha sottolineato che il fatto risulta di particolare tenuit\u00e0: la violazione sarebbe lieve, con danno esiguo e dolo limitato, e inoltre la condotta degli indagati \u201cnon \u00e8 abituale\u201d. Sulla base di questi elementi, Pisani ha avanzato richiesta di archiviazione del procedimento.<\/p>\n<p>Ora la decisione finale spetta al giudice per le indagini preliminari, che dovr\u00e0 stabilire se confermare l\u2019archiviazione o ordinare ulteriori indagini. La vicenda, oltre a richiamare l\u2019attenzione sulla tutela del consumatore, solleva anche questioni di trasparenza e concorrenza nel cuore turistico della citt\u00e0. Gaetano Campolo, parte offesa nel procedimento, ha dichiarato di non opporsi tecnicamente alla richiesta del pm, ma di voler comunque verificare se il Gip riterr\u00e0 davvero \u201clieve\u201d un sistema che, a suo avviso, inganna migliaia di turisti. \u00abStaremo a vedere cosa decider\u00e0 il gip. Se non archivier\u00e0, ci costituiremo parte civile: la fede pubblica non pu\u00f2 retrocedere davanti all\u2019impunit\u00e0\u00bb, ha aggiunto Campolo, evidenziando l\u2019importanza della tutela della correttezza commerciale e della reputazione dei prodotti tipici locali. Il caso ha suscitato grande attenzione, soprattutto dopo la messa in onda di un servizio di \u201dMi Manda Rai 3\u201d, che aveva portato alla luce l\u2019uso di orecchiette industriali spacciate per fatte a mano. La decisione del Gip sar\u00e0 determinante: confermare l\u2019archiviazione significherebbe chiudere la vicenda per insufficienza di gravit\u00e0, mentre la prosecuzione delle indagini potrebbe aprire un nuovo capitolo giudiziario, con la possibilit\u00e0 di una costituzione di parte civile da parte di Campolo e la valutazione di eventuali sanzioni per le persone coinvolte.<\/p>\n<\/div>\n<div class=\"wrap-box-end\">\n<div class=\"copy\">\n            \u00a9 RIPRODUZIONE RISERVATA\n            <\/div>\n<div class=\"item-options\">\n<div class=\"share_bar_wrapper\">\n<div class=\"share-item share-box\">\n<ul>\n<li class=\"copy\">\n<li class=\"facebook\">\n<li class=\"twitter\">\n<li class=\"mail\">\n<li class=\"whatsapp\"><\/ul>\n<\/div>\n<\/div>\n<\/div>\n<\/div>\n<aside class=\"area\">&#8216;;<br \/>\n        outbrainEl.insertAdjacentHTML(&#8220;afterBegin&#8221;, AdCodeOutbrain);<\/p>\n<p>        loadScript(&#8216;\/\/widgets.outbrain.com\/outbrain.js&#8217;, function(){<br \/>\n            \/\/ cerco il widget. Necessario se c&#8217;\u00e8 un&#8217;altro widget di Outbrain in pagina (es: inread)<br \/>\n            OBR.extern.researchWidget();<br \/>\n        });<br \/>\n    }<\/p>\n<p>    function AnnunciOutbrain(callback) {<br \/>\n        var outbrainDiv = document.getElementById(&#8216;outbrainWait&#8217;);<br \/>\n        \/\/ Verifica se l&#8217;elemento esiste<br \/>\n        if (outbrainDiv) {<br \/>\n            \/\/ Modifica l&#8217;id dell&#8217;elemento div<br \/>\n            outbrainDiv.id = &#8216;outbrain&#8217;;<br \/>\n        }<\/p>\n<p>                    var load_method = impostazioni_testata.outbrain.load_method || &#8216;first-interaction&#8217;;<\/p>\n<p>        var outbrainEl = document.getElementById(&#8216;outbrain&#8217;);<\/p>\n<p>        CED.log(&#8220;outbrain load_method:&#8221; + load_method);<\/p>\n<p>        if (load_method == &#8216;when-near-viewport&#8217;) {<\/p>\n<p>            \/\/ outbrain parte solo quando scrollando arriva abbastanza vicino alla viewport<br \/>\n            if (typeof callback === &#8220;function&#8221;) {<\/p>\n<p>                \/\/ Listen for the scroll event<br \/>\n                \/\/document.addEventListener(&#8216;scroll&#8217;, onScroll(outbrainEl,callback), false);<br \/>\n                CedsWNV.watch(outbrainEl, callback, {<br \/>\n                    checkInterval: 300,<br \/>\n                    offset: 500<br \/>\n                });<\/p>\n<p>                \/*devo chiamare la funzione con argomenti e variabili *\/<br \/>\n            }<\/p>\n<p>        } else {<br \/>\n            \/\/ DEFAULT: outbrain parte alla prima interazione o dopo il timeout inattivit\u00e0<br \/>\n            _waitOnceFor(load_method, callback);<br \/>\n        }<br \/>\n    }<\/p>\n<p>            AnnunciOutbrain(WidgetOutbrainTag);<\/p>\n<div id=\"correlati-verticali\">\n<div class=\"testatabox default\">\n<h3>POTREBBE INTERESSARTI ANCHE<\/h3>\n<\/div>\n<div class=\"strip-2-bottom listing\">\n<div class=\"row\">\n<article class=\"col-xs-6 html_base_bottom   bari \">\n<div class=\"item_content\">\n<figure class=\"medium\"><a href=\"http:\/\/quotidianodipuglia.it\/bari\/inchiesta_orecchiette_bari_vecchia_archiviazione-9325659.html\" title=\"Scandalo orecchiette a Bari: \u00abSono industriali, non fatte a mano\u00bb. Il pm grazia Nunzia, la Regina di Arco Basso: \u00abFatto lieve\u00bb\"><img loading=\"lazy\" decoding=\"async\" src=\"https:\/\/analyse.optim.biz\/wp-content\/uploads\/2026\/02\/9325659_obj65107383_1-2.jpg\" title=\"Scandalo orecchiette a Bari: \u00abSono industriali, non fatte a mano\u00bb. Il pm grazia Nunzia, la Regina di Arco Basso: \u00abFatto lieve\u00bb\" width=\"404\" height=\"221\"><\/a><\/figure>\n<p><span class=\"testatina testatina-articolo\"><a href=\"http:\/\/quotidianodipuglia.it\/bari\/inchiesta_orecchiette_bari_vecchia_archiviazione-9325659.html\">L&#8217;INCHIESTA <\/a><\/span><\/p>\n<div class=\"titolo\"><a href=\"http:\/\/quotidianodipuglia.it\/bari\/inchiesta_orecchiette_bari_vecchia_archiviazione-9325659.html\" class=\"ml_primary_link\">Scandalo orecchiette a Bari: \u00abSono industriali, non fatte a mano\u00bb. Il pm grazia Nunzia, la Regina di Arco Basso: \u00abFatto lieve\u00bb<\/a><\/div>\n<p><span class=\"firma\"><span>di Nicola MANGIALARDI<\/span><\/span><\/div>\n<\/article>\n<article class=\"col-xs-6 html_base_bottom   brindisi \">\n<div class=\"item_content\">\n<figure class=\"medium\"><a href=\"http:\/\/quotidianodipuglia.it\/brindisi\/dirigente_comunale_processo_morte_20enne_scooter_pericolo_non_segnalato-9323049.html\" title=\"\u00abPericolo non segnalato\u00bb: dirigente comunale a processo per la morte di un 20enne in scooter\"><img loading=\"lazy\" decoding=\"async\" src=\"https:\/\/analyse.optim.biz\/wp-content\/uploads\/2026\/02\/9323049_27151352_mirko_conserva.jpg\" title=\"\u00abPericolo non segnalato\u00bb: dirigente comunale a processo per la morte di un 20enne in scooter\" width=\"404\" height=\"221\"><\/a><\/figure>\n<p><span class=\"testatina testatina-articolo\"><a href=\"http:\/\/quotidianodipuglia.it\/brindisi\/dirigente_comunale_processo_morte_20enne_scooter_pericolo_non_segnalato-9323049.html\">IL PROCESSO<\/a><\/span><\/p>\n<div class=\"titolo\"><a href=\"http:\/\/quotidianodipuglia.it\/brindisi\/dirigente_comunale_processo_morte_20enne_scooter_pericolo_non_segnalato-9323049.html\" class=\"ml_primary_link\">\u00abPericolo non segnalato\u00bb: dirigente comunale a processo per la morte di un 20enne in scooter<\/a><\/div>\n<\/div>\n<\/article>\n<article class=\"col-xs-6 html_base_bottom   schede \">\n<div class=\"item_content\">\n<figure class=\"medium\"><a href=\"http:\/\/quotidianodipuglia.it\/schede\/nardo_caso_tatiana_tramacere_chiuso_per_inquirenti_nessun_reato-9228741.html\" title=\"Caso Tatiana Tramacere chiuso: per gli inquirenti non c'\u00e8 nessun reato\"><img loading=\"lazy\" decoding=\"async\" src=\"https:\/\/analyse.optim.biz\/wp-content\/uploads\/2026\/02\/9228741_05183625_9228170_05085210_ragazza_scomparsa_tatiana_tramacere_torna_a_casa_dragos_cosa_ha_detto.jpg\" title=\"Caso Tatiana Tramacere chiuso: per gli inquirenti non c'\u00e8 nessun reato\" width=\"404\" height=\"221\"><\/a><\/p>\n<ul class=\"info-item\">\n<li class=\"has-video ri-video-line\"><\/ul>\n<\/figure>\n<p><span class=\"testatina testatina-articolo\"><a href=\"http:\/\/quotidianodipuglia.it\/schede\/nardo_caso_tatiana_tramacere_chiuso_per_inquirenti_nessun_reato-9228741.html\">SCHEDE<\/a><\/span><\/p>\n<div class=\"titolo\"><a href=\"http:\/\/quotidianodipuglia.it\/schede\/nardo_caso_tatiana_tramacere_chiuso_per_inquirenti_nessun_reato-9228741.html\" class=\"ml_primary_link\">Caso Tatiana Tramacere chiuso: per gli inquirenti non c&#8217;\u00e8 nessun reato<\/a><\/div>\n<\/div>\n<\/article>\n<article class=\"col-xs-6 html_base_bottom   lecce \">\n<div class=\"item_content\">\n<figure class=\"medium\"><a href=\"http:\/\/quotidianodipuglia.it\/lecce\/rsa_la_fontanella_soleto_38_morti_per_covid_inchiesta_archiviata-8999238.html\" title=\"Covid, 38 morti nella Rsa: inchiesta archiviata. Per i magistrati, evento eccezionale senza colpe\"><img loading=\"lazy\" decoding=\"async\" src=\"https:\/\/analyse.optim.biz\/wp-content\/uploads\/2026\/02\/8999238_06140706_covid.jpg\" title=\"Covid, 38 morti nella Rsa: inchiesta archiviata. Per i magistrati, evento eccezionale senza colpe\" width=\"404\" height=\"221\"><\/a><\/figure>\n<p><span class=\"testatina testatina-articolo\"><a href=\"http:\/\/quotidianodipuglia.it\/lecce\/rsa_la_fontanella_soleto_38_morti_per_covid_inchiesta_archiviata-8999238.html\">IL CASO<\/a><\/span><\/p>\n<div class=\"titolo\"><a href=\"http:\/\/quotidianodipuglia.it\/lecce\/rsa_la_fontanella_soleto_38_morti_per_covid_inchiesta_archiviata-8999238.html\" class=\"ml_primary_link\">Covid, 38 morti nella Rsa: inchiesta archiviata. Per i magistrati, evento eccezionale senza colpe<\/a><\/div>\n<\/div>\n<\/article>\n<article class=\"col-xs-6 html_base_bottom   brindisi \">\n<div class=\"item_content\">\n<figure class=\"medium\"><a href=\"http:\/\/quotidianodipuglia.it\/brindisi\/archiviazione_reati_penali_procura_napoli_maresciallo_carabinieri_latiano_cosa_sappiamo-8979450.html\" title=\"La procura: nessun reato militare commesso dal maresciallo. Il legale: \u00abGiustizia dopo aver subito l'umiliazione del demansionamento\u00bb\"><img loading=\"lazy\" decoding=\"async\" src=\"https:\/\/analyse.optim.biz\/wp-content\/uploads\/2026\/02\/8979450_26143828_archiviazione_reati_penali_procura_napoli_maresciallo_carabinieri_latiano_cosa_sappiamo.jpg\" title=\"La procura: nessun reato militare commesso dal maresciallo. Il legale: \u00abGiustizia dopo aver subito l'umiliazione del demansionamento\u00bb\" width=\"404\" height=\"221\"><\/a><\/figure>\n<p><span class=\"testatina testatina-articolo\"><a href=\"http:\/\/quotidianodipuglia.it\/brindisi\/archiviazione_reati_penali_procura_napoli_maresciallo_carabinieri_latiano_cosa_sappiamo-8979450.html\">LATIANO <\/a><\/span><\/p>\n<div class=\"titolo\"><a href=\"http:\/\/quotidianodipuglia.it\/brindisi\/archiviazione_reati_penali_procura_napoli_maresciallo_carabinieri_latiano_cosa_sappiamo-8979450.html\" class=\"ml_primary_link\">La procura: nessun reato militare commesso dal maresciallo. Il legale: \u00abGiustizia dopo aver subito l&#8217;umiliazione del demansionamento\u00bb<\/a><\/div>\n<\/div>\n<\/article>\n<article class=\"col-xs-6 html_base_bottom   lecce \">\n<div class=\"item_content\">\n<figure class=\"medium\"><a href=\"http:\/\/quotidianodipuglia.it\/lecce\/archiviata_la_quarta_volta_inchiesta_sulla_morte_dj_ivan_ciullo_la_famiglia_ricorreremo_corte_di_strasburgo-8971774.html\" title=\"Il giallo del suicidio del dj Ivan Ciullo, l'inchiesta archiviata per la quarta volta. La famiglia: \u00abFu un omicidio, ricorreremo alla Corte di Strasburgo\u00bb\"><img loading=\"lazy\" decoding=\"async\" src=\"https:\/\/analyse.optim.biz\/wp-content\/uploads\/2026\/02\/8971774_22212257_archiviata_la_quarta_volta_inchiesta_sulla_morte_dj_ivan_ciullo_la_famiglia_ricorreremo_corte_di_strasburgo.jpg\" title=\"Il giallo del suicidio del dj Ivan Ciullo, l'inchiesta archiviata per la quarta volta. La famiglia: \u00abFu un omicidio, ricorreremo alla Corte di Strasburgo\u00bb\" width=\"404\" height=\"221\"><\/a><\/figure>\n<p><span class=\"testatina testatina-articolo\"><a href=\"http:\/\/quotidianodipuglia.it\/lecce\/archiviata_la_quarta_volta_inchiesta_sulla_morte_dj_ivan_ciullo_la_famiglia_ricorreremo_corte_di_strasburgo-8971774.html\">LECCE<\/a><\/span><\/p>\n<div class=\"titolo\"><a href=\"http:\/\/quotidianodipuglia.it\/lecce\/archiviata_la_quarta_volta_inchiesta_sulla_morte_dj_ivan_ciullo_la_famiglia_ricorreremo_corte_di_strasburgo-8971774.html\" class=\"ml_primary_link\">Il giallo del suicidio del dj Ivan Ciullo, l&#8217;inchiesta archiviata per la quarta volta. La famiglia: \u00abFu un omicidio, ricorreremo alla Corte di Strasburgo\u00bb<\/a><\/div>\n<p><span class=\"firma\"><span>di Pierangelo TEMPESTA<\/span><\/span><\/div>\n<\/article>\n<article class=\"col-xs-6 html_base_bottom   brindisi \">\n<div class=\"item_content\">\n<figure class=\"medium\"><a href=\"http:\/\/quotidianodipuglia.it\/brindisi\/palmina_gip_suicidio_cassazione_sbaglio_uccisa_non_voleva_prostituirsi_cassazione_omicidio_volontario_suicidio-8944579.html\" title=\"Il gip: \u00abPalmina, non fu suicidio. La Cassazione sbagli\u00f2: fu uccisa perch\u00e9 non voleva prostituirsi\u00bb\"><img loading=\"lazy\" decoding=\"async\" src=\"https:\/\/analyse.optim.biz\/wp-content\/uploads\/2026\/02\/8944579_08160710_palmina_martinelli.jpg\" title=\"Il gip: \u00abPalmina, non fu suicidio. La Cassazione sbagli\u00f2: fu uccisa perch\u00e9 non voleva prostituirsi\u00bb\" width=\"404\" height=\"221\"><\/a><\/figure>\n<p><span class=\"testatina testatina-articolo\"><a href=\"http:\/\/quotidianodipuglia.it\/brindisi\/palmina_gip_suicidio_cassazione_sbaglio_uccisa_non_voleva_prostituirsi_cassazione_omicidio_volontario_suicidio-8944579.html\">IL CASO<\/a><\/span><\/p>\n<div class=\"titolo\"><a href=\"http:\/\/quotidianodipuglia.it\/brindisi\/palmina_gip_suicidio_cassazione_sbaglio_uccisa_non_voleva_prostituirsi_cassazione_omicidio_volontario_suicidio-8944579.html\" class=\"ml_primary_link\">Il gip: \u00abPalmina, non fu suicidio. La Cassazione sbagli\u00f2: fu uccisa perch\u00e9 non voleva prostituirsi\u00bb<\/a><\/div>\n<p><span class=\"firma\"><span>di Erasmo Marinazzo<\/span><\/span><\/div>\n<\/article>\n<article class=\"col-xs-6 html_base_bottom   brindisi \">\n<div class=\"item_content\">\n<figure class=\"medium\"><a href=\"http:\/\/quotidianodipuglia.it\/brindisi\/imputazione_coatta_omicidio_stradale_dirigente_comunale_viale_scooter_mori-8909976.html\" title=\"Mor\u00ec con lo scooter sul viale: omicidio stradale, imputazione coatta per il dirigente comunale\"><img loading=\"lazy\" decoding=\"async\" src=\"https:\/\/analyse.optim.biz\/wp-content\/uploads\/2026\/02\/8909976_20165226_mirko_conserva.jpg\" title=\"Mor\u00ec con lo scooter sul viale: omicidio stradale, imputazione coatta per il dirigente comunale\" width=\"404\" height=\"221\"><\/a><\/figure>\n<p><span class=\"testatina testatina-articolo\"><a href=\"http:\/\/quotidianodipuglia.it\/brindisi\/imputazione_coatta_omicidio_stradale_dirigente_comunale_viale_scooter_mori-8909976.html\">L&#8217;INCHIESTA<\/a><\/span><\/p>\n<div class=\"titolo\"><a href=\"http:\/\/quotidianodipuglia.it\/brindisi\/imputazione_coatta_omicidio_stradale_dirigente_comunale_viale_scooter_mori-8909976.html\" class=\"ml_primary_link\">Mor\u00ec con lo scooter sul viale: omicidio stradale, imputazione coatta per il dirigente comunale<\/a><\/div>\n<p><span class=\"firma\"><span>di Erasmo Marinazzo<\/span><\/span><\/div>\n<\/article>\n<article class=\"col-xs-6 html_base_bottom   brindisi \">\n<div class=\"item_content\">\n<figure class=\"medium\"><a href=\"http:\/\/quotidianodipuglia.it\/brindisi\/omicidio_mesagne_irene_margherito_figlio_indagato_complice_cosa_e_successo-8865903.html\" title=\"\u00abOmicidio, figlio complice. Non si archivi l\u2019inchiesta\u00bb. I familiari si oppongono al pm, era in auto con lo zio\"><img loading=\"lazy\" decoding=\"async\" src=\"https:\/\/analyse.optim.biz\/wp-content\/uploads\/2026\/02\/8865903_29063857_irene_margherito.jpg\" title=\"\u00abOmicidio, figlio complice. Non si archivi l\u2019inchiesta\u00bb. I familiari si oppongono al pm, era in auto con lo zio\" width=\"404\" height=\"221\"><\/a><\/figure>\n<p><span class=\"testatina testatina-articolo\"><a href=\"http:\/\/quotidianodipuglia.it\/brindisi\/omicidio_mesagne_irene_margherito_figlio_indagato_complice_cosa_e_successo-8865903.html\">L&#8217;INCHIESTA<\/a><\/span><\/p>\n<div class=\"titolo\"><a href=\"http:\/\/quotidianodipuglia.it\/brindisi\/omicidio_mesagne_irene_margherito_figlio_indagato_complice_cosa_e_successo-8865903.html\" class=\"ml_primary_link\">\u00abOmicidio, figlio complice. Non si archivi l\u2019inchiesta\u00bb. I familiari si oppongono al pm, era in auto con lo zio<\/a><\/div>\n<p><span class=\"firma\"><span>di Erasmo Marinazzo<\/span><\/span><\/div>\n<\/article>\n<article class=\"col-xs-6 html_base_bottom   regione \">\n<div class=\"item_content\">\n<figure class=\"medium\"><a href=\"http:\/\/quotidianodipuglia.it\/regione\/xylella_c_archiviazione_bis_stop_alle_tesi_complottiste-8813396.html\" title=\"Xylella, c\u2019\u00e8 l\u2019archiviazione bis dalla Procura di Bari. Lo stop alle tesi complottiste\"><img loading=\"lazy\" decoding=\"async\" src=\"https:\/\/analyse.optim.biz\/wp-content\/uploads\/2026\/02\/8813396_03200446_xylella_1.jpg\" title=\"Xylella, c\u2019\u00e8 l\u2019archiviazione bis dalla Procura di Bari. Lo stop alle tesi complottiste\" width=\"404\" height=\"221\"><\/a><\/figure>\n<p><span class=\"testatina testatina-articolo\"><a href=\"http:\/\/quotidianodipuglia.it\/regione\/xylella_c_archiviazione_bis_stop_alle_tesi_complottiste-8813396.html\">REGIONE<\/a><\/span><\/p>\n<div class=\"titolo\"><a href=\"http:\/\/quotidianodipuglia.it\/regione\/xylella_c_archiviazione_bis_stop_alle_tesi_complottiste-8813396.html\" class=\"ml_primary_link\">Xylella, c\u2019\u00e8 l\u2019archiviazione bis dalla Procura di Bari. Lo stop alle tesi complottiste<\/a><\/div>\n<\/div>\n<\/article>\n<\/div>\n<\/div>\n<\/div>\n<\/aside>\n<\/section>\n<\/div>\n<aside id=\"right-rail\" class=\"col-xs-4\">\n<div id=\"right-content\">\n<div class=\"area right\">\n<div class=\"area right_articolo\" data-id=\"445\" data-nome=\"Right Articolo (generico) 2022\">\n<div class=\"strip-1-x-video box-tv\" data-strip-id=\"87311\">\n<div class=\"strip-1-video_player\">\n<div class=\"row\">\n<article class=\"col-xs-12 html_base_bottom  video sport \">\n<div class=\"item_content video\">\n<div class=\"embed_video\">\n<div class=\"jw_embed\" data-mediaid=\"vHgoHtF1\" data-disable_video_float_on_non_adv_content=\"cedjs-dynamic\" data-autostart=\"true\" data-related='{\"oncomplete\":\"show\"}' data-mute=\"true\" data-adv_always_floating=\"false\"><img loading=\"lazy\" decoding=\"async\" src=\"https:\/\/analyse.optim.biz\/wp-content\/uploads\/2026\/02\/video-120.svg\" width=\"340\" height=\"180\" alt=\"Video\" title=\"video-120\"><\/div>\n<\/div>\n<div class=\"titolo\"><a href=\"http:\/\/quotidianodipuglia.it\/video\/sport\/cce_lsb_lecce_pall_a9_nardo_68_67-9278426.html\" class=\"ml_primary_link\">Cce Lsb Lecce-Pall. A9 Nard\u00f2 68-67<\/a><\/div>\n<\/div>\n<\/article>\n<\/div>\n<\/div>\n<div class=\"strip-1-square listing\">\n<div class=\"row\">\n<article class=\"col-xs-12 html_base_square  video \">\n<div class=\"item_content\">\n<div class=\"row\">\n<div class=\"col-xs valign__content\">\n<div class=\"square___content\">\n<figure class=\"thumbnail\"><a href=\"http:\/\/quotidianodipuglia.it\/video\/guyana_calabria_campania_prime_in_ue_per_rischio_poverta-9135288.html\" title=\"Guyana, Calabria, Campania prime in Ue per rischio povert\u00e0\"><img loading=\"lazy\" decoding=\"async\" src=\"https:\/\/analyse.optim.biz\/wp-content\/uploads\/2026\/02\/9135288_poster-77.jpg\" title=\"Guyana, Calabria, Campania prime in Ue per rischio povert\u00e0\" width=\"64\" height=\"64\"><\/a><\/figure>\n<\/div>\n<div class=\"valign\">\n<div class=\"titolo\"><a href=\"http:\/\/quotidianodipuglia.it\/video\/guyana_calabria_campania_prime_in_ue_per_rischio_poverta-9135288.html\" class=\"ml_primary_link\">Guyana, Calabria, Campania prime in Ue per rischio povert\u00e0<\/a><\/div>\n<\/div>\n<\/div>\n<\/div>\n<\/div>\n<\/article>\n<article class=\"col-xs-12 html_base_square  video \">\n<div class=\"item_content\">\n<div class=\"row\">\n<div class=\"col-xs valign__content\">\n<div class=\"square___content\">\n<figure class=\"thumbnail\"><a href=\"http:\/\/quotidianodipuglia.it\/video\/storie_italiane_il_racconto_di_mario_ermito-9105224.html\" title=\"Storie Italiane, il racconto di Mario Ermito\"><img loading=\"lazy\" decoding=\"async\" src=\"https:\/\/analyse.optim.biz\/wp-content\/uploads\/2026\/02\/9105224_poster-74.jpg\" title=\"Storie Italiane, il racconto di Mario Ermito\" width=\"64\" height=\"64\"><\/a><\/figure>\n<\/div>\n<div class=\"valign\">\n<div class=\"titolo\"><a href=\"http:\/\/quotidianodipuglia.it\/video\/storie_italiane_il_racconto_di_mario_ermito-9105224.html\" class=\"ml_primary_link\">Storie Italiane, il racconto di Mario Ermito<\/a><\/div>\n<\/div>\n<\/div>\n<\/div>\n<\/div>\n<\/article>\n<article class=\"col-xs-12 html_base_square  video \">\n<div class=\"item_content\">\n<div class=\"row\">\n<div class=\"col-xs valign__content\">\n<div class=\"square___content\">\n<figure class=\"thumbnail\"><a href=\"http:\/\/quotidianodipuglia.it\/video\/lecce_protocollo_scuola_istituzioni_prefettura-9089424.html\" title=\"\u00abL'autismo non \u00e8 solo una diagnosi, \u00e8 un modo diverso di percepire il mondo\u00bb, il commovente messaggio di Emma\"><img loading=\"lazy\" decoding=\"async\" src=\"https:\/\/analyse.optim.biz\/wp-content\/uploads\/2026\/02\/9089424_25191819_myfilename-76.jpg\" title=\"\u00abL'autismo non \u00e8 solo una diagnosi, \u00e8 un modo diverso di percepire il mondo\u00bb, il commovente messaggio di Emma\" width=\"64\" height=\"64\"><\/a><\/figure>\n<\/div>\n<div class=\"valign\">\n<div class=\"titolo\"><a href=\"http:\/\/quotidianodipuglia.it\/video\/lecce_protocollo_scuola_istituzioni_prefettura-9089424.html\" class=\"ml_primary_link\">\u00abL&#8217;autismo non \u00e8 solo una diagnosi, \u00e8 un modo diverso di percepire il mondo\u00bb, il commovente messaggio di Emma<\/a><\/div>\n<\/div>\n<\/div>\n<\/div>\n<\/div>\n<\/article>\n<\/div>\n<\/div>\n<\/div>\n<div class=\"strip-combo \">\n<div class=\"testatabox default sinistra  bari\">\n<h3 class=\"bari\">Della stessa sezione<\/h3>\n<\/div>\n<div class=\"strip-1-bottom principale\">\n<div class=\"row\">\n<article class=\"col-xs-12 html_base_bottom   bari \">\n<div class=\"item_content\">\n<figure class=\"medium\"><a href=\"http:\/\/quotidianodipuglia.it\/bari\/bari_piazza_aldo_moro_stazione_cantiere_lavori-9331780.html\" title=\"Bari, Piazza Moro \u00e8 ancora un cantiere. Solo a marzo via alla seconda fase\"><img decoding=\"async\" src=\"https:\/\/analyse.optim.biz\/wp-content\/uploads\/2026\/02\/9331780_obj65171420_1-15.jpg\" title=\"Bari, Piazza Moro \u00e8 ancora un cantiere. Solo a marzo via alla seconda fase\" width=\"-16\" height=\"-9\"><\/a><\/figure>\n<p><span class=\"testatina testatina-articolo\"><a href=\"http:\/\/quotidianodipuglia.it\/bari\/bari_piazza_aldo_moro_stazione_cantiere_lavori-9331780.html\">BARI<\/a><\/span><\/p>\n<div class=\"titolo\"><a href=\"http:\/\/quotidianodipuglia.it\/bari\/bari_piazza_aldo_moro_stazione_cantiere_lavori-9331780.html\" class=\"ml_primary_link\">Bari, Piazza Moro \u00e8 ancora un cantiere. Solo a marzo via alla seconda fase<\/a><\/div>\n<p><span class=\"firma\"><span>di Elga MONTANI<\/span><\/span><\/div>\n<\/article>\n<\/div>\n<\/div>\n<div class=\"strip-1-square seconda listing\">\n<div class=\"row\">\n<article class=\"col-xs-12 html_base_square  bari \">\n<div class=\"item_content\">\n<div class=\"row\">\n<div class=\"col-xs valign__content\">\n<div class=\"square___content\">\n<figure class=\"thumbnail\"><a href=\"http:\/\/quotidianodipuglia.it\/bari\/adelfia_esplosione_bombola_gas_palazzo_crollato_incendio_testimonianze_vicini-9331498.html\" title=\"L'esplosione, poi l'incendio e il crollo. Le testimonianze dei vicini: \u00abSentivamo urlare, fiamme troppe alte per entrare\u00bb\"><img loading=\"lazy\" decoding=\"async\" src=\"https:\/\/analyse.optim.biz\/wp-content\/uploads\/2026\/02\/9331498_31163311_whatsapp_image_2026_01_31_at_16-14-35-15.jpg\" title=\"L'esplosione, poi l'incendio e il crollo. Le testimonianze dei vicini: \u00abSentivamo urlare, fiamme troppe alte per entrare\u00bb\" width=\"64\" height=\"64\"><\/a><\/figure>\n<\/div>\n<div class=\"valign\"><span class=\"testatina testatina-articolo\"><a href=\"http:\/\/quotidianodipuglia.it\/bari\/adelfia_esplosione_bombola_gas_palazzo_crollato_incendio_testimonianze_vicini-9331498.html\">BARI<\/a><\/span><\/p>\n<div class=\"titolo\"><a href=\"http:\/\/quotidianodipuglia.it\/bari\/adelfia_esplosione_bombola_gas_palazzo_crollato_incendio_testimonianze_vicini-9331498.html\" class=\"ml_primary_link\">L&#8217;esplosione, poi l&#8217;incendio e il crollo. Le testimonianze dei vicini: \u00abSentivamo urlare, fiamme troppe alte per entrare\u00bb<\/a><\/div>\n<\/div>\n<\/div>\n<\/div>\n<\/div>\n<\/article>\n<article class=\"col-xs-12 html_base_square  bari \">\n<div class=\"item_content\">\n<div class=\"row\">\n<div class=\"col-xs valign__content\">\n<div class=\"square___content\">\n<figure class=\"thumbnail\"><a href=\"http:\/\/quotidianodipuglia.it\/bari\/adelfia_esplode_bombola_gas_crolla_edificio_due_morti-9331384.html\" title=\"Esplode una bombola di gas, crolla un edificio: due morti\"><img loading=\"lazy\" decoding=\"async\" src=\"https:\/\/analyse.optim.biz\/wp-content\/uploads\/2026\/02\/9331384_31193545_progetto_senza_titolo_76_-17.jpg\" title=\"Esplode una bombola di gas, crolla un edificio: due morti\" width=\"64\" height=\"64\"><\/a><\/figure>\n<\/div>\n<div class=\"valign\"><span class=\"testatina testatina-articolo\"><a href=\"http:\/\/quotidianodipuglia.it\/bari\/adelfia_esplode_bombola_gas_crolla_edificio_due_morti-9331384.html\">BARI<\/a><\/span><\/p>\n<div class=\"titolo\"><a href=\"http:\/\/quotidianodipuglia.it\/bari\/adelfia_esplode_bombola_gas_crolla_edificio_due_morti-9331384.html\" class=\"ml_primary_link\">Esplode una bombola di gas, crolla un edificio: due morti<\/a><\/div>\n<\/div>\n<\/div>\n<\/div>\n<\/div>\n<\/article>\n<article class=\"col-xs-12 html_base_square  bari \">\n<div class=\"item_content\">\n<div class=\"row\">\n<div class=\"col-xs valign__content\">\n<div class=\"square___content\">\n<figure class=\"thumbnail\"><a href=\"http:\/\/quotidianodipuglia.it\/bari\/apertura_anno_giudiziario_lecce_bari_allarme_magistrati_contro_riforma_rischio_autonomia_cosa_sappiamo-9331230.html\" title=\"Apertura dell'anno giudiziario a Bari e Lecce, attacco dei magistrati: \u00abDa mani libere a mani pulite \u00e8 un attimo\u00bb. Sisto contestato: \u00abBasta\u00bb\"><img loading=\"lazy\" decoding=\"async\" src=\"https:\/\/analyse.optim.biz\/wp-content\/uploads\/2026\/02\/9331230_31105121_progetto_senza_titolo_11_-27.jpg\" title=\"Apertura dell'anno giudiziario a Bari e Lecce, attacco dei magistrati: \u00abDa mani libere a mani pulite \u00e8 un attimo\u00bb. Sisto contestato: \u00abBasta\u00bb\" width=\"64\" height=\"64\"><\/a><\/figure>\n<\/div>\n<div class=\"valign\"><span class=\"testatina testatina-articolo\"><a href=\"http:\/\/quotidianodipuglia.it\/bari\/apertura_anno_giudiziario_lecce_bari_allarme_magistrati_contro_riforma_rischio_autonomia_cosa_sappiamo-9331230.html\">LA CERIMONIA <\/a><\/span><\/p>\n<div class=\"titolo\"><a href=\"http:\/\/quotidianodipuglia.it\/bari\/apertura_anno_giudiziario_lecce_bari_allarme_magistrati_contro_riforma_rischio_autonomia_cosa_sappiamo-9331230.html\" class=\"ml_primary_link\">Apertura dell&#8217;anno giudiziario a Bari e Lecce, attacco dei magistrati: \u00abDa mani libere a mani pulite \u00e8 un attimo\u00bb. Sisto contestato: \u00abBasta\u00bb<\/a><\/div>\n<p><span class=\"firma\"><span>di Roberta GRASSI e Francesca SORRENTINO<\/span><\/span><\/div>\n<\/div>\n<\/div>\n<\/div>\n<\/article>\n<article class=\"col-xs-12 html_base_square  bari \">\n<div class=\"item_content\">\n<div class=\"row\">\n<div class=\"col-xs valign__content\">\n<div class=\"square___content\">\n<figure class=\"thumbnail\"><a href=\"http:\/\/quotidianodipuglia.it\/bari\/urina_davanti_portone_chiesa_redentore_bari_video_esplode_polemica_decoro_urbano-9331383.html\" title=\"Un uomo urina sul portone della chiesa del Redentore: esplode la polemica sul decoro urbano\"><img loading=\"lazy\" decoding=\"async\" src=\"https:\/\/analyse.optim.biz\/wp-content\/uploads\/2026\/02\/9331383_31144406_urina_davanti_portone_chiesa_redentore_bari_video_esplode_polemica_decoro_urbano-17.jpg\" title=\"Un uomo urina sul portone della chiesa del Redentore: esplode la polemica sul decoro urbano\" width=\"64\" height=\"64\"><\/a><\/figure>\n<\/div>\n<div class=\"valign\"><span class=\"testatina testatina-articolo\"><a href=\"http:\/\/quotidianodipuglia.it\/bari\/urina_davanti_portone_chiesa_redentore_bari_video_esplode_polemica_decoro_urbano-9331383.html\">BARI<\/a><\/span><\/p>\n<div class=\"titolo\"><a href=\"http:\/\/quotidianodipuglia.it\/bari\/urina_davanti_portone_chiesa_redentore_bari_video_esplode_polemica_decoro_urbano-9331383.html\" class=\"ml_primary_link\">Un uomo urina sul portone della chiesa del Redentore: esplode la polemica sul decoro urbano<\/a><\/div>\n<\/div>\n<\/div>\n<\/div>\n<\/div>\n<\/article>\n<\/div>\n<\/div>\n<\/div>\n<div class=\"strip-1-square listing strip_moltofood_flexible  quotidianodipuglia\">\n<div class=\"testatabox testatina-box grande moltofood default\">\n<h3><a href=\"https:\/\/www.moltofood.it\" target=\"_blank\" title=\"moltofood.it\"><img loading=\"lazy\" decoding=\"async\" src=\"https:\/\/analyse.optim.biz\/wp-content\/uploads\/2026\/02\/moltofood-75.svg\" width=\"140\" height=\"20\" title=\"moltofood-75\"><\/a><\/h3>\n<\/div>\n<div class=\"row \">\n<article class=\"col-xs-12 html_base_square\">\n<div class=\"item_content\">\n<div class=\"row\">\n<div class=\"square___content\">\n<figure><a href=\"https:\/\/www.moltofood.it\/schiacciata-ripiena-senza-lievito-ricetta\/?utm_source=quotidianodipuglia&amp;utm_medium=strip_moltofood_flexible&amp;utm_campaign=right_articolo\" target=\"_blank\" title=\"Schiacciata ripiena, la ricetta scrocchiarella e senza lievito\"><img decoding=\"async\" src=\"https:\/\/analyse.optim.biz\/wp-content\/uploads\/2026\/02\/schiacciata-ripiena-1-150x150-129.jpg\" title=\"Schiacciata ripiena, la ricetta scrocchiarella e senza lievito\"><\/a><\/figure>\n<\/div>\n<div class=\"col-xs valign__content\">\n<div class=\"valign\"><span class=\"testatina testatina-articolo\"><a href=\"https:\/\/www.moltofood.it\/schiacciata-ripiena-senza-lievito-ricetta\/?utm_source=quotidianodipuglia&amp;utm_medium=strip_moltofood_flexible&amp;utm_campaign=right_articolo\"><br \/>\n                                                Piatti unici                                                <\/a><\/span><\/p>\n<h2 class=\"titolo\"><a href=\"https:\/\/www.moltofood.it\/schiacciata-ripiena-senza-lievito-ricetta\/?utm_source=quotidianodipuglia&amp;utm_medium=strip_moltofood_flexible&amp;utm_campaign=right_articolo\" title=\"Schiacciata ripiena, la ricetta scrocchiarella e senza lievito\" target=\"_blank\">Schiacciata ripiena, la ricetta scrocchiarella e senza lievito<\/a><\/h2>\n<p><span class=\"firma\">di Margherita Catalani<\/span><\/div>\n<\/div>\n<\/div>\n<\/div>\n<\/article>\n<article class=\"col-xs-12 html_base_square\">\n<div class=\"item_content\">\n<div class=\"row\">\n<div class=\"square___content\">\n<figure><a href=\"https:\/\/www.moltofood.it\/granola-in-friggitrice-ad-aria-ricetta\/?utm_source=quotidianodipuglia&amp;utm_medium=strip_moltofood_flexible&amp;utm_campaign=right_articolo\" target=\"_blank\" title=\"Granola in friggitrice ad aria: veloce, pratica e super versatile\"><img decoding=\"async\" src=\"https:\/\/analyse.optim.biz\/wp-content\/uploads\/2026\/02\/granolacottainfriggitriceadaria_copertina-150x150-3-82.jpeg\" title=\"Granola in friggitrice ad aria: veloce, pratica e super versatile\"><\/a><\/figure>\n<\/div>\n<div class=\"col-xs valign__content\">\n<div class=\"valign\"><span class=\"testatina testatina-articolo\"><a href=\"https:\/\/www.moltofood.it\/granola-in-friggitrice-ad-aria-ricetta\/?utm_source=quotidianodipuglia&amp;utm_medium=strip_moltofood_flexible&amp;utm_campaign=right_articolo\"><br \/>\n                                                Dolci                                                <\/a><\/span><\/p>\n<h2 class=\"titolo\"><a href=\"https:\/\/www.moltofood.it\/granola-in-friggitrice-ad-aria-ricetta\/?utm_source=quotidianodipuglia&amp;utm_medium=strip_moltofood_flexible&amp;utm_campaign=right_articolo\" title=\"Granola in friggitrice ad aria: veloce, pratica e super versatile\" target=\"_blank\">Granola in friggitrice ad aria: veloce, pratica e super versatile<\/a><\/h2>\n<p><span class=\"firma\">di Virginia Fabbri<\/span><\/div>\n<\/div>\n<\/div>\n<\/div>\n<\/article>\n<\/div>\n<p><a href=\"https:\/\/www.moltofood.it?utm_source=quotidianodipuglia&amp;utm_medium=strip_moltofood_flexible&amp;utm_campaign=right_articolo\" class=\"testatabox show_more\" target=\"_blank\" title=\"moltofood.it\">Vedi tutte le ricette<\/a><\/div>\n<div class=\"strip-1-bottom\">\n<div class=\"testatabox default sinistra rosso partner news\">\n<h3 class=\"partner news\"><a href=\"https:\/\/www.romevaticancard.com\/it\/omniacards\/omnia-card-72\/?ref=banner\">OMNIA CARD<\/a><\/h3>\n<\/div>\n<div class=\"row\">\n<article class=\"col-xs-12 html_base_bottom   partner news \">\n<div class=\"item_content hyperlink\">\n<figure class=\"medium\"><a href=\"https:\/\/www.romevaticancard.com\/it\/omniacards\/omnia-card-72\/?ref=banner\" title=\"Omnia card 72h + Roma Pass: Musei Vaticani e Colosseo inclusi\"><img decoding=\"async\" src=\"https:\/\/analyse.optim.biz\/wp-content\/uploads\/2026\/02\/7772044_27112113_rome-74.jpg\" title=\"Omnia card 72h + Roma Pass: Musei Vaticani e Colosseo inclusi\" width=\"-16\" height=\"-9\"><\/a><\/figure>\n<div class=\"titolo\"><a href=\"https:\/\/www.romevaticancard.com\/it\/omniacards\/omnia-card-72\/?ref=banner\" class=\"ml_primary_link\">Omnia card 72h + Roma Pass: Musei Vaticani e Colosseo inclusi<\/a><\/div>\n<\/div>\n<\/article>\n<\/div>\n<\/div>\n<div class=\"strip-1-no_foto ranking listing\">\n<div class=\"testatabox boxed sinistra  \">\n<h3 class>LE PI\u00d9 LETTE<\/h3>\n<\/div>\n<div class=\"row\">\n<article class=\"col-xs-12 html_base_no_foto  cultura \">\n<div class=\"item_content\"><span class=\"testatina testatina-articolo\"><a href=\"http:\/\/quotidianodipuglia.it\/cultura\/salento_nave_romana_ritrovata_in_fondo_al_mare_dove_recupero_cosa_sappiamo-9329894.html\">CULTURA<\/a><\/span><\/p>\n<div class=\"titolo\"><a href=\"http:\/\/quotidianodipuglia.it\/cultura\/salento_nave_romana_ritrovata_in_fondo_al_mare_dove_recupero_cosa_sappiamo-9329894.html\" class=\"ml_primary_link\">C&#8217;\u00e8 un tesoro sul fondale marino: sulla costa ionica spunta una nave romana. Quasi un milione di euro per portarla alla luce<\/a><\/div>\n<div class=\"row item_content_moreinfo middle-xs\">\n<div class=\"col-xs-8\"><span class=\"firma\"><span>di Renato DE CAPUA<\/span><\/span><\/div>\n<\/div>\n<\/div>\n<\/article>\n<article class=\"col-xs-12 html_base_no_foto  schede \">\n<div class=\"item_content\"><span class=\"testatina testatina-articolo\"><a href=\"http:\/\/quotidianodipuglia.it\/schede\/il_caso_bambino_bus_piedi_neve_cosa_e_successo_ricostruzione_vicenda_polemiche_oggi-9331114.html\">IL CASO <\/a><\/span><\/p>\n<div class=\"titolo\"><a href=\"http:\/\/quotidianodipuglia.it\/schede\/il_caso_bambino_bus_piedi_neve_cosa_e_successo_ricostruzione_vicenda_polemiche_oggi-9331114.html\" class=\"ml_primary_link\">Bambino fatto scendere dal bus: i 6 km a piedi, il biglietto a 10 euro, l&#8217;autista sospeso, l&#8217;inchiesta. Cosa \u00e8 successo<\/a><\/div>\n<div class=\"row item_content_moreinfo middle-xs\">\n<div class=\"col-xs-8\"><span class=\"firma\"><span>di Marta Giusti<\/span><\/span><\/div>\n<div class=\"col-xs\">\n<ul class=\"info-item\">\n<li class=\"has-foto ri-camera-line\"><\/ul>\n<\/div>\n<\/div>\n<\/div>\n<\/article>\n<article class=\"col-xs-12 html_base_no_foto  schede \">\n<div class=\"item_content\"><span class=\"testatina testatina-articolo\"><a href=\"http:\/\/quotidianodipuglia.it\/schede\/oroscopo_settimana_2_8_febbraio_2026_top_flop_chi_sale_chi_scende-9331740.html\">LA VOCE DELLE STELLE<\/a><\/span><\/p>\n<div class=\"titolo\"><a href=\"http:\/\/quotidianodipuglia.it\/schede\/oroscopo_settimana_2_8_febbraio_2026_top_flop_chi_sale_chi_scende-9331740.html\" class=\"ml_primary_link\">Oroscopo della prossima settimana: Cancro spezza la routine, Scorpione osserva, Bilancia si dedica agli affetti.<span> Ariete? Mantieni la calma<\/span><\/a><a href=\"http:\/\/quotidianodipuglia.it\/schede\/oroscopo_weekend_oggi_domani_sabato_31_gennaio_1_febbraio_2026_chi_sale_chi_scende-9327376.html\" class=\"ml_articolo\"><u>Le previsioni del weekend<\/u><\/a><\/div>\n<div class=\"row item_content_moreinfo middle-xs\">\n<div class=\"col-xs-8\"><span class=\"firma\"><span>di Redazione web<\/span><\/span><\/div>\n<\/div>\n<\/div>\n<\/article>\n<article class=\"col-xs-12 html_base_no_foto  schede \">\n<div class=\"item_content\"><span class=\"testatina testatina-articolo\"><a href=\"http:\/\/quotidianodipuglia.it\/schede\/oroscopo_paolo_fox_stelle_fine_settimana_weekend_31_gennaio_1_febbraio_2026-9331582.html\">IN TV <\/a><\/span><\/p>\n<div class=\"titolo\"><a href=\"http:\/\/quotidianodipuglia.it\/schede\/oroscopo_paolo_fox_stelle_fine_settimana_weekend_31_gennaio_1_febbraio_2026-9331582.html\" class=\"ml_primary_link\">Oroscopo di Paolo Fox, le stelle del fine settimana: Gemelli al top, Sagittario in ripresa, Capricorno isolato<\/a><a href=\"http:\/\/quotidianodipuglia.it\/schede\/oroscopo_weekend_oggi_domani_sabato_31_gennaio_1_febbraio_2026_chi_sale_chi_scende-9327376.html\" class=\"ml_articolo\"><span>Le previsioni del weekend\u00a0<\/span><\/a><\/div>\n<div class=\"row item_content_moreinfo middle-xs\">\n<div class=\"col-xs-8\"><span class=\"firma\"><span>di Redazione web<\/span><\/span><\/div>\n<\/div>\n<\/div>\n<\/article>\n<article class=\"col-xs-12 html_base_no_foto  attualita \">\n<div class=\"item_content\"><span class=\"testatina testatina-articolo\"><a href=\"http:\/\/quotidianodipuglia.it\/attualita\/donald_trump_resort_salento_albania-9331850.html\">LA SVOLTA <\/a><\/span><\/p>\n<div class=\"titolo\"><a href=\"http:\/\/quotidianodipuglia.it\/attualita\/donald_trump_resort_salento_albania-9331850.html\" class=\"ml_primary_link\">I Trump nuovi vicini di casa: l&#8217;ok al resort di lusso a poche miglia dal Salento. Il no degli ambientalisti<\/a><\/div>\n<div class=\"row item_content_moreinfo middle-xs\">\n<div class=\"col-xs-8\"><span class=\"firma\"><span>di Vincenzo MARUCCIO<\/span><\/span><\/div>\n<\/div>\n<\/div>\n<\/article>\n<\/div>\n<\/div>\n<div class=\"strip- lgw\">\n<div class=\"header\"><span class=\"title\"><br \/>\n                Cerca il tuo immobile all&#8217;asta<br \/>\n            <\/span><\/div>\n<div class=\"content\"><a href=\"https:\/\/www.legalmente.net\/\" target=\"_blank\" class=\"brand\"><img decoding=\"async\" src=\"https:\/\/analyse.optim.biz\/wp-content\/uploads\/2026\/02\/logo-127.jpg\" title=\"logo-127\"><\/a><\/div>\n<\/div>\n<\/div>\n<\/div>\n<\/div>\n<\/aside>\n<\/article>\n<p> Source URL: http:\/\/quotidianodipuglia.it\/bari\/inchiesta_orecchiette_bari_vecchia_archiviazione-9325659.html<\/p>\n","protected":false},"excerpt":{"rendered":"<p>Bari Vecchia, inchiesta orecchiette industriali: il pm chiede l\u2019archiviazione per Nunzia e gli altri indagati L&#8217;inchiesta nata dalla denuncia di Home Restaurant e Carlo Taormina. Nonostante la conferma della condotta illecita, per il magistrato mancherebbe l&#8217;abitualit\u00e0 di Nicola MANGIALARDI 3 Minuti di Lettura mercoled\u00ec 28 gennaio 2026, 20:44 La vicenda delle orecchiette vendute come artigianali [&hellip;]<\/p>\n","protected":false},"author":1,"featured_media":1685244,"comment_status":"open","ping_status":"","sticky":false,"template":"","format":"standard","meta":{"footnotes":""},"categories":[87],"tags":[226,155],"class_list":["post-1685243","post","type-post","status-publish","format-standard","has-post-thumbnail","hentry","category-italy","tag-crawlmanager","tag-quotidianodipuglia-it"],"_links":{"self":[{"href":"https:\/\/analyse.optim.biz\/index.php?rest_route=\/wp\/v2\/posts\/1685243","targetHints":{"allow":["GET"]}}],"collection":[{"href":"https:\/\/analyse.optim.biz\/index.php?rest_route=\/wp\/v2\/posts"}],"about":[{"href":"https:\/\/analyse.optim.biz\/index.php?rest_route=\/wp\/v2\/types\/post"}],"author":[{"embeddable":true,"href":"https:\/\/analyse.optim.biz\/index.php?rest_route=\/wp\/v2\/users\/1"}],"replies":[{"embeddable":true,"href":"https:\/\/analyse.optim.biz\/index.php?rest_route=%2Fwp%2Fv2%2Fcomments&post=1685243"}],"version-history":[{"count":0,"href":"https:\/\/analyse.optim.biz\/index.php?rest_route=\/wp\/v2\/posts\/1685243\/revisions"}],"wp:featuredmedia":[{"embeddable":true,"href":"https:\/\/analyse.optim.biz\/index.php?rest_route=\/wp\/v2\/media\/1685244"}],"wp:attachment":[{"href":"https:\/\/analyse.optim.biz\/index.php?rest_route=%2Fwp%2Fv2%2Fmedia&parent=1685243"}],"wp:term":[{"taxonomy":"category","embeddable":true,"href":"https:\/\/analyse.optim.biz\/index.php?rest_route=%2Fwp%2Fv2%2Fcategories&post=1685243"},{"taxonomy":"post_tag","embeddable":true,"href":"https:\/\/analyse.optim.biz\/index.php?rest_route=%2Fwp%2Fv2%2Ftags&post=1685243"}],"curies":[{"name":"wp","href":"https:\/\/api.w.org\/{rel}","templated":true}]}}