{"id":168522,"date":"2016-01-22T15:56:32","date_gmt":"2016-01-22T12:56:32","guid":{"rendered":"https:\/\/analyse.optim.biz\/?p=168522"},"modified":"2016-01-22T15:56:32","modified_gmt":"2016-01-22T12:56:32","slug":"partidele-mici-lasate-pe-tusa","status":"publish","type":"post","link":"https:\/\/analyse.optim.biz\/?p=168522","title":{"rendered":"Partidele mici, l\u0103sate pe tu\u015f\u0103"},"content":{"rendered":"<div class=\"entry data-app-meta data-app-meta-article\" data-embed-base-url-canonical=\"https:\/\/www.digi24.ro\/embed\/stiri\/actualitate\/politica\/partidele-mici-lasate-pe-tusa-479388\">\n<p data-index=\"1\">Partidele care prin vot nu ar fi avut niciodat\u0103 o \u015fans\u0103 de a intra \u00een Parlament au fost folosite de greii politicii ca s\u0103 \u00ee\u015fi construiasc\u0103 o majoritate \u015fi s\u0103 ajung\u0103 la guvernare. De exemplu, UNPR a fost introdus \u00een Parlament, pe u\u015fa din dos, de social-democra\u0163i \u015fi, printr-o politic\u0103 agresiv\u0103 de racol\u0103ri, \u015fi-a dublat num\u0103rul de parlamentari \u00een ultimii trei ani. Cele c\u00e2teva voturi aduse de astfel de partide au contat unori at\u00e2t de mult, \u00eenc\u00e2t au l\u0103sat loc la \u015fantaj.<\/p>\n<p data-index=\"2\">A\u015fa au ob\u0163inut forma\u0163iuni f\u0103r\u0103 un vot popular masiv func\u0163ii importante. Anul acesta, social-democra\u0163ii \u00eenclin\u0103 s\u0103 spun\u0103 <span lang=\"en-US\">&lt;<\/span>nu<span lang=\"en-US\">&gt;<\/span> UNPR-ului. Decizia \u00een privin\u0163a alian\u0163ei cu UNPR se va lua s\u0103pt\u0103m\u00e2na viitoare.<\/p>\n<p data-index=\"3\">Liviu Dragnea, pre\u015fedintele PSD<span lang=\"en-US\">: \u201c<\/span>Politica de alian\u0163\u0103 \u00een an electoral e foarte important\u0103 \u015fi e o decizie strategic\u0103 \u015fi trebuie bazat\u0103 pe p\u0103rerea cvasiuanim\u0103 din organiza\u0163ii\u201d.<\/p>\n<p data-index=\"4\">Liderii UNPR \u00eenc\u0103 mai sper\u0103 c\u0103 vor fi pe listele PSD, dar se preg\u0103tesc pentru ce-i mai r\u0103u.<\/p>\n<p data-index=\"5\">Gabriel Oprea: \u201eDac\u0103 vom candida sau nu cu PSD, nu pot s\u0103 v\u0103 dau un r\u0103spuns, pot s\u0103 v\u0103 spun un singur lucru: suntem preg\u0103ti\u0163i pentru ambele variante\u201d.<\/p>\n<p data-index=\"6\">Pre\u015fedintele ALDE, partid rezultat din fuziunea PC cu PLR, a anun\u0163at c\u0103 nu va face niciun fel de alian\u0163\u0103. Au existat, totu\u015fi, informa\u0163ii potrivit c\u0103rora C\u0103lin Popescu T\u0103riceanu ar negocia cu liberalii, din moment ce rela\u0163ia cu PSD s-a r\u0103cit, dup\u0103 demisia lui Victor Ponta din func\u0163ia de premier.<\/p>\n<p data-index=\"7\">Cristian Bu\u015foi, europarlamentar PNL: \u201eCred c\u0103 alegerile locale sunt momentul \u00een care nu vom vedea alian\u0163e electorale\u201d.<\/p>\n<p data-index=\"8\">Hot\u0103r\u00e2\u0163i s\u0103 mearg\u0103 singuri \u00een alegerile locale \u015fi parlamentare sunt \u015fi membrii Mi\u015fc\u0103rii Populare. Liberalii au exclus total o alian\u0163\u0103 cu partidul lui Traian B\u0103sescu.<\/p>\n<p data-index=\"9\">Marele risc pentru partidele mici este s\u0103 nu ob\u0163in\u0103 cinci la sut\u0103 din voturi, astfel \u00eenc\u00e2t s\u0103 treac\u0103 pragul electoral. \u00cen acest caz, nu pot intra \u00een consiliile locale, cele jude\u0163ene \u015fi \u00een Parlament, a\u015fadar nici nu au acces la guvernare. UDMR ar putea fi singurul partid ferit de un asemenea risc. Are electoratul propriu \u015fi a trecut mereu, f\u0103r\u0103 probleme, pragul electoral.<\/p>\n<\/div>\n<p> Source URL: https:\/\/www.digi24.ro\/stiri\/actualitate\/politica\/partidele-mici-lasate-pe-tusa-479388<\/p>\n","protected":false},"excerpt":{"rendered":"<p>Partidele care prin vot nu ar fi avut niciodat\u0103 o \u015fans\u0103 de a intra \u00een Parlament au fost folosite de greii politicii ca s\u0103 \u00ee\u015fi construiasc\u0103 o majoritate \u015fi s\u0103 ajung\u0103 la guvernare. De exemplu, UNPR a fost introdus \u00een Parlament, pe u\u015fa din dos, de social-democra\u0163i \u015fi, printr-o politic\u0103 agresiv\u0103 de racol\u0103ri, \u015fi-a dublat [&hellip;]<\/p>\n","protected":false},"author":1,"featured_media":168523,"comment_status":"open","ping_status":"","sticky":false,"template":"","format":"standard","meta":{"footnotes":""},"categories":[2],"tags":[11],"class_list":["post-168522","post","type-post","status-publish","format-standard","has-post-thumbnail","hentry","category-politics","tag-digi24"],"_links":{"self":[{"href":"https:\/\/analyse.optim.biz\/index.php?rest_route=\/wp\/v2\/posts\/168522","targetHints":{"allow":["GET"]}}],"collection":[{"href":"https:\/\/analyse.optim.biz\/index.php?rest_route=\/wp\/v2\/posts"}],"about":[{"href":"https:\/\/analyse.optim.biz\/index.php?rest_route=\/wp\/v2\/types\/post"}],"author":[{"embeddable":true,"href":"https:\/\/analyse.optim.biz\/index.php?rest_route=\/wp\/v2\/users\/1"}],"replies":[{"embeddable":true,"href":"https:\/\/analyse.optim.biz\/index.php?rest_route=%2Fwp%2Fv2%2Fcomments&post=168522"}],"version-history":[{"count":0,"href":"https:\/\/analyse.optim.biz\/index.php?rest_route=\/wp\/v2\/posts\/168522\/revisions"}],"wp:featuredmedia":[{"embeddable":true,"href":"https:\/\/analyse.optim.biz\/index.php?rest_route=\/wp\/v2\/media\/168523"}],"wp:attachment":[{"href":"https:\/\/analyse.optim.biz\/index.php?rest_route=%2Fwp%2Fv2%2Fmedia&parent=168522"}],"wp:term":[{"taxonomy":"category","embeddable":true,"href":"https:\/\/analyse.optim.biz\/index.php?rest_route=%2Fwp%2Fv2%2Fcategories&post=168522"},{"taxonomy":"post_tag","embeddable":true,"href":"https:\/\/analyse.optim.biz\/index.php?rest_route=%2Fwp%2Fv2%2Ftags&post=168522"}],"curies":[{"name":"wp","href":"https:\/\/api.w.org\/{rel}","templated":true}]}}