{"id":1685141,"date":"2026-01-27T19:59:46","date_gmt":"2026-01-27T16:59:46","guid":{"rendered":"https:\/\/analyse.optim.biz\/?p=1685141"},"modified":"2026-01-27T19:59:46","modified_gmt":"2026-01-27T16:59:46","slug":"pugni-in-testa-e-violenza-in-pieno-centro-a-bari-aggredito-il-nuovo-console-della-georgia-arrestato-37enne","status":"publish","type":"post","link":"https:\/\/analyse.optim.biz\/?p=1685141","title":{"rendered":"Pugni in testa e violenza in pieno centro a Bari: aggredito il nuovo console della Georgia, arrestato 37enne"},"content":{"rendered":"<article class=\"free-content\" id=\"content\">\n<header>\n<h1 class=\"titolo\">Pugni in testa e violenza in pieno centro a Bari: aggredito il nuovo console della Georgia, arrestato 37enne<\/h1>\n<h2 class=\"sottotitolo\">\u00c8 accaduto in via Vittorio Emanuele II<\/h2>\n<\/header>\n<div class=\"row\">\n<section id=\"main-content\" class=\"col-xs-8\">\n<figure class=\"main-photo\"><img decoding=\"async\" src=\"https:\/\/analyse.optim.biz\/wp-content\/uploads\/2026\/02\/9323477_27205912_pugni_violenza_aggressione_bari_nuovo_console_georgia_fermato_uomo_barese_cosa_sappiamo-1.jpg\" width height alt=\"Pugni in testa e violenza in pieno centro a Bari: aggredito il nuovo console della Georgia, arrestato 37enne\" title=\"Pugni in testa e violenza in pieno centro a Bari: aggredito il nuovo console della Georgia, arrestato 37enne\"><\/figure>\n<div class=\"info-container-top\">\n<div class=\"row middle-xs\">\n<div class=\"col-xs end-xs\"><span class=\"tempo\">2 Minuti di Lettura<\/span><\/div>\n<\/div>\n<\/div>\n<div class=\"info-container-bottom\">\n<div class=\"row middle-xs\">\n<div class=\"col-xs-8\">\n              marted\u00ec 27 gennaio 2026, 20:59                            <span class=\"last_agg\"> &#8211; Ultimo aggiornamento:<br \/>\n                  <b>28 gennaio, 19:57<\/b><\/span><\/div>\n<div class=\"col-xs\">\n<div class=\"share_bar_wrapper\">\n<div class=\"share-item share-box\">\n<ul>\n<li class=\"copy\">\n<li class=\"facebook\">\n<li class=\"twitter\">\n<li class=\"mail\">\n<li class=\"whatsapp\"><\/ul>\n<\/div>\n<\/div>\n<\/div>\n<\/div>\n<\/div>\n<div class=\"body-text\">\n<p><a href=\"http:\/\/quotidianodipuglia.it\/t\/aggredito\">Aggredito<\/a> a <a href=\"http:\/\/quotidianodipuglia.it\/t\/bari\">Bari<\/a> il console generale della <a href=\"http:\/\/quotidianodipuglia.it\/t\/georgia\">Georgia<\/a>. Il nuovo <a href=\"http:\/\/quotidianodipuglia.it\/t\/console\">console<\/a> generale della Georgia a <a href=\"http:\/\/quotidianodipuglia.it\/t\/bari\">Bari<\/a>, Irakli Koiava, \u00e8 stato aggredito nel pomeriggio di oggi mentre percorreva la centralissima via Vittorio Emanuele II. I primi ad intervenire sono stati gli agenti della polizia locale che hanno arrestato l&#8217;aggressore: si tratta di un un uomo di circa 37 anni, barese.<\/p>\n<aside class=\"slider-articoli-orizzontale in-article\">\n<div class=\"testatabox default\"><span>APPROFONDIMENTI<\/span><\/div>\n<div class=\"slider-items\" data-slidestoshow=\"3\" data-slidestoscroll=\"3\" data-slidedots data-slidearrows=\"1\">\n<article class=\"col-xs html_base_bottom   foggia \">\n<div class=\"item_content\">\n<figure class=\"medium\"><a href=\"http:\/\/quotidianodipuglia.it\/foggia\/puglia_dramma_porto_manfredonia_foggia_autista_morto_sul_lavoro_stroncato_malore-9323469.html\" title=\"Dramma al porto, autista muore sul lavoro stroncato da un malore\"><img loading=\"lazy\" decoding=\"async\" src=\"https:\/\/analyse.optim.biz\/wp-content\/uploads\/2026\/02\/9323469_27205001_puglia_dramma_porto_manfredonia_foggia_autista_morto_sul_lavoro_stroncato_malore.jpg\" title=\"Dramma al porto, autista muore sul lavoro stroncato da un malore\" width=\"264\" height=\"144\"><\/a><\/figure>\n<p><span class=\"testatina testatina-articolo\"><a href=\"http:\/\/quotidianodipuglia.it\/foggia\/puglia_dramma_porto_manfredonia_foggia_autista_morto_sul_lavoro_stroncato_malore-9323469.html\">LA TRAGEDIA <\/a><\/span><\/p>\n<div class=\"titolo\"><a href=\"http:\/\/quotidianodipuglia.it\/foggia\/puglia_dramma_porto_manfredonia_foggia_autista_morto_sul_lavoro_stroncato_malore-9323469.html\" title=\"Dramma al porto, autista muore sul lavoro stroncato da un malore\">Dramma al porto, autista muore sul lavoro stroncato da un malore<\/a><\/div>\n<\/div>\n<\/article>\n<article class=\"col-xs html_base_bottom   bari \">\n<div class=\"item_content\">\n<figure class=\"medium\"><a href=\"http:\/\/quotidianodipuglia.it\/bari\/bari_anomalia_tecnica_e_il_treno_si_ferma_ritardi_e_disagi-9323434.html\" title=\"Anomalia tecnica e il treno si ferma: ritardi e disagi\"><img loading=\"lazy\" decoding=\"async\" src=\"https:\/\/analyse.optim.biz\/wp-content\/uploads\/2026\/02\/9323434_27201045_impresa_ferroviaria.jpg\" title=\"Anomalia tecnica e il treno si ferma: ritardi e disagi\" width=\"264\" height=\"144\"><\/a><\/figure>\n<p><span class=\"testatina testatina-articolo\"><a href=\"http:\/\/quotidianodipuglia.it\/bari\/bari_anomalia_tecnica_e_il_treno_si_ferma_ritardi_e_disagi-9323434.html\">BARI<\/a><\/span><\/p>\n<div class=\"titolo\"><a href=\"http:\/\/quotidianodipuglia.it\/bari\/bari_anomalia_tecnica_e_il_treno_si_ferma_ritardi_e_disagi-9323434.html\" title=\"Anomalia tecnica e il treno si ferma: ritardi e disagi\">Anomalia tecnica e il treno si ferma: ritardi e disagi<\/a><\/div>\n<\/div>\n<\/article>\n<article class=\"col-xs html_base_bottom   lecce \">\n<div class=\"item_content\">\n<figure class=\"medium\"><a href=\"http:\/\/quotidianodipuglia.it\/lecce\/salento_contrabbando_tabacchi_256_chili_sigarette_arresto_giovane_21_anni_cosa_sappiamo-9323269.html\" title=\"Contrabbando di tabacchi, sequestrati oltre 256 chili di sigarette: nel Salento arrestato un 21enne\"><img loading=\"lazy\" decoding=\"async\" src=\"https:\/\/analyse.optim.biz\/wp-content\/uploads\/2026\/02\/9323269_27180300_salento_contrabbando_tabacchi_256_chili_sigarette_arresto_giovane_21_anni_cosa_sappiamo-2.jpg\" title=\"Contrabbando di tabacchi, sequestrati oltre 256 chili di sigarette: nel Salento arrestato un 21enne\" width=\"264\" height=\"144\"><\/a><\/figure>\n<p><span class=\"testatina testatina-articolo\"><a href=\"http:\/\/quotidianodipuglia.it\/lecce\/salento_contrabbando_tabacchi_256_chili_sigarette_arresto_giovane_21_anni_cosa_sappiamo-9323269.html\">SALENTO     <\/a><\/span><\/p>\n<div class=\"titolo\"><a href=\"http:\/\/quotidianodipuglia.it\/lecce\/salento_contrabbando_tabacchi_256_chili_sigarette_arresto_giovane_21_anni_cosa_sappiamo-9323269.html\" title=\"Contrabbando di tabacchi, sequestrati oltre 256 chili di sigarette: nel Salento arrestato un 21enne\">Contrabbando di tabacchi, sequestrati oltre 256 chili di sigarette: nel Salento arrestato un 21enne<\/a><\/div>\n<\/div>\n<\/article>\n<article class=\"col-xs html_base_bottom   bari \">\n<div class=\"item_content\">\n<figure class=\"medium\"><a href=\"http:\/\/quotidianodipuglia.it\/bari\/lavori_cantiere_impalcatura_sede_rai_bari_precipito_due_condanne_morte_operaio-9323234.html\" title=\"Precipit\u00f2 dall'impalcatura della sede Rai di Bari, due condanne per la morte dell'operaio\"><img loading=\"lazy\" decoding=\"async\" src=\"https:\/\/analyse.optim.biz\/wp-content\/uploads\/2026\/02\/9323234_27172925_lavori_cantiere_impalcatura_sede_rai_bari_precipito_due_condanne_morte_operaio.jpg\" title=\"Precipit\u00f2 dall'impalcatura della sede Rai di Bari, due condanne per la morte dell'operaio\" width=\"264\" height=\"144\"><\/a><\/figure>\n<p><span class=\"testatina testatina-articolo\"><a href=\"http:\/\/quotidianodipuglia.it\/bari\/lavori_cantiere_impalcatura_sede_rai_bari_precipito_due_condanne_morte_operaio-9323234.html\">BARI<\/a><\/span><\/p>\n<div class=\"titolo\"><a href=\"http:\/\/quotidianodipuglia.it\/bari\/lavori_cantiere_impalcatura_sede_rai_bari_precipito_due_condanne_morte_operaio-9323234.html\" title=\"Precipit\u00f2 dall'impalcatura della sede Rai di Bari, due condanne per la morte dell'operaio\">Precipit\u00f2 dall&#8217;impalcatura della sede Rai di Bari, due condanne per la morte dell&#8217;operaio<\/a><\/div>\n<\/div>\n<\/article>\n<article class=\"col-xs html_base_bottom   bari \">\n<div class=\"item_content\">\n<figure class=\"medium\"><a href=\"http:\/\/quotidianodipuglia.it\/bari\/modugno_inchiesta_bari_infiltrazioni_mafiose_bari_comune_sindaco_annuncia_non_mi_ricandido_cosa_ha_detto-9323050.html\" title=\"Inchiesta sulle infiltrazioni mafiose a Modugno, passo indietro del sindaco: \u00abNon mi ricandider\u00f2\u00bb\"><img loading=\"lazy\" decoding=\"async\" src=\"https:\/\/analyse.optim.biz\/wp-content\/uploads\/2026\/02\/9323050_27152327_progetto_senza_titolo_8_.jpg\" title=\"Inchiesta sulle infiltrazioni mafiose a Modugno, passo indietro del sindaco: \u00abNon mi ricandider\u00f2\u00bb\" width=\"264\" height=\"144\"><\/a><\/figure>\n<p><span class=\"testatina testatina-articolo\"><a href=\"http:\/\/quotidianodipuglia.it\/bari\/modugno_inchiesta_bari_infiltrazioni_mafiose_bari_comune_sindaco_annuncia_non_mi_ricandido_cosa_ha_detto-9323050.html\">BARI<\/a><\/span><\/p>\n<div class=\"titolo\"><a href=\"http:\/\/quotidianodipuglia.it\/bari\/modugno_inchiesta_bari_infiltrazioni_mafiose_bari_comune_sindaco_annuncia_non_mi_ricandido_cosa_ha_detto-9323050.html\" title=\"Inchiesta sulle infiltrazioni mafiose a Modugno, passo indietro del sindaco: \u00abNon mi ricandider\u00f2\u00bb\">Inchiesta sulle infiltrazioni mafiose a Modugno, passo indietro del sindaco: \u00abNon mi ricandider\u00f2\u00bb<\/a><\/div>\n<\/div>\n<\/article>\n<\/div>\n<\/aside>\n<h3>I fatti<\/h3>\n<p>La vittima non ha riportato ferite ma \u00e8 in stato di shock perch\u00e9 sorpresa alle spalle e colpita con diversi pugni alla nuca. Ora \u00e8 in ospedale per accertamenti. Il movente dell&#8217;aggressione \u00e8 ignoto. I poliziotti della Digos della questura di Bari, assieme agli agenti della Locale, stanno indagando per capire se quanto accaduto \u00e8 collegato al ruolo rivestito dalla vittima. \u00abEsprimo solidariet\u00e0 e vicinanza a nome della citt\u00e0 per l&#8217;aggressione subita dal console georgiano e ringrazio gli agenti polizia locale che hanno prontamente fermato l&#8217;aggressore. Attendiamo l&#8217;esito delle indagini per risalire alle motivazioni di questo vile gesto\u00bb, dichiara il sindaco di Bari, <a href=\"http:\/\/quotidianodipuglia.it\/t\/vito-leccese\">Vito Leccese<\/a>.<\/p>\n<h3>L&#8217;udienza davanti al gip<\/h3>\n<p>Domani mattina \u00e8 prevista l&#8217;udienza di convalida dinanzi alla gip del Tribunale di Bari, Ilaria Casu. <\/p>\n<p>Secondo quanto ricostruito finora dagli agenti della Digos della Questura barese, l&#8217;indagato, che ha precedenti, avrebbe sorpreso alle spalle la vittima colpendola con pugni alla nuca. Da accertare il movente dell&#8217;aggressione.    <\/p><\/div>\n<div class=\"wrap-box-end\">\n<div class=\"copy\">\n            \u00a9 RIPRODUZIONE RISERVATA\n            <\/div>\n<div class=\"item-options\">\n<div class=\"share_bar_wrapper\">\n<div class=\"share-item share-box\">\n<ul>\n<li class=\"copy\">\n<li class=\"facebook\">\n<li class=\"twitter\">\n<li class=\"mail\">\n<li class=\"whatsapp\"><\/ul>\n<\/div>\n<\/div>\n<\/div>\n<\/div>\n<aside class=\"area\">&#8216;;<br \/>\n        outbrainEl.insertAdjacentHTML(&#8220;afterBegin&#8221;, AdCodeOutbrain);<\/p>\n<p>        loadScript(&#8216;\/\/widgets.outbrain.com\/outbrain.js&#8217;, function(){<br \/>\n            \/\/ cerco il widget. Necessario se c&#8217;\u00e8 un&#8217;altro widget di Outbrain in pagina (es: inread)<br \/>\n            OBR.extern.researchWidget();<br \/>\n        });<br \/>\n    }<\/p>\n<p>    function AnnunciOutbrain(callback) {<br \/>\n        var outbrainDiv = document.getElementById(&#8216;outbrainWait&#8217;);<br \/>\n        \/\/ Verifica se l&#8217;elemento esiste<br \/>\n        if (outbrainDiv) {<br \/>\n            \/\/ Modifica l&#8217;id dell&#8217;elemento div<br \/>\n            outbrainDiv.id = &#8216;outbrain&#8217;;<br \/>\n        }<\/p>\n<p>                    var load_method = impostazioni_testata.outbrain.load_method || &#8216;first-interaction&#8217;;<\/p>\n<p>        var outbrainEl = document.getElementById(&#8216;outbrain&#8217;);<\/p>\n<p>        CED.log(&#8220;outbrain load_method:&#8221; + load_method);<\/p>\n<p>        if (load_method == &#8216;when-near-viewport&#8217;) {<\/p>\n<p>            \/\/ outbrain parte solo quando scrollando arriva abbastanza vicino alla viewport<br \/>\n            if (typeof callback === &#8220;function&#8221;) {<\/p>\n<p>                \/\/ Listen for the scroll event<br \/>\n                \/\/document.addEventListener(&#8216;scroll&#8217;, onScroll(outbrainEl,callback), false);<br \/>\n                CedsWNV.watch(outbrainEl, callback, {<br \/>\n                    checkInterval: 300,<br \/>\n                    offset: 500<br \/>\n                });<\/p>\n<p>                \/*devo chiamare la funzione con argomenti e variabili *\/<br \/>\n            }<\/p>\n<p>        } else {<br \/>\n            \/\/ DEFAULT: outbrain parte alla prima interazione o dopo il timeout inattivit\u00e0<br \/>\n            _waitOnceFor(load_method, callback);<br \/>\n        }<br \/>\n    }<\/p>\n<p>            AnnunciOutbrain(WidgetOutbrainTag);<\/p>\n<div id=\"correlati-verticali\">\n<div class=\"testatabox default\">\n<h3>POTREBBE INTERESSARTI ANCHE<\/h3>\n<\/div>\n<div class=\"strip-2-bottom listing\">\n<div class=\"row\">\n<article class=\"col-xs-6 html_base_bottom   lecce \">\n<div class=\"item_content\">\n<figure class=\"medium\"><a href=\"http:\/\/quotidianodipuglia.it\/lecce\/lecce_aggressione_anziano_cosa_e_successo-9327316.html\" title=\"Chiede soldi e sferra un pugno a un 86enne: choc a Lecce, anziano finisce in ospedale e aggressore arrestato\"><img loading=\"lazy\" decoding=\"async\" src=\"https:\/\/analyse.optim.biz\/wp-content\/uploads\/2026\/02\/9327316_29133443_lecce_aggressione_anziano_cosa_e_successo-3.jpg\" title=\"Chiede soldi e sferra un pugno a un 86enne: choc a Lecce, anziano finisce in ospedale e aggressore arrestato\" width=\"404\" height=\"221\"><\/a><\/figure>\n<p><span class=\"testatina testatina-articolo\"><a href=\"http:\/\/quotidianodipuglia.it\/lecce\/lecce_aggressione_anziano_cosa_e_successo-9327316.html\">LECCE<\/a><\/span><\/p>\n<div class=\"titolo\"><a href=\"http:\/\/quotidianodipuglia.it\/lecce\/lecce_aggressione_anziano_cosa_e_successo-9327316.html\" class=\"ml_primary_link\">Chiede soldi e sferra un pugno a un 86enne: choc a Lecce, anziano finisce in ospedale e aggressore arrestato<\/a><\/div>\n<\/div>\n<\/article>\n<article class=\"col-xs-6 html_base_bottom   bari \">\n<div class=\"item_content\">\n<figure class=\"medium\"><a href=\"http:\/\/quotidianodipuglia.it\/bari\/bari_aggressione_console_georgia_arresto-9323477.html\" title=\"Pugni in testa e violenza in centro a Bari: aggredito il nuovo console della Georgia, arrestato 37enne\"><img loading=\"lazy\" decoding=\"async\" src=\"https:\/\/analyse.optim.biz\/wp-content\/uploads\/2026\/02\/9323477_27205912_pugni_violenza_aggressione_bari_nuovo_console_georgia_fermato_uomo_barese_cosa_sappiamo-2.jpg\" title=\"Pugni in testa e violenza in centro a Bari: aggredito il nuovo console della Georgia, arrestato 37enne\" width=\"404\" height=\"221\"><\/a><\/figure>\n<p><span class=\"testatina testatina-articolo\"><a href=\"http:\/\/quotidianodipuglia.it\/bari\/bari_aggressione_console_georgia_arresto-9323477.html\">IL CASO <\/a><\/span><\/p>\n<div class=\"titolo\"><a href=\"http:\/\/quotidianodipuglia.it\/bari\/bari_aggressione_console_georgia_arresto-9323477.html\" class=\"ml_primary_link\">Pugni in testa e violenza in centro a Bari: aggredito il nuovo console della Georgia, arrestato 37enne<\/a><\/div>\n<\/div>\n<\/article>\n<article class=\"col-xs-6 html_base_bottom   taranto \">\n<div class=\"item_content\">\n<figure class=\"medium\"><a href=\"http:\/\/quotidianodipuglia.it\/taranto\/taranto_lite_negozio_sfocia_violenza_uomo_ferito_testa_colpo_bottiglietta_ricerche_aggressore_cosa_sappiamo-9319396.html\" title=\"La lite nel negozio sfocia in violenza: un uomo ferito alla testa con una bottiglietta. Caccia all'aggressore\"><img loading=\"lazy\" decoding=\"async\" src=\"https:\/\/analyse.optim.biz\/wp-content\/uploads\/2026\/02\/9319396_25190547_taranto_lite_negozio_sfocia_violenza_uomo_ferito_testa_colpo_bottiglietta_ricerche_aggressore_cosa_sappiamo-1.jpg\" title=\"La lite nel negozio sfocia in violenza: un uomo ferito alla testa con una bottiglietta. Caccia all'aggressore\" width=\"404\" height=\"221\"><\/a><\/figure>\n<p><span class=\"testatina testatina-articolo\"><a href=\"http:\/\/quotidianodipuglia.it\/taranto\/taranto_lite_negozio_sfocia_violenza_uomo_ferito_testa_colpo_bottiglietta_ricerche_aggressore_cosa_sappiamo-9319396.html\">TARANTO<\/a><\/span><\/p>\n<div class=\"titolo\"><a href=\"http:\/\/quotidianodipuglia.it\/taranto\/taranto_lite_negozio_sfocia_violenza_uomo_ferito_testa_colpo_bottiglietta_ricerche_aggressore_cosa_sappiamo-9319396.html\" class=\"ml_primary_link\">La lite nel negozio sfocia in violenza: un uomo ferito alla testa con una bottiglietta. Caccia all&#8217;aggressore<\/a><\/div>\n<\/div>\n<\/article>\n<article class=\"col-xs-6 html_base_bottom   taranto \">\n<div class=\"item_content\">\n<figure class=\"medium\"><a href=\"http:\/\/quotidianodipuglia.it\/taranto\/omicidio_tarantino_ucciso_giovane_massafra_fermo-9292983.html\" title=\"La lite e poi le coltellate, ucciso un giovane di 25 anni. Preso il responsabile\"><img loading=\"lazy\" decoding=\"async\" src=\"https:\/\/analyse.optim.biz\/wp-content\/uploads\/2026\/02\/9292983_12112308_omicidio_massafra.jpg\" title=\"La lite e poi le coltellate, ucciso un giovane di 25 anni. Preso il responsabile\" width=\"404\" height=\"221\"><\/a><\/figure>\n<p><span class=\"testatina testatina-articolo\"><a href=\"http:\/\/quotidianodipuglia.it\/taranto\/omicidio_tarantino_ucciso_giovane_massafra_fermo-9292983.html\">TARANTO<\/a><\/span><\/p>\n<div class=\"titolo\"><a href=\"http:\/\/quotidianodipuglia.it\/taranto\/omicidio_tarantino_ucciso_giovane_massafra_fermo-9292983.html\" class=\"ml_primary_link\">La lite e poi le coltellate, ucciso un giovane di 25 anni. Preso il responsabile<\/a><\/div>\n<\/div>\n<\/article>\n<article class=\"col-xs-6 html_base_bottom   lecce \">\n<div class=\"item_content\">\n<figure class=\"medium\"><a href=\"http:\/\/quotidianodipuglia.it\/lecce\/lecce_ragazzina_aggredita_movida_tatuaggio_gelosia_cosa_e_successo_denuncia-9280345.html\" title=\"Un Tik Tok sul tatuaggio scatena la gelosia: 17enne picchiata da due coetanee\"><img loading=\"lazy\" decoding=\"async\" src=\"https:\/\/analyse.optim.biz\/wp-content\/uploads\/2026\/02\/9280345_05181045_onecms_1j7ydjzav09lhbwsea7_10dse88bjls.jpg\" title=\"Un Tik Tok sul tatuaggio scatena la gelosia: 17enne picchiata da due coetanee\" width=\"404\" height=\"221\"><\/a><\/figure>\n<p><span class=\"testatina testatina-articolo\"><a href=\"http:\/\/quotidianodipuglia.it\/lecce\/lecce_ragazzina_aggredita_movida_tatuaggio_gelosia_cosa_e_successo_denuncia-9280345.html\">LECCE<\/a><\/span><\/p>\n<div class=\"titolo\"><a href=\"http:\/\/quotidianodipuglia.it\/lecce\/lecce_ragazzina_aggredita_movida_tatuaggio_gelosia_cosa_e_successo_denuncia-9280345.html\" class=\"ml_primary_link\">Un Tik Tok sul tatuaggio scatena la gelosia: 17enne picchiata da due coetanee<\/a><\/div>\n<\/div>\n<\/article>\n<article class=\"col-xs-6 html_base_bottom   lecce \">\n<div class=\"item_content\">\n<figure class=\"medium\"><a href=\"http:\/\/quotidianodipuglia.it\/lecce\/salento_ospedale_casarano_notte_di_natale_movimentata_pronto_soccorso_infermiere_aggredite-9264264.html\" title=\"Pronto soccorso, notte di Natale all'insegna della violenza: aggredite due infermiere\"><img loading=\"lazy\" decoding=\"async\" src=\"https:\/\/analyse.optim.biz\/wp-content\/uploads\/2026\/02\/9264264_25171907_img_5467.jpg\" title=\"Pronto soccorso, notte di Natale all'insegna della violenza: aggredite due infermiere\" width=\"404\" height=\"221\"><\/a><\/figure>\n<p><span class=\"testatina testatina-articolo\"><a href=\"http:\/\/quotidianodipuglia.it\/lecce\/salento_ospedale_casarano_notte_di_natale_movimentata_pronto_soccorso_infermiere_aggredite-9264264.html\">SALENTO <\/a><\/span><\/p>\n<div class=\"titolo\"><a href=\"http:\/\/quotidianodipuglia.it\/lecce\/salento_ospedale_casarano_notte_di_natale_movimentata_pronto_soccorso_infermiere_aggredite-9264264.html\" class=\"ml_primary_link\">Pronto soccorso, notte di Natale all&#8217;insegna della violenza: aggredite due infermiere<\/a><\/div>\n<p><span class=\"firma\"><span>di Pierangelo TEMPESTA<\/span><\/span><\/div>\n<\/article>\n<article class=\"col-xs-6 html_base_bottom   taranto \">\n<div class=\"item_content\">\n<figure class=\"medium\"><a href=\"http:\/\/quotidianodipuglia.it\/taranto\/taranto_aggressione_rapina_due_giovani_arrestati_cosa_sappiamo-9262040.html\" title=\"Aggrediscono un giovane per rapinarlo, arrestati a due giovani\"><img loading=\"lazy\" decoding=\"async\" src=\"https:\/\/analyse.optim.biz\/wp-content\/uploads\/2026\/02\/9262040_23162056_taranto_aggressione_rapina_due_giovani_arrestati_cosa_sappiamo.jpg\" title=\"Aggrediscono un giovane per rapinarlo, arrestati a due giovani\" width=\"404\" height=\"221\"><\/a><\/figure>\n<p><span class=\"testatina testatina-articolo\"><a href=\"http:\/\/quotidianodipuglia.it\/taranto\/taranto_aggressione_rapina_due_giovani_arrestati_cosa_sappiamo-9262040.html\">TARANTO<\/a><\/span><\/p>\n<div class=\"titolo\"><a href=\"http:\/\/quotidianodipuglia.it\/taranto\/taranto_aggressione_rapina_due_giovani_arrestati_cosa_sappiamo-9262040.html\" class=\"ml_primary_link\">Aggrediscono un giovane per rapinarlo, arrestati a due giovani<\/a><\/div>\n<\/div>\n<\/article>\n<article class=\"col-xs-6 html_base_bottom   taranto \">\n<div class=\"item_content\">\n<figure class=\"medium\"><a href=\"http:\/\/quotidianodipuglia.it\/taranto\/lite_aggressione_accoltellamento_porto_taranto_ferito_cosa_sappiamo-9258275.html\" title=\"La lite sfocia nel sangue: 40enne accoltellato vicino al porto\"><img loading=\"lazy\" decoding=\"async\" src=\"https:\/\/analyse.optim.biz\/wp-content\/uploads\/2026\/02\/9258275_21120027_lite_aggressione_accoltellamento_porto_taranto_ferito_cosa_sappiamo.jpg\" title=\"La lite sfocia nel sangue: 40enne accoltellato vicino al porto\" width=\"404\" height=\"221\"><\/a><\/figure>\n<p><span class=\"testatina testatina-articolo\"><a href=\"http:\/\/quotidianodipuglia.it\/taranto\/lite_aggressione_accoltellamento_porto_taranto_ferito_cosa_sappiamo-9258275.html\">TARANTO<\/a><\/span><\/p>\n<div class=\"titolo\"><a href=\"http:\/\/quotidianodipuglia.it\/taranto\/lite_aggressione_accoltellamento_porto_taranto_ferito_cosa_sappiamo-9258275.html\" class=\"ml_primary_link\">La lite sfocia nel sangue: 40enne accoltellato vicino al porto<\/a><\/div>\n<\/div>\n<\/article>\n<article class=\"col-xs-6 html_base_bottom   bari \">\n<div class=\"item_content\">\n<figure class=\"medium\"><a href=\"http:\/\/quotidianodipuglia.it\/bari\/asl_bari_aggressione_medico-9241339.html\" title=\"Bitonto, aggressione nel distretto Asl: impiegato fratturato, indagine interna su un medico\"><img loading=\"lazy\" decoding=\"async\" src=\"https:\/\/analyse.optim.biz\/wp-content\/uploads\/2026\/02\/9241339_12120144_asl_bari_aggressione_medico.jpg\" title=\"Bitonto, aggressione nel distretto Asl: impiegato fratturato, indagine interna su un medico\" width=\"404\" height=\"221\"><\/a><\/figure>\n<p><span class=\"testatina testatina-articolo\"><a href=\"http:\/\/quotidianodipuglia.it\/bari\/asl_bari_aggressione_medico-9241339.html\">BARI<\/a><\/span><\/p>\n<div class=\"titolo\"><a href=\"http:\/\/quotidianodipuglia.it\/bari\/asl_bari_aggressione_medico-9241339.html\" class=\"ml_primary_link\">Bitonto, aggressione nel distretto Asl: impiegato fratturato, indagine interna su un medico<\/a><\/div>\n<\/div>\n<\/article>\n<article class=\"col-xs-6 html_base_bottom   bari \">\n<div class=\"item_content\">\n<figure class=\"medium\"><a href=\"http:\/\/quotidianodipuglia.it\/bari\/tenta_aggredire_ex_compagna_capotreno_eroe_evita_peggio-9239161.html\" title=\"Tenta di aggredire l\u2019ex compagna davanti alla figlia, il capotreno evita il peggio. La bimba: \u00abSei un eroe\u00bb\"><img loading=\"lazy\" decoding=\"async\" src=\"https:\/\/analyse.optim.biz\/wp-content\/uploads\/2026\/02\/9239161_11080911_treno_960x540.jpg\" title=\"Tenta di aggredire l\u2019ex compagna davanti alla figlia, il capotreno evita il peggio. La bimba: \u00abSei un eroe\u00bb\" width=\"404\" height=\"221\"><\/a><\/figure>\n<p><span class=\"testatina testatina-articolo\"><a href=\"http:\/\/quotidianodipuglia.it\/bari\/tenta_aggredire_ex_compagna_capotreno_eroe_evita_peggio-9239161.html\">BARI<\/a><\/span><\/p>\n<div class=\"titolo\"><a href=\"http:\/\/quotidianodipuglia.it\/bari\/tenta_aggredire_ex_compagna_capotreno_eroe_evita_peggio-9239161.html\" class=\"ml_primary_link\">Tenta di aggredire l\u2019ex compagna davanti alla figlia, il capotreno evita il peggio. La bimba: \u00abSei un eroe\u00bb<\/a><\/div>\n<\/div>\n<\/article>\n<\/div>\n<\/div>\n<\/div>\n<\/aside>\n<\/section>\n<\/div>\n<aside id=\"right-rail\" class=\"col-xs-4\">\n<div id=\"right-content\">\n<div class=\"area right\">\n<div class=\"area right_articolo\" data-id=\"445\" data-nome=\"Right Articolo (generico) 2022\">\n<div class=\"strip-1-x-video box-tv\" data-strip-id=\"77165\">\n<div class=\"strip-1-video_player\">\n<div class=\"row\">\n<article class=\"col-xs-12 html_base_bottom  video sport \">\n<div class=\"item_content video\">\n<div class=\"embed_video\">\n<div class=\"jw_embed\" data-mediaid=\"vHgoHtF1\" data-disable_video_float_on_non_adv_content=\"cedjs-dynamic\" data-autostart=\"true\" data-related='{\"oncomplete\":\"show\"}' data-mute=\"true\" data-adv_always_floating=\"false\"><img loading=\"lazy\" decoding=\"async\" src=\"https:\/\/analyse.optim.biz\/wp-content\/uploads\/2026\/02\/video-118.svg\" width=\"340\" height=\"180\" alt=\"Video\" title=\"video-118\"><\/div>\n<\/div>\n<div class=\"titolo\"><a href=\"http:\/\/quotidianodipuglia.it\/video\/sport\/cce_lsb_lecce_pall_a9_nardo_68_67-9278426.html\" class=\"ml_primary_link\">Cce Lsb Lecce-Pall. A9 Nard\u00f2 68-67<\/a><\/div>\n<\/div>\n<\/article>\n<\/div>\n<\/div>\n<div class=\"strip-1-square listing\">\n<div class=\"row\">\n<article class=\"col-xs-12 html_base_square  video \">\n<div class=\"item_content\">\n<div class=\"row\">\n<div class=\"col-xs valign__content\">\n<div class=\"square___content\">\n<figure class=\"thumbnail\"><a href=\"http:\/\/quotidianodipuglia.it\/video\/guyana_calabria_campania_prime_in_ue_per_rischio_poverta-9135288.html\" title=\"Guyana, Calabria, Campania prime in Ue per rischio povert\u00e0\"><img loading=\"lazy\" decoding=\"async\" src=\"https:\/\/analyse.optim.biz\/wp-content\/uploads\/2026\/02\/9135288_poster-75.jpg\" title=\"Guyana, Calabria, Campania prime in Ue per rischio povert\u00e0\" width=\"64\" height=\"64\"><\/a><\/figure>\n<\/div>\n<div class=\"valign\">\n<div class=\"titolo\"><a href=\"http:\/\/quotidianodipuglia.it\/video\/guyana_calabria_campania_prime_in_ue_per_rischio_poverta-9135288.html\" class=\"ml_primary_link\">Guyana, Calabria, Campania prime in Ue per rischio povert\u00e0<\/a><\/div>\n<\/div>\n<\/div>\n<\/div>\n<\/div>\n<\/article>\n<article class=\"col-xs-12 html_base_square  video \">\n<div class=\"item_content\">\n<div class=\"row\">\n<div class=\"col-xs valign__content\">\n<div class=\"square___content\">\n<figure class=\"thumbnail\"><a href=\"http:\/\/quotidianodipuglia.it\/video\/storie_italiane_il_racconto_di_mario_ermito-9105224.html\" title=\"Storie Italiane, il racconto di Mario Ermito\"><img loading=\"lazy\" decoding=\"async\" src=\"https:\/\/analyse.optim.biz\/wp-content\/uploads\/2026\/02\/9105224_poster-72.jpg\" title=\"Storie Italiane, il racconto di Mario Ermito\" width=\"64\" height=\"64\"><\/a><\/figure>\n<\/div>\n<div class=\"valign\">\n<div class=\"titolo\"><a href=\"http:\/\/quotidianodipuglia.it\/video\/storie_italiane_il_racconto_di_mario_ermito-9105224.html\" class=\"ml_primary_link\">Storie Italiane, il racconto di Mario Ermito<\/a><\/div>\n<\/div>\n<\/div>\n<\/div>\n<\/div>\n<\/article>\n<article class=\"col-xs-12 html_base_square  video \">\n<div class=\"item_content\">\n<div class=\"row\">\n<div class=\"col-xs valign__content\">\n<div class=\"square___content\">\n<figure class=\"thumbnail\"><a href=\"http:\/\/quotidianodipuglia.it\/video\/lecce_protocollo_scuola_istituzioni_prefettura-9089424.html\" title=\"\u00abL'autismo non \u00e8 solo una diagnosi, \u00e8 un modo diverso di percepire il mondo\u00bb, il commovente messaggio di Emma\"><img loading=\"lazy\" decoding=\"async\" src=\"https:\/\/analyse.optim.biz\/wp-content\/uploads\/2026\/02\/9089424_25191819_myfilename-74.jpg\" title=\"\u00abL'autismo non \u00e8 solo una diagnosi, \u00e8 un modo diverso di percepire il mondo\u00bb, il commovente messaggio di Emma\" width=\"64\" height=\"64\"><\/a><\/figure>\n<\/div>\n<div class=\"valign\">\n<div class=\"titolo\"><a href=\"http:\/\/quotidianodipuglia.it\/video\/lecce_protocollo_scuola_istituzioni_prefettura-9089424.html\" class=\"ml_primary_link\">\u00abL&#8217;autismo non \u00e8 solo una diagnosi, \u00e8 un modo diverso di percepire il mondo\u00bb, il commovente messaggio di Emma<\/a><\/div>\n<\/div>\n<\/div>\n<\/div>\n<\/div>\n<\/article>\n<\/div>\n<\/div>\n<\/div>\n<div class=\"strip-combo \">\n<div class=\"testatabox default sinistra  bari\">\n<h3 class=\"bari\">Della stessa sezione<\/h3>\n<\/div>\n<div class=\"strip-1-bottom principale\">\n<div class=\"row\">\n<article class=\"col-xs-12 html_base_bottom   bari \">\n<div class=\"item_content\">\n<figure class=\"medium\"><a href=\"http:\/\/quotidianodipuglia.it\/bari\/bari_piazza_aldo_moro_stazione_cantiere_lavori-9331780.html\" title=\"Bari, Piazza Moro \u00e8 ancora un cantiere. Solo a marzo via alla seconda fase\"><img decoding=\"async\" src=\"https:\/\/analyse.optim.biz\/wp-content\/uploads\/2026\/02\/9331780_obj65171420_1-14.jpg\" title=\"Bari, Piazza Moro \u00e8 ancora un cantiere. Solo a marzo via alla seconda fase\" width=\"-16\" height=\"-9\"><\/a><\/figure>\n<p><span class=\"testatina testatina-articolo\"><a href=\"http:\/\/quotidianodipuglia.it\/bari\/bari_piazza_aldo_moro_stazione_cantiere_lavori-9331780.html\">BARI<\/a><\/span><\/p>\n<div class=\"titolo\"><a href=\"http:\/\/quotidianodipuglia.it\/bari\/bari_piazza_aldo_moro_stazione_cantiere_lavori-9331780.html\" class=\"ml_primary_link\">Bari, Piazza Moro \u00e8 ancora un cantiere. Solo a marzo via alla seconda fase<\/a><\/div>\n<p><span class=\"firma\"><span>di Elga MONTANI<\/span><\/span><\/div>\n<\/article>\n<\/div>\n<\/div>\n<div class=\"strip-1-square seconda listing\">\n<div class=\"row\">\n<article class=\"col-xs-12 html_base_square  bari \">\n<div class=\"item_content\">\n<div class=\"row\">\n<div class=\"col-xs valign__content\">\n<div class=\"square___content\">\n<figure class=\"thumbnail\"><a href=\"http:\/\/quotidianodipuglia.it\/bari\/adelfia_esplosione_bombola_gas_palazzo_crollato_incendio_testimonianze_vicini-9331498.html\" title=\"L'esplosione, poi l'incendio e il crollo. Le testimonianze dei vicini: \u00abSentivamo urlare, fiamme troppe alte per entrare\u00bb\"><img loading=\"lazy\" decoding=\"async\" src=\"https:\/\/analyse.optim.biz\/wp-content\/uploads\/2026\/02\/9331498_31163311_whatsapp_image_2026_01_31_at_16-14-35-13.jpg\" title=\"L'esplosione, poi l'incendio e il crollo. Le testimonianze dei vicini: \u00abSentivamo urlare, fiamme troppe alte per entrare\u00bb\" width=\"64\" height=\"64\"><\/a><\/figure>\n<\/div>\n<div class=\"valign\"><span class=\"testatina testatina-articolo\"><a href=\"http:\/\/quotidianodipuglia.it\/bari\/adelfia_esplosione_bombola_gas_palazzo_crollato_incendio_testimonianze_vicini-9331498.html\">BARI<\/a><\/span><\/p>\n<div class=\"titolo\"><a href=\"http:\/\/quotidianodipuglia.it\/bari\/adelfia_esplosione_bombola_gas_palazzo_crollato_incendio_testimonianze_vicini-9331498.html\" class=\"ml_primary_link\">L&#8217;esplosione, poi l&#8217;incendio e il crollo. Le testimonianze dei vicini: \u00abSentivamo urlare, fiamme troppe alte per entrare\u00bb<\/a><\/div>\n<\/div>\n<\/div>\n<\/div>\n<\/div>\n<\/article>\n<article class=\"col-xs-12 html_base_square  bari \">\n<div class=\"item_content\">\n<div class=\"row\">\n<div class=\"col-xs valign__content\">\n<div class=\"square___content\">\n<figure class=\"thumbnail\"><a href=\"http:\/\/quotidianodipuglia.it\/bari\/adelfia_esplode_bombola_gas_crolla_edificio_due_morti-9331384.html\" title=\"Esplode una bombola di gas, crolla un edificio: due morti\"><img loading=\"lazy\" decoding=\"async\" src=\"https:\/\/analyse.optim.biz\/wp-content\/uploads\/2026\/02\/9331384_31193545_progetto_senza_titolo_76_-15.jpg\" title=\"Esplode una bombola di gas, crolla un edificio: due morti\" width=\"64\" height=\"64\"><\/a><\/figure>\n<\/div>\n<div class=\"valign\"><span class=\"testatina testatina-articolo\"><a href=\"http:\/\/quotidianodipuglia.it\/bari\/adelfia_esplode_bombola_gas_crolla_edificio_due_morti-9331384.html\">BARI<\/a><\/span><\/p>\n<div class=\"titolo\"><a href=\"http:\/\/quotidianodipuglia.it\/bari\/adelfia_esplode_bombola_gas_crolla_edificio_due_morti-9331384.html\" class=\"ml_primary_link\">Esplode una bombola di gas, crolla un edificio: due morti<\/a><\/div>\n<\/div>\n<\/div>\n<\/div>\n<\/div>\n<\/article>\n<article class=\"col-xs-12 html_base_square  bari \">\n<div class=\"item_content\">\n<div class=\"row\">\n<div class=\"col-xs valign__content\">\n<div class=\"square___content\">\n<figure class=\"thumbnail\"><a href=\"http:\/\/quotidianodipuglia.it\/bari\/apertura_anno_giudiziario_lecce_bari_allarme_magistrati_contro_riforma_rischio_autonomia_cosa_sappiamo-9331230.html\" title=\"Apertura dell'anno giudiziario a Bari e Lecce, attacco dei magistrati: \u00abDa mani libere a mani pulite \u00e8 un attimo\u00bb. Sisto contestato: \u00abBasta\u00bb\"><img loading=\"lazy\" decoding=\"async\" src=\"https:\/\/analyse.optim.biz\/wp-content\/uploads\/2026\/02\/9331230_31105121_progetto_senza_titolo_11_-25.jpg\" title=\"Apertura dell'anno giudiziario a Bari e Lecce, attacco dei magistrati: \u00abDa mani libere a mani pulite \u00e8 un attimo\u00bb. Sisto contestato: \u00abBasta\u00bb\" width=\"64\" height=\"64\"><\/a><\/figure>\n<\/div>\n<div class=\"valign\"><span class=\"testatina testatina-articolo\"><a href=\"http:\/\/quotidianodipuglia.it\/bari\/apertura_anno_giudiziario_lecce_bari_allarme_magistrati_contro_riforma_rischio_autonomia_cosa_sappiamo-9331230.html\">LA CERIMONIA <\/a><\/span><\/p>\n<div class=\"titolo\"><a href=\"http:\/\/quotidianodipuglia.it\/bari\/apertura_anno_giudiziario_lecce_bari_allarme_magistrati_contro_riforma_rischio_autonomia_cosa_sappiamo-9331230.html\" class=\"ml_primary_link\">Apertura dell&#8217;anno giudiziario a Bari e Lecce, attacco dei magistrati: \u00abDa mani libere a mani pulite \u00e8 un attimo\u00bb. Sisto contestato: \u00abBasta\u00bb<\/a><\/div>\n<p><span class=\"firma\"><span>di Roberta GRASSI e Francesca SORRENTINO<\/span><\/span><\/div>\n<\/div>\n<\/div>\n<\/div>\n<\/article>\n<article class=\"col-xs-12 html_base_square  bari \">\n<div class=\"item_content\">\n<div class=\"row\">\n<div class=\"col-xs valign__content\">\n<div class=\"square___content\">\n<figure class=\"thumbnail\"><a href=\"http:\/\/quotidianodipuglia.it\/bari\/urina_davanti_portone_chiesa_redentore_bari_video_esplode_polemica_decoro_urbano-9331383.html\" title=\"Un uomo urina sul portone della chiesa del Redentore: esplode la polemica sul decoro urbano\"><img loading=\"lazy\" decoding=\"async\" src=\"https:\/\/analyse.optim.biz\/wp-content\/uploads\/2026\/02\/9331383_31144406_urina_davanti_portone_chiesa_redentore_bari_video_esplode_polemica_decoro_urbano-15.jpg\" title=\"Un uomo urina sul portone della chiesa del Redentore: esplode la polemica sul decoro urbano\" width=\"64\" height=\"64\"><\/a><\/figure>\n<\/div>\n<div class=\"valign\"><span class=\"testatina testatina-articolo\"><a href=\"http:\/\/quotidianodipuglia.it\/bari\/urina_davanti_portone_chiesa_redentore_bari_video_esplode_polemica_decoro_urbano-9331383.html\">BARI<\/a><\/span><\/p>\n<div class=\"titolo\"><a href=\"http:\/\/quotidianodipuglia.it\/bari\/urina_davanti_portone_chiesa_redentore_bari_video_esplode_polemica_decoro_urbano-9331383.html\" class=\"ml_primary_link\">Un uomo urina sul portone della chiesa del Redentore: esplode la polemica sul decoro urbano<\/a><\/div>\n<\/div>\n<\/div>\n<\/div>\n<\/div>\n<\/article>\n<\/div>\n<\/div>\n<\/div>\n<div class=\"strip-1-square listing strip_moltofood_flexible  quotidianodipuglia\">\n<div class=\"testatabox testatina-box grande moltofood default\">\n<h3><a href=\"https:\/\/www.moltofood.it\" target=\"_blank\" title=\"moltofood.it\"><img loading=\"lazy\" decoding=\"async\" src=\"https:\/\/analyse.optim.biz\/wp-content\/uploads\/2026\/02\/moltofood-73.svg\" width=\"140\" height=\"20\" title=\"moltofood-73\"><\/a><\/h3>\n<\/div>\n<div class=\"row \">\n<article class=\"col-xs-12 html_base_square\">\n<div class=\"item_content\">\n<div class=\"row\">\n<div class=\"square___content\">\n<figure><a href=\"https:\/\/www.moltofood.it\/schiacciata-ripiena-senza-lievito-ricetta\/?utm_source=quotidianodipuglia&amp;utm_medium=strip_moltofood_flexible&amp;utm_campaign=right_articolo\" target=\"_blank\" title=\"Schiacciata ripiena, la ricetta scrocchiarella e senza lievito\"><img decoding=\"async\" src=\"https:\/\/analyse.optim.biz\/wp-content\/uploads\/2026\/02\/schiacciata-ripiena-1-150x150-127.jpg\" title=\"Schiacciata ripiena, la ricetta scrocchiarella e senza lievito\"><\/a><\/figure>\n<\/div>\n<div class=\"col-xs valign__content\">\n<div class=\"valign\"><span class=\"testatina testatina-articolo\"><a href=\"https:\/\/www.moltofood.it\/schiacciata-ripiena-senza-lievito-ricetta\/?utm_source=quotidianodipuglia&amp;utm_medium=strip_moltofood_flexible&amp;utm_campaign=right_articolo\"><br \/>\n                                                Piatti unici                                                <\/a><\/span><\/p>\n<h2 class=\"titolo\"><a href=\"https:\/\/www.moltofood.it\/schiacciata-ripiena-senza-lievito-ricetta\/?utm_source=quotidianodipuglia&amp;utm_medium=strip_moltofood_flexible&amp;utm_campaign=right_articolo\" title=\"Schiacciata ripiena, la ricetta scrocchiarella e senza lievito\" target=\"_blank\">Schiacciata ripiena, la ricetta scrocchiarella e senza lievito<\/a><\/h2>\n<p><span class=\"firma\">di Margherita Catalani<\/span><\/div>\n<\/div>\n<\/div>\n<\/div>\n<\/article>\n<article class=\"col-xs-12 html_base_square\">\n<div class=\"item_content\">\n<div class=\"row\">\n<div class=\"square___content\">\n<figure><a href=\"https:\/\/www.moltofood.it\/granola-in-friggitrice-ad-aria-ricetta\/?utm_source=quotidianodipuglia&amp;utm_medium=strip_moltofood_flexible&amp;utm_campaign=right_articolo\" target=\"_blank\" title=\"Granola in friggitrice ad aria: veloce, pratica e super versatile\"><img decoding=\"async\" src=\"https:\/\/analyse.optim.biz\/wp-content\/uploads\/2026\/02\/granolacottainfriggitriceadaria_copertina-150x150-3-80.jpeg\" title=\"Granola in friggitrice ad aria: veloce, pratica e super versatile\"><\/a><\/figure>\n<\/div>\n<div class=\"col-xs valign__content\">\n<div class=\"valign\"><span class=\"testatina testatina-articolo\"><a href=\"https:\/\/www.moltofood.it\/granola-in-friggitrice-ad-aria-ricetta\/?utm_source=quotidianodipuglia&amp;utm_medium=strip_moltofood_flexible&amp;utm_campaign=right_articolo\"><br \/>\n                                                Dolci                                                <\/a><\/span><\/p>\n<h2 class=\"titolo\"><a href=\"https:\/\/www.moltofood.it\/granola-in-friggitrice-ad-aria-ricetta\/?utm_source=quotidianodipuglia&amp;utm_medium=strip_moltofood_flexible&amp;utm_campaign=right_articolo\" title=\"Granola in friggitrice ad aria: veloce, pratica e super versatile\" target=\"_blank\">Granola in friggitrice ad aria: veloce, pratica e super versatile<\/a><\/h2>\n<p><span class=\"firma\">di Virginia Fabbri<\/span><\/div>\n<\/div>\n<\/div>\n<\/div>\n<\/article>\n<\/div>\n<p><a href=\"https:\/\/www.moltofood.it?utm_source=quotidianodipuglia&amp;utm_medium=strip_moltofood_flexible&amp;utm_campaign=right_articolo\" class=\"testatabox show_more\" target=\"_blank\" title=\"moltofood.it\">Vedi tutte le ricette<\/a><\/div>\n<div class=\"strip-1-bottom\">\n<div class=\"testatabox default sinistra rosso partner news\">\n<h3 class=\"partner news\"><a href=\"https:\/\/www.romevaticancard.com\/it\/omniacards\/omnia-card-72\/?ref=banner\">OMNIA CARD<\/a><\/h3>\n<\/div>\n<div class=\"row\">\n<article class=\"col-xs-12 html_base_bottom   partner news \">\n<div class=\"item_content hyperlink\">\n<figure class=\"medium\"><a href=\"https:\/\/www.romevaticancard.com\/it\/omniacards\/omnia-card-72\/?ref=banner\" title=\"Omnia card 72h + Roma Pass: Musei Vaticani e Colosseo inclusi\"><img decoding=\"async\" src=\"https:\/\/analyse.optim.biz\/wp-content\/uploads\/2026\/02\/7772044_27112113_rome-72.jpg\" title=\"Omnia card 72h + Roma Pass: Musei Vaticani e Colosseo inclusi\" width=\"-16\" height=\"-9\"><\/a><\/figure>\n<div class=\"titolo\"><a href=\"https:\/\/www.romevaticancard.com\/it\/omniacards\/omnia-card-72\/?ref=banner\" class=\"ml_primary_link\">Omnia card 72h + Roma Pass: Musei Vaticani e Colosseo inclusi<\/a><\/div>\n<\/div>\n<\/article>\n<\/div>\n<\/div>\n<div class=\"strip-1-no_foto ranking listing\">\n<div class=\"testatabox boxed sinistra  \">\n<h3 class>LE PI\u00d9 LETTE<\/h3>\n<\/div>\n<div class=\"row\">\n<article class=\"col-xs-12 html_base_no_foto  schede \">\n<div class=\"item_content\"><span class=\"testatina testatina-articolo\"><a href=\"http:\/\/quotidianodipuglia.it\/schede\/oroscopo_settimana_2_8_febbraio_2026_top_flop_chi_sale_chi_scende-9331740.html\">LA VOCE DELLE STELLE<\/a><\/span><\/p>\n<div class=\"titolo\"><a href=\"http:\/\/quotidianodipuglia.it\/schede\/oroscopo_settimana_2_8_febbraio_2026_top_flop_chi_sale_chi_scende-9331740.html\" class=\"ml_primary_link\">Oroscopo della prossima settimana: Cancro spezza la routine, Scorpione osserva, Bilancia si dedica agli affetti.<span> Ariete? Mantieni la calma<\/span><\/a><a href=\"http:\/\/quotidianodipuglia.it\/schede\/oroscopo_weekend_oggi_domani_sabato_31_gennaio_1_febbraio_2026_chi_sale_chi_scende-9327376.html\" class=\"ml_articolo\"><u>Le previsioni del weekend<\/u><\/a><\/div>\n<div class=\"row item_content_moreinfo middle-xs\">\n<div class=\"col-xs-8\"><span class=\"firma\"><span>di Redazione web<\/span><\/span><\/div>\n<\/div>\n<\/div>\n<\/article>\n<article class=\"col-xs-12 html_base_no_foto  schede \">\n<div class=\"item_content\"><span class=\"testatina testatina-articolo\"><a href=\"http:\/\/quotidianodipuglia.it\/schede\/il_caso_bambino_bus_piedi_neve_cosa_e_successo_ricostruzione_vicenda_polemiche_oggi-9331114.html\">IL CASO <\/a><\/span><\/p>\n<div class=\"titolo\"><a href=\"http:\/\/quotidianodipuglia.it\/schede\/il_caso_bambino_bus_piedi_neve_cosa_e_successo_ricostruzione_vicenda_polemiche_oggi-9331114.html\" class=\"ml_primary_link\">Bambino fatto scendere dal bus: i 6 km a piedi, il biglietto a 10 euro, l&#8217;autista sospeso, l&#8217;inchiesta. Cosa \u00e8 successo<\/a><\/div>\n<div class=\"row item_content_moreinfo middle-xs\">\n<div class=\"col-xs-8\"><span class=\"firma\"><span>di Marta Giusti<\/span><\/span><\/div>\n<div class=\"col-xs\">\n<ul class=\"info-item\">\n<li class=\"has-foto ri-camera-line\"><\/ul>\n<\/div>\n<\/div>\n<\/div>\n<\/article>\n<article class=\"col-xs-12 html_base_no_foto  schede \">\n<div class=\"item_content\"><span class=\"testatina testatina-articolo\"><a href=\"http:\/\/quotidianodipuglia.it\/schede\/oroscopo_paolo_fox_stelle_fine_settimana_weekend_31_gennaio_1_febbraio_2026-9331582.html\">IN TV <\/a><\/span><\/p>\n<div class=\"titolo\"><a href=\"http:\/\/quotidianodipuglia.it\/schede\/oroscopo_paolo_fox_stelle_fine_settimana_weekend_31_gennaio_1_febbraio_2026-9331582.html\" class=\"ml_primary_link\">Oroscopo di Paolo Fox, le stelle del fine settimana: Gemelli al top, Sagittario in ripresa, Capricorno isolato<\/a><a href=\"http:\/\/quotidianodipuglia.it\/schede\/oroscopo_weekend_oggi_domani_sabato_31_gennaio_1_febbraio_2026_chi_sale_chi_scende-9327376.html\" class=\"ml_articolo\"><span>Le previsioni del weekend\u00a0<\/span><\/a><\/div>\n<div class=\"row item_content_moreinfo middle-xs\">\n<div class=\"col-xs-8\"><span class=\"firma\"><span>di Redazione web<\/span><\/span><\/div>\n<\/div>\n<\/div>\n<\/article>\n<article class=\"col-xs-12 html_base_no_foto  attualita \">\n<div class=\"item_content\"><span class=\"testatina testatina-articolo\"><a href=\"http:\/\/quotidianodipuglia.it\/attualita\/donald_trump_resort_salento_albania-9331850.html\">LA SVOLTA <\/a><\/span><\/p>\n<div class=\"titolo\"><a href=\"http:\/\/quotidianodipuglia.it\/attualita\/donald_trump_resort_salento_albania-9331850.html\" class=\"ml_primary_link\">I Trump nuovi vicini di casa: l&#8217;ok al resort di lusso a poche miglia dal Salento. Il no degli ambientalisti<\/a><\/div>\n<div class=\"row item_content_moreinfo middle-xs\">\n<div class=\"col-xs-8\"><span class=\"firma\"><span>di Vincenzo MARUCCIO<\/span><\/span><\/div>\n<\/div>\n<\/div>\n<\/article>\n<article class=\"col-xs-12 html_base_no_foto  lecce \">\n<div class=\"item_content\"><span class=\"testatina testatina-articolo\"><a href=\"http:\/\/quotidianodipuglia.it\/lecce\/tesoro_sommerso_mari_del_salento_nave_romana_attende_riscatto_da_40_anni-9331754.html\">LECCE<\/a><\/span><\/p>\n<div class=\"titolo\"><a href=\"http:\/\/quotidianodipuglia.it\/lecce\/tesoro_sommerso_mari_del_salento_nave_romana_attende_riscatto_da_40_anni-9331754.html\" class=\"ml_primary_link\">Tesoro sommerso a Santa Caterina: la nave romana attende il riscatto da 40 anni<\/a><\/div>\n<div class=\"row item_content_moreinfo middle-xs\">\n<div class=\"col-xs-8\"><span class=\"firma\"><span>di Giuseppe TARANTINO<\/span><\/span><\/div>\n<\/div>\n<\/div>\n<\/article>\n<\/div>\n<\/div>\n<div class=\"strip- lgw\">\n<div class=\"header\"><span class=\"title\"><br \/>\n                Cerca il tuo immobile all&#8217;asta<br \/>\n            <\/span><\/div>\n<div class=\"content\"><a href=\"https:\/\/www.legalmente.net\/\" target=\"_blank\" class=\"brand\"><img decoding=\"async\" src=\"https:\/\/analyse.optim.biz\/wp-content\/uploads\/2026\/02\/logo-125.jpg\" title=\"logo-125\"><\/a><\/div>\n<\/div>\n<\/div>\n<\/div>\n<\/div>\n<\/aside>\n<\/article>\n<article class=\"free-content\" id=\"content\">\n<header>\n<h1 class=\"titolo\">Pugni in testa e violenza in pieno centro a Bari: aggredito il nuovo console della Georgia, arrestato 37enne<\/h1>\n<h2 class=\"sottotitolo\">\u00c8 accaduto in via Vittorio Emanuele II<\/h2>\n<\/header>\n<div class=\"row\">\n<section id=\"main-content\" class=\"col-xs-8\">\n<figure class=\"main-photo\"><img decoding=\"async\" src=\"https:\/\/analyse.optim.biz\/wp-content\/uploads\/2026\/02\/9323477_27205912_pugni_violenza_aggressione_bari_nuovo_console_georgia_fermato_uomo_barese_cosa_sappiamo-1.jpg\" width height alt=\"Pugni in testa e violenza in pieno centro a Bari: aggredito il nuovo console della Georgia, arrestato 37enne\" title=\"Pugni in testa e violenza in pieno centro a Bari: aggredito il nuovo console della Georgia, arrestato 37enne\"><\/figure>\n<div class=\"info-container-top\">\n<div class=\"row middle-xs\">\n<div class=\"col-xs end-xs\"><span class=\"tempo\">2 Minuti di Lettura<\/span><\/div>\n<\/div>\n<\/div>\n<div class=\"info-container-bottom\">\n<div class=\"row middle-xs\">\n<div class=\"col-xs-8\">\n              marted\u00ec 27 gennaio 2026, 20:59                            <span class=\"last_agg\"> &#8211; Ultimo aggiornamento:<br \/>\n                  <b>28 gennaio, 19:57<\/b><\/span><\/div>\n<div class=\"col-xs\">\n<div class=\"share_bar_wrapper\">\n<div class=\"share-item share-box\">\n<ul>\n<li class=\"copy\">\n<li class=\"facebook\">\n<li class=\"twitter\">\n<li class=\"mail\">\n<li class=\"whatsapp\"><\/ul>\n<\/div>\n<\/div>\n<\/div>\n<\/div>\n<\/div>\n<div class=\"body-text\">\n<p><a href=\"http:\/\/quotidianodipuglia.it\/t\/aggredito\">Aggredito<\/a> a <a href=\"http:\/\/quotidianodipuglia.it\/t\/bari\">Bari<\/a> il console generale della <a href=\"http:\/\/quotidianodipuglia.it\/t\/georgia\">Georgia<\/a>. Il nuovo <a href=\"http:\/\/quotidianodipuglia.it\/t\/console\">console<\/a> generale della Georgia a <a href=\"http:\/\/quotidianodipuglia.it\/t\/bari\">Bari<\/a>, Irakli Koiava, \u00e8 stato aggredito nel pomeriggio di oggi mentre percorreva la centralissima via Vittorio Emanuele II. I primi ad intervenire sono stati gli agenti della polizia locale che hanno arrestato l&#8217;aggressore: si tratta di un un uomo di circa 37 anni, barese.<\/p>\n<aside class=\"slider-articoli-orizzontale in-article\">\n<div class=\"testatabox default\"><span>APPROFONDIMENTI<\/span><\/div>\n<div class=\"slider-items\" data-slidestoshow=\"3\" data-slidestoscroll=\"3\" data-slidedots data-slidearrows=\"1\">\n<article class=\"col-xs html_base_bottom   foggia \">\n<div class=\"item_content\">\n<figure class=\"medium\"><a href=\"http:\/\/quotidianodipuglia.it\/foggia\/puglia_dramma_porto_manfredonia_foggia_autista_morto_sul_lavoro_stroncato_malore-9323469.html\" title=\"Dramma al porto, autista muore sul lavoro stroncato da un malore\"><img loading=\"lazy\" decoding=\"async\" src=\"https:\/\/analyse.optim.biz\/wp-content\/uploads\/2026\/02\/9323469_27205001_puglia_dramma_porto_manfredonia_foggia_autista_morto_sul_lavoro_stroncato_malore.jpg\" title=\"Dramma al porto, autista muore sul lavoro stroncato da un malore\" width=\"264\" height=\"144\"><\/a><\/figure>\n<p><span class=\"testatina testatina-articolo\"><a href=\"http:\/\/quotidianodipuglia.it\/foggia\/puglia_dramma_porto_manfredonia_foggia_autista_morto_sul_lavoro_stroncato_malore-9323469.html\">LA TRAGEDIA <\/a><\/span><\/p>\n<div class=\"titolo\"><a href=\"http:\/\/quotidianodipuglia.it\/foggia\/puglia_dramma_porto_manfredonia_foggia_autista_morto_sul_lavoro_stroncato_malore-9323469.html\" title=\"Dramma al porto, autista muore sul lavoro stroncato da un malore\">Dramma al porto, autista muore sul lavoro stroncato da un malore<\/a><\/div>\n<\/div>\n<\/article>\n<article class=\"col-xs html_base_bottom   bari \">\n<div class=\"item_content\">\n<figure class=\"medium\"><a href=\"http:\/\/quotidianodipuglia.it\/bari\/bari_anomalia_tecnica_e_il_treno_si_ferma_ritardi_e_disagi-9323434.html\" title=\"Anomalia tecnica e il treno si ferma: ritardi e disagi\"><img loading=\"lazy\" decoding=\"async\" src=\"https:\/\/analyse.optim.biz\/wp-content\/uploads\/2026\/02\/9323434_27201045_impresa_ferroviaria.jpg\" title=\"Anomalia tecnica e il treno si ferma: ritardi e disagi\" width=\"264\" height=\"144\"><\/a><\/figure>\n<p><span class=\"testatina testatina-articolo\"><a href=\"http:\/\/quotidianodipuglia.it\/bari\/bari_anomalia_tecnica_e_il_treno_si_ferma_ritardi_e_disagi-9323434.html\">BARI<\/a><\/span><\/p>\n<div class=\"titolo\"><a href=\"http:\/\/quotidianodipuglia.it\/bari\/bari_anomalia_tecnica_e_il_treno_si_ferma_ritardi_e_disagi-9323434.html\" title=\"Anomalia tecnica e il treno si ferma: ritardi e disagi\">Anomalia tecnica e il treno si ferma: ritardi e disagi<\/a><\/div>\n<\/div>\n<\/article>\n<article class=\"col-xs html_base_bottom   lecce \">\n<div class=\"item_content\">\n<figure class=\"medium\"><a href=\"http:\/\/quotidianodipuglia.it\/lecce\/salento_contrabbando_tabacchi_256_chili_sigarette_arresto_giovane_21_anni_cosa_sappiamo-9323269.html\" title=\"Contrabbando di tabacchi, sequestrati oltre 256 chili di sigarette: nel Salento arrestato un 21enne\"><img loading=\"lazy\" decoding=\"async\" src=\"https:\/\/analyse.optim.biz\/wp-content\/uploads\/2026\/02\/9323269_27180300_salento_contrabbando_tabacchi_256_chili_sigarette_arresto_giovane_21_anni_cosa_sappiamo-2.jpg\" title=\"Contrabbando di tabacchi, sequestrati oltre 256 chili di sigarette: nel Salento arrestato un 21enne\" width=\"264\" height=\"144\"><\/a><\/figure>\n<p><span class=\"testatina testatina-articolo\"><a href=\"http:\/\/quotidianodipuglia.it\/lecce\/salento_contrabbando_tabacchi_256_chili_sigarette_arresto_giovane_21_anni_cosa_sappiamo-9323269.html\">SALENTO     <\/a><\/span><\/p>\n<div class=\"titolo\"><a href=\"http:\/\/quotidianodipuglia.it\/lecce\/salento_contrabbando_tabacchi_256_chili_sigarette_arresto_giovane_21_anni_cosa_sappiamo-9323269.html\" title=\"Contrabbando di tabacchi, sequestrati oltre 256 chili di sigarette: nel Salento arrestato un 21enne\">Contrabbando di tabacchi, sequestrati oltre 256 chili di sigarette: nel Salento arrestato un 21enne<\/a><\/div>\n<\/div>\n<\/article>\n<article class=\"col-xs html_base_bottom   bari \">\n<div class=\"item_content\">\n<figure class=\"medium\"><a href=\"http:\/\/quotidianodipuglia.it\/bari\/lavori_cantiere_impalcatura_sede_rai_bari_precipito_due_condanne_morte_operaio-9323234.html\" title=\"Precipit\u00f2 dall'impalcatura della sede Rai di Bari, due condanne per la morte dell'operaio\"><img loading=\"lazy\" decoding=\"async\" src=\"https:\/\/analyse.optim.biz\/wp-content\/uploads\/2026\/02\/9323234_27172925_lavori_cantiere_impalcatura_sede_rai_bari_precipito_due_condanne_morte_operaio.jpg\" title=\"Precipit\u00f2 dall'impalcatura della sede Rai di Bari, due condanne per la morte dell'operaio\" width=\"264\" height=\"144\"><\/a><\/figure>\n<p><span class=\"testatina testatina-articolo\"><a href=\"http:\/\/quotidianodipuglia.it\/bari\/lavori_cantiere_impalcatura_sede_rai_bari_precipito_due_condanne_morte_operaio-9323234.html\">BARI<\/a><\/span><\/p>\n<div class=\"titolo\"><a href=\"http:\/\/quotidianodipuglia.it\/bari\/lavori_cantiere_impalcatura_sede_rai_bari_precipito_due_condanne_morte_operaio-9323234.html\" title=\"Precipit\u00f2 dall'impalcatura della sede Rai di Bari, due condanne per la morte dell'operaio\">Precipit\u00f2 dall&#8217;impalcatura della sede Rai di Bari, due condanne per la morte dell&#8217;operaio<\/a><\/div>\n<\/div>\n<\/article>\n<article class=\"col-xs html_base_bottom   bari \">\n<div class=\"item_content\">\n<figure class=\"medium\"><a href=\"http:\/\/quotidianodipuglia.it\/bari\/modugno_inchiesta_bari_infiltrazioni_mafiose_bari_comune_sindaco_annuncia_non_mi_ricandido_cosa_ha_detto-9323050.html\" title=\"Inchiesta sulle infiltrazioni mafiose a Modugno, passo indietro del sindaco: \u00abNon mi ricandider\u00f2\u00bb\"><img loading=\"lazy\" decoding=\"async\" src=\"https:\/\/analyse.optim.biz\/wp-content\/uploads\/2026\/02\/9323050_27152327_progetto_senza_titolo_8_.jpg\" title=\"Inchiesta sulle infiltrazioni mafiose a Modugno, passo indietro del sindaco: \u00abNon mi ricandider\u00f2\u00bb\" width=\"264\" height=\"144\"><\/a><\/figure>\n<p><span class=\"testatina testatina-articolo\"><a href=\"http:\/\/quotidianodipuglia.it\/bari\/modugno_inchiesta_bari_infiltrazioni_mafiose_bari_comune_sindaco_annuncia_non_mi_ricandido_cosa_ha_detto-9323050.html\">BARI<\/a><\/span><\/p>\n<div class=\"titolo\"><a href=\"http:\/\/quotidianodipuglia.it\/bari\/modugno_inchiesta_bari_infiltrazioni_mafiose_bari_comune_sindaco_annuncia_non_mi_ricandido_cosa_ha_detto-9323050.html\" title=\"Inchiesta sulle infiltrazioni mafiose a Modugno, passo indietro del sindaco: \u00abNon mi ricandider\u00f2\u00bb\">Inchiesta sulle infiltrazioni mafiose a Modugno, passo indietro del sindaco: \u00abNon mi ricandider\u00f2\u00bb<\/a><\/div>\n<\/div>\n<\/article>\n<\/div>\n<\/aside>\n<h3>I fatti<\/h3>\n<p>La vittima non ha riportato ferite ma \u00e8 in stato di shock perch\u00e9 sorpresa alle spalle e colpita con diversi pugni alla nuca. Ora \u00e8 in ospedale per accertamenti. Il movente dell&#8217;aggressione \u00e8 ignoto. I poliziotti della Digos della questura di Bari, assieme agli agenti della Locale, stanno indagando per capire se quanto accaduto \u00e8 collegato al ruolo rivestito dalla vittima. \u00abEsprimo solidariet\u00e0 e vicinanza a nome della citt\u00e0 per l&#8217;aggressione subita dal console georgiano e ringrazio gli agenti polizia locale che hanno prontamente fermato l&#8217;aggressore. Attendiamo l&#8217;esito delle indagini per risalire alle motivazioni di questo vile gesto\u00bb, dichiara il sindaco di Bari, <a href=\"http:\/\/quotidianodipuglia.it\/t\/vito-leccese\">Vito Leccese<\/a>.<\/p>\n<h3>L&#8217;udienza davanti al gip<\/h3>\n<p>Domani mattina \u00e8 prevista l&#8217;udienza di convalida dinanzi alla gip del Tribunale di Bari, Ilaria Casu. <\/p>\n<p>Secondo quanto ricostruito finora dagli agenti della Digos della Questura barese, l&#8217;indagato, che ha precedenti, avrebbe sorpreso alle spalle la vittima colpendola con pugni alla nuca. Da accertare il movente dell&#8217;aggressione.    <\/p><\/div>\n<div class=\"wrap-box-end\">\n<div class=\"copy\">\n            \u00a9 RIPRODUZIONE RISERVATA\n            <\/div>\n<div class=\"item-options\">\n<div class=\"share_bar_wrapper\">\n<div class=\"share-item share-box\">\n<ul>\n<li class=\"copy\">\n<li class=\"facebook\">\n<li class=\"twitter\">\n<li class=\"mail\">\n<li class=\"whatsapp\"><\/ul>\n<\/div>\n<\/div>\n<\/div>\n<\/div>\n<aside class=\"area\">&#8216;;<br \/>\n        outbrainEl.insertAdjacentHTML(&#8220;afterBegin&#8221;, AdCodeOutbrain);<\/p>\n<p>        loadScript(&#8216;\/\/widgets.outbrain.com\/outbrain.js&#8217;, function(){<br \/>\n            \/\/ cerco il widget. Necessario se c&#8217;\u00e8 un&#8217;altro widget di Outbrain in pagina (es: inread)<br \/>\n            OBR.extern.researchWidget();<br \/>\n        });<br \/>\n    }<\/p>\n<p>    function AnnunciOutbrain(callback) {<br \/>\n        var outbrainDiv = document.getElementById(&#8216;outbrainWait&#8217;);<br \/>\n        \/\/ Verifica se l&#8217;elemento esiste<br \/>\n        if (outbrainDiv) {<br \/>\n            \/\/ Modifica l&#8217;id dell&#8217;elemento div<br \/>\n            outbrainDiv.id = &#8216;outbrain&#8217;;<br \/>\n        }<\/p>\n<p>                    var load_method = impostazioni_testata.outbrain.load_method || &#8216;first-interaction&#8217;;<\/p>\n<p>        var outbrainEl = document.getElementById(&#8216;outbrain&#8217;);<\/p>\n<p>        CED.log(&#8220;outbrain load_method:&#8221; + load_method);<\/p>\n<p>        if (load_method == &#8216;when-near-viewport&#8217;) {<\/p>\n<p>            \/\/ outbrain parte solo quando scrollando arriva abbastanza vicino alla viewport<br \/>\n            if (typeof callback === &#8220;function&#8221;) {<\/p>\n<p>                \/\/ Listen for the scroll event<br \/>\n                \/\/document.addEventListener(&#8216;scroll&#8217;, onScroll(outbrainEl,callback), false);<br \/>\n                CedsWNV.watch(outbrainEl, callback, {<br \/>\n                    checkInterval: 300,<br \/>\n                    offset: 500<br \/>\n                });<\/p>\n<p>                \/*devo chiamare la funzione con argomenti e variabili *\/<br \/>\n            }<\/p>\n<p>        } else {<br \/>\n            \/\/ DEFAULT: outbrain parte alla prima interazione o dopo il timeout inattivit\u00e0<br \/>\n            _waitOnceFor(load_method, callback);<br \/>\n        }<br \/>\n    }<\/p>\n<p>            AnnunciOutbrain(WidgetOutbrainTag);<\/p>\n<div id=\"correlati-verticali\">\n<div class=\"testatabox default\">\n<h3>POTREBBE INTERESSARTI ANCHE<\/h3>\n<\/div>\n<div class=\"strip-2-bottom listing\">\n<div class=\"row\">\n<article class=\"col-xs-6 html_base_bottom   lecce \">\n<div class=\"item_content\">\n<figure class=\"medium\"><a href=\"http:\/\/quotidianodipuglia.it\/lecce\/lecce_aggressione_anziano_cosa_e_successo-9327316.html\" title=\"Chiede soldi e sferra un pugno a un 86enne: choc a Lecce, anziano finisce in ospedale e aggressore arrestato\"><img loading=\"lazy\" decoding=\"async\" src=\"https:\/\/analyse.optim.biz\/wp-content\/uploads\/2026\/02\/9327316_29133443_lecce_aggressione_anziano_cosa_e_successo-3.jpg\" title=\"Chiede soldi e sferra un pugno a un 86enne: choc a Lecce, anziano finisce in ospedale e aggressore arrestato\" width=\"404\" height=\"221\"><\/a><\/figure>\n<p><span class=\"testatina testatina-articolo\"><a href=\"http:\/\/quotidianodipuglia.it\/lecce\/lecce_aggressione_anziano_cosa_e_successo-9327316.html\">LECCE<\/a><\/span><\/p>\n<div class=\"titolo\"><a href=\"http:\/\/quotidianodipuglia.it\/lecce\/lecce_aggressione_anziano_cosa_e_successo-9327316.html\" class=\"ml_primary_link\">Chiede soldi e sferra un pugno a un 86enne: choc a Lecce, anziano finisce in ospedale e aggressore arrestato<\/a><\/div>\n<\/div>\n<\/article>\n<article class=\"col-xs-6 html_base_bottom   bari \">\n<div class=\"item_content\">\n<figure class=\"medium\"><a href=\"http:\/\/quotidianodipuglia.it\/bari\/bari_aggressione_console_georgia_arresto-9323477.html\" title=\"Pugni in testa e violenza in centro a Bari: aggredito il nuovo console della Georgia, arrestato 37enne\"><img loading=\"lazy\" decoding=\"async\" src=\"https:\/\/analyse.optim.biz\/wp-content\/uploads\/2026\/02\/9323477_27205912_pugni_violenza_aggressione_bari_nuovo_console_georgia_fermato_uomo_barese_cosa_sappiamo-2.jpg\" title=\"Pugni in testa e violenza in centro a Bari: aggredito il nuovo console della Georgia, arrestato 37enne\" width=\"404\" height=\"221\"><\/a><\/figure>\n<p><span class=\"testatina testatina-articolo\"><a href=\"http:\/\/quotidianodipuglia.it\/bari\/bari_aggressione_console_georgia_arresto-9323477.html\">IL CASO <\/a><\/span><\/p>\n<div class=\"titolo\"><a href=\"http:\/\/quotidianodipuglia.it\/bari\/bari_aggressione_console_georgia_arresto-9323477.html\" class=\"ml_primary_link\">Pugni in testa e violenza in centro a Bari: aggredito il nuovo console della Georgia, arrestato 37enne<\/a><\/div>\n<\/div>\n<\/article>\n<article class=\"col-xs-6 html_base_bottom   taranto \">\n<div class=\"item_content\">\n<figure class=\"medium\"><a href=\"http:\/\/quotidianodipuglia.it\/taranto\/taranto_lite_negozio_sfocia_violenza_uomo_ferito_testa_colpo_bottiglietta_ricerche_aggressore_cosa_sappiamo-9319396.html\" title=\"La lite nel negozio sfocia in violenza: un uomo ferito alla testa con una bottiglietta. Caccia all'aggressore\"><img loading=\"lazy\" decoding=\"async\" src=\"https:\/\/analyse.optim.biz\/wp-content\/uploads\/2026\/02\/9319396_25190547_taranto_lite_negozio_sfocia_violenza_uomo_ferito_testa_colpo_bottiglietta_ricerche_aggressore_cosa_sappiamo-1.jpg\" title=\"La lite nel negozio sfocia in violenza: un uomo ferito alla testa con una bottiglietta. Caccia all'aggressore\" width=\"404\" height=\"221\"><\/a><\/figure>\n<p><span class=\"testatina testatina-articolo\"><a href=\"http:\/\/quotidianodipuglia.it\/taranto\/taranto_lite_negozio_sfocia_violenza_uomo_ferito_testa_colpo_bottiglietta_ricerche_aggressore_cosa_sappiamo-9319396.html\">TARANTO<\/a><\/span><\/p>\n<div class=\"titolo\"><a href=\"http:\/\/quotidianodipuglia.it\/taranto\/taranto_lite_negozio_sfocia_violenza_uomo_ferito_testa_colpo_bottiglietta_ricerche_aggressore_cosa_sappiamo-9319396.html\" class=\"ml_primary_link\">La lite nel negozio sfocia in violenza: un uomo ferito alla testa con una bottiglietta. Caccia all&#8217;aggressore<\/a><\/div>\n<\/div>\n<\/article>\n<article class=\"col-xs-6 html_base_bottom   taranto \">\n<div class=\"item_content\">\n<figure class=\"medium\"><a href=\"http:\/\/quotidianodipuglia.it\/taranto\/omicidio_tarantino_ucciso_giovane_massafra_fermo-9292983.html\" title=\"La lite e poi le coltellate, ucciso un giovane di 25 anni. Preso il responsabile\"><img loading=\"lazy\" decoding=\"async\" src=\"https:\/\/analyse.optim.biz\/wp-content\/uploads\/2026\/02\/9292983_12112308_omicidio_massafra.jpg\" title=\"La lite e poi le coltellate, ucciso un giovane di 25 anni. Preso il responsabile\" width=\"404\" height=\"221\"><\/a><\/figure>\n<p><span class=\"testatina testatina-articolo\"><a href=\"http:\/\/quotidianodipuglia.it\/taranto\/omicidio_tarantino_ucciso_giovane_massafra_fermo-9292983.html\">TARANTO<\/a><\/span><\/p>\n<div class=\"titolo\"><a href=\"http:\/\/quotidianodipuglia.it\/taranto\/omicidio_tarantino_ucciso_giovane_massafra_fermo-9292983.html\" class=\"ml_primary_link\">La lite e poi le coltellate, ucciso un giovane di 25 anni. Preso il responsabile<\/a><\/div>\n<\/div>\n<\/article>\n<article class=\"col-xs-6 html_base_bottom   lecce \">\n<div class=\"item_content\">\n<figure class=\"medium\"><a href=\"http:\/\/quotidianodipuglia.it\/lecce\/lecce_ragazzina_aggredita_movida_tatuaggio_gelosia_cosa_e_successo_denuncia-9280345.html\" title=\"Un Tik Tok sul tatuaggio scatena la gelosia: 17enne picchiata da due coetanee\"><img loading=\"lazy\" decoding=\"async\" src=\"https:\/\/analyse.optim.biz\/wp-content\/uploads\/2026\/02\/9280345_05181045_onecms_1j7ydjzav09lhbwsea7_10dse88bjls.jpg\" title=\"Un Tik Tok sul tatuaggio scatena la gelosia: 17enne picchiata da due coetanee\" width=\"404\" height=\"221\"><\/a><\/figure>\n<p><span class=\"testatina testatina-articolo\"><a href=\"http:\/\/quotidianodipuglia.it\/lecce\/lecce_ragazzina_aggredita_movida_tatuaggio_gelosia_cosa_e_successo_denuncia-9280345.html\">LECCE<\/a><\/span><\/p>\n<div class=\"titolo\"><a href=\"http:\/\/quotidianodipuglia.it\/lecce\/lecce_ragazzina_aggredita_movida_tatuaggio_gelosia_cosa_e_successo_denuncia-9280345.html\" class=\"ml_primary_link\">Un Tik Tok sul tatuaggio scatena la gelosia: 17enne picchiata da due coetanee<\/a><\/div>\n<\/div>\n<\/article>\n<article class=\"col-xs-6 html_base_bottom   lecce \">\n<div class=\"item_content\">\n<figure class=\"medium\"><a href=\"http:\/\/quotidianodipuglia.it\/lecce\/salento_ospedale_casarano_notte_di_natale_movimentata_pronto_soccorso_infermiere_aggredite-9264264.html\" title=\"Pronto soccorso, notte di Natale all'insegna della violenza: aggredite due infermiere\"><img loading=\"lazy\" decoding=\"async\" src=\"https:\/\/analyse.optim.biz\/wp-content\/uploads\/2026\/02\/9264264_25171907_img_5467.jpg\" title=\"Pronto soccorso, notte di Natale all'insegna della violenza: aggredite due infermiere\" width=\"404\" height=\"221\"><\/a><\/figure>\n<p><span class=\"testatina testatina-articolo\"><a href=\"http:\/\/quotidianodipuglia.it\/lecce\/salento_ospedale_casarano_notte_di_natale_movimentata_pronto_soccorso_infermiere_aggredite-9264264.html\">SALENTO <\/a><\/span><\/p>\n<div class=\"titolo\"><a href=\"http:\/\/quotidianodipuglia.it\/lecce\/salento_ospedale_casarano_notte_di_natale_movimentata_pronto_soccorso_infermiere_aggredite-9264264.html\" class=\"ml_primary_link\">Pronto soccorso, notte di Natale all&#8217;insegna della violenza: aggredite due infermiere<\/a><\/div>\n<p><span class=\"firma\"><span>di Pierangelo TEMPESTA<\/span><\/span><\/div>\n<\/article>\n<article class=\"col-xs-6 html_base_bottom   taranto \">\n<div class=\"item_content\">\n<figure class=\"medium\"><a href=\"http:\/\/quotidianodipuglia.it\/taranto\/taranto_aggressione_rapina_due_giovani_arrestati_cosa_sappiamo-9262040.html\" title=\"Aggrediscono un giovane per rapinarlo, arrestati a due giovani\"><img loading=\"lazy\" decoding=\"async\" src=\"https:\/\/analyse.optim.biz\/wp-content\/uploads\/2026\/02\/9262040_23162056_taranto_aggressione_rapina_due_giovani_arrestati_cosa_sappiamo.jpg\" title=\"Aggrediscono un giovane per rapinarlo, arrestati a due giovani\" width=\"404\" height=\"221\"><\/a><\/figure>\n<p><span class=\"testatina testatina-articolo\"><a href=\"http:\/\/quotidianodipuglia.it\/taranto\/taranto_aggressione_rapina_due_giovani_arrestati_cosa_sappiamo-9262040.html\">TARANTO<\/a><\/span><\/p>\n<div class=\"titolo\"><a href=\"http:\/\/quotidianodipuglia.it\/taranto\/taranto_aggressione_rapina_due_giovani_arrestati_cosa_sappiamo-9262040.html\" class=\"ml_primary_link\">Aggrediscono un giovane per rapinarlo, arrestati a due giovani<\/a><\/div>\n<\/div>\n<\/article>\n<article class=\"col-xs-6 html_base_bottom   taranto \">\n<div class=\"item_content\">\n<figure class=\"medium\"><a href=\"http:\/\/quotidianodipuglia.it\/taranto\/lite_aggressione_accoltellamento_porto_taranto_ferito_cosa_sappiamo-9258275.html\" title=\"La lite sfocia nel sangue: 40enne accoltellato vicino al porto\"><img loading=\"lazy\" decoding=\"async\" src=\"https:\/\/analyse.optim.biz\/wp-content\/uploads\/2026\/02\/9258275_21120027_lite_aggressione_accoltellamento_porto_taranto_ferito_cosa_sappiamo.jpg\" title=\"La lite sfocia nel sangue: 40enne accoltellato vicino al porto\" width=\"404\" height=\"221\"><\/a><\/figure>\n<p><span class=\"testatina testatina-articolo\"><a href=\"http:\/\/quotidianodipuglia.it\/taranto\/lite_aggressione_accoltellamento_porto_taranto_ferito_cosa_sappiamo-9258275.html\">TARANTO<\/a><\/span><\/p>\n<div class=\"titolo\"><a href=\"http:\/\/quotidianodipuglia.it\/taranto\/lite_aggressione_accoltellamento_porto_taranto_ferito_cosa_sappiamo-9258275.html\" class=\"ml_primary_link\">La lite sfocia nel sangue: 40enne accoltellato vicino al porto<\/a><\/div>\n<\/div>\n<\/article>\n<article class=\"col-xs-6 html_base_bottom   bari \">\n<div class=\"item_content\">\n<figure class=\"medium\"><a href=\"http:\/\/quotidianodipuglia.it\/bari\/asl_bari_aggressione_medico-9241339.html\" title=\"Bitonto, aggressione nel distretto Asl: impiegato fratturato, indagine interna su un medico\"><img loading=\"lazy\" decoding=\"async\" src=\"https:\/\/analyse.optim.biz\/wp-content\/uploads\/2026\/02\/9241339_12120144_asl_bari_aggressione_medico.jpg\" title=\"Bitonto, aggressione nel distretto Asl: impiegato fratturato, indagine interna su un medico\" width=\"404\" height=\"221\"><\/a><\/figure>\n<p><span class=\"testatina testatina-articolo\"><a href=\"http:\/\/quotidianodipuglia.it\/bari\/asl_bari_aggressione_medico-9241339.html\">BARI<\/a><\/span><\/p>\n<div class=\"titolo\"><a href=\"http:\/\/quotidianodipuglia.it\/bari\/asl_bari_aggressione_medico-9241339.html\" class=\"ml_primary_link\">Bitonto, aggressione nel distretto Asl: impiegato fratturato, indagine interna su un medico<\/a><\/div>\n<\/div>\n<\/article>\n<article class=\"col-xs-6 html_base_bottom   bari \">\n<div class=\"item_content\">\n<figure class=\"medium\"><a href=\"http:\/\/quotidianodipuglia.it\/bari\/tenta_aggredire_ex_compagna_capotreno_eroe_evita_peggio-9239161.html\" title=\"Tenta di aggredire l\u2019ex compagna davanti alla figlia, il capotreno evita il peggio. La bimba: \u00abSei un eroe\u00bb\"><img loading=\"lazy\" decoding=\"async\" src=\"https:\/\/analyse.optim.biz\/wp-content\/uploads\/2026\/02\/9239161_11080911_treno_960x540.jpg\" title=\"Tenta di aggredire l\u2019ex compagna davanti alla figlia, il capotreno evita il peggio. La bimba: \u00abSei un eroe\u00bb\" width=\"404\" height=\"221\"><\/a><\/figure>\n<p><span class=\"testatina testatina-articolo\"><a href=\"http:\/\/quotidianodipuglia.it\/bari\/tenta_aggredire_ex_compagna_capotreno_eroe_evita_peggio-9239161.html\">BARI<\/a><\/span><\/p>\n<div class=\"titolo\"><a href=\"http:\/\/quotidianodipuglia.it\/bari\/tenta_aggredire_ex_compagna_capotreno_eroe_evita_peggio-9239161.html\" class=\"ml_primary_link\">Tenta di aggredire l\u2019ex compagna davanti alla figlia, il capotreno evita il peggio. La bimba: \u00abSei un eroe\u00bb<\/a><\/div>\n<\/div>\n<\/article>\n<\/div>\n<\/div>\n<\/div>\n<\/aside>\n<\/section>\n<\/div>\n<aside id=\"right-rail\" class=\"col-xs-4\">\n<div id=\"right-content\">\n<div class=\"area right\">\n<div class=\"area right_articolo\" data-id=\"445\" data-nome=\"Right Articolo (generico) 2022\">\n<div class=\"strip-1-x-video box-tv\" data-strip-id=\"77165\">\n<div class=\"strip-1-video_player\">\n<div class=\"row\">\n<article class=\"col-xs-12 html_base_bottom  video sport \">\n<div class=\"item_content video\">\n<div class=\"embed_video\">\n<div class=\"jw_embed\" data-mediaid=\"vHgoHtF1\" data-disable_video_float_on_non_adv_content=\"cedjs-dynamic\" data-autostart=\"true\" data-related='{\"oncomplete\":\"show\"}' data-mute=\"true\" data-adv_always_floating=\"false\"><img loading=\"lazy\" decoding=\"async\" src=\"https:\/\/analyse.optim.biz\/wp-content\/uploads\/2026\/02\/video-118.svg\" width=\"340\" height=\"180\" alt=\"Video\" title=\"video-118\"><\/div>\n<\/div>\n<div class=\"titolo\"><a href=\"http:\/\/quotidianodipuglia.it\/video\/sport\/cce_lsb_lecce_pall_a9_nardo_68_67-9278426.html\" class=\"ml_primary_link\">Cce Lsb Lecce-Pall. A9 Nard\u00f2 68-67<\/a><\/div>\n<\/div>\n<\/article>\n<\/div>\n<\/div>\n<div class=\"strip-1-square listing\">\n<div class=\"row\">\n<article class=\"col-xs-12 html_base_square  video \">\n<div class=\"item_content\">\n<div class=\"row\">\n<div class=\"col-xs valign__content\">\n<div class=\"square___content\">\n<figure class=\"thumbnail\"><a href=\"http:\/\/quotidianodipuglia.it\/video\/guyana_calabria_campania_prime_in_ue_per_rischio_poverta-9135288.html\" title=\"Guyana, Calabria, Campania prime in Ue per rischio povert\u00e0\"><img loading=\"lazy\" decoding=\"async\" src=\"https:\/\/analyse.optim.biz\/wp-content\/uploads\/2026\/02\/9135288_poster-75.jpg\" title=\"Guyana, Calabria, Campania prime in Ue per rischio povert\u00e0\" width=\"64\" height=\"64\"><\/a><\/figure>\n<\/div>\n<div class=\"valign\">\n<div class=\"titolo\"><a href=\"http:\/\/quotidianodipuglia.it\/video\/guyana_calabria_campania_prime_in_ue_per_rischio_poverta-9135288.html\" class=\"ml_primary_link\">Guyana, Calabria, Campania prime in Ue per rischio povert\u00e0<\/a><\/div>\n<\/div>\n<\/div>\n<\/div>\n<\/div>\n<\/article>\n<article class=\"col-xs-12 html_base_square  video \">\n<div class=\"item_content\">\n<div class=\"row\">\n<div class=\"col-xs valign__content\">\n<div class=\"square___content\">\n<figure class=\"thumbnail\"><a href=\"http:\/\/quotidianodipuglia.it\/video\/storie_italiane_il_racconto_di_mario_ermito-9105224.html\" title=\"Storie Italiane, il racconto di Mario Ermito\"><img loading=\"lazy\" decoding=\"async\" src=\"https:\/\/analyse.optim.biz\/wp-content\/uploads\/2026\/02\/9105224_poster-72.jpg\" title=\"Storie Italiane, il racconto di Mario Ermito\" width=\"64\" height=\"64\"><\/a><\/figure>\n<\/div>\n<div class=\"valign\">\n<div class=\"titolo\"><a href=\"http:\/\/quotidianodipuglia.it\/video\/storie_italiane_il_racconto_di_mario_ermito-9105224.html\" class=\"ml_primary_link\">Storie Italiane, il racconto di Mario Ermito<\/a><\/div>\n<\/div>\n<\/div>\n<\/div>\n<\/div>\n<\/article>\n<article class=\"col-xs-12 html_base_square  video \">\n<div class=\"item_content\">\n<div class=\"row\">\n<div class=\"col-xs valign__content\">\n<div class=\"square___content\">\n<figure class=\"thumbnail\"><a href=\"http:\/\/quotidianodipuglia.it\/video\/lecce_protocollo_scuola_istituzioni_prefettura-9089424.html\" title=\"\u00abL'autismo non \u00e8 solo una diagnosi, \u00e8 un modo diverso di percepire il mondo\u00bb, il commovente messaggio di Emma\"><img loading=\"lazy\" decoding=\"async\" src=\"https:\/\/analyse.optim.biz\/wp-content\/uploads\/2026\/02\/9089424_25191819_myfilename-74.jpg\" title=\"\u00abL'autismo non \u00e8 solo una diagnosi, \u00e8 un modo diverso di percepire il mondo\u00bb, il commovente messaggio di Emma\" width=\"64\" height=\"64\"><\/a><\/figure>\n<\/div>\n<div class=\"valign\">\n<div class=\"titolo\"><a href=\"http:\/\/quotidianodipuglia.it\/video\/lecce_protocollo_scuola_istituzioni_prefettura-9089424.html\" class=\"ml_primary_link\">\u00abL&#8217;autismo non \u00e8 solo una diagnosi, \u00e8 un modo diverso di percepire il mondo\u00bb, il commovente messaggio di Emma<\/a><\/div>\n<\/div>\n<\/div>\n<\/div>\n<\/div>\n<\/article>\n<\/div>\n<\/div>\n<\/div>\n<div class=\"strip-combo \">\n<div class=\"testatabox default sinistra  bari\">\n<h3 class=\"bari\">Della stessa sezione<\/h3>\n<\/div>\n<div class=\"strip-1-bottom principale\">\n<div class=\"row\">\n<article class=\"col-xs-12 html_base_bottom   bari \">\n<div class=\"item_content\">\n<figure class=\"medium\"><a href=\"http:\/\/quotidianodipuglia.it\/bari\/bari_piazza_aldo_moro_stazione_cantiere_lavori-9331780.html\" title=\"Bari, Piazza Moro \u00e8 ancora un cantiere. Solo a marzo via alla seconda fase\"><img decoding=\"async\" src=\"https:\/\/analyse.optim.biz\/wp-content\/uploads\/2026\/02\/9331780_obj65171420_1-14.jpg\" title=\"Bari, Piazza Moro \u00e8 ancora un cantiere. Solo a marzo via alla seconda fase\" width=\"-16\" height=\"-9\"><\/a><\/figure>\n<p><span class=\"testatina testatina-articolo\"><a href=\"http:\/\/quotidianodipuglia.it\/bari\/bari_piazza_aldo_moro_stazione_cantiere_lavori-9331780.html\">BARI<\/a><\/span><\/p>\n<div class=\"titolo\"><a href=\"http:\/\/quotidianodipuglia.it\/bari\/bari_piazza_aldo_moro_stazione_cantiere_lavori-9331780.html\" class=\"ml_primary_link\">Bari, Piazza Moro \u00e8 ancora un cantiere. Solo a marzo via alla seconda fase<\/a><\/div>\n<p><span class=\"firma\"><span>di Elga MONTANI<\/span><\/span><\/div>\n<\/article>\n<\/div>\n<\/div>\n<div class=\"strip-1-square seconda listing\">\n<div class=\"row\">\n<article class=\"col-xs-12 html_base_square  bari \">\n<div class=\"item_content\">\n<div class=\"row\">\n<div class=\"col-xs valign__content\">\n<div class=\"square___content\">\n<figure class=\"thumbnail\"><a href=\"http:\/\/quotidianodipuglia.it\/bari\/adelfia_esplosione_bombola_gas_palazzo_crollato_incendio_testimonianze_vicini-9331498.html\" title=\"L'esplosione, poi l'incendio e il crollo. Le testimonianze dei vicini: \u00abSentivamo urlare, fiamme troppe alte per entrare\u00bb\"><img loading=\"lazy\" decoding=\"async\" src=\"https:\/\/analyse.optim.biz\/wp-content\/uploads\/2026\/02\/9331498_31163311_whatsapp_image_2026_01_31_at_16-14-35-13.jpg\" title=\"L'esplosione, poi l'incendio e il crollo. Le testimonianze dei vicini: \u00abSentivamo urlare, fiamme troppe alte per entrare\u00bb\" width=\"64\" height=\"64\"><\/a><\/figure>\n<\/div>\n<div class=\"valign\"><span class=\"testatina testatina-articolo\"><a href=\"http:\/\/quotidianodipuglia.it\/bari\/adelfia_esplosione_bombola_gas_palazzo_crollato_incendio_testimonianze_vicini-9331498.html\">BARI<\/a><\/span><\/p>\n<div class=\"titolo\"><a href=\"http:\/\/quotidianodipuglia.it\/bari\/adelfia_esplosione_bombola_gas_palazzo_crollato_incendio_testimonianze_vicini-9331498.html\" class=\"ml_primary_link\">L&#8217;esplosione, poi l&#8217;incendio e il crollo. Le testimonianze dei vicini: \u00abSentivamo urlare, fiamme troppe alte per entrare\u00bb<\/a><\/div>\n<\/div>\n<\/div>\n<\/div>\n<\/div>\n<\/article>\n<article class=\"col-xs-12 html_base_square  bari \">\n<div class=\"item_content\">\n<div class=\"row\">\n<div class=\"col-xs valign__content\">\n<div class=\"square___content\">\n<figure class=\"thumbnail\"><a href=\"http:\/\/quotidianodipuglia.it\/bari\/adelfia_esplode_bombola_gas_crolla_edificio_due_morti-9331384.html\" title=\"Esplode una bombola di gas, crolla un edificio: due morti\"><img loading=\"lazy\" decoding=\"async\" src=\"https:\/\/analyse.optim.biz\/wp-content\/uploads\/2026\/02\/9331384_31193545_progetto_senza_titolo_76_-15.jpg\" title=\"Esplode una bombola di gas, crolla un edificio: due morti\" width=\"64\" height=\"64\"><\/a><\/figure>\n<\/div>\n<div class=\"valign\"><span class=\"testatina testatina-articolo\"><a href=\"http:\/\/quotidianodipuglia.it\/bari\/adelfia_esplode_bombola_gas_crolla_edificio_due_morti-9331384.html\">BARI<\/a><\/span><\/p>\n<div class=\"titolo\"><a href=\"http:\/\/quotidianodipuglia.it\/bari\/adelfia_esplode_bombola_gas_crolla_edificio_due_morti-9331384.html\" class=\"ml_primary_link\">Esplode una bombola di gas, crolla un edificio: due morti<\/a><\/div>\n<\/div>\n<\/div>\n<\/div>\n<\/div>\n<\/article>\n<article class=\"col-xs-12 html_base_square  bari \">\n<div class=\"item_content\">\n<div class=\"row\">\n<div class=\"col-xs valign__content\">\n<div class=\"square___content\">\n<figure class=\"thumbnail\"><a href=\"http:\/\/quotidianodipuglia.it\/bari\/apertura_anno_giudiziario_lecce_bari_allarme_magistrati_contro_riforma_rischio_autonomia_cosa_sappiamo-9331230.html\" title=\"Apertura dell'anno giudiziario a Bari e Lecce, attacco dei magistrati: \u00abDa mani libere a mani pulite \u00e8 un attimo\u00bb. Sisto contestato: \u00abBasta\u00bb\"><img loading=\"lazy\" decoding=\"async\" src=\"https:\/\/analyse.optim.biz\/wp-content\/uploads\/2026\/02\/9331230_31105121_progetto_senza_titolo_11_-25.jpg\" title=\"Apertura dell'anno giudiziario a Bari e Lecce, attacco dei magistrati: \u00abDa mani libere a mani pulite \u00e8 un attimo\u00bb. Sisto contestato: \u00abBasta\u00bb\" width=\"64\" height=\"64\"><\/a><\/figure>\n<\/div>\n<div class=\"valign\"><span class=\"testatina testatina-articolo\"><a href=\"http:\/\/quotidianodipuglia.it\/bari\/apertura_anno_giudiziario_lecce_bari_allarme_magistrati_contro_riforma_rischio_autonomia_cosa_sappiamo-9331230.html\">LA CERIMONIA <\/a><\/span><\/p>\n<div class=\"titolo\"><a href=\"http:\/\/quotidianodipuglia.it\/bari\/apertura_anno_giudiziario_lecce_bari_allarme_magistrati_contro_riforma_rischio_autonomia_cosa_sappiamo-9331230.html\" class=\"ml_primary_link\">Apertura dell&#8217;anno giudiziario a Bari e Lecce, attacco dei magistrati: \u00abDa mani libere a mani pulite \u00e8 un attimo\u00bb. Sisto contestato: \u00abBasta\u00bb<\/a><\/div>\n<p><span class=\"firma\"><span>di Roberta GRASSI e Francesca SORRENTINO<\/span><\/span><\/div>\n<\/div>\n<\/div>\n<\/div>\n<\/article>\n<article class=\"col-xs-12 html_base_square  bari \">\n<div class=\"item_content\">\n<div class=\"row\">\n<div class=\"col-xs valign__content\">\n<div class=\"square___content\">\n<figure class=\"thumbnail\"><a href=\"http:\/\/quotidianodipuglia.it\/bari\/urina_davanti_portone_chiesa_redentore_bari_video_esplode_polemica_decoro_urbano-9331383.html\" title=\"Un uomo urina sul portone della chiesa del Redentore: esplode la polemica sul decoro urbano\"><img loading=\"lazy\" decoding=\"async\" src=\"https:\/\/analyse.optim.biz\/wp-content\/uploads\/2026\/02\/9331383_31144406_urina_davanti_portone_chiesa_redentore_bari_video_esplode_polemica_decoro_urbano-15.jpg\" title=\"Un uomo urina sul portone della chiesa del Redentore: esplode la polemica sul decoro urbano\" width=\"64\" height=\"64\"><\/a><\/figure>\n<\/div>\n<div class=\"valign\"><span class=\"testatina testatina-articolo\"><a href=\"http:\/\/quotidianodipuglia.it\/bari\/urina_davanti_portone_chiesa_redentore_bari_video_esplode_polemica_decoro_urbano-9331383.html\">BARI<\/a><\/span><\/p>\n<div class=\"titolo\"><a href=\"http:\/\/quotidianodipuglia.it\/bari\/urina_davanti_portone_chiesa_redentore_bari_video_esplode_polemica_decoro_urbano-9331383.html\" class=\"ml_primary_link\">Un uomo urina sul portone della chiesa del Redentore: esplode la polemica sul decoro urbano<\/a><\/div>\n<\/div>\n<\/div>\n<\/div>\n<\/div>\n<\/article>\n<\/div>\n<\/div>\n<\/div>\n<div class=\"strip-1-square listing strip_moltofood_flexible  quotidianodipuglia\">\n<div class=\"testatabox testatina-box grande moltofood default\">\n<h3><a href=\"https:\/\/www.moltofood.it\" target=\"_blank\" title=\"moltofood.it\"><img loading=\"lazy\" decoding=\"async\" src=\"https:\/\/analyse.optim.biz\/wp-content\/uploads\/2026\/02\/moltofood-73.svg\" width=\"140\" height=\"20\" title=\"moltofood-73\"><\/a><\/h3>\n<\/div>\n<div class=\"row \">\n<article class=\"col-xs-12 html_base_square\">\n<div class=\"item_content\">\n<div class=\"row\">\n<div class=\"square___content\">\n<figure><a href=\"https:\/\/www.moltofood.it\/schiacciata-ripiena-senza-lievito-ricetta\/?utm_source=quotidianodipuglia&amp;utm_medium=strip_moltofood_flexible&amp;utm_campaign=right_articolo\" target=\"_blank\" title=\"Schiacciata ripiena, la ricetta scrocchiarella e senza lievito\"><img decoding=\"async\" src=\"https:\/\/analyse.optim.biz\/wp-content\/uploads\/2026\/02\/schiacciata-ripiena-1-150x150-127.jpg\" title=\"Schiacciata ripiena, la ricetta scrocchiarella e senza lievito\"><\/a><\/figure>\n<\/div>\n<div class=\"col-xs valign__content\">\n<div class=\"valign\"><span class=\"testatina testatina-articolo\"><a href=\"https:\/\/www.moltofood.it\/schiacciata-ripiena-senza-lievito-ricetta\/?utm_source=quotidianodipuglia&amp;utm_medium=strip_moltofood_flexible&amp;utm_campaign=right_articolo\"><br \/>\n                                                Piatti unici                                                <\/a><\/span><\/p>\n<h2 class=\"titolo\"><a href=\"https:\/\/www.moltofood.it\/schiacciata-ripiena-senza-lievito-ricetta\/?utm_source=quotidianodipuglia&amp;utm_medium=strip_moltofood_flexible&amp;utm_campaign=right_articolo\" title=\"Schiacciata ripiena, la ricetta scrocchiarella e senza lievito\" target=\"_blank\">Schiacciata ripiena, la ricetta scrocchiarella e senza lievito<\/a><\/h2>\n<p><span class=\"firma\">di Margherita Catalani<\/span><\/div>\n<\/div>\n<\/div>\n<\/div>\n<\/article>\n<article class=\"col-xs-12 html_base_square\">\n<div class=\"item_content\">\n<div class=\"row\">\n<div class=\"square___content\">\n<figure><a href=\"https:\/\/www.moltofood.it\/granola-in-friggitrice-ad-aria-ricetta\/?utm_source=quotidianodipuglia&amp;utm_medium=strip_moltofood_flexible&amp;utm_campaign=right_articolo\" target=\"_blank\" title=\"Granola in friggitrice ad aria: veloce, pratica e super versatile\"><img decoding=\"async\" src=\"https:\/\/analyse.optim.biz\/wp-content\/uploads\/2026\/02\/granolacottainfriggitriceadaria_copertina-150x150-3-80.jpeg\" title=\"Granola in friggitrice ad aria: veloce, pratica e super versatile\"><\/a><\/figure>\n<\/div>\n<div class=\"col-xs valign__content\">\n<div class=\"valign\"><span class=\"testatina testatina-articolo\"><a href=\"https:\/\/www.moltofood.it\/granola-in-friggitrice-ad-aria-ricetta\/?utm_source=quotidianodipuglia&amp;utm_medium=strip_moltofood_flexible&amp;utm_campaign=right_articolo\"><br \/>\n                                                Dolci                                                <\/a><\/span><\/p>\n<h2 class=\"titolo\"><a href=\"https:\/\/www.moltofood.it\/granola-in-friggitrice-ad-aria-ricetta\/?utm_source=quotidianodipuglia&amp;utm_medium=strip_moltofood_flexible&amp;utm_campaign=right_articolo\" title=\"Granola in friggitrice ad aria: veloce, pratica e super versatile\" target=\"_blank\">Granola in friggitrice ad aria: veloce, pratica e super versatile<\/a><\/h2>\n<p><span class=\"firma\">di Virginia Fabbri<\/span><\/div>\n<\/div>\n<\/div>\n<\/div>\n<\/article>\n<\/div>\n<p><a href=\"https:\/\/www.moltofood.it?utm_source=quotidianodipuglia&amp;utm_medium=strip_moltofood_flexible&amp;utm_campaign=right_articolo\" class=\"testatabox show_more\" target=\"_blank\" title=\"moltofood.it\">Vedi tutte le ricette<\/a><\/div>\n<div class=\"strip-1-bottom\">\n<div class=\"testatabox default sinistra rosso partner news\">\n<h3 class=\"partner news\"><a href=\"https:\/\/www.romevaticancard.com\/it\/omniacards\/omnia-card-72\/?ref=banner\">OMNIA CARD<\/a><\/h3>\n<\/div>\n<div class=\"row\">\n<article class=\"col-xs-12 html_base_bottom   partner news \">\n<div class=\"item_content hyperlink\">\n<figure class=\"medium\"><a href=\"https:\/\/www.romevaticancard.com\/it\/omniacards\/omnia-card-72\/?ref=banner\" title=\"Omnia card 72h + Roma Pass: Musei Vaticani e Colosseo inclusi\"><img decoding=\"async\" src=\"https:\/\/analyse.optim.biz\/wp-content\/uploads\/2026\/02\/7772044_27112113_rome-72.jpg\" title=\"Omnia card 72h + Roma Pass: Musei Vaticani e Colosseo inclusi\" width=\"-16\" height=\"-9\"><\/a><\/figure>\n<div class=\"titolo\"><a href=\"https:\/\/www.romevaticancard.com\/it\/omniacards\/omnia-card-72\/?ref=banner\" class=\"ml_primary_link\">Omnia card 72h + Roma Pass: Musei Vaticani e Colosseo inclusi<\/a><\/div>\n<\/div>\n<\/article>\n<\/div>\n<\/div>\n<div class=\"strip-1-no_foto ranking listing\">\n<div class=\"testatabox boxed sinistra  \">\n<h3 class>LE PI\u00d9 LETTE<\/h3>\n<\/div>\n<div class=\"row\">\n<article class=\"col-xs-12 html_base_no_foto  schede \">\n<div class=\"item_content\"><span class=\"testatina testatina-articolo\"><a href=\"http:\/\/quotidianodipuglia.it\/schede\/oroscopo_settimana_2_8_febbraio_2026_top_flop_chi_sale_chi_scende-9331740.html\">LA VOCE DELLE STELLE<\/a><\/span><\/p>\n<div class=\"titolo\"><a href=\"http:\/\/quotidianodipuglia.it\/schede\/oroscopo_settimana_2_8_febbraio_2026_top_flop_chi_sale_chi_scende-9331740.html\" class=\"ml_primary_link\">Oroscopo della prossima settimana: Cancro spezza la routine, Scorpione osserva, Bilancia si dedica agli affetti.<span> Ariete? Mantieni la calma<\/span><\/a><a href=\"http:\/\/quotidianodipuglia.it\/schede\/oroscopo_weekend_oggi_domani_sabato_31_gennaio_1_febbraio_2026_chi_sale_chi_scende-9327376.html\" class=\"ml_articolo\"><u>Le previsioni del weekend<\/u><\/a><\/div>\n<div class=\"row item_content_moreinfo middle-xs\">\n<div class=\"col-xs-8\"><span class=\"firma\"><span>di Redazione web<\/span><\/span><\/div>\n<\/div>\n<\/div>\n<\/article>\n<article class=\"col-xs-12 html_base_no_foto  schede \">\n<div class=\"item_content\"><span class=\"testatina testatina-articolo\"><a href=\"http:\/\/quotidianodipuglia.it\/schede\/il_caso_bambino_bus_piedi_neve_cosa_e_successo_ricostruzione_vicenda_polemiche_oggi-9331114.html\">IL CASO <\/a><\/span><\/p>\n<div class=\"titolo\"><a href=\"http:\/\/quotidianodipuglia.it\/schede\/il_caso_bambino_bus_piedi_neve_cosa_e_successo_ricostruzione_vicenda_polemiche_oggi-9331114.html\" class=\"ml_primary_link\">Bambino fatto scendere dal bus: i 6 km a piedi, il biglietto a 10 euro, l&#8217;autista sospeso, l&#8217;inchiesta. Cosa \u00e8 successo<\/a><\/div>\n<div class=\"row item_content_moreinfo middle-xs\">\n<div class=\"col-xs-8\"><span class=\"firma\"><span>di Marta Giusti<\/span><\/span><\/div>\n<div class=\"col-xs\">\n<ul class=\"info-item\">\n<li class=\"has-foto ri-camera-line\"><\/ul>\n<\/div>\n<\/div>\n<\/div>\n<\/article>\n<article class=\"col-xs-12 html_base_no_foto  schede \">\n<div class=\"item_content\"><span class=\"testatina testatina-articolo\"><a href=\"http:\/\/quotidianodipuglia.it\/schede\/oroscopo_paolo_fox_stelle_fine_settimana_weekend_31_gennaio_1_febbraio_2026-9331582.html\">IN TV <\/a><\/span><\/p>\n<div class=\"titolo\"><a href=\"http:\/\/quotidianodipuglia.it\/schede\/oroscopo_paolo_fox_stelle_fine_settimana_weekend_31_gennaio_1_febbraio_2026-9331582.html\" class=\"ml_primary_link\">Oroscopo di Paolo Fox, le stelle del fine settimana: Gemelli al top, Sagittario in ripresa, Capricorno isolato<\/a><a href=\"http:\/\/quotidianodipuglia.it\/schede\/oroscopo_weekend_oggi_domani_sabato_31_gennaio_1_febbraio_2026_chi_sale_chi_scende-9327376.html\" class=\"ml_articolo\"><span>Le previsioni del weekend\u00a0<\/span><\/a><\/div>\n<div class=\"row item_content_moreinfo middle-xs\">\n<div class=\"col-xs-8\"><span class=\"firma\"><span>di Redazione web<\/span><\/span><\/div>\n<\/div>\n<\/div>\n<\/article>\n<article class=\"col-xs-12 html_base_no_foto  attualita \">\n<div class=\"item_content\"><span class=\"testatina testatina-articolo\"><a href=\"http:\/\/quotidianodipuglia.it\/attualita\/donald_trump_resort_salento_albania-9331850.html\">LA SVOLTA <\/a><\/span><\/p>\n<div class=\"titolo\"><a href=\"http:\/\/quotidianodipuglia.it\/attualita\/donald_trump_resort_salento_albania-9331850.html\" class=\"ml_primary_link\">I Trump nuovi vicini di casa: l&#8217;ok al resort di lusso a poche miglia dal Salento. Il no degli ambientalisti<\/a><\/div>\n<div class=\"row item_content_moreinfo middle-xs\">\n<div class=\"col-xs-8\"><span class=\"firma\"><span>di Vincenzo MARUCCIO<\/span><\/span><\/div>\n<\/div>\n<\/div>\n<\/article>\n<article class=\"col-xs-12 html_base_no_foto  lecce \">\n<div class=\"item_content\"><span class=\"testatina testatina-articolo\"><a href=\"http:\/\/quotidianodipuglia.it\/lecce\/tesoro_sommerso_mari_del_salento_nave_romana_attende_riscatto_da_40_anni-9331754.html\">LECCE<\/a><\/span><\/p>\n<div class=\"titolo\"><a href=\"http:\/\/quotidianodipuglia.it\/lecce\/tesoro_sommerso_mari_del_salento_nave_romana_attende_riscatto_da_40_anni-9331754.html\" class=\"ml_primary_link\">Tesoro sommerso a Santa Caterina: la nave romana attende il riscatto da 40 anni<\/a><\/div>\n<div class=\"row item_content_moreinfo middle-xs\">\n<div class=\"col-xs-8\"><span class=\"firma\"><span>di Giuseppe TARANTINO<\/span><\/span><\/div>\n<\/div>\n<\/div>\n<\/article>\n<\/div>\n<\/div>\n<div class=\"strip- lgw\">\n<div class=\"header\"><span class=\"title\"><br \/>\n                Cerca il tuo immobile all&#8217;asta<br \/>\n            <\/span><\/div>\n<div class=\"content\"><a href=\"https:\/\/www.legalmente.net\/\" target=\"_blank\" class=\"brand\"><img decoding=\"async\" src=\"https:\/\/analyse.optim.biz\/wp-content\/uploads\/2026\/02\/logo-125.jpg\" title=\"logo-125\"><\/a><\/div>\n<\/div>\n<\/div>\n<\/div>\n<\/div>\n<\/aside>\n<\/article>\n<p> Source URL: http:\/\/quotidianodipuglia.it\/bari\/bari_aggressione_console_georgia_arresto-9323477.html<\/p>\n","protected":false},"excerpt":{"rendered":"<p>Pugni in testa e violenza in pieno centro a Bari: aggredito il nuovo console della Georgia, arrestato 37enne \u00c8 accaduto in via Vittorio Emanuele II 2 Minuti di Lettura marted\u00ec 27 gennaio 2026, 20:59 &#8211; Ultimo aggiornamento: 28 gennaio, 19:57 Aggredito a Bari il console generale della Georgia. Il nuovo console generale della Georgia a [&hellip;]<\/p>\n","protected":false},"author":1,"featured_media":1685142,"comment_status":"open","ping_status":"","sticky":false,"template":"","format":"standard","meta":{"footnotes":""},"categories":[87],"tags":[226,155],"class_list":["post-1685141","post","type-post","status-publish","format-standard","has-post-thumbnail","hentry","category-italy","tag-crawlmanager","tag-quotidianodipuglia-it"],"_links":{"self":[{"href":"https:\/\/analyse.optim.biz\/index.php?rest_route=\/wp\/v2\/posts\/1685141","targetHints":{"allow":["GET"]}}],"collection":[{"href":"https:\/\/analyse.optim.biz\/index.php?rest_route=\/wp\/v2\/posts"}],"about":[{"href":"https:\/\/analyse.optim.biz\/index.php?rest_route=\/wp\/v2\/types\/post"}],"author":[{"embeddable":true,"href":"https:\/\/analyse.optim.biz\/index.php?rest_route=\/wp\/v2\/users\/1"}],"replies":[{"embeddable":true,"href":"https:\/\/analyse.optim.biz\/index.php?rest_route=%2Fwp%2Fv2%2Fcomments&post=1685141"}],"version-history":[{"count":0,"href":"https:\/\/analyse.optim.biz\/index.php?rest_route=\/wp\/v2\/posts\/1685141\/revisions"}],"wp:featuredmedia":[{"embeddable":true,"href":"https:\/\/analyse.optim.biz\/index.php?rest_route=\/wp\/v2\/media\/1685142"}],"wp:attachment":[{"href":"https:\/\/analyse.optim.biz\/index.php?rest_route=%2Fwp%2Fv2%2Fmedia&parent=1685141"}],"wp:term":[{"taxonomy":"category","embeddable":true,"href":"https:\/\/analyse.optim.biz\/index.php?rest_route=%2Fwp%2Fv2%2Fcategories&post=1685141"},{"taxonomy":"post_tag","embeddable":true,"href":"https:\/\/analyse.optim.biz\/index.php?rest_route=%2Fwp%2Fv2%2Ftags&post=1685141"}],"curies":[{"name":"wp","href":"https:\/\/api.w.org\/{rel}","templated":true}]}}