{"id":168511,"date":"2016-01-22T16:41:46","date_gmt":"2016-01-22T13:41:46","guid":{"rendered":"https:\/\/analyse.optim.biz\/?p=168511"},"modified":"2016-01-22T16:41:46","modified_gmt":"2016-01-22T13:41:46","slug":"klaus-iohannis-a-discutat-cu-nicolae-timofti-despre-noul-guvern","status":"publish","type":"post","link":"https:\/\/analyse.optim.biz\/?p=168511","title":{"rendered":"Klaus Iohannis a discutat cu Nicolae Timofti despre noul Guvern\u00a0"},"content":{"rendered":"<div class=\"entry data-app-meta data-app-meta-article\" data-embed-base-url-canonical=\"https:\/\/www.digi24.ro\/embed\/stiri\/actualitate\/politica\/klaus-iohannis-a-discutat-cu-nicolae-timofti-despre-noul-guvern-479398\">\n<p data-index=\"1\">Cei doi au convenit ca \u00eent\u00e2lnirea s\u0103 aib\u0103 loc c\u00e2t mai cur\u00e2nd, a anun\u0163at Pre\u015fedin\u0163ia Moldovean\u0103. Din cauza crizei politice de peste Prut, Rom\u00e2nia a am\u00e2nat acordarea unui \u00eemprumut de 150 de milioane de euro. Pre\u015fedintele Klaus Iohannis a retrimis la Parlament legea prin care erau da\u0163i banii, pe motiv c\u0103 \u0163ara noastr\u0103 nu poate acorda aceste fonduri, c\u00e2t timp nu este sigur\u0103 c\u0103 Moldova \u00ee\u015fi continu\u0103 parcursul european. \u00a0<\/p>\n<\/div>\n<p> Source URL: https:\/\/www.digi24.ro\/stiri\/actualitate\/politica\/klaus-iohannis-a-discutat-cu-nicolae-timofti-despre-noul-guvern-479398<\/p>\n","protected":false},"excerpt":{"rendered":"<p>Cei doi au convenit ca \u00eent\u00e2lnirea s\u0103 aib\u0103 loc c\u00e2t mai cur\u00e2nd, a anun\u0163at Pre\u015fedin\u0163ia Moldovean\u0103. Din cauza crizei politice de peste Prut, Rom\u00e2nia a am\u00e2nat acordarea unui \u00eemprumut de 150 de milioane de euro. Pre\u015fedintele Klaus Iohannis a retrimis la Parlament legea prin care erau da\u0163i banii, pe motiv c\u0103 \u0163ara noastr\u0103 nu poate [&hellip;]<\/p>\n","protected":false},"author":1,"featured_media":168512,"comment_status":"open","ping_status":"","sticky":false,"template":"","format":"standard","meta":{"footnotes":""},"categories":[2],"tags":[11],"class_list":["post-168511","post","type-post","status-publish","format-standard","has-post-thumbnail","hentry","category-politics","tag-digi24"],"_links":{"self":[{"href":"https:\/\/analyse.optim.biz\/index.php?rest_route=\/wp\/v2\/posts\/168511","targetHints":{"allow":["GET"]}}],"collection":[{"href":"https:\/\/analyse.optim.biz\/index.php?rest_route=\/wp\/v2\/posts"}],"about":[{"href":"https:\/\/analyse.optim.biz\/index.php?rest_route=\/wp\/v2\/types\/post"}],"author":[{"embeddable":true,"href":"https:\/\/analyse.optim.biz\/index.php?rest_route=\/wp\/v2\/users\/1"}],"replies":[{"embeddable":true,"href":"https:\/\/analyse.optim.biz\/index.php?rest_route=%2Fwp%2Fv2%2Fcomments&post=168511"}],"version-history":[{"count":0,"href":"https:\/\/analyse.optim.biz\/index.php?rest_route=\/wp\/v2\/posts\/168511\/revisions"}],"wp:featuredmedia":[{"embeddable":true,"href":"https:\/\/analyse.optim.biz\/index.php?rest_route=\/wp\/v2\/media\/168512"}],"wp:attachment":[{"href":"https:\/\/analyse.optim.biz\/index.php?rest_route=%2Fwp%2Fv2%2Fmedia&parent=168511"}],"wp:term":[{"taxonomy":"category","embeddable":true,"href":"https:\/\/analyse.optim.biz\/index.php?rest_route=%2Fwp%2Fv2%2Fcategories&post=168511"},{"taxonomy":"post_tag","embeddable":true,"href":"https:\/\/analyse.optim.biz\/index.php?rest_route=%2Fwp%2Fv2%2Ftags&post=168511"}],"curies":[{"name":"wp","href":"https:\/\/api.w.org\/{rel}","templated":true}]}}