{"id":168489,"date":"2016-01-22T18:04:18","date_gmt":"2016-01-22T15:04:18","guid":{"rendered":"https:\/\/analyse.optim.biz\/?p=168489"},"modified":"2016-01-22T18:04:18","modified_gmt":"2016-01-22T15:04:18","slug":"propunere-evaluarea-doctoratelor-fara-parlamentari-si-ministri","status":"publish","type":"post","link":"https:\/\/analyse.optim.biz\/?p=168489","title":{"rendered":"Propunere. Evaluarea doctoratelor, f\u0103r\u0103 parlamentari \u0219i mini\u0219tri"},"content":{"rendered":"<div class=\"entry data-app-meta data-app-meta-article\" data-embed-base-url-canonical=\"https:\/\/www.digi24.ro\/embed\/stiri\/actualitate\/politica\/propunere-evaluarea-doctoratelor-fara-parlamentari-si-ministri-479429\">\n<p data-index=\"1\">Consiliul Na\u0163ional de Atestare a Titlurilor, Diplomelor \u015fi Certificatelor Universitare este institu\u0163ia care d\u0103 girul tuturor lucr\u0103rilor academice, aici intr\u00e2nd \u015fi doctoratele.<\/p>\n<p data-index=\"2\">\u201eDin nefericire, aceast\u0103 institu\u0163ie s-a transformat, \u00een timp, \u00een c\u00e2mp de b\u0103t\u0103lie pentru disputele politice. De multe ori a fost blocat\u0103, a fost politizat\u0103 \u00eentr-un mod inacceptabil pentru cei care urm\u0103resc etica universitar\u0103\u201d, a spus Raluca Turcan, deputat PNL.<\/p>\n<p data-index=\"3\">\u00cen aceste condi\u0163ii, liberalii spun c\u0103 ar fi mai bine ca senatorii, deputa\u0163ii, mini\u015ftrii \u015fi secretarii de stat s\u0103 fie incompatibili cu calitatea de membru \u00een consiliu. Parlamentarii viza\u0163i nu v\u0103d cu ochi buni propunerea.<\/p>\n<p data-index=\"4\">\u201e<span>Dac\u0103 m\u0103 refer la mine personal, sunt cadru didactic de 44 de ani la Politehnica Timi\u015foara, sunt conduc\u0103tor de doctorat \u015fi am luat premiul Academiei pentru contribu\u0163ii \u015ftiin\u0163ifice \u00eenainte de a fi parlamentar\u201d, spune Petru Andea, deputat PSD, membru CNATDCU.<\/span><\/p>\n<p data-index=\"5\">\u00cen plus, senatorul Daniel Barbu sus\u0163ine c\u0103 problema plagiatelor este la universit\u0103\u0163i \u015fi nu la consiliu, care oricum nu are mijloacele tehnice necesare pentru a verifica fiecare lucrare.<\/p>\n<p data-index=\"6\">\u201e\u00cen virtutea calific\u0103rilor academice au fost numi\u0163i, nu pentru c\u0103 ar fi parlamentari. \u015ei, \u00een general, se poart\u0103, tocmai pentru c\u0103 sunt parlamentari, cu mare aten\u0163ie la aceste chestiuni, pentru c\u0103 este un organ colectiv, sunt \u015fi al\u0163i colegi \u015fi nu vrei s\u0103 \u00ee\u0163i \u015ftirbe\u015fti reputa\u0163ia pentru fleacuri\u201d, spune Daniel Barbu, senator ALDE, membru CNATDCU.<\/p>\n<p data-index=\"7\">Ini\u0163iatorii legii spun c\u0103, pe perioada mandatelor, politicienii ar trebui s\u0103 se suspende din consiliu. \u00cen aceast\u0103 situa\u0163ie sunt parlamentarii PSD Ecaterina Andronescu, Anghel Stanciu \u015fi Popa Florian.<\/p>\n<p data-index=\"8\">\u201e<span>Eu nu am auzit discu\u0163ii politice \u00een CNATDCU&#8230; At\u00e2ta timp c\u00e2t am fost eu acolo \u015fi de c\u00e2te ori am fost la \u00eent\u00e2lnirile acestei organiza\u0163ii, acestui forum, eu nu am auzit discu\u0163ii politice\u201d, a spus Florian Popa, senator PSD. <\/span><\/p>\n<p data-index=\"9\">Dezbaterea propunerii legislative va \u00eencepe odat\u0103 cu noua sesiune parlamentar\u0103 din februarie.<\/p>\n<\/div>\n<p> Source URL: https:\/\/www.digi24.ro\/stiri\/actualitate\/politica\/propunere-evaluarea-doctoratelor-fara-parlamentari-si-ministri-479429<\/p>\n","protected":false},"excerpt":{"rendered":"<p>Consiliul Na\u0163ional de Atestare a Titlurilor, Diplomelor \u015fi Certificatelor Universitare este institu\u0163ia care d\u0103 girul tuturor lucr\u0103rilor academice, aici intr\u00e2nd \u015fi doctoratele. \u201eDin nefericire, aceast\u0103 institu\u0163ie s-a transformat, \u00een timp, \u00een c\u00e2mp de b\u0103t\u0103lie pentru disputele politice. De multe ori a fost blocat\u0103, a fost politizat\u0103 \u00eentr-un mod inacceptabil pentru cei care urm\u0103resc etica universitar\u0103\u201d, [&hellip;]<\/p>\n","protected":false},"author":1,"featured_media":168490,"comment_status":"open","ping_status":"","sticky":false,"template":"","format":"standard","meta":{"footnotes":""},"categories":[2],"tags":[11],"class_list":["post-168489","post","type-post","status-publish","format-standard","has-post-thumbnail","hentry","category-politics","tag-digi24"],"_links":{"self":[{"href":"https:\/\/analyse.optim.biz\/index.php?rest_route=\/wp\/v2\/posts\/168489","targetHints":{"allow":["GET"]}}],"collection":[{"href":"https:\/\/analyse.optim.biz\/index.php?rest_route=\/wp\/v2\/posts"}],"about":[{"href":"https:\/\/analyse.optim.biz\/index.php?rest_route=\/wp\/v2\/types\/post"}],"author":[{"embeddable":true,"href":"https:\/\/analyse.optim.biz\/index.php?rest_route=\/wp\/v2\/users\/1"}],"replies":[{"embeddable":true,"href":"https:\/\/analyse.optim.biz\/index.php?rest_route=%2Fwp%2Fv2%2Fcomments&post=168489"}],"version-history":[{"count":0,"href":"https:\/\/analyse.optim.biz\/index.php?rest_route=\/wp\/v2\/posts\/168489\/revisions"}],"wp:featuredmedia":[{"embeddable":true,"href":"https:\/\/analyse.optim.biz\/index.php?rest_route=\/wp\/v2\/media\/168490"}],"wp:attachment":[{"href":"https:\/\/analyse.optim.biz\/index.php?rest_route=%2Fwp%2Fv2%2Fmedia&parent=168489"}],"wp:term":[{"taxonomy":"category","embeddable":true,"href":"https:\/\/analyse.optim.biz\/index.php?rest_route=%2Fwp%2Fv2%2Fcategories&post=168489"},{"taxonomy":"post_tag","embeddable":true,"href":"https:\/\/analyse.optim.biz\/index.php?rest_route=%2Fwp%2Fv2%2Ftags&post=168489"}],"curies":[{"name":"wp","href":"https:\/\/api.w.org\/{rel}","templated":true}]}}