{"id":1684239,"date":"2026-01-29T04:30:01","date_gmt":"2026-01-29T01:30:01","guid":{"rendered":"https:\/\/analyse.optim.biz\/?p=1684239"},"modified":"2026-01-29T04:30:01","modified_gmt":"2026-01-29T01:30:01","slug":"generar-tanta-adiccion-como-para-ir-a-juicio-las-redes-sociales-pasan-por-el-banquillo","status":"publish","type":"post","link":"https:\/\/analyse.optim.biz\/?p=1684239","title":{"rendered":"Generar tanta adicci\u00f3n como para ir a juicio: las redes sociales pasan por el banquillo"},"content":{"rendered":"<article id=\"main-content\" class=\"a _g _g-lg _g-o\">\n<header class=\"a_e _g _g-xs\">\n<div class=\"a_e_txt _df\">\n<div class=\"a_k _df\"><a class=\"a_k_n\" href=\"https:\/\/elpais.com\/noticias\/redes-sociales\/\">Redes sociales<\/a><\/div>\n<h1 class=\"a_t\">Generar tanta adicci\u00f3n como para ir a juicio: las redes sociales pasan por el banquillo<\/h1>\n<p class=\"a_st\">Una decena de vistas en Los \u00c1ngeles intentan averiguar si las redes sociales buscan convertirse en adictivas para los j\u00f3venes, y si eso es delito<\/p>\n<\/div>\n<div class=\"a_e_m\">\n<figure class=\"a_m a_m-h \"><span class=\"a_m_w _db\"><img fetchpriority=\"high\" decoding=\"async\" alt=\"iPhone\" class=\"_re  a_m-h\" height=\"289\" width=\"414\" src=\"https:\/\/analyse.optim.biz\/wp-content\/uploads\/2026\/02\/daj7l7m55negdoazocy4qotjl4-1.jpg\" loading=\"eager\" title=\"daj7l7m55negdoazocy4qotjl4-1\"><\/span><figcaption class=\"a_m_p\" aria-hidden=\"true\"><span>Un ni\u00f1o de 12 a\u00f1os mira su tel\u00e9fono, con distintas aplicaciones de redes sociales. <\/span><span class=\"a_m_m\">Matt Cardy (Getty Images)<\/span><\/figcaption><\/figure>\n<\/div>\n<\/header>\n<div class=\"a_md _g _g-xs \">\n<figure class=\"a_md_i a_m-h c_m--nf\"><span class=\"a_m_w _db\"><img decoding=\"async\" alt=\"Mar\u00eda Porcel\" class=\"_re lazyload a_m-h\" height=\"100\" width=\"100\" src=\"https:\/\/analyse.optim.biz\/wp-content\/uploads\/2026\/02\/https3a2f2fs3-amazonaws-com2farc-authors2fprisa2fea6f9d8e-2e65-46a4-9a5e-6e8a789c9408.jpg\" loading=\"lazy\" title=\"https3a2f2fs3-amazonaws-com2farc-authors2fprisa2fea6f9d8e-2e65-46a4-9a5e-6e8a789c9408\"><\/span><\/figure>\n<div class=\"a_md_txt\">\n<div class=\"a_md_a\" data-dtm-region=\"articulo_firma\"><a href=\"https:\/\/elpais.com\/autor\/maria-porcel\/#?rel=author_top\" title=\"Ver todas las noticias de Mar\u00eda Porcel\" class=\"a_md_a_n\">Mar\u00eda Porcel<\/a><\/div>\n<div class=\"a_md_f\"><span>Los \u00c1ngeles &#8211; <a href=\"https:\/\/elpais.com\/hemeroteca\/2026-01-29\/\" data-date=\"2026-01-29T05:30:01+01:00\"><time data-date=\"2026-01-29T05:30:01+01:00\" datetime=\"2026-01-29T05:30:01+01:00\" id=\"article_date_p\">29 ene 2026 &#8211; 05:30<abbr title=\"Central European Time\">CET<\/abbr><\/time><\/a><\/span><\/div>\n<div class=\"w_rs\" data-dtm-region=\"articulo_botonera-social\">\n<div class=\"w_rs_i\"><a class=\"_btn hidden\" href=\"\/\/send?text=Generar%20tanta%20adicci%C3%B3n%20como%20para%20ir%20a%20juicio%3A%20las%20redes%20sociales%20pasan%20por%20el%20banquillo%0D%0A%0D%0Ahttps%3A%2F%2Felpais.com%2Ftecnologia%2F2026-01-29%2Fgenerar-tanta-adiccion-como-para-ir-a-juicio-las-redes-sociales-pasan-por-el-banquillo.html%3Fssm=whatsapp_CC\" data-action=\"share\/whatsapp\/share\" data-param-description=\"Generar tanta adicci\u00f3n como para ir a juicio: las redes sociales pasan por el banquillo\" data-param-href=\"https:\/\/elpais.com\/tecnologia\/2026-01-29\/generar-tanta-adiccion-como-para-ir-a-juicio-las-redes-sociales-pasan-por-el-banquillo.html\" data-param-text=\"Generar tanta adicci\u00f3n como para ir a juicio: las redes sociales pasan por el banquillo https:\/\/elpais.com\/tecnologia\/2026-01-29\/generar-tanta-adiccion-como-para-ir-a-juicio-las-redes-sociales-pasan-por-el-banquillo.html\" data-param-url=\"https:\/\/elpais.com\/tecnologia\/2026-01-29\/generar-tanta-adiccion-como-para-ir-a-juicio-las-redes-sociales-pasan-por-el-banquillo.html\" target=\"_blank\" rel=\"noopener noreferrer\" data-share-track-dtm=\"whatsapp\" id=\"btn_share_whatsapp_337\"><span class=\"_sr\">Compartir en Whatsapp<\/span><\/a><\/div>\n<div class=\"w_rs_i\"><a class=\"_btn \" href=\"https:\/\/www.facebook.com\/dialog\/share?display=popup&amp;app_id=94039431626&amp;href=https%3A%2F%2Felpais.com%2Ftecnologia%2F2026-01-29%2Fgenerar-tanta-adiccion-como-para-ir-a-juicio-las-redes-sociales-pasan-por-el-banquillo.html%3Fssm=FB_CC&amp;quote=Generar%20tanta%20adicci%C3%B3n%20como%20para%20ir%20a%20juicio%3A%20las%20redes%20sociales%20pasan%20por%20el%20banquillo\" data-param-app_id=\"94039431626\" data-param-description=\"Generar tanta adicci\u00f3n como para ir a juicio: las redes sociales pasan por el banquillo\" data-param-href=\"https:\/\/elpais.com\/tecnologia\/2026-01-29\/generar-tanta-adiccion-como-para-ir-a-juicio-las-redes-sociales-pasan-por-el-banquillo.html\" data-param-text=\"Generar tanta adicci\u00f3n como para ir a juicio: las redes sociales pasan por el banquillo\" data-param-url=\"https:\/\/elpais.com\/tecnologia\/2026-01-29\/generar-tanta-adiccion-como-para-ir-a-juicio-las-redes-sociales-pasan-por-el-banquillo.html\" target=\"_blank\" rel=\"noopener noreferrer\" data-share-track-dtm=\"facebook\" id=\"btn_share_facebook_337\"><span class=\"_sr\">Compartir en Facebook<\/span><\/a><\/div>\n<div class=\"w_rs_i\"><a class=\"_btn \" href=\"https:\/\/twitter.com\/intent\/tweet?url=https%3A%2F%2Felpais.com%2Ftecnologia%2F2026-01-29%2Fgenerar-tanta-adiccion-como-para-ir-a-juicio-las-redes-sociales-pasan-por-el-banquillo.html%3Fssm=TW_CC&amp;text=Generar%20tanta%20adicci%C3%B3n%20como%20para%20ir%20a%20juicio%3A%20las%20redes%20sociales%20pasan%20por%20el%20banquillo&amp;via=el_pais&amp;lang=es\" data-param-description=\"Generar tanta adicci\u00f3n como para ir a juicio: las redes sociales pasan por el banquillo\" data-param-href=\"https:\/\/elpais.com\/tecnologia\/2026-01-29\/generar-tanta-adiccion-como-para-ir-a-juicio-las-redes-sociales-pasan-por-el-banquillo.html\" data-param-text=\"Generar tanta adicci\u00f3n como para ir a juicio: las redes sociales pasan por el banquillo via @el_pais\" data-param-url=\"https:\/\/elpais.com\/tecnologia\/2026-01-29\/generar-tanta-adiccion-como-para-ir-a-juicio-las-redes-sociales-pasan-por-el-banquillo.html\" target=\"_blank\" rel=\"noopener noreferrer\" data-share-track-dtm=\"twitter\" id=\"btn_share_twitter_337\"><span class=\"_sr\">Compartir en Twitter<\/span><\/a><\/div>\n<div class=\"w_rs_i\"><a class=\"_btn \" href=\"https:\/\/bsky.app\/intent\/compose?text=https%3A%2F%2Felpais.com%2Ftecnologia%2F2026-01-29%2Fgenerar-tanta-adiccion-como-para-ir-a-juicio-las-redes-sociales-pasan-por-el-banquillo.html%3Fssm=bsky_CC\" data-param-description=\"Generar tanta adicci\u00f3n como para ir a juicio: las redes sociales pasan por el banquillo\" data-param-href=\"https:\/\/elpais.com\/tecnologia\/2026-01-29\/generar-tanta-adiccion-como-para-ir-a-juicio-las-redes-sociales-pasan-por-el-banquillo.html\" data-param-text=\"Generar tanta adicci\u00f3n como para ir a juicio: las redes sociales pasan por el banquillo\" data-param-url=\"https:\/\/elpais.com\/tecnologia\/2026-01-29\/generar-tanta-adiccion-como-para-ir-a-juicio-las-redes-sociales-pasan-por-el-banquillo.html\" target=\"_blank\" rel=\"noopener noreferrer\" data-share-track-dtm=\"bluesky\" id=\"btn_share_bluesky_337\"><span class=\"_sr\">Compartir en Bluesky<\/span><\/a><\/div>\n<div class=\"w_rs_i\"><a class=\"_btn \" href=\"https:\/\/www.linkedin.com\/sharing\/share-offsite\/?url=https%3A%2F%2Felpais.com%2Ftecnologia%2F2026-01-29%2Fgenerar-tanta-adiccion-como-para-ir-a-juicio-las-redes-sociales-pasan-por-el-banquillo.html%3Fssm=LK_CC\" data-param-description=\"Generar tanta adicci\u00f3n como para ir a juicio: las redes sociales pasan por el banquillo\" data-param-href=\"https:\/\/elpais.com\/tecnologia\/2026-01-29\/generar-tanta-adiccion-como-para-ir-a-juicio-las-redes-sociales-pasan-por-el-banquillo.html\" data-param-text=\"Generar tanta adicci\u00f3n como para ir a juicio: las redes sociales pasan por el banquillo\" data-param-url=\"https:\/\/elpais.com\/tecnologia\/2026-01-29\/generar-tanta-adiccion-como-para-ir-a-juicio-las-redes-sociales-pasan-por-el-banquillo.html\" target=\"_blank\" rel=\"noopener noreferrer\" data-share-track-dtm=\"linkedin\" id=\"btn_share_linkedin_337\"><span class=\"_sr\">Compartir en Linkedin<\/span><\/a><\/div>\n<div class=\"w_rs_i\"><a class=\"_btn rs_l\" href=\"https:\/\/elpais.com\/tecnologia\/2026-01-29\/generar-tanta-adiccion-como-para-ir-a-juicio-las-redes-sociales-pasan-por-el-banquillo.html#?prm=copy_link\" data-share-track-dtm=\"copiar_url\" id=\"btn_share_link_66\"><span class=\"_sr\">Copiar enlace<\/span><\/a><\/div>\n<div class=\"w_rs_i\"><a class=\"_btn rs_c\" href=\"https:\/\/elpais.com\/tecnologia\/2026-01-29\/generar-tanta-adiccion-como-para-ir-a-juicio-las-redes-sociales-pasan-por-el-banquillo.html#comments_container\" aria-expanded=\"false\" aria-controls=\"me-c\" data-share-track-dtm=\"eskup\" id=\"btn_share_comments_66\"><span class=\"_sr\">Ir a los comentarios<\/span><\/a><\/div>\n<\/div>\n<\/div>\n<\/div>\n<div class=\"a_c clearfix\" data-dtm-region=\"articulo_cuerpo\">\n<p class>Diversos juicios est\u00e1n marcando un hito social y judicial en la historia de Estados Unidos. Por primera vez, una jueza ha sentado en el banquillo a las grandes tecnol\u00f3gicas due\u00f1as de las redes sociales, para saber si generan adicci\u00f3n entre los m\u00e1s j\u00f3venes, si son tan peligrosas <a href=\"https:\/\/elpais.com\/tecnologia\/2023-04-22\/las-nuevas-tabaqueras-la-oleada-de-demandas-que-puede-acabar-con-las-redes-sociales.html\" target=\"_blank\" rel=\"noreferrer\" title=\"https:\/\/elpais.com\/tecnologia\/2023-04-22\/las-nuevas-tabaqueras-la-oleada-de-demandas-que-puede-acabar-con-las-redes-sociales.html\">como la industria tabaquera<\/a> y si necesitan una regulaci\u00f3n mucho m\u00e1s exhaustiva.<\/p>\n<p class>Familias de chavales enganchados a las redes y asociaciones juveniles han decidido plantarse legalmente. De ah\u00ed que Meta (propietaria de WhatsApp, Facebook, Instagram y Threads), TikTok, Snap (matriz de Snapchat) y YouTube (que es propiedad del gigante Google) se enfrenten <a href=\"https:\/\/elpais.com\/tecnologia\/2023-04-22\/las-nuevas-tabaqueras-la-oleada-de-demandas-que-puede-acabar-con-las-redes-sociales.html\" target=\"_self\" rel title=\"https:\/\/elpais.com\/tecnologia\/2023-04-22\/las-nuevas-tabaqueras-la-oleada-de-demandas-que-puede-acabar-con-las-redes-sociales.html\">a lo largo de este a\u00f1o diversos juicios<\/a>. Este martes ha arrancado en Los \u00c1ngeles el primero de la, al menos, una decena que tendr\u00e1 lugar en la ciudad: se calcula que los casos, a nivel tanto de los Estados del pa\u00eds como federal, son m\u00e1s de 2.500, tanto de familias como de asociaciones o distritos escolares que temen por la salud mental de los peque\u00f1os. Este a\u00f1o se esperan nueve juicios m\u00e1s a partir de denuncias individuales, y un d\u00e9cimo donde todo un distrito escolar, el de Oakland (junto a San Francisco) es el demandante. Seg\u00fan ellos, las redes son un problema p\u00fablico que supone una enorme carga \u2014social, educativa, econ\u00f3mica\u2014 a la hora de tratar las adicciones de los j\u00f3venes. Y han decidido llevarlo a los tribunales.<\/p>\n<p class>La joven californiana K. G. M. (solo se la conoce por sus iniciales), de ahora 20 a\u00f1os, es la primera de ellos y donde muchos han puesto la mirada. Su caso es el de una ni\u00f1a tan normal como tantas otras: ve\u00eda v\u00eddeos en YouTube desde los seis a\u00f1os y con ocho empez\u00f3 a subir contenido, entr\u00f3 en Instagram con nueve (ah\u00ed tuvo su primer iPhone), en TikTok (entonces Musical.ly) con 10 y en Snapchat con 11. A d\u00eda de hoy, ha pasado por depresi\u00f3n, ansiedad y problemas de dismorfia corporal. Sus abogados tienen claro que<a href=\"https:\/\/elpais.com\/tecnologia\/2023-02-28\/no-deberia-ser-legal-el-filtro-bold-glamour-incendia-tiktok.html\" target=\"_blank\" rel=\"noreferrer\" title=\"https:\/\/elpais.com\/tecnologia\/2023-02-28\/no-deberia-ser-legal-el-filtro-bold-glamour-incendia-tiktok.html\"> los filtros de belleza<\/a>, el <a href=\"https:\/\/elpais.com\/tecnologia\/2025-08-14\/los-anuncios-en-redes-sociales-enganan-a-los-usuarios-asi-se-cuela-la-publicidad-en-instagram.html\" target=\"_blank\" rel=\"noreferrer\" title=\"https:\/\/elpais.com\/tecnologia\/2025-08-14\/los-anuncios-en-redes-sociales-enganan-a-los-usuarios-asi-se-cuela-la-publicidad-en-instagram.html\">algoritmo<\/a>, las reproducciones autom\u00e1ticas sin darle al bot\u00f3n de<i> Play <\/i>y otros tantos elementos del refinado dise\u00f1o de esas aplicaciones, creado para <i>escrolear <\/i>durante horas y que llevan al <i>bullying<\/i>, <a href=\"https:\/\/elpais.com\/sociedad\/2025-08-20\/facebook-cierra-un-grupo-donde-cientos-de-hombres-compartian-fotos-intimas-de-sus-parejas-sin-su-consentimiento.html\" target=\"_blank\" rel=\"noreferrer\" title=\"https:\/\/elpais.com\/sociedad\/2025-08-20\/facebook-cierra-un-grupo-donde-cientos-de-hombres-compartian-fotos-intimas-de-sus-parejas-sin-su-consentimiento.html\">al acoso sexual<\/a> y hasta al suicidio, argumentan, han sido definitivas para crear una adicci\u00f3n a las redes que ha derivado en graves problemas.<\/p>\n<p class>\u201cOjal\u00e1 nunca lo hubiera descargado\u201d, lleg\u00f3 a decirle K. G. M. a su hermana sobre Instagram, como consta en la demanda. La misma hermana cuenta que, si su madre trataba de quitarle el m\u00f3vil a K., esta entraba en un colapso emocional por no poder acceder a Instagram durante ese tiempo, \u201ccomo si se hubiera muerto alguien\u201d, recordaba. \u201cHab\u00eda un momento en que su adicci\u00f3n era tan grande que no pod\u00eda quitarle el tel\u00e9fono de la mano\u201d, afirmaba su madre. \u201cCreo que las redes, su adicci\u00f3n a las redes, ha cambiado el modo en que funciona su cerebro\u201d, ha dicho. \u201cNo tiene memoria a largo plazo. No sabe vivir sin un tel\u00e9fono. Es capaz de emprender una batalla solo con que toques su m\u00f3vil\u201d. La familia exige ahora compensaciones econ\u00f3micas \u2014la cantidad no ha trascendido\u2014, pero tambi\u00e9n cambios y perd\u00f3n p\u00fablico por parte de las creadoras y due\u00f1as de las <i>apps<\/i>.<\/p>\n<p class>Por el momento, la semana pasada llegaron a un \u201cacuerdo amistoso\u201d con Snap, seg\u00fan la portavoz de la empresa. El lunes, horas antes de que empezara la selecci\u00f3n del jurado para la vista, con TikTok; tambi\u00e9n se desconocen las cifran. Pero eso no acelerar\u00e1 el juicio, donde los abogados pretenden seguir un guion similar a los grandes juicios contra las empresas de tabaco de los a\u00f1os noventa, afirmando que el producto es mucho m\u00e1s adictivo y con mayores da\u00f1os a largo plazo de lo inicialmente conocido. <\/p>\n<p class>El llamado <a href=\"https:\/\/socialmediavictims.org\/\" target=\"_blank\" rel=\"noreferrer\" title=\"https:\/\/socialmediavictims.org\/\">Social Media Victims Law Center<\/a> (el centro legal para v\u00edctimas de redes sociales), con sede en Seattle (Washington), representa a decenas de estas v\u00edctimas. Uno de sus abogados, Matthew Bergman, afirmaba ante varios medios la semana pasada que el p\u00fablico finalmente conocer\u00e1 \u201cc\u00f3mo las empresas de redes sociales han dado prioridad a sus beneficios por encima de la seguridad de nuestros ni\u00f1os\u201d mediante \u201cdecisiones de dise\u00f1o deliberadas\u201d: \u201cNo se trata del contenido de terceros\u201d, afirmaba. \u201cHablamos de un dise\u00f1o no pensado para ense\u00f1arles a los ni\u00f1os lo que quieren ver, sino lo que no pueden dejar de ver\u201d. Bergman, que representa tambi\u00e9n a K. G. M., afirma que este es \u201cun momento de cambio hist\u00f3rico\u201d porque \u201cpor primera vez\u201d miles de familias tendr\u00e1n derecho a exponer sus casos ante un tribunal.<\/p>\n<p class>Si los cigarrillos y los opioides fueron la piedra de toque de las adicciones de otro momento, ahora estas est\u00e1n al alcance de la mano y desde la m\u00e1s temprana edad. Y esos ni\u00f1os y sus familias empiezan a ser conscientes de sus efectos secundarios. De ah\u00ed que, por primera vez, en la que se prev\u00e9 como una serie de juicios hist\u00f3ricos, algunas de las mayores y m\u00e1s poderosas empresas del mundo tengan que sentarse en el banquillo a dar explicaciones. Pueden quedar libres de pena, pero eso no significa que salgan bien paradas. <\/p>\n<p class>Lo que arranca ahora es la punta del iceberg: hay m\u00e1s de 1.600 denunciantes en California, m\u00e1s de 200 a nivel federal. Se prev\u00e9 que las vistas duren a\u00f1os. Solo el hecho <a href=\"https:\/\/elpais.com\/sociedad\/2024-12-02\/gabriele-bavastro-exempleado-de-tiktok-el-13-de-las-cuentas-eliminadas-por-tiktok-son-de-menores-de-13-anos.html\" target=\"_blank\" rel=\"noreferrer\" title=\"https:\/\/elpais.com\/sociedad\/2024-12-02\/gabriele-bavastro-exempleado-de-tiktok-el-13-de-las-cuentas-eliminadas-por-tiktok-son-de-menores-de-13-anos.html\">de sentar a TikTok<\/a> o Instagram en cada corte ser\u00eda imponente. Para el juicio de K. G. M. se espera la presencia de Mark Zuckerberg, creador de Facebook hace 22 a\u00f1os y hoy responsable de Meta, su matriz. <\/p>\n<p class>Las grandes tecnol\u00f3gicas guardan silencio o esperan. Conf\u00edan en que la primera enmienda de la Constituci\u00f3n, que trata sobre la libertad de prensa, les protege. En concreto, se escudan, como llevan haciendo a\u00f1os, en la llamada Secci\u00f3n 230 de la Ley de Decencia de las Comunicaciones. Por ella afirman que est\u00e1n exentos de responsabilidad con respecto a lo que publican sus usuarios. Pero en este caso los abogados no hablan del contenido, sino de c\u00f3mo el continente \u2014el propio modo en el que est\u00e1 creada esa red\u2014 moldea dicho contenido y, por tanto, afecta al usuario. Algunas se han atrevido a hablar. YouTube ha lanzado un comunicado: \u201cEsas alegaciones no son ciertas\u201d, afirmaba un portavoz. \u201cDarles a los j\u00f3venes una experiencia segura y sana siempre ha sido el n\u00facleo de nuestro trabajo\u201d, explicaba, hablando de controles parentales y filtros.<\/p>\n<p class>Meta ha llegado a publicar un largo escrito <a href=\"https:\/\/about.fb.com\/news\/2026\/01\/metas-record-protecting-teens-supporting-parents\/\" target=\"_blank\" rel=\"noreferrer\" title=\"https:\/\/about.fb.com\/news\/2026\/01\/metas-record-protecting-teens-supporting-parents\/\">en su web corporativa<\/a>, que ha llamado <i>M\u00e1s all\u00e1 de los titulares<\/i><i>: el historial de Meta sobre la protecci\u00f3n de los adolescentes y el apoyo a los padres<\/i>. La empresa est\u00e1 en el ojo del hurac\u00e1n: el Senado de EE UU<a href=\"https:\/\/elpais.com\/tecnologia\/2024-01-31\/tienen-sangre-en-sus-manos-los-senadores-de-ee-uu-arremeten-contra-las-redes-sociales-por-no-proteger-a-los-menores.html\" target=\"_blank\" rel=\"noreferrer\" title=\"https:\/\/elpais.com\/tecnologia\/2024-01-31\/tienen-sangre-en-sus-manos-los-senadores-de-ee-uu-arremeten-contra-las-redes-sociales-por-no-proteger-a-los-menores.html\"> les lleg\u00f3 a decir que ten\u00edan \u201csangre en las manos\u201d<\/a> y de hacer \u201cun producto que mata gente\u201d hace menos de un a\u00f1o. Ahora, en ese texto, hablan de las quejas y afirman que los abogados \u201csimplifican de m\u00e1s un asunto serio\u201d, alegando que \u201clas demandas no reflejan la realidad\u201d. Aseguran haber integrado herramientas antisuicidio o haber creado, por ejemplo, cuentas de Instagram espec\u00edficas para adolescentes, con muchos m\u00e1s l\u00edmites.<\/p>\n<p class>Pero las pruebas demuestran que no es exactamente as\u00ed. En noviembre un juez federal orden\u00f3 que se desclasificaran m\u00e1s de 5.800 p\u00e1ginas con conversaciones y correos de personal de alto nivel de Meta de los que se extra\u00eda que<a href=\"https:\/\/elpais.com\/tecnologia\/2025-10-02\/un-estudio-de-un-exempleado-de-meta-asegura-que-las-medidas-de-proteccion-para-adolescentes-de-instagram-no-funcionan-bien.html\" target=\"_blank\" rel=\"noreferrer\" title=\"https:\/\/elpais.com\/tecnologia\/2025-10-02\/un-estudio-de-un-exempleado-de-meta-asegura-que-las-medidas-de-proteccion-para-adolescentes-de-instagram-no-funcionan-bien.html\"> las empresas sab\u00edan que sus productos eran altamente adictivos<\/a>, pero que priorizaban eso antes que la seguridad o la salud mental, pasando por alto los peligros para las familias. Por ejemplo, en 2019 Instagram elimin\u00f3 algunos de esos filtros de belleza que muestran al usuario con su rostro modificado en ideales imposibles; ese a\u00f1o y el siguiente, varios ejecutivos le pidieron a Mark Zuckerberg que volviera a instaurarlos, pese a que sab\u00edan c\u00f3mo pod\u00eda afectar a la imagen corporal de los m\u00e1s j\u00f3venes, sobre todo de muchas mujeres. Un ejecutivo incluso habl\u00f3 de que una de sus hijas hab\u00eda tenido problemas de dismorfia corporal. Pero aun as\u00ed, los filtros volvieron.<\/p>\n<p class>De hecho, precisamente el lunes, en otra demanda impuesta en Nuevo M\u00e9xico, el fiscal general acus\u00f3 a Meta y a Zuckerberg de haberse \u201cnegado a imponer medidas de protecci\u00f3n razonables\u201d para j\u00f3venes. El fiscal, Ra\u00fal Torrez, asegura en la denuncia que Meta \u201cno fue capaz de detener la avalancha de material sexual perjudicial y propuestas sexuales dirigidas a ni\u00f1os\u201d tanto en Facebook como en Instagram. Algunos ejecutivos pusieron pegas a esos chatbots, lanzados a principios de 2024 y que planteaban escenarios rom\u00e1nticos y sexuales a ni\u00f1os y adolescentes, y llegaron a calificarlos de \u201cindenfendibles\u201d. Hay un correo del ex primer ministro de Reino Unido, Nick Clegg, consejero de Meta y su jefe de pol\u00edticas globales hasta hace un a\u00f1o, donde muestra clara preocupaci\u00f3n porque se produjeran este tipo de interacciones sexuales: \u201c\u00bfEs por eso por lo que realmente queremos que se conozcan estos productos\u201c.<\/p>\n<p class>En estas demandas, Meta y otras compa\u00f1\u00edas se escudan en el hecho de que la salud mental no est\u00e1 moldeada por un solo factor, como son las redes sociales, as\u00ed como en el hecho de que <a href=\"https:\/\/elpais.com\/tecnologia\/2025-11-27\/la-adiccion-a-las-redes-sociales-es-un-mito-y-afecta-a-menos-del-2-de-usuarios-segun-un-estudio.html\" target=\"_self\" rel title=\"https:\/\/elpais.com\/tecnologia\/2025-11-27\/la-adiccion-a-las-redes-sociales-es-un-mito-y-afecta-a-menos-del-2-de-usuarios-segun-un-estudio.html\">no est\u00e1 cient\u00edficamente probado que las redes generen adicci\u00f3n<\/a>. Pero el excirujano general de Estados Unidos, Vivek Murthy, lleg\u00f3 a avisar hace unos meses de que \u201clos adolescentes que usan las redes m\u00e1s de tres horas al d\u00eda tienen el doble de riesgo de padecer s\u00edntomas de depresi\u00f3n y ansiedad\u201d. De hecho, \u00e9l pidi\u00f3 que<a href=\"https:\/\/elpais.com\/tecnologia\/2024-06-18\/eeuu-propone-etiquetas-de-advertencia-como-las-del-tabaco-para-las-redes-sociales.html\" target=\"_blank\" rel=\"noreferrer\" title=\"https:\/\/elpais.com\/tecnologia\/2024-06-18\/eeuu-propone-etiquetas-de-advertencia-como-las-del-tabaco-para-las-redes-sociales.html\"> se colocaran etiquetas de advertencia en las redes similares a las del tabaco<\/a>. Un estudio del Pew Research Center asegura que uno de cada cinco adolescentes cree que las redes sociales da\u00f1an su salud mental. Y la mitad de ellos reconoce que son malas para las personas de su edad y problem\u00e1ticas en cuestiones como la productividad y el sue\u00f1o. Algunos Estados, como la propia California \u2014ha prohibido completamente los m\u00f3viles en las aulas p\u00fablicas\u2014, o <a href=\"https:\/\/elpais.com\/sociedad\/2024-11-28\/claves-la-pionera-ley-australiana-que-veta-a-los-menores-de-16-el-acceso-a-redes-sociales.html\" target=\"_blank\" rel=\"noreferrer\" title=\"https:\/\/elpais.com\/sociedad\/2024-11-28\/claves-la-pionera-ley-australiana-que-veta-a-los-menores-de-16-el-acceso-a-redes-sociales.html\">pa\u00edses como Australia \u2014con los 16 como edad m\u00ednima para entrar en redes\u2014<\/a> tratan de ponerle puertas a lo que, al menos ahora, parece el campo. <\/p>\n<\/div>\n<div id=\"me-dis\" class=\"me _pf\">\n<div class=\"me_bg\">\n<div class=\"me-dis _pa _df\">\n<div class=\"me-dis_c\">\n<h2 class=\"me-dis_t\">Tu suscripci\u00f3n se est\u00e1 usando en otro dispositivo<\/h2>\n<p>\u00bfQuieres a\u00f1adir otro usuario a tu suscripci\u00f3n?<\/p>\n<div class=\"me-dis_l\"><a href=\"https:\/\/elpais.com\/suscripciones\/premium\/upgrade\/?utm_source=autopromo&amp;utm_medium=interno&amp;utm_campaign=YYYY_MM_capping_upgrade\" id=\"capping-upgrade\" class=\"btn\">A\u00f1adir usuario<\/a><a href=\"https:\/\/elpais.com\/tecnologia\/2026-01-29\/generar-tanta-adiccion-como-para-ir-a-juicio-las-redes-sociales-pasan-por-el-banquillo.html\" id=\"capping-continue\" class=\"btn btn-b\">Continuar leyendo aqu\u00ed<\/a><\/div>\n<p>Si contin\u00faas leyendo en este dispositivo, no se podr\u00e1 leer en el otro.<\/p>\n<p class=\"lk\"><a href=\"https:\/\/elpais.com\/tecnologia\/2026-01-29\/generar-tanta-adiccion-como-para-ir-a-juicio-las-redes-sociales-pasan-por-el-banquillo.html\" id=\"capping-show-more-button\">\u00bfPor qu\u00e9 est\u00e1s viendo esto?<\/a><\/p>\n<p><span class=\"arrow\" id=\"capping-arrow\">Flecha<\/span><\/p>\n<div class=\"me-dis_d\">\n<div class=\"me-dis_d_t\">\n<h2 class=\"enc\">Tu suscripci\u00f3n se est\u00e1 usando en otro dispositivo y solo puedes acceder a EL PA\u00cdS desde un dispositivo a la vez.<\/h2>\n<div class=\"tx\">\n<p>Si quieres compartir tu cuenta, cambia tu suscripci\u00f3n a la modalidad Premium, as\u00ed podr\u00e1s a\u00f1adir otro usuario. Cada uno acceder\u00e1 con su propia cuenta de email, lo que os permitir\u00e1 personalizar vuestra experiencia en EL PA\u00cdS.<\/p>\n<p>\u00bfTienes una suscripci\u00f3n de empresa? Accede <a target=\"_blank\" rel=\"noreferrer\" href=\"https:\/\/elpais.com\/suscripciones\/premium\/upgrade\/\">aqu\u00ed<\/a> para contratar m\u00e1s cuentas.<\/p>\n<p>En el caso de no saber qui\u00e9n est\u00e1 usando tu cuenta, te recomendamos cambiar tu contrase\u00f1a <a target=\"_blank\" rel=\"noreferrer\" href=\"https:\/\/elpais.com\/subscriptions\/#\/forgot-password\">aqu\u00ed.<\/a><\/p>\n<p>Si decides continuar compartiendo tu cuenta, este mensaje se mostrar\u00e1 en tu dispositivo y en el de la otra persona que est\u00e1 usando tu cuenta de forma indefinida, afectando a tu experiencia de lectura. Puedes <a target=\"_blank\" rel=\"noreferrer\" href=\"https:\/\/elpais.com\/suscripciones\/condiciones-generales-servicios\/\">consultar aqu\u00ed los t\u00e9rminos y condiciones de la suscripci\u00f3n digital.<\/a><\/p>\n<\/div>\n<\/div>\n<\/div>\n<\/div>\n<\/div>\n<\/div>\n<\/div>\n<aside class=\"w w-sea\">\n<h2 class=\"w_t\">Sobre la firma<\/h2>\n<div class=\"w_b\">\n<div class=\"_g _g-xs\">\n<figure class=\"w-sea_f a_m-h c_m--nf\"><span class=\"a_m_w _db\"><img decoding=\"async\" alt=\"Mar\u00eda Porcel\" class=\"_re lazyload a_m-h\" height=\"100\" width=\"100\" src=\"https:\/\/analyse.optim.biz\/wp-content\/uploads\/2026\/02\/https3a2f2fs3-amazonaws-com2farc-authors2fprisa2fea6f9d8e-2e65-46a4-9a5e-6e8a789c9408.jpg\" loading=\"lazy\" title=\"https3a2f2fs3-amazonaws-com2farc-authors2fprisa2fea6f9d8e-2e65-46a4-9a5e-6e8a789c9408\"><\/span><\/figure>\n<div class=\"w-sea_txt\">\n<div class=\"_df\">\n<div class=\"w-sea_txt_na\"><a href=\"https:\/\/elpais.com\/autor\/maria-porcel\/\" rel=\"autor_bottom\">Mar\u00eda Porcel<\/a><\/div>\n<div class=\"w_rs_i\"><a class=\"_btn \" href=\"http:\/\/twitter.com\/LaPorcel\" target=\"_blank\" rel=\"noopener noreferrer\"><span class=\"_sr\">Mar\u00eda Porcel &#8211; twitter<\/span><\/a><\/div>\n<\/div>\n<div class=\"w-sea_txt_da _dn\">Es corresponsal en Los \u00c1ngeles (California), donde vive en y escribe sobre Hollywood y sus rutilantes estrellas. En Madrid ha coordinado la secci\u00f3n de Gente y Estilo de Vida. Licenciada en Periodismo y Comunicaci\u00f3n Audiovisual, M\u00e1ster de Periodismo UAM-EL PA\u00cdS, lleva m\u00e1s de una d\u00e9cada vinculada a Prisa, pasando por Cadena Ser, SModa y ElHuffPost. <\/div>\n<\/div>\n<\/div>\n<\/div>\n<\/aside>\n<aside class=\"w w-fid\">\n<div class=\"w_b\">\n<div class=\"w-fid_t\"><a href=\"https:\/\/plus.elpais.com\/newsletters\/lnp\/1\/356\/#?prm=not_newsletters_tecno\">Recibe cada semana el bolet\u00edn de Tecnolog\u00eda<\/a><\/div>\n<div class=\"w-fid_s\">\n<div class=\"w_rs\">\n<div class=\"w_rs_i\"><a class=\"_btn\" href=\"https:\/\/www.facebook.com\/elpaistecnologia\/\" rel=\"nofollow\"><span class=\"_sr\">Tecnologia El Pa\u00eds en Facebook<\/span><\/a><\/div>\n<div class=\"w_rs_i\"><a class=\"_btn\" href=\"https:\/\/www.instagram.com\/el_pais\/\" rel=\"nofollow\"><span class=\"_sr\">Tecnologia El Pa\u00eds en Instagram<\/span><\/a><\/div>\n<div class=\"w_rs_i\"><a class=\"_btn\" href=\"https:\/\/twitter.com\/el_pais\" rel=\"nofollow\"><span class=\"_sr\">Tecnologia El Pa\u00eds en Twitter<\/span><\/a><\/div>\n<\/div>\n<\/div>\n<\/div>\n<\/aside>\n<aside class=\"a_com w w-com _df\"><a class=\"a_com_l\" href=\"https:\/\/elpais.com\/info\/normas-de-participacion\/\">Normas \u203a<\/a><\/aside>\n<div class=\"me _pf\" id=\"me-c\">\n<div class=\"me_bg\">\n<div class=\"me-c _pa\" id=\"comments_container\" data-dtm-region=\"articulo_comentarios\">\n<div class=\"me_f me_f-os me_cc\"><a href=\"https:\/\/plus.elpais.com\/perfil\/actividad\/\">Mis comentarios<\/a><a href=\"https:\/\/elpais.com\/info\/normas-de-participacion\/\">Normas<\/a><\/div>\n<div class=\"me_f me_f-ns\"><span class=\"me_f_txt _db\">Rellena tu <b>nombre y apellido<\/b> para comentar<\/span><a href=\"https:\/\/plus.elpais.com\/autorization.html\/?prod=COM&amp;backURL=https%3A%2F%2Felpais.com%2Ftecnologia%2F2026-01-29%2Fgenerar-tanta-adiccion-como-para-ir-a-juicio-las-redes-sociales-pasan-por-el-banquillo.html\" class=\"btn btn-2\">completar datos<\/a><\/div>\n<div class=\"me_f\" id=\"comments_msg\"><a class=\"btn btn-2\" href=\"https:\/\/elpais.com\/suscripciones\/#\/campaign?prod=SUSDIGCRART&amp;o=COM&amp;prm=suscrip_articulo_comentarios_el-pais&amp;backURL=https%3A%2F%2Felpais.com%2Ftecnologia%2F2026-01-29%2Fgenerar-tanta-adiccion-como-para-ir-a-juicio-las-redes-sociales-pasan-por-el-banquillo.html\" id=\"comments_subscribe_link\" data-link-am=\"https:\/\/elpais.com\/suscripciones\/america\/#\/campaign?prod=SUSDIGCRARTAM&amp;o=COMAM&amp;prm=suscrip_articulo_comentarios_el-pais-america&amp;backURL=https%3A%2F%2Felpais.com%2Ftecnologia%2F2026-01-29%2Fgenerar-tanta-adiccion-como-para-ir-a-juicio-las-redes-sociales-pasan-por-el-banquillo.html\" data-link-mx=\"https:\/\/elpais.com\/suscripciones\/america\/#\/campaign?prod=SUSDIGMX&amp;o=COMMX&amp;prm=suscrip_articulo_comentarios_el-pais-mexico&amp;backURL=https%3A%2F%2Felpais.com%2Ftecnologia%2F2026-01-29%2Fgenerar-tanta-adiccion-como-para-ir-a-juicio-las-redes-sociales-pasan-por-el-banquillo.html\" data-link-co=\"https:\/\/elpais.com\/suscripciones\/america\/#\/campaign?prod=SUSDIGCOL&amp;o=COMCOL&amp;prm=suscrip_articulo_comentarios_el-pais_colombia&amp;backURL=https%3A%2F%2Felpais.com%2Ftecnologia%2F2026-01-29%2Fgenerar-tanta-adiccion-como-para-ir-a-juicio-las-redes-sociales-pasan-por-el-banquillo.html\" data-link-ar=\"https:\/\/elpais.com\/suscripciones\/america\/#\/campaign?prod=SUSDIGCRARTAR&amp;o=COMAR&amp;backURL=https%3A%2F%2Felpais.com%2Ftecnologia%2F2026-01-29%2Fgenerar-tanta-adiccion-como-para-ir-a-juicio-las-redes-sociales-pasan-por-el-banquillo.html\" data-link-cl=\"https:\/\/elpais.com\/suscripciones\/america\/#\/campaign?prod=SUSDIGCHILE&amp;o=COMCHILE&amp;backURL=https%3A%2F%2Felpais.com%2Ftecnologia%2F2026-01-29%2Fgenerar-tanta-adiccion-como-para-ir-a-juicio-las-redes-sociales-pasan-por-el-banquillo.html\" data-link-us=\"https:\/\/elpais.com\/suscripciones\/america\/#\/campaign?prod=SUSDIGCRARTEUCAN&amp;o=COMUS&amp;prm=suscrip_articulo_comentarios_el-pais_eucan&amp;backURL=https%3A%2F%2Felpais.com%2Ftecnologia%2F2026-01-29%2Fgenerar-tanta-adiccion-como-para-ir-a-juicio-las-redes-sociales-pasan-por-el-banquillo.html\">Suscr\u00edbete en El Pa\u00eds para participar<\/a><a class=\"btn btn-3\" href=\"https:\/\/elpais.com\/subscriptions\/#\/sign-in?prod=REG&amp;o=COM&amp;prm=login_articulo_comentarios_el-pais&amp;backURL=https%3A%2F%2Felpais.com%2Ftecnologia%2F2026-01-29%2Fgenerar-tanta-adiccion-como-para-ir-a-juicio-las-redes-sociales-pasan-por-el-banquillo.html\" id=\"comments_login_link\" data-link-am=\"https:\/\/elpais.com\/subscriptions\/#\/sign-in?prod=REG&amp;o=COM&amp;prm=login_articulo_comentarios_el-pais-america&amp;backURL=https%3A%2F%2Felpais.com%2Ftecnologia%2F2026-01-29%2Fgenerar-tanta-adiccion-como-para-ir-a-juicio-las-redes-sociales-pasan-por-el-banquillo.html\" data-link-mx=\"https:\/\/elpais.com\/subscriptions\/#\/sign-in?prod=REG&amp;o=COM&amp;prm=login_articulo_comentarios_el-pais-mexico&amp;backURL=https%3A%2F%2Felpais.com%2Ftecnologia%2F2026-01-29%2Fgenerar-tanta-adiccion-como-para-ir-a-juicio-las-redes-sociales-pasan-por-el-banquillo.html\" data-link-co=\"https:\/\/elpais.com\/subscriptions\/#\/sign-in?prod=REG&amp;o=COM&amp;backURL=https%3A%2F%2Felpais.com%2Ftecnologia%2F2026-01-29%2Fgenerar-tanta-adiccion-como-para-ir-a-juicio-las-redes-sociales-pasan-por-el-banquillo.html\" data-link-ar=\"https:\/\/elpais.com\/subscriptions\/#\/sign-in?prod=REG&amp;o=COM&amp;backURL=https%3A%2F%2Felpais.com%2Ftecnologia%2F2026-01-29%2Fgenerar-tanta-adiccion-como-para-ir-a-juicio-las-redes-sociales-pasan-por-el-banquillo.html\" data-link-cl=\"https:\/\/elpais.com\/subscriptions\/#\/sign-in?prod=REG&amp;o=COM&amp;backURL=https%3A%2F%2Felpais.com%2Ftecnologia%2F2026-01-29%2Fgenerar-tanta-adiccion-como-para-ir-a-juicio-las-redes-sociales-pasan-por-el-banquillo.html\" data-link-us=\"https:\/\/elpais.com\/subscriptions\/#\/sign-in?prod=REG&amp;o=COM&amp;backURL=https%3A%2F%2Felpais.com%2Ftecnologia%2F2026-01-29%2Fgenerar-tanta-adiccion-como-para-ir-a-juicio-las-redes-sociales-pasan-por-el-banquillo.html\">Ya tengo una suscripci\u00f3n<\/a><\/div>\n<p>Please enable JavaScript to view the &lt;a href=&#8221;https:\/\/disqus.com\/?ref_noscript&#8221; rel=&#8221;nofollow&#8221;&gt; comments powered by Disqus.&lt;\/a&gt;<\/p><\/div>\n<\/div>\n<\/div>\n<aside class=\"w w-rel\" data-dtm-region=\"articulo_mas-informacion\">\n<h2 class=\"w_t\">M\u00e1s informaci\u00f3n<\/h2>\n<ul class=\"w_b _ls\">\n<li class=\"_g _g-xs w-rel_n\">\n<div class=\" a_m-h c_m--nf\"><span class=\"_db _pr\"><img decoding=\"async\" class=\"_re lazyload a_m-h\" height=\"311\" width=\"414\" src=\"https:\/\/analyse.optim.biz\/wp-content\/uploads\/2026\/02\/oadrndkp2mcxxah3eejbbur27u.jpg\" loading=\"lazy\" title=\"oadrndkp2mcxxah3eejbbur27u\"><\/span><\/div>\n<div class=\"nt\">\n<h3 class=\"nt_t\"><a href=\"https:\/\/elpais.com\/tecnologia\/2024-06-18\/eeuu-propone-etiquetas-de-advertencia-como-las-del-tabaco-para-las-redes-sociales.html#?rel=mas\">EEUU propone etiquetas de advertencia como las del tabaco para las redes sociales<\/a><\/h3>\n<div class=\"nt_a\"><a href=\"https:\/\/elpais.com\/autor\/javier-salas-quesada\/\" title=\"Ver todas las noticias de J. S.\">J. S.<\/a><\/div>\n<\/div>\n<\/li>\n<li class=\"_g _g-xs w-rel_n\">\n<div class=\" a_m-h c_m--nf\"><span class=\"_db _pr\"><img decoding=\"async\" class=\"_re lazyload a_m-h\" height=\"311\" width=\"414\" src=\"https:\/\/analyse.optim.biz\/wp-content\/uploads\/2026\/02\/6huv2tcrvbadlo7ahvfv5yun44.jpg\" loading=\"lazy\" title=\"6huv2tcrvbadlo7ahvfv5yun44\"><\/span><\/div>\n<div class=\"nt\">\n<h3 class=\"nt_t\"><a href=\"https:\/\/elpais.com\/sociedad\/2024-11-28\/claves-la-pionera-ley-australiana-que-veta-a-los-menores-de-16-el-acceso-a-redes-sociales.html#?rel=mas\">Claves | La pionera ley australiana que veta a los menores de 16 el acceso a redes sociales<\/a><\/h3>\n<div class=\"nt_a\"><a href=\"https:\/\/elpais.com\/autor\/ana-torres-menarguez\/\" title=\"Ver todas las noticias de Ana Torres Men\u00e1rguez\">Ana Torres Men\u00e1rguez<\/a> | Madrid<\/div>\n<\/div>\n<\/li>\n<\/ul>\n<\/aside>\n<section class=\"w w-ae\" data-dtm-region=\"articulo_archivado-en\">\n<h2 class=\"w_t\">Archivado En<\/h2>\n<div class=\"w_b\">\n<ul class=\"w_ul w_ul--mh _df _ls\">\n<li><a href=\"https:\/\/elpais.com\/noticias\/sociedad\/#?rel=arch\" rel=\"noopener noreferrer\">Sociedad<\/a><\/li>\n<li><a href=\"https:\/\/elpais.com\/noticias\/tecnologia\/#?rel=arch\" rel=\"noopener noreferrer\">Tecnolog\u00eda<\/a><\/li>\n<li><a href=\"https:\/\/elpais.com\/noticias\/redes-sociales\/#?rel=arch\" rel=\"noopener noreferrer\">Redes sociales<\/a><\/li>\n<li><a href=\"https:\/\/elpais.com\/noticias\/instagram\/#?rel=arch\" rel=\"noopener noreferrer\">Instagram<\/a><\/li>\n<li><a href=\"https:\/\/elpais.com\/noticias\/facebook\/#?rel=arch\" rel=\"noopener noreferrer\">Facebook<\/a><\/li>\n<li><a href=\"https:\/\/elpais.com\/noticias\/tiktok\/#?rel=arch\" rel=\"noopener noreferrer\">TikTok<\/a><\/li>\n<li><a href=\"https:\/\/elpais.com\/noticias\/snapchat\/#?rel=arch\" rel=\"noopener noreferrer\">SnapChat<\/a><\/li>\n<li><a href=\"https:\/\/elpais.com\/noticias\/internet\/#?rel=arch\" rel=\"noopener noreferrer\">Internet<\/a><\/li>\n<li><a href=\"https:\/\/elpais.com\/noticias\/adolescencia\/#?rel=arch\" rel=\"noopener noreferrer\">Adolescencia<\/a><\/li>\n<li><a href=\"https:\/\/elpais.com\/noticias\/jovenes\/#?rel=arch\" rel=\"noopener noreferrer\">J\u00f3venes<\/a><\/li>\n<li><a href=\"https:\/\/elpais.com\/noticias\/juventud\/#?rel=arch\" rel=\"noopener noreferrer\">Juventud<\/a><\/li>\n<li><a href=\"https:\/\/elpais.com\/noticias\/estados-unidos\/#?rel=arch\" rel=\"noopener noreferrer\">Estados Unidos<\/a><\/li>\n<li><a href=\"https:\/\/elpais.com\/noticias\/california\/#?rel=arch\" rel=\"noopener noreferrer\">California <\/a><\/li>\n<li><a href=\"https:\/\/elpais.com\/noticias\/los-angeles\/#?rel=arch\" rel=\"noopener noreferrer\">Los \u00c1ngeles<\/a><\/li>\n<li><a href=\"https:\/\/elpais.com\/noticias\/twitter\/#?rel=arch\" rel=\"noopener noreferrer\">Twitter<\/a><\/li>\n<li><a href=\"https:\/\/elpais.com\/noticias\/mark-zuckerberg\/#?rel=arch\" rel=\"noopener noreferrer\">Mark Zuckerberg<\/a><\/li>\n<li><a href=\"https:\/\/elpais.com\/noticias\/nuevo-mexico\/#?rel=arch\" rel=\"noopener noreferrer\">Nuevo M\u00e9xico <\/a><\/li>\n<li><a href=\"https:\/\/elpais.com\/noticias\/justicia\/#?rel=arch\" rel=\"noopener noreferrer\">Justicia<\/a><\/li>\n<\/ul>\n<\/div>\n<\/section>\n<aside class=\"a_tp _df\">\n<div class=\"a_tp_txt\"><span class=\"a_tp_t\">Se adhiere a los criterios de<\/span><\/p>\n<figure class=\"a_m a_m-h c_m--nf\"><a class=\"a_tp_i _dib\" href=\"https:\/\/elpais.com\/estaticos\/que-es-the-trust-project\/\" target=\"_blank\" rel=\"noopener noreferrer nofollow\"><img decoding=\"async\" alt=\"The Trust Project\" class=\" lazyload a_m-h\" height=\"20\" width=\"117\" src=\"https:\/\/analyse.optim.biz\/wp-content\/uploads\/2026\/02\/the-trust-project-10.svg\" loading=\"lazy\" title=\"the-trust-project-10\"><\/a><\/figure>\n<p><a class=\"a_tp_mi\" href=\"https:\/\/elpais.com\/estaticos\/codigo-etico\/\" target=\"_blank\" rel=\"noopener noreferrer nofollow\">M\u00e1s informaci\u00f3n<\/a><\/div>\n<div class=\"a_tp_si\">Si est\u00e1 interesado en licenciar este contenido, pinche <a class=\"a_tp_si_l\" href=\"https:\/\/profesional.elpais.com\/soluciones-sindicacion\/?utm_medium=interno&amp;utm_source=crosslinking&amp;utm_campaign=sindicacion_ep_pie_articulos\" target=\"_blank\" rel=\"noopener noreferrer nofollow\">aqu\u00ed<\/a><\/div>\n<\/aside>\n<div class=\"a_o _pr\" data-dtm-region=\"articulo_right-rail\">\n<div id=\"elpais_gpt-MPU1\" data-adtype=\"MPU\" class=\"ad ad-mpu\"><span class=\"_dn\">_<\/span><\/div>\n<section class=\"w w-sc b_col\" data-dtm-region=\"articulo_ultimas-noticias\">\n<header class=\"w_h b_col_h\">\n<h3 class=\"w_t\"><a href=\"https:\/\/elpais.com\/ultimas-noticias\/\" rel=\"story-card-ultimas-noticias\">\u00daltimas noticias<\/a><\/h3>\n<\/header>\n<div class=\"w_b\">\n<article class=\"c  c--m-n   \" data-word=\"0\">\n<header class=\"c_h\"><time datetime=\"2026-02-01T21:22:21+01:00\" class=\"c_da\">21:22<\/time><\/p>\n<h2 class=\"c_t \"><a href=\"https:\/\/elpais.com\/aniversario\/2026-02-01\/hay-festival-juan-gabriel-vasquez-en-conversacion-con-javier-moreno.html?autoplay=1\">HAY FESTIVAL |\u00a0Juan Gabriel V\u00e1squez en conversaci\u00f3n con Javier Moreno<\/a><\/h2>\n<\/header>\n<\/article>\n<article class=\"c  c--m-n   \" data-word=\"0\">\n<header class=\"c_h\"><time datetime=\"2026-02-01T21:19:44+01:00\" class=\"c_da\">21:19<\/time><\/p>\n<h2 class=\"c_t \"><a href=\"https:\/\/elpais.com\/mexico\/2026-02-01\/claudia-sheinbaum-reprende-a-los-morenistas-de-baja-california-hay-que-trabajar-mas-con-la-gente.html?autoplay=1\">Claudia Sheinbaum reprende a los morenistas de Baja California: \u201c\u00a1Hay que trabajar m\u00e1s con la gente!\u201d<\/a><\/h2>\n<\/header>\n<\/article>\n<article class=\"c  c--m-n   \" data-word=\"0\">\n<header class=\"c_h\"><time datetime=\"2026-02-01T21:01:04+01:00\" class=\"c_da\">21:01<\/time><\/p>\n<h2 class=\"c_t \"><a href=\"https:\/\/elpais.com\/deportes\/2026-02-01\/dinamarca-vence-a-alemania-en-la-final-del-europeo-de-balonmano-y-se-coloca-la-triple-corona.html\">Dinamarca vence a Alemania en la final del Europeo de balonmano y se coloca la triple corona<\/a><\/h2>\n<\/header>\n<\/article>\n<article class=\"c  c--m-n   \" data-word=\"0\">\n<header class=\"c_h\"><time datetime=\"2026-02-01T20:54:06+01:00\" class=\"c_da\">20:54<\/time><\/p>\n<h2 class=\"c_t \"><a href=\"https:\/\/elpais.com\/us\/2026-02-01\/en-directo-la-alfombra-roja-de-los-premios-grammy-2026.html?autoplay=1\">En directo, la alfombra roja de los Premios Grammy 2026<\/a><\/h2>\n<\/header>\n<\/article>\n<\/div>\n<\/section>\n<aside class=\"w w-lmv\" data-dtm-region=\"articulo_lom\">\n<h2 class=\"w_t\"><a href=\"https:\/\/elpais.com\/lo-mas-visto\/\">Lo m\u00e1s visto<\/a><\/h2>\n<div class=\"w_b\">\n<ol class=\"_ls\">\n<li><a href=\"https:\/\/elpais.com\/espana\/2026-01-30\/el-pp-se-niega-a-retirar-la-medalla-de-oro-que-alcantarilla-concedio-a-franco-porque-no-exalta-la-dictadura.html#?rel=lom\">El PP se niega a retirar la Medalla de Oro que Alcantarilla concedi\u00f3 a Franco porque \u201cno exalta la dictadura\u201d<\/a><\/li>\n<li><a href=\"https:\/\/elpais.com\/deportes\/tenis\/2026-02-01\/carlos-alcaraz-novak-djokovic-en-directo-la-final-del-open-de-australia-en-vivo.html#?rel=lom\">As\u00ed te hemos contado la victoria de Carlos Alcaraz en el Open de Australia ante Novak Djokovic<\/a><\/li>\n<li><a href=\"https:\/\/elpais.com\/deportes\/tenis\/2026-01-31\/john-mcenroe-alcaraz-sabe-perfectamente-quien-necesita-a-su-alrededor.html#?rel=lom\">John McEnroe: \u201cAlcaraz sabe perfectamente a qui\u00e9n necesita a su alrededor\u201d<\/a><\/li>\n<li><a href=\"https:\/\/elpais.com\/clima-y-medio-ambiente\/2026-02-01\/deconstruccion-de-la-costa-asi-se-esta-quitando-ya-hormigon-para-dar-mas-espacio-a-las-playas-frente-a-los-temporales.html#?rel=lom\">Deconstrucci\u00f3n de la costa: as\u00ed se est\u00e1 quitando ya hormig\u00f3n para dar m\u00e1s espacio a las playas frente a los temporales<\/a><\/li>\n<li><a href=\"https:\/\/elpais.com\/espana\/madrid\/2026-01-31\/seis-anos-despues-victoria-para-la-hija-de-un-fallecido-en-residencias-en-una-disputa-con-el-gobierno-de-ayuso.html#?rel=lom\">Tras seis a\u00f1os de derrotas, una de las hijas de fallecidos en residencias gana al Gobierno de Ayuso<\/a><\/li>\n<\/ol>\n<\/div>\n<\/aside>\n<\/div>\n<\/article>\n<article class=\"c  c--m-n   \" data-word=\"0\">\n<header class=\"c_h\"><time datetime=\"2026-02-01T21:22:21+01:00\" class=\"c_da\">21:22<\/time><\/p>\n<h2 class=\"c_t \"><a href=\"https:\/\/elpais.com\/aniversario\/2026-02-01\/hay-festival-juan-gabriel-vasquez-en-conversacion-con-javier-moreno.html?autoplay=1\">HAY FESTIVAL |\u00a0Juan Gabriel V\u00e1squez en conversaci\u00f3n con Javier Moreno<\/a><\/h2>\n<\/header>\n<\/article>\n<article class=\"c  c--m-n   \" data-word=\"0\">\n<header class=\"c_h\"><time datetime=\"2026-02-01T21:19:44+01:00\" class=\"c_da\">21:19<\/time><\/p>\n<h2 class=\"c_t \"><a href=\"https:\/\/elpais.com\/mexico\/2026-02-01\/claudia-sheinbaum-reprende-a-los-morenistas-de-baja-california-hay-que-trabajar-mas-con-la-gente.html?autoplay=1\">Claudia Sheinbaum reprende a los morenistas de Baja California: \u201c\u00a1Hay que trabajar m\u00e1s con la gente!\u201d<\/a><\/h2>\n<\/header>\n<\/article>\n<article class=\"c  c--m-n   \" data-word=\"0\">\n<header class=\"c_h\"><time datetime=\"2026-02-01T21:01:04+01:00\" class=\"c_da\">21:01<\/time><\/p>\n<h2 class=\"c_t \"><a href=\"https:\/\/elpais.com\/deportes\/2026-02-01\/dinamarca-vence-a-alemania-en-la-final-del-europeo-de-balonmano-y-se-coloca-la-triple-corona.html\">Dinamarca vence a Alemania en la final del Europeo de balonmano y se coloca la triple corona<\/a><\/h2>\n<\/header>\n<\/article>\n<article class=\"c  c--m-n   \" data-word=\"0\">\n<header class=\"c_h\"><time datetime=\"2026-02-01T20:54:06+01:00\" class=\"c_da\">20:54<\/time><\/p>\n<h2 class=\"c_t \"><a href=\"https:\/\/elpais.com\/us\/2026-02-01\/en-directo-la-alfombra-roja-de-los-premios-grammy-2026.html?autoplay=1\">En directo, la alfombra roja de los Premios Grammy 2026<\/a><\/h2>\n<\/header>\n<\/article>\n<p> Source URL: https:\/\/elpais.com\/tecnologia\/2026-01-29\/generar-tanta-adiccion-como-para-ir-a-juicio-las-redes-sociales-pasan-por-el-banquillo.html<\/p>\n","protected":false},"excerpt":{"rendered":"<p>Redes sociales Generar tanta adicci\u00f3n como para ir a juicio: las redes sociales pasan por el banquillo Una decena de vistas en Los \u00c1ngeles intentan averiguar si las redes sociales buscan convertirse en adictivas para los j\u00f3venes, y si eso es delito Un ni\u00f1o de 12 a\u00f1os mira su tel\u00e9fono, con distintas aplicaciones de redes [&hellip;]<\/p>\n","protected":false},"author":1,"featured_media":1684241,"comment_status":"open","ping_status":"","sticky":false,"template":"","format":"standard","meta":{"footnotes":""},"categories":[88],"tags":[226,92],"class_list":["post-1684239","post","type-post","status-publish","format-standard","has-post-thumbnail","hentry","category-spain","tag-crawlmanager","tag-elpais-com"],"_links":{"self":[{"href":"https:\/\/analyse.optim.biz\/index.php?rest_route=\/wp\/v2\/posts\/1684239","targetHints":{"allow":["GET"]}}],"collection":[{"href":"https:\/\/analyse.optim.biz\/index.php?rest_route=\/wp\/v2\/posts"}],"about":[{"href":"https:\/\/analyse.optim.biz\/index.php?rest_route=\/wp\/v2\/types\/post"}],"author":[{"embeddable":true,"href":"https:\/\/analyse.optim.biz\/index.php?rest_route=\/wp\/v2\/users\/1"}],"replies":[{"embeddable":true,"href":"https:\/\/analyse.optim.biz\/index.php?rest_route=%2Fwp%2Fv2%2Fcomments&post=1684239"}],"version-history":[{"count":0,"href":"https:\/\/analyse.optim.biz\/index.php?rest_route=\/wp\/v2\/posts\/1684239\/revisions"}],"wp:featuredmedia":[{"embeddable":true,"href":"https:\/\/analyse.optim.biz\/index.php?rest_route=\/wp\/v2\/media\/1684241"}],"wp:attachment":[{"href":"https:\/\/analyse.optim.biz\/index.php?rest_route=%2Fwp%2Fv2%2Fmedia&parent=1684239"}],"wp:term":[{"taxonomy":"category","embeddable":true,"href":"https:\/\/analyse.optim.biz\/index.php?rest_route=%2Fwp%2Fv2%2Fcategories&post=1684239"},{"taxonomy":"post_tag","embeddable":true,"href":"https:\/\/analyse.optim.biz\/index.php?rest_route=%2Fwp%2Fv2%2Ftags&post=1684239"}],"curies":[{"name":"wp","href":"https:\/\/api.w.org\/{rel}","templated":true}]}}