{"id":1684094,"date":"2026-01-28T15:14:39","date_gmt":"2026-01-28T12:14:39","guid":{"rendered":"https:\/\/analyse.optim.biz\/?p=1684094"},"modified":"2026-01-28T15:14:39","modified_gmt":"2026-01-28T12:14:39","slug":"estan-las-redes-protegiendo-a-trump-crecen-las-sospechas-tras-supuestos-errores-de-tiktok-y-las-decisiones-de-meta","status":"publish","type":"post","link":"https:\/\/analyse.optim.biz\/?p=1684094","title":{"rendered":"\u00bfEst\u00e1n las redes protegiendo a Trump? Crecen las sospechas tras supuestos errores de TikTok y las decisiones de Meta"},"content":{"rendered":"<article id=\"main-content\" class=\"a _g _g-lg _g-o\">\n<header class=\"a_e _g _g-xs\">\n<div class=\"a_e_txt _df\">\n<div class=\"a_k _df\"><a class=\"a_k_n\" href=\"https:\/\/elpais.com\/noticias\/redes-sociales\/\">redes sociales<\/a><\/div>\n<h1 class=\"a_t\">\u00bfEst\u00e1n las redes protegiendo a Trump? Crecen las sospechas tras supuestos errores de TikTok y las decisiones de Meta<\/h1>\n<p class=\"a_st\">Los presidentes ejecutivos de Apple, OpenAI y Anthropic tratan de distanciarse de la tensi\u00f3n pol\u00edtica tras las muertes provocadas por agentes migratorios<\/p>\n<\/div>\n<div class=\"a_e_m\">\n<figure class=\"a_m a_m-h \"><span class=\"a_m_w _db\"><img fetchpriority=\"high\" decoding=\"async\" alt=\"Redes sociales protegen a Trump\" class=\"_re  a_m-h\" height=\"276\" width=\"414\" src=\"https:\/\/analyse.optim.biz\/wp-content\/uploads\/2026\/02\/alhwl5ordrhgdoi2aailhdvizu-1.jpg\" loading=\"eager\" title=\"alhwl5ordrhgdoi2aailhdvizu-1\"><\/span><figcaption class=\"a_m_p\" aria-hidden=\"true\"><span>Agentes federales de inmigraci\u00f3n (ICE) detienen a un manifestante en el sur deMinneapolis despu\u00e9s de que Alex Pretti fuera asesinado el pasado s\u00e1bado. <\/span><span class=\"a_m_m\">Star Tribune\/ Getty Images<\/span><\/figcaption><\/figure>\n<\/div>\n<\/header>\n<div class=\"a_md _g _g-xs \">\n<figure class=\"a_md_i a_m-h c_m--nf\"><span class=\"a_m_w _db\"><img decoding=\"async\" alt=\"Jordi P\u00e9rez Colom\u00e9\" class=\"_re lazyload a_m-h\" height=\"100\" width=\"100\" src=\"https:\/\/analyse.optim.biz\/wp-content\/uploads\/2026\/02\/https3a2f2fauthor-service-images-prod-us-east-1-publishing-aws_-arc_-pub2fprisa2fc2e18932-4286-46ae-8f00-0e4cb184a60b.jpg\" loading=\"lazy\" title=\"https3a2f2fauthor-service-images-prod-us-east-1-publishing-aws_-arc_-pub2fprisa2fc2e18932-4286-46ae-8f00-0e4cb184a60b\"><\/span><\/figure>\n<div class=\"a_md_txt\">\n<div class=\"a_md_a\" data-dtm-region=\"articulo_firma\"><a href=\"https:\/\/elpais.com\/autor\/jordi-perez-colome\/#?rel=author_top\" title=\"Ver todas las noticias de Jordi P\u00e9rez Colom\u00e9\" class=\"a_md_a_n\">Jordi P\u00e9rez Colom\u00e9<\/a><\/div>\n<div class=\"a_md_f\"><span><a href=\"https:\/\/elpais.com\/hemeroteca\/2026-01-28\/\" data-date=\"2026-01-28T16:14:39+01:00\"><time data-date=\"2026-01-28T16:14:39+01:00\" datetime=\"2026-01-28T16:14:39+01:00\" id=\"article_date_p\">28 ene 2026 &#8211; 16:14<abbr title=\"Central European Time\">CET<\/abbr><\/time><\/a><\/span><\/div>\n<div class=\"w_rs\" data-dtm-region=\"articulo_botonera-social\">\n<div class=\"w_rs_i\"><a class=\"_btn hidden\" href=\"\/\/send?text=%C2%BFEst%C3%A1n%20las%20redes%20protegiendo%20a%20Trump%3F%20Crecen%20las%20sospechas%20tras%20supuestos%20errores%20de%20TikTok%20y%20las%20decisiones%20de%20Meta%0D%0A%0D%0Ahttps%3A%2F%2Felpais.com%2Ftecnologia%2F2026-01-28%2Festan-las-redes-protegiendo-a-trump-crecen-las-sospechas-tras-supuestos-errores-de-tiktok-y-las-decisiones-meta.html%3Fssm=whatsapp_CC\" data-action=\"share\/whatsapp\/share\" data-param-description=\"\u00bfEst\u00e1n las redes protegiendo a Trump? Crecen las sospechas tras supuestos errores de TikTok y las decisiones de Meta\" data-param-href=\"https:\/\/elpais.com\/tecnologia\/2026-01-28\/estan-las-redes-protegiendo-a-trump-crecen-las-sospechas-tras-supuestos-errores-de-tiktok-y-las-decisiones-meta.html\" data-param-text=\"\u00bfEst\u00e1n las redes protegiendo a Trump? Crecen las sospechas tras supuestos errores de TikTok y las decisiones de Meta https:\/\/elpais.com\/tecnologia\/2026-01-28\/estan-las-redes-protegiendo-a-trump-crecen-las-sospechas-tras-supuestos-errores-de-tiktok-y-las-decisiones-meta.html\" data-param-url=\"https:\/\/elpais.com\/tecnologia\/2026-01-28\/estan-las-redes-protegiendo-a-trump-crecen-las-sospechas-tras-supuestos-errores-de-tiktok-y-las-decisiones-meta.html\" target=\"_blank\" rel=\"noopener noreferrer\" data-share-track-dtm=\"whatsapp\" id=\"btn_share_whatsapp_743\"><span class=\"_sr\">Compartir en Whatsapp<\/span><\/a><\/div>\n<div class=\"w_rs_i\"><a class=\"_btn \" href=\"https:\/\/www.facebook.com\/dialog\/share?display=popup&amp;app_id=94039431626&amp;href=https%3A%2F%2Felpais.com%2Ftecnologia%2F2026-01-28%2Festan-las-redes-protegiendo-a-trump-crecen-las-sospechas-tras-supuestos-errores-de-tiktok-y-las-decisiones-meta.html%3Fssm=FB_CC&amp;quote=%C2%BFEst%C3%A1n%20las%20redes%20protegiendo%20a%20Trump%3F%20Crecen%20las%20sospechas%20tras%20supuestos%20errores%20de%20TikTok%20y%20las%20decisiones%20de%20Meta\" data-param-app_id=\"94039431626\" data-param-description=\"\u00bfEst\u00e1n las redes protegiendo a Trump? Crecen las sospechas tras supuestos errores de TikTok y las decisiones de Meta\" data-param-href=\"https:\/\/elpais.com\/tecnologia\/2026-01-28\/estan-las-redes-protegiendo-a-trump-crecen-las-sospechas-tras-supuestos-errores-de-tiktok-y-las-decisiones-meta.html\" data-param-text=\"\u00bfEst\u00e1n las redes protegiendo a Trump? Crecen las sospechas tras supuestos errores de TikTok y las decisiones de Meta\" data-param-url=\"https:\/\/elpais.com\/tecnologia\/2026-01-28\/estan-las-redes-protegiendo-a-trump-crecen-las-sospechas-tras-supuestos-errores-de-tiktok-y-las-decisiones-meta.html\" target=\"_blank\" rel=\"noopener noreferrer\" data-share-track-dtm=\"facebook\" id=\"btn_share_facebook_743\"><span class=\"_sr\">Compartir en Facebook<\/span><\/a><\/div>\n<div class=\"w_rs_i\"><a class=\"_btn \" href=\"https:\/\/twitter.com\/intent\/tweet?url=https%3A%2F%2Felpais.com%2Ftecnologia%2F2026-01-28%2Festan-las-redes-protegiendo-a-trump-crecen-las-sospechas-tras-supuestos-errores-de-tiktok-y-las-decisiones-meta.html%3Fssm=TW_CC&amp;text=%C2%BFEst%C3%A1n%20las%20redes%20protegiendo%20a%20Trump%3F%20Crecen%20las%20sospechas%20tras%20supuestos%20errores%20de%20TikTok%20y%20las%20decisiones%20de%20Meta&amp;via=el_pais&amp;lang=es\" data-param-description=\"\u00bfEst\u00e1n las redes protegiendo a Trump? Crecen las sospechas tras supuestos errores de TikTok y las decisiones de Meta\" data-param-href=\"https:\/\/elpais.com\/tecnologia\/2026-01-28\/estan-las-redes-protegiendo-a-trump-crecen-las-sospechas-tras-supuestos-errores-de-tiktok-y-las-decisiones-meta.html\" data-param-text=\"\u00bfEst\u00e1n las redes protegiendo a Trump? Crecen las sospechas tras supuestos errores de TikTok y las decisiones de Meta via @el_pais\" data-param-url=\"https:\/\/elpais.com\/tecnologia\/2026-01-28\/estan-las-redes-protegiendo-a-trump-crecen-las-sospechas-tras-supuestos-errores-de-tiktok-y-las-decisiones-meta.html\" target=\"_blank\" rel=\"noopener noreferrer\" data-share-track-dtm=\"twitter\" id=\"btn_share_twitter_743\"><span class=\"_sr\">Compartir en Twitter<\/span><\/a><\/div>\n<div class=\"w_rs_i\"><a class=\"_btn \" href=\"https:\/\/bsky.app\/intent\/compose?text=https%3A%2F%2Felpais.com%2Ftecnologia%2F2026-01-28%2Festan-las-redes-protegiendo-a-trump-crecen-las-sospechas-tras-supuestos-errores-de-tiktok-y-las-decisiones-meta.html%3Fssm=bsky_CC\" data-param-description=\"\u00bfEst\u00e1n las redes protegiendo a Trump? Crecen las sospechas tras supuestos errores de TikTok y las decisiones de Meta\" data-param-href=\"https:\/\/elpais.com\/tecnologia\/2026-01-28\/estan-las-redes-protegiendo-a-trump-crecen-las-sospechas-tras-supuestos-errores-de-tiktok-y-las-decisiones-meta.html\" data-param-text=\"\u00bfEst\u00e1n las redes protegiendo a Trump? Crecen las sospechas tras supuestos errores de TikTok y las decisiones de Meta\" data-param-url=\"https:\/\/elpais.com\/tecnologia\/2026-01-28\/estan-las-redes-protegiendo-a-trump-crecen-las-sospechas-tras-supuestos-errores-de-tiktok-y-las-decisiones-meta.html\" target=\"_blank\" rel=\"noopener noreferrer\" data-share-track-dtm=\"bluesky\" id=\"btn_share_bluesky_743\"><span class=\"_sr\">Compartir en Bluesky<\/span><\/a><\/div>\n<div class=\"w_rs_i\"><a class=\"_btn \" href=\"https:\/\/www.linkedin.com\/sharing\/share-offsite\/?url=https%3A%2F%2Felpais.com%2Ftecnologia%2F2026-01-28%2Festan-las-redes-protegiendo-a-trump-crecen-las-sospechas-tras-supuestos-errores-de-tiktok-y-las-decisiones-meta.html%3Fssm=LK_CC\" data-param-description=\"\u00bfEst\u00e1n las redes protegiendo a Trump? Crecen las sospechas tras supuestos errores de TikTok y las decisiones de Meta\" data-param-href=\"https:\/\/elpais.com\/tecnologia\/2026-01-28\/estan-las-redes-protegiendo-a-trump-crecen-las-sospechas-tras-supuestos-errores-de-tiktok-y-las-decisiones-meta.html\" data-param-text=\"\u00bfEst\u00e1n las redes protegiendo a Trump? Crecen las sospechas tras supuestos errores de TikTok y las decisiones de Meta\" data-param-url=\"https:\/\/elpais.com\/tecnologia\/2026-01-28\/estan-las-redes-protegiendo-a-trump-crecen-las-sospechas-tras-supuestos-errores-de-tiktok-y-las-decisiones-meta.html\" target=\"_blank\" rel=\"noopener noreferrer\" data-share-track-dtm=\"linkedin\" id=\"btn_share_linkedin_743\"><span class=\"_sr\">Compartir en Linkedin<\/span><\/a><\/div>\n<div class=\"w_rs_i\"><a class=\"_btn rs_l\" href=\"https:\/\/elpais.com\/tecnologia\/2026-01-28\/estan-las-redes-protegiendo-a-trump-crecen-las-sospechas-tras-supuestos-errores-de-tiktok-y-las-decisiones-meta.html#?prm=copy_link\" data-share-track-dtm=\"copiar_url\" id=\"btn_share_link_75\"><span class=\"_sr\">Copiar enlace<\/span><\/a><\/div>\n<div class=\"w_rs_i\"><a class=\"_btn rs_c\" href=\"https:\/\/elpais.com\/tecnologia\/2026-01-28\/estan-las-redes-protegiendo-a-trump-crecen-las-sospechas-tras-supuestos-errores-de-tiktok-y-las-decisiones-meta.html#comments_container\" aria-expanded=\"false\" aria-controls=\"me-c\" data-share-track-dtm=\"eskup\" id=\"btn_share_comments_75\"><span class=\"_sr\">Ir a los comentarios<\/span><\/a><\/div>\n<\/div>\n<\/div>\n<\/div>\n<div class=\"a_c clearfix\" data-dtm-region=\"articulo_cuerpo\">\n<p class><a href=\"https:\/\/newsroom.tiktok.com\/announcement-from-the-new-tiktok-usds-joint-venture-llc?lang=en\" target=\"_self\" rel title=\"https:\/\/newsroom.tiktok.com\/announcement-from-the-new-tiktok-usds-joint-venture-llc?lang=en\">TikTok anunci\u00f3 el pasado viernes<\/a> que su red social en EE UU pasaba a ser una nueva empresa formada entre la china original, Bytedance, y una mayor\u00eda de socios estadounidenses. Algunos de esos socios eran aliados del presidente Donald Trump, entre ellos Larry Ellison, fundador de Oracle. Uno de los puntos del acuerdo dice que la nueva sociedad \u201cvolver\u00e1 a entrenar y actualizar el algoritmo de recomendaci\u00f3n de contenidos\u201d de TikTok. Un d\u00eda despu\u00e9s, la polic\u00eda migratoria estadounidense, conocida por sus siglas de ICE, <a href=\"https:\/\/elpais.com\/us\/migracion\/2026-01-25\/la-muerte-en-minneapolis-de-alex-pretti-el-enfermero-que-vivia-para-ayudar-a-los-demas.html\" target=\"_self\" rel title=\"https:\/\/elpais.com\/us\/migracion\/2026-01-25\/la-muerte-en-minneapolis-de-alex-pretti-el-enfermero-que-vivia-para-ayudar-a-los-demas.html\">mataba en Minneapolis al enfermero Alex Pretti<\/a>.<\/p>\n<p class>El resultado de conjugar ambos hechos ha creado una ola de sospechas m\u00e1s o menos razonables sobre la libertad de expresi\u00f3n y el poder de las grandes plataformas digitales para dictar qu\u00e9 se ve y qu\u00e9 no, qu\u00e9 se puede decir y qu\u00e9 no. Primero, algunos usuarios mostraron dudas al tener que aceptar unos t\u00e9rminos de servicio del nuevo TikTok que inclu\u00edan detalles sobre geolocalizaci\u00f3n, inmigraci\u00f3n o estatus de ciudadan\u00eda. Nada que fuera muy distinto del TikTok anterior, pero el contexto s\u00ed era otro. Segundo, desde el lunes, docenas de usuarios empezaron a compartir pantallazos de TikTok donde v\u00eddeos sobre ICE o Minnesota ten\u00edan cero visualizaciones. Nadie los estaba viendo.<\/p>\n<div id=\"sum_twitter\" data-oembed-type=\"twitter\" class=\"a_em _df\">\n<blockquote class=\"twitter-tweet\" data-width=\"500\" data-dnt=\"true\">\n<p lang=\"en\" dir=\"ltr\">TikTok is now state-controlled media.<\/p>\n<p>This morning I posted a TikTok about my legislation allowing people to sue ICE agents. It&#39;s sitting at zero views, and I&#39;m not the only person this is happening to. <a href=\"https:\/\/t.co\/Zahy4aRh03\">pic.twitter.com\/Zahy4aRh03<\/a><\/p>\n<p>&mdash; Senator Scott Wiener (@Scott_Wiener) <a href=\"https:\/\/twitter.com\/Scott_Wiener\/status\/2015879699675648310?ref_src=twsrc%5Etfw\">January 26, 2026<\/a><\/p><\/blockquote>\n<p><script async src=\"https:\/\/platform.twitter.com\/widgets.js\" charset=\"utf-8\"><\/script><\/p>\n<\/div>\n<p class>El diputado estatal de California Scott Wiener mostr\u00f3 su perfil en TikTok con un v\u00eddeo con cero visitas donde ped\u00eda una nueva ley que permitiera denuncias contra agentes federales en su estado. TikTok <a href=\"https:\/\/x.com\/tiktokusdsjv\/status\/2015936397073437004\" target=\"_self\" rel title=\"https:\/\/x.com\/tiktokusdsjv\/status\/2015936397073437004\">respondi\u00f3 este martes<\/a> que todo se deb\u00eda a un problema t\u00e9cnico en uno de sus centros de datos por una ca\u00edda el\u00e9ctrica. A pesar de que la coincidencia aumentara las sospechas pol\u00edticas, otros usuarios lamentaban <a href=\"https:\/\/x.com\/pkafka\/status\/2015900253426204991?s=20\" target=\"_self\" rel title=\"https:\/\/x.com\/pkafka\/status\/2015900253426204991?s=20\">que algunos v\u00eddeos no relacionados con Minnesota<\/a> tambi\u00e9n funcionaban mal. <\/p>\n<p class>Por si fuera poco, otra sospecha: este martes TikTok no dejaba mandar mensajes privados con la palabra \u201cEpstein\u201d en EE UU, seg\u00fan denunciaban los usuarios. El gobernador de California, Gavin Newson, dem\u00f3crata y posible candidato a la presidencia en 2028, anunci\u00f3 una \u201cinvestigaci\u00f3n\u201d sobre todos estos problemas para ver si infringen la ley californiana. M\u00e1s all\u00e1 de si el origen de estos cambios era voluntario y pol\u00edtico, surgen dos reflexiones. Primero, lo evidente: cualquier plataforma puede hacer estos retoques adrede y no a causa de un hipot\u00e9tico problema t\u00e9cnico. Y dos, si los problemas son reales, es un mal augurio para la nueva etapa \u201cestadounidense\u201d de TikTok.<\/p>\n<div id=\"sum_twitter\" data-oembed-type=\"twitter\" class=\"a_em _df\">\n<blockquote class=\"twitter-tweet\" data-width=\"500\" data-dnt=\"true\">\n<p lang=\"en\" dir=\"ltr\">It\u2019s time to investigate. <\/p>\n<p>I am launching a review into whether TikTok is violating state law by censoring Trump-critical content. <a href=\"https:\/\/t.co\/AZ2mWW68xa\">https:\/\/t.co\/AZ2mWW68xa<\/a><\/p>\n<p>&mdash; Governor Gavin Newsom (@CAgovernor) <a href=\"https:\/\/twitter.com\/CAgovernor\/status\/2015963513160683892?ref_src=twsrc%5Etfw\">January 27, 2026<\/a><\/p><\/blockquote>\n<p><script async src=\"https:\/\/platform.twitter.com\/widgets.js\" charset=\"utf-8\"><\/script><\/p>\n<\/div>\n<p class><a href=\"https:\/\/x.com\/ChrisMurphyCT\/status\/2015582789647597939?s=20\" target=\"_self\" rel title=\"https:\/\/x.com\/ChrisMurphyCT\/status\/2015582789647597939?s=20\">El senador dem\u00f3crata Chris Murphy dijo en la red X<\/a> que la actitud de TikTok es uno de los grandes peligros para convivencia en EE UU: \u201cS\u00e9 que ahora mismo es dif\u00edcil seguir la pista a todas las amenazas contra la democracia, pero esta est\u00e1 en lo m\u00e1s alto de la lista\u201d. Se da la casualidad que los mayores temores en contra de TikTok vienen una vez que la red est\u00e1 en manos estadounidenses. <\/p>\n<p class>En el origen de todo este proceso de nacionalizaci\u00f3n est\u00e1 una ley del Congreso impulsada con Joe Biden en la presidencia, precisamente para que dejara de estar controlada por una empresa china. \u201cLa ley para prohibir TikTok fue un error\u201d, <a href=\"https:\/\/x.com\/RoKhanna\/status\/2016154158852931918?s=20\" target=\"_self\" rel title=\"https:\/\/x.com\/RoKhanna\/status\/2016154158852931918?s=20\">ha dicho el congresista dem\u00f3crata Ro Khanna<\/a>. \u201cLider\u00e9 el esfuerzo para derogarla y, como nuevo miembro de mayor rango del Comit\u00e9 Selecto sobre China, me asegurar\u00e9 de que se proteja la libertad de expresi\u00f3n\u201d, a\u00f1ade Khanna.<\/p>\n<p class>Las novedades hicieron que algunos usuarios pidieran el abandono de TikTok o aprovecharan para irse. Seg\u00fan datos de un medidor fiable de descargas, SensorTower, <a href=\"https:\/\/www.cnbc.com\/2026\/01\/26\/tiktok-uninstalls-are-up-150percent-following-us-joint-venture.html\" target=\"_self\" rel title=\"https:\/\/www.cnbc.com\/2026\/01\/26\/tiktok-uninstalls-are-up-150percent-following-us-joint-venture.html\">que comparti\u00f3 con la cadena CNBC<\/a>, las desinstalaciones de TikTok en los \u00faltimos d\u00edas eran un 150% m\u00e1s que en los tres meses anteriores. Todos estos hechos relanzaron una red social llamada UpScrolled, creada por el palestino-australiano Issam Hijazi, que se colocaba en la parte alta de las aplicaciones m\u00e1s descargadas en EE UU y otros pa\u00edses anglosajones.<\/p>\n<div id=\"sum_twitter\" data-oembed-type=\"twitter\" class=\"a_em _df\">\n<blockquote class=\"twitter-tweet\" data-width=\"500\" data-dnt=\"true\">\n<p lang=\"en\" dir=\"ltr\">This isn&#39;t an algorithm. This isn&#39;t a media push.<br \/>This is you, showing up and sending a message to big tech: We want something different.<br \/>Three countries. <br \/>Organic growth. <br \/>Real change.<br \/>Thank you for believing in an alternative. This is yours. <a href=\"https:\/\/t.co\/IH0oJQfZEf\">pic.twitter.com\/IH0oJQfZEf<\/a><\/p>\n<p>&mdash; UpScrolled (@realUpScrolled) <a href=\"https:\/\/twitter.com\/realUpScrolled\/status\/2016101445003526278?ref_src=twsrc%5Etfw\">January 27, 2026<\/a><\/p><\/blockquote>\n<p><script async src=\"https:\/\/platform.twitter.com\/widgets.js\" charset=\"utf-8\"><\/script><\/p>\n<\/div>\n<p class>Otras redes trataron de aprovechar este r\u00edo revuelto en TikTok. <a href=\"https:\/\/elpais.com\/videos\/2025-09-03\/kick-o-por-que-funciona-el-negocio-de-la-degradacion-ajena.html\" target=\"_self\" rel title=\"https:\/\/elpais.com\/videos\/2025-09-03\/kick-o-por-que-funciona-el-negocio-de-la-degradacion-ajena.html\">Kick, una plataforma de <i>streaming<\/i> conocida por su pol\u00e9mica<\/a> libertad creativa, <a href=\"https:\/\/x.com\/Svntvmvriv\/status\/2015906407942382021?s=20\" target=\"_self\" rel title=\"https:\/\/x.com\/Svntvmvriv\/status\/2015906407942382021?s=20\">ofrec\u00eda ventajas a <i>influencers<\/i> con m\u00e1s de 500.000 seguidores<\/a> en TikTok. Rumble, una plataforma de v\u00eddeo similar a YouTube con un contenido m\u00e1s conservador, <a href=\"https:\/\/x.com\/chrispavlovski\/status\/2016334784620880340?s=20\" target=\"_self\" rel title=\"https:\/\/x.com\/chrispavlovski\/status\/2016334784620880340?s=20\">anunciaba el lanzamiento de v\u00eddeos verticales breves<\/a> en su plataforma.<\/p>\n<p class>Esta coincidencia de hechos han provocado que se analicen con lupa las decisiones de moderaci\u00f3n de otras redes, como las de Meta. En Instagram, Facebook y Threads, las tres del emporio de Mark Zuckerberg, <a href=\"https:\/\/elpais.com\/us\/migracion\/2025-10-02\/ice-list-la-polemica-lista-con-fotos-y-nombres-de-un-centenar-de-agentes-de-migracion.html\" target=\"_self\" rel title=\"https:\/\/elpais.com\/us\/migracion\/2025-10-02\/ice-list-la-polemica-lista-con-fotos-y-nombres-de-un-centenar-de-agentes-de-migracion.html\">no se pueden subir enlaces a la web Icelist<\/a>, que se dedica a revelar la identidad de agentes de esta polic\u00eda migratoria. La limitaci\u00f3n es global. Este peri\u00f3dico lo ha comprobado desde Espa\u00f1a: \u201cEnlace no permitido\u201d, dice en Threads al subir un enlace a la organizaci\u00f3n. O \u201ctu contenido no se ha podido compartir porque el enlace infringe nuestras <a href=\"https:\/\/www.facebook.com\/communitystandards\" rel>Normas comunitarias<\/a>\u201d, en Facebook. Seg\u00fan un portavoz de Meta, la pol\u00edtica ten\u00eda que ver con la norma que proh\u00edbe \u201ccontenido que pida datos personales identificables de otras personas\u201d. El problema es que Icelist existe desde el verano y nadie lo hab\u00eda impedido. <\/p>\n<div id=\"sum_twitter\" data-oembed-type=\"twitter\" class=\"a_em _df\">\n<blockquote class=\"twitter-tweet\" data-width=\"500\" data-dnt=\"true\">\n<p lang=\"en\" dir=\"ltr\">NEW: <a href=\"https:\/\/twitter.com\/tim_cook?ref_src=twsrc%5Etfw\">@tim_cook<\/a> responds to ICE killing in Minneapolis in internal memo to employees, saying it\u2019s \u201ctime for deescalation\u201d and that he had a \u201cgood conversation\u201d with Trump about the situation this week where he shared his views. Story on <a href=\"https:\/\/twitter.com\/TheTerminal?ref_src=twsrc%5Etfw\">@TheTerminal<\/a>. <a href=\"https:\/\/t.co\/DYtsU01h7N\">pic.twitter.com\/DYtsU01h7N<\/a><\/p>\n<p>&mdash; Mark Gurman (@markgurman) <a href=\"https:\/\/twitter.com\/markgurman\/status\/2016341138719076362?ref_src=twsrc%5Etfw\">January 28, 2026<\/a><\/p><\/blockquote>\n<p><script async src=\"https:\/\/platform.twitter.com\/widgets.js\" charset=\"utf-8\"><\/script><\/p>\n<\/div>\n<p class>Los sucesos de Minnesota han provocado que l\u00edderes tecnol\u00f3gicos hayan tenido que mojarse y emitir comunicados para distanciarse ligeramente de la Casa Blanca, entre las quejas y protestas de los empleados de las grandes compa\u00f1\u00edas. \u201cEs hora de desescalar\u201d, ha dicho Tim Cook, presidente ejecutivo de Apple. \u201cLo que ocurre con ICE ha ido demasiado lejos\u201d, ha afirmado Sam Altman, presidente ejecutivo de OpenAI. El primero en decir algo fue Dario Amodei, de Anthropic: \u201cDado el horror que estamos viendo en Minnesota, mi \u00e9nfasis en la importancia de preservar los valores y derechos democr\u00e1ticos en casa es especialmente relevante\u201d. Est\u00e1 por ver si sus acciones en las plataformas van tambi\u00e9n en esa direcci\u00f3n.<\/p>\n<\/div>\n<div id=\"me-dis\" class=\"me _pf\">\n<div class=\"me_bg\">\n<div class=\"me-dis _pa _df\">\n<div class=\"me-dis_c\">\n<h2 class=\"me-dis_t\">Tu suscripci\u00f3n se est\u00e1 usando en otro dispositivo<\/h2>\n<p>\u00bfQuieres a\u00f1adir otro usuario a tu suscripci\u00f3n?<\/p>\n<div class=\"me-dis_l\"><a href=\"https:\/\/elpais.com\/suscripciones\/premium\/upgrade\/?utm_source=autopromo&amp;utm_medium=interno&amp;utm_campaign=YYYY_MM_capping_upgrade\" id=\"capping-upgrade\" class=\"btn\">A\u00f1adir usuario<\/a><a href=\"https:\/\/elpais.com\/tecnologia\/2026-01-28\/estan-las-redes-protegiendo-a-trump-crecen-las-sospechas-tras-supuestos-errores-de-tiktok-y-las-decisiones-meta.html\" id=\"capping-continue\" class=\"btn btn-b\">Continuar leyendo aqu\u00ed<\/a><\/div>\n<p>Si contin\u00faas leyendo en este dispositivo, no se podr\u00e1 leer en el otro.<\/p>\n<p class=\"lk\"><a href=\"https:\/\/elpais.com\/tecnologia\/2026-01-28\/estan-las-redes-protegiendo-a-trump-crecen-las-sospechas-tras-supuestos-errores-de-tiktok-y-las-decisiones-meta.html\" id=\"capping-show-more-button\">\u00bfPor qu\u00e9 est\u00e1s viendo esto?<\/a><\/p>\n<p><span class=\"arrow\" id=\"capping-arrow\">Flecha<\/span><\/p>\n<div class=\"me-dis_d\">\n<div class=\"me-dis_d_t\">\n<h2 class=\"enc\">Tu suscripci\u00f3n se est\u00e1 usando en otro dispositivo y solo puedes acceder a EL PA\u00cdS desde un dispositivo a la vez.<\/h2>\n<div class=\"tx\">\n<p>Si quieres compartir tu cuenta, cambia tu suscripci\u00f3n a la modalidad Premium, as\u00ed podr\u00e1s a\u00f1adir otro usuario. Cada uno acceder\u00e1 con su propia cuenta de email, lo que os permitir\u00e1 personalizar vuestra experiencia en EL PA\u00cdS.<\/p>\n<p>\u00bfTienes una suscripci\u00f3n de empresa? Accede <a target=\"_blank\" rel=\"noreferrer\" href=\"https:\/\/elpais.com\/suscripciones\/premium\/upgrade\/\">aqu\u00ed<\/a> para contratar m\u00e1s cuentas.<\/p>\n<p>En el caso de no saber qui\u00e9n est\u00e1 usando tu cuenta, te recomendamos cambiar tu contrase\u00f1a <a target=\"_blank\" rel=\"noreferrer\" href=\"https:\/\/elpais.com\/subscriptions\/#\/forgot-password\">aqu\u00ed.<\/a><\/p>\n<p>Si decides continuar compartiendo tu cuenta, este mensaje se mostrar\u00e1 en tu dispositivo y en el de la otra persona que est\u00e1 usando tu cuenta de forma indefinida, afectando a tu experiencia de lectura. Puedes <a target=\"_blank\" rel=\"noreferrer\" href=\"https:\/\/elpais.com\/suscripciones\/condiciones-generales-servicios\/\">consultar aqu\u00ed los t\u00e9rminos y condiciones de la suscripci\u00f3n digital.<\/a><\/p>\n<\/div>\n<\/div>\n<\/div>\n<\/div>\n<\/div>\n<\/div>\n<\/div>\n<aside class=\"w w-sea\">\n<h2 class=\"w_t\">Sobre la firma<\/h2>\n<div class=\"w_b\">\n<div class=\"_g _g-xs\">\n<figure class=\"w-sea_f a_m-h c_m--nf\"><span class=\"a_m_w _db\"><img decoding=\"async\" alt=\"Jordi P\u00e9rez Colom\u00e9\" class=\"_re lazyload a_m-h\" height=\"100\" width=\"100\" src=\"https:\/\/analyse.optim.biz\/wp-content\/uploads\/2026\/02\/https3a2f2fauthor-service-images-prod-us-east-1-publishing-aws_-arc_-pub2fprisa2fc2e18932-4286-46ae-8f00-0e4cb184a60b.jpg\" loading=\"lazy\" title=\"https3a2f2fauthor-service-images-prod-us-east-1-publishing-aws_-arc_-pub2fprisa2fc2e18932-4286-46ae-8f00-0e4cb184a60b\"><\/span><\/figure>\n<div class=\"w-sea_txt\">\n<div class=\"_df\">\n<div class=\"w-sea_txt_na\"><a href=\"https:\/\/elpais.com\/autor\/jordi-perez-colome\/\" rel=\"autor_bottom\">Jordi P\u00e9rez Colom\u00e9<\/a><\/div>\n<div class=\"w_rs_i\"><a class=\"_btn \" href=\"https:\/\/twitter.com\/jordipc\" target=\"_blank\" rel=\"noopener noreferrer\"><span class=\"_sr\">Jordi P\u00e9rez Colom\u00e9 &#8211; twitter<\/span><\/a><\/div>\n<\/div>\n<div class=\"w-sea_txt_da _dn\">Es reportero de Tecnolog\u00eda, preocupado por las consecuencias sociales que provoca internet. Escribe cada semana una newsletter sobre los jaleos que provocan estos cambios. Fue premio Jos\u00e9 Manuel Porquet 2012 e iRedes Letras Enredadas 2014. Ha dado y da clases en cinco universidades espa\u00f1olas. Entre otros estudios, es fil\u00f3logo italiano. <\/div>\n<\/div>\n<\/div>\n<\/div>\n<\/aside>\n<aside class=\"w w-fid\">\n<div class=\"w_b\">\n<div class=\"w-fid_t\"><a href=\"https:\/\/plus.elpais.com\/newsletters\/lnp\/1\/356\/#?prm=not_newsletters_tecno\">Recibe cada semana el bolet\u00edn de Tecnolog\u00eda<\/a><\/div>\n<div class=\"w-fid_s\">\n<div class=\"w_rs\">\n<div class=\"w_rs_i\"><a class=\"_btn\" href=\"https:\/\/www.facebook.com\/elpaistecnologia\/\" rel=\"nofollow\"><span class=\"_sr\">Tecnologia El Pa\u00eds en Facebook<\/span><\/a><\/div>\n<div class=\"w_rs_i\"><a class=\"_btn\" href=\"https:\/\/www.instagram.com\/el_pais\/\" rel=\"nofollow\"><span class=\"_sr\">Tecnologia El Pa\u00eds en Instagram<\/span><\/a><\/div>\n<div class=\"w_rs_i\"><a class=\"_btn\" href=\"https:\/\/twitter.com\/el_pais\" rel=\"nofollow\"><span class=\"_sr\">Tecnologia El Pa\u00eds en Twitter<\/span><\/a><\/div>\n<\/div>\n<\/div>\n<\/div>\n<\/aside>\n<aside class=\"a_com w w-com _df\"><a class=\"a_com_l\" href=\"https:\/\/elpais.com\/info\/normas-de-participacion\/\">Normas \u203a<\/a><\/aside>\n<div class=\"me _pf\" id=\"me-c\">\n<div class=\"me_bg\">\n<div class=\"me-c _pa\" id=\"comments_container\" data-dtm-region=\"articulo_comentarios\">\n<div class=\"me_f me_f-os me_cc\"><a href=\"https:\/\/plus.elpais.com\/perfil\/actividad\/\">Mis comentarios<\/a><a href=\"https:\/\/elpais.com\/info\/normas-de-participacion\/\">Normas<\/a><\/div>\n<div class=\"me_f me_f-ns\"><span class=\"me_f_txt _db\">Rellena tu <b>nombre y apellido<\/b> para comentar<\/span><a href=\"https:\/\/plus.elpais.com\/autorization.html\/?prod=COM&amp;backURL=https%3A%2F%2Felpais.com%2Ftecnologia%2F2026-01-28%2Festan-las-redes-protegiendo-a-trump-crecen-las-sospechas-tras-supuestos-errores-de-tiktok-y-las-decisiones-meta.html\" class=\"btn btn-2\">completar datos<\/a><\/div>\n<div class=\"me_f\" id=\"comments_msg\"><a class=\"btn btn-2\" href=\"https:\/\/elpais.com\/suscripciones\/#\/campaign?prod=SUSDIGCRART&amp;o=COM&amp;prm=suscrip_articulo_comentarios_el-pais&amp;backURL=https%3A%2F%2Felpais.com%2Ftecnologia%2F2026-01-28%2Festan-las-redes-protegiendo-a-trump-crecen-las-sospechas-tras-supuestos-errores-de-tiktok-y-las-decisiones-meta.html\" id=\"comments_subscribe_link\" data-link-am=\"https:\/\/elpais.com\/suscripciones\/america\/#\/campaign?prod=SUSDIGCRARTAM&amp;o=COMAM&amp;prm=suscrip_articulo_comentarios_el-pais-america&amp;backURL=https%3A%2F%2Felpais.com%2Ftecnologia%2F2026-01-28%2Festan-las-redes-protegiendo-a-trump-crecen-las-sospechas-tras-supuestos-errores-de-tiktok-y-las-decisiones-meta.html\" data-link-mx=\"https:\/\/elpais.com\/suscripciones\/america\/#\/campaign?prod=SUSDIGMX&amp;o=COMMX&amp;prm=suscrip_articulo_comentarios_el-pais-mexico&amp;backURL=https%3A%2F%2Felpais.com%2Ftecnologia%2F2026-01-28%2Festan-las-redes-protegiendo-a-trump-crecen-las-sospechas-tras-supuestos-errores-de-tiktok-y-las-decisiones-meta.html\" data-link-co=\"https:\/\/elpais.com\/suscripciones\/america\/#\/campaign?prod=SUSDIGCOL&amp;o=COMCOL&amp;prm=suscrip_articulo_comentarios_el-pais_colombia&amp;backURL=https%3A%2F%2Felpais.com%2Ftecnologia%2F2026-01-28%2Festan-las-redes-protegiendo-a-trump-crecen-las-sospechas-tras-supuestos-errores-de-tiktok-y-las-decisiones-meta.html\" data-link-ar=\"https:\/\/elpais.com\/suscripciones\/america\/#\/campaign?prod=SUSDIGCRARTAR&amp;o=COMAR&amp;backURL=https%3A%2F%2Felpais.com%2Ftecnologia%2F2026-01-28%2Festan-las-redes-protegiendo-a-trump-crecen-las-sospechas-tras-supuestos-errores-de-tiktok-y-las-decisiones-meta.html\" data-link-cl=\"https:\/\/elpais.com\/suscripciones\/america\/#\/campaign?prod=SUSDIGCHILE&amp;o=COMCHILE&amp;backURL=https%3A%2F%2Felpais.com%2Ftecnologia%2F2026-01-28%2Festan-las-redes-protegiendo-a-trump-crecen-las-sospechas-tras-supuestos-errores-de-tiktok-y-las-decisiones-meta.html\" data-link-us=\"https:\/\/elpais.com\/suscripciones\/america\/#\/campaign?prod=SUSDIGCRARTEUCAN&amp;o=COMUS&amp;prm=suscrip_articulo_comentarios_el-pais_eucan&amp;backURL=https%3A%2F%2Felpais.com%2Ftecnologia%2F2026-01-28%2Festan-las-redes-protegiendo-a-trump-crecen-las-sospechas-tras-supuestos-errores-de-tiktok-y-las-decisiones-meta.html\">Suscr\u00edbete en El Pa\u00eds para participar<\/a><a class=\"btn btn-3\" href=\"https:\/\/elpais.com\/subscriptions\/#\/sign-in?prod=REG&amp;o=COM&amp;prm=login_articulo_comentarios_el-pais&amp;backURL=https%3A%2F%2Felpais.com%2Ftecnologia%2F2026-01-28%2Festan-las-redes-protegiendo-a-trump-crecen-las-sospechas-tras-supuestos-errores-de-tiktok-y-las-decisiones-meta.html\" id=\"comments_login_link\" data-link-am=\"https:\/\/elpais.com\/subscriptions\/#\/sign-in?prod=REG&amp;o=COM&amp;prm=login_articulo_comentarios_el-pais-america&amp;backURL=https%3A%2F%2Felpais.com%2Ftecnologia%2F2026-01-28%2Festan-las-redes-protegiendo-a-trump-crecen-las-sospechas-tras-supuestos-errores-de-tiktok-y-las-decisiones-meta.html\" data-link-mx=\"https:\/\/elpais.com\/subscriptions\/#\/sign-in?prod=REG&amp;o=COM&amp;prm=login_articulo_comentarios_el-pais-mexico&amp;backURL=https%3A%2F%2Felpais.com%2Ftecnologia%2F2026-01-28%2Festan-las-redes-protegiendo-a-trump-crecen-las-sospechas-tras-supuestos-errores-de-tiktok-y-las-decisiones-meta.html\" data-link-co=\"https:\/\/elpais.com\/subscriptions\/#\/sign-in?prod=REG&amp;o=COM&amp;backURL=https%3A%2F%2Felpais.com%2Ftecnologia%2F2026-01-28%2Festan-las-redes-protegiendo-a-trump-crecen-las-sospechas-tras-supuestos-errores-de-tiktok-y-las-decisiones-meta.html\" data-link-ar=\"https:\/\/elpais.com\/subscriptions\/#\/sign-in?prod=REG&amp;o=COM&amp;backURL=https%3A%2F%2Felpais.com%2Ftecnologia%2F2026-01-28%2Festan-las-redes-protegiendo-a-trump-crecen-las-sospechas-tras-supuestos-errores-de-tiktok-y-las-decisiones-meta.html\" data-link-cl=\"https:\/\/elpais.com\/subscriptions\/#\/sign-in?prod=REG&amp;o=COM&amp;backURL=https%3A%2F%2Felpais.com%2Ftecnologia%2F2026-01-28%2Festan-las-redes-protegiendo-a-trump-crecen-las-sospechas-tras-supuestos-errores-de-tiktok-y-las-decisiones-meta.html\" data-link-us=\"https:\/\/elpais.com\/subscriptions\/#\/sign-in?prod=REG&amp;o=COM&amp;backURL=https%3A%2F%2Felpais.com%2Ftecnologia%2F2026-01-28%2Festan-las-redes-protegiendo-a-trump-crecen-las-sospechas-tras-supuestos-errores-de-tiktok-y-las-decisiones-meta.html\">Ya tengo una suscripci\u00f3n<\/a><\/div>\n<p>Please enable JavaScript to view the &lt;a href=&#8221;https:\/\/disqus.com\/?ref_noscript&#8221; rel=&#8221;nofollow&#8221;&gt; comments powered by Disqus.&lt;\/a&gt;<\/p><\/div>\n<\/div>\n<\/div>\n<aside class=\"w w-rel\" data-dtm-region=\"articulo_mas-informacion\">\n<h2 class=\"w_t\">M\u00e1s informaci\u00f3n<\/h2>\n<ul class=\"w_b _ls\">\n<li class=\"_g _g-xs w-rel_n\">\n<div class=\" a_m-h c_m--nf\"><span class=\"_db _pr\"><img decoding=\"async\" class=\"_re lazyload a_m-h\" height=\"311\" width=\"414\" src=\"https:\/\/analyse.optim.biz\/wp-content\/uploads\/2026\/02\/yjms34k46bp2nav6uy6ucfzyqq.jpg\" loading=\"lazy\" title=\"yjms34k46bp2nav6uy6ucfzyqq\"><\/span><\/div>\n<div class=\"nt\">\n<h3 class=\"nt_t\"><a href=\"https:\/\/elpais.com\/tecnologia\/2026-01-26\/la-comision-incluye-a-whatsapp-en-la-lista-de-las-tecnologicas-mas-fiscalizadas.html#?rel=mas\">La Comisi\u00f3n incluye a WhatsApp en la lista de las tecnol\u00f3gicas m\u00e1s fiscalizadas<\/a><\/h3>\n<div class=\"nt_a\"><a href=\"https:\/\/elpais.com\/autor\/manuel-vicente-gomez\/\" title=\"Ver todas las noticias de Manuel V. G\u00f3mez\">Manuel V. G\u00f3mez<\/a> \/ <a href=\"https:\/\/elpais.com\/autor\/manuel-gonzalez-pascual\/\" title=\"Ver todas las noticias de Manuel G. Pascual\">Manuel G. Pascual<\/a> | Bruselas \/ Madrid<\/div>\n<\/div>\n<\/li>\n<li class=\"_g _g-xs w-rel_n\">\n<div class=\" a_m-h c_m--nf\"><span class=\"_db _pr\"><img decoding=\"async\" class=\"_re lazyload a_m-h\" height=\"311\" width=\"414\" src=\"https:\/\/analyse.optim.biz\/wp-content\/uploads\/2026\/02\/fhpgu2yxxvg5lf6lga54nquxti-1.jpg\" loading=\"lazy\" title=\"fhpgu2yxxvg5lf6lga54nquxti-1\"><\/span><\/div>\n<div class=\"nt\">\n<h3 class=\"nt_t\"><a href=\"https:\/\/elpais.com\/tecnologia\/2026-01-26\/bruselas-estrecha-el-cerco-sobre-grok-y-x-con-una-nueva-investigacion-por-la-generacion-de-imagenes-sexualizadas-de-menores.html#?rel=mas\">Bruselas estrecha el cerco sobre Grok y X con una nueva investigaci\u00f3n por la generaci\u00f3n de im\u00e1genes sexualizadas de menores <\/a><\/h3>\n<div class=\"nt_a\"><a href=\"https:\/\/elpais.com\/autor\/manuel-vicente-gomez\/\" title=\"Ver todas las noticias de Manuel V. G\u00f3mez\">Manuel V. G\u00f3mez<\/a> | Bruselas<\/div>\n<\/div>\n<\/li>\n<\/ul>\n<\/aside>\n<section class=\"w w-ae\" data-dtm-region=\"articulo_archivado-en\">\n<h2 class=\"w_t\">Archivado En<\/h2>\n<div class=\"w_b\">\n<ul class=\"w_ul w_ul--mh _df _ls\">\n<li><a href=\"https:\/\/elpais.com\/noticias\/tecnologia\/#?rel=arch\" rel=\"noopener noreferrer\">Tecnolog\u00eda<\/a><\/li>\n<li><a href=\"https:\/\/elpais.com\/noticias\/tiktok\/#?rel=arch\" rel=\"noopener noreferrer\">TikTok<\/a><\/li>\n<li><a href=\"https:\/\/elpais.com\/noticias\/meta-platforms\/#?rel=arch\" rel=\"noopener noreferrer\">Meta<\/a><\/li>\n<li><a href=\"https:\/\/elpais.com\/noticias\/facebook\/#?rel=arch\" rel=\"noopener noreferrer\">Facebook<\/a><\/li>\n<li><a href=\"https:\/\/elpais.com\/noticias\/minnesota\/#?rel=arch\" rel=\"noopener noreferrer\">Minnesota <\/a><\/li>\n<li><a href=\"https:\/\/elpais.com\/noticias\/minneapolis\/#?rel=arch\" rel=\"noopener noreferrer\">Minneapolis<\/a><\/li>\n<li><a href=\"https:\/\/elpais.com\/noticias\/silicon-valley\/#?rel=arch\" rel=\"noopener noreferrer\">Silicon Valley<\/a><\/li>\n<li><a href=\"https:\/\/elpais.com\/noticias\/libertad-expresion\/#?rel=arch\" rel=\"noopener noreferrer\">Libertad expresi\u00f3n<\/a><\/li>\n<li><a href=\"https:\/\/elpais.com\/noticias\/censura\/#?rel=arch\" rel=\"noopener noreferrer\">Censura<\/a><\/li>\n<li><a href=\"https:\/\/elpais.com\/noticias\/censura-informativa\/#?rel=arch\" rel=\"noopener noreferrer\">Censura informativa<\/a><\/li>\n<li><a href=\"https:\/\/elpais.com\/noticias\/estados-unidos\/#?rel=arch\" rel=\"noopener noreferrer\">Estados Unidos<\/a><\/li>\n<li><a href=\"https:\/\/elpais.com\/noticias\/grandes-tecnologicas\/#?rel=arch\" rel=\"noopener noreferrer\">Grandes tecnol\u00f3gicas<\/a><\/li>\n<li><a href=\"https:\/\/elpais.com\/noticias\/mark-zuckerberg\/#?rel=arch\" rel=\"noopener noreferrer\">Mark Zuckerberg<\/a><\/li>\n<li><a href=\"https:\/\/elpais.com\/noticias\/sam-altman\/#?rel=arch\" rel=\"noopener noreferrer\">Sam Altman<\/a><\/li>\n<li><a href=\"https:\/\/elpais.com\/noticias\/tim-cook\/#?rel=arch\" rel=\"noopener noreferrer\">Tim Cook<\/a><\/li>\n<\/ul>\n<\/div>\n<\/section>\n<aside class=\"a_tp _df\">\n<div class=\"a_tp_txt\"><span class=\"a_tp_t\">Se adhiere a los criterios de<\/span><\/p>\n<figure class=\"a_m a_m-h c_m--nf\"><a class=\"a_tp_i _dib\" href=\"https:\/\/elpais.com\/estaticos\/que-es-the-trust-project\/\" target=\"_blank\" rel=\"noopener noreferrer nofollow\"><img decoding=\"async\" alt=\"The Trust Project\" class=\" lazyload a_m-h\" height=\"20\" width=\"117\" src=\"https:\/\/analyse.optim.biz\/wp-content\/uploads\/2026\/02\/the-trust-project-8.svg\" loading=\"lazy\" title=\"the-trust-project-8\"><\/a><\/figure>\n<p><a class=\"a_tp_mi\" href=\"https:\/\/elpais.com\/estaticos\/codigo-etico\/\" target=\"_blank\" rel=\"noopener noreferrer nofollow\">M\u00e1s informaci\u00f3n<\/a><\/div>\n<div class=\"a_tp_si\">Si est\u00e1 interesado en licenciar este contenido, pinche <a class=\"a_tp_si_l\" href=\"https:\/\/profesional.elpais.com\/soluciones-sindicacion\/?utm_medium=interno&amp;utm_source=crosslinking&amp;utm_campaign=sindicacion_ep_pie_articulos\" target=\"_blank\" rel=\"noopener noreferrer nofollow\">aqu\u00ed<\/a><\/div>\n<\/aside>\n<div class=\"a_o _pr\" data-dtm-region=\"articulo_right-rail\">\n<div id=\"elpais_gpt-MPU1\" data-adtype=\"MPU\" class=\"ad ad-mpu\"><span class=\"_dn\">_<\/span><\/div>\n<section class=\"w w-sc b_col\" data-dtm-region=\"articulo_ultimas-noticias\">\n<header class=\"w_h b_col_h\">\n<h3 class=\"w_t\"><a href=\"https:\/\/elpais.com\/ultimas-noticias\/\" rel=\"story-card-ultimas-noticias\">\u00daltimas noticias<\/a><\/h3>\n<\/header>\n<div class=\"w_b\">\n<article class=\"c  c--m-n   \" data-word=\"0\">\n<header class=\"c_h\"><time datetime=\"2026-02-01T21:19:44+01:00\" class=\"c_da\">21:19<\/time><\/p>\n<h2 class=\"c_t \"><a href=\"https:\/\/elpais.com\/mexico\/2026-02-01\/claudia-sheinbaum-reprende-a-los-morenistas-de-baja-california-hay-que-trabajar-mas-con-la-gente.html?autoplay=1\">Claudia Sheinbaum reprende a los morenistas de Baja California: \u201c\u00a1Hay que trabajar m\u00e1s con la gente!\u201d<\/a><\/h2>\n<\/header>\n<\/article>\n<article class=\"c  c--m-n   \" data-word=\"0\">\n<header class=\"c_h\"><time datetime=\"2026-02-01T21:01:04+01:00\" class=\"c_da\">21:01<\/time><\/p>\n<h2 class=\"c_t \"><a href=\"https:\/\/elpais.com\/deportes\/2026-02-01\/dinamarca-vence-a-alemania-en-la-final-del-europeo-de-balonmano-y-se-coloca-la-triple-corona.html\">Dinamarca vence a Alemania en la final del Europeo de balonmano y se coloca la triple corona<\/a><\/h2>\n<\/header>\n<\/article>\n<article class=\"c  c--m-n   \" data-word=\"0\">\n<header class=\"c_h\"><time datetime=\"2026-02-01T20:54:06+01:00\" class=\"c_da\">20:54<\/time><\/p>\n<h2 class=\"c_t \"><a href=\"https:\/\/elpais.com\/us\/2026-02-01\/en-directo-la-alfombra-roja-de-los-premios-grammy-2026.html?autoplay=1\">En directo, la alfombra roja de los Premios Grammy 2026<\/a><\/h2>\n<\/header>\n<\/article>\n<article class=\"c  c--m-n   \" data-word=\"0\">\n<header class=\"c_h\"><time datetime=\"2026-02-01T20:34:52+01:00\" class=\"c_da\">20:34<\/time><\/p>\n<h2 class=\"c_t \"><a href=\"https:\/\/elpais.com\/mexico\/2026-02-01\/el-gobierno-envia-a-mas-de-1000-militares-para-localizar-a-los-10-mineros-secuestrados-en-sinaloa.html\">El Gobierno env\u00eda a m\u00e1s de 1.000 militares para localizar a los 10 mineros secuestrados en Sinaloa<\/a><\/h2>\n<\/header>\n<\/article>\n<\/div>\n<\/section>\n<aside class=\"w w-lmv\" data-dtm-region=\"articulo_lom\">\n<h2 class=\"w_t\"><a href=\"https:\/\/elpais.com\/lo-mas-visto\/\">Lo m\u00e1s visto<\/a><\/h2>\n<div class=\"w_b\">\n<ol class=\"_ls\">\n<li><a href=\"https:\/\/elpais.com\/espana\/2026-01-30\/el-pp-se-niega-a-retirar-la-medalla-de-oro-que-alcantarilla-concedio-a-franco-porque-no-exalta-la-dictadura.html#?rel=lom\">El PP se niega a retirar la Medalla de Oro que Alcantarilla concedi\u00f3 a Franco porque \u201cno exalta la dictadura\u201d<\/a><\/li>\n<li><a href=\"https:\/\/elpais.com\/deportes\/tenis\/2026-02-01\/carlos-alcaraz-novak-djokovic-en-directo-la-final-del-open-de-australia-en-vivo.html#?rel=lom\">As\u00ed te hemos contado la victoria de Carlos Alcaraz en el Open de Australia ante Novak Djokovic<\/a><\/li>\n<li><a href=\"https:\/\/elpais.com\/deportes\/tenis\/2026-01-31\/john-mcenroe-alcaraz-sabe-perfectamente-quien-necesita-a-su-alrededor.html#?rel=lom\">John McEnroe: \u201cAlcaraz sabe perfectamente a qui\u00e9n necesita a su alrededor\u201d<\/a><\/li>\n<li><a href=\"https:\/\/elpais.com\/clima-y-medio-ambiente\/2026-02-01\/deconstruccion-de-la-costa-asi-se-esta-quitando-ya-hormigon-para-dar-mas-espacio-a-las-playas-frente-a-los-temporales.html#?rel=lom\">Deconstrucci\u00f3n de la costa: as\u00ed se est\u00e1 quitando ya hormig\u00f3n para dar m\u00e1s espacio a las playas frente a los temporales<\/a><\/li>\n<li><a href=\"https:\/\/elpais.com\/espana\/madrid\/2026-01-31\/seis-anos-despues-victoria-para-la-hija-de-un-fallecido-en-residencias-en-una-disputa-con-el-gobierno-de-ayuso.html#?rel=lom\">Tras seis a\u00f1os de derrotas, una de las hijas de fallecidos en residencias gana al Gobierno de Ayuso<\/a><\/li>\n<\/ol>\n<\/div>\n<\/aside>\n<\/div>\n<\/article>\n<article class=\"c  c--m-n   \" data-word=\"0\">\n<header class=\"c_h\"><time datetime=\"2026-02-01T21:19:44+01:00\" class=\"c_da\">21:19<\/time><\/p>\n<h2 class=\"c_t \"><a href=\"https:\/\/elpais.com\/mexico\/2026-02-01\/claudia-sheinbaum-reprende-a-los-morenistas-de-baja-california-hay-que-trabajar-mas-con-la-gente.html?autoplay=1\">Claudia Sheinbaum reprende a los morenistas de Baja California: \u201c\u00a1Hay que trabajar m\u00e1s con la gente!\u201d<\/a><\/h2>\n<\/header>\n<\/article>\n<article class=\"c  c--m-n   \" data-word=\"0\">\n<header class=\"c_h\"><time datetime=\"2026-02-01T21:01:04+01:00\" class=\"c_da\">21:01<\/time><\/p>\n<h2 class=\"c_t \"><a href=\"https:\/\/elpais.com\/deportes\/2026-02-01\/dinamarca-vence-a-alemania-en-la-final-del-europeo-de-balonmano-y-se-coloca-la-triple-corona.html\">Dinamarca vence a Alemania en la final del Europeo de balonmano y se coloca la triple corona<\/a><\/h2>\n<\/header>\n<\/article>\n<article class=\"c  c--m-n   \" data-word=\"0\">\n<header class=\"c_h\"><time datetime=\"2026-02-01T20:54:06+01:00\" class=\"c_da\">20:54<\/time><\/p>\n<h2 class=\"c_t \"><a href=\"https:\/\/elpais.com\/us\/2026-02-01\/en-directo-la-alfombra-roja-de-los-premios-grammy-2026.html?autoplay=1\">En directo, la alfombra roja de los Premios Grammy 2026<\/a><\/h2>\n<\/header>\n<\/article>\n<article class=\"c  c--m-n   \" data-word=\"0\">\n<header class=\"c_h\"><time datetime=\"2026-02-01T20:34:52+01:00\" class=\"c_da\">20:34<\/time><\/p>\n<h2 class=\"c_t \"><a href=\"https:\/\/elpais.com\/mexico\/2026-02-01\/el-gobierno-envia-a-mas-de-1000-militares-para-localizar-a-los-10-mineros-secuestrados-en-sinaloa.html\">El Gobierno env\u00eda a m\u00e1s de 1.000 militares para localizar a los 10 mineros secuestrados en Sinaloa<\/a><\/h2>\n<\/header>\n<\/article>\n<p> Source URL: https:\/\/elpais.com\/tecnologia\/2026-01-28\/estan-las-redes-protegiendo-a-trump-crecen-las-sospechas-tras-supuestos-errores-de-tiktok-y-las-decisiones-meta.html<\/p>\n","protected":false},"excerpt":{"rendered":"<p>redes sociales \u00bfEst\u00e1n las redes protegiendo a Trump? Crecen las sospechas tras supuestos errores de TikTok y las decisiones de Meta Los presidentes ejecutivos de Apple, OpenAI y Anthropic tratan de distanciarse de la tensi\u00f3n pol\u00edtica tras las muertes provocadas por agentes migratorios Agentes federales de inmigraci\u00f3n (ICE) detienen a un manifestante en el sur [&hellip;]<\/p>\n","protected":false},"author":1,"featured_media":1684095,"comment_status":"open","ping_status":"","sticky":false,"template":"","format":"standard","meta":{"footnotes":""},"categories":[88],"tags":[226,92],"class_list":["post-1684094","post","type-post","status-publish","format-standard","has-post-thumbnail","hentry","category-spain","tag-crawlmanager","tag-elpais-com"],"_links":{"self":[{"href":"https:\/\/analyse.optim.biz\/index.php?rest_route=\/wp\/v2\/posts\/1684094","targetHints":{"allow":["GET"]}}],"collection":[{"href":"https:\/\/analyse.optim.biz\/index.php?rest_route=\/wp\/v2\/posts"}],"about":[{"href":"https:\/\/analyse.optim.biz\/index.php?rest_route=\/wp\/v2\/types\/post"}],"author":[{"embeddable":true,"href":"https:\/\/analyse.optim.biz\/index.php?rest_route=\/wp\/v2\/users\/1"}],"replies":[{"embeddable":true,"href":"https:\/\/analyse.optim.biz\/index.php?rest_route=%2Fwp%2Fv2%2Fcomments&post=1684094"}],"version-history":[{"count":0,"href":"https:\/\/analyse.optim.biz\/index.php?rest_route=\/wp\/v2\/posts\/1684094\/revisions"}],"wp:featuredmedia":[{"embeddable":true,"href":"https:\/\/analyse.optim.biz\/index.php?rest_route=\/wp\/v2\/media\/1684095"}],"wp:attachment":[{"href":"https:\/\/analyse.optim.biz\/index.php?rest_route=%2Fwp%2Fv2%2Fmedia&parent=1684094"}],"wp:term":[{"taxonomy":"category","embeddable":true,"href":"https:\/\/analyse.optim.biz\/index.php?rest_route=%2Fwp%2Fv2%2Fcategories&post=1684094"},{"taxonomy":"post_tag","embeddable":true,"href":"https:\/\/analyse.optim.biz\/index.php?rest_route=%2Fwp%2Fv2%2Ftags&post=1684094"}],"curies":[{"name":"wp","href":"https:\/\/api.w.org\/{rel}","templated":true}]}}