{"id":1683977,"date":"2026-01-28T19:00:56","date_gmt":"2026-01-28T16:00:56","guid":{"rendered":"https:\/\/analyse.optim.biz\/?p=1683977"},"modified":"2026-01-28T19:00:56","modified_gmt":"2026-01-28T16:00:56","slug":"commissario-ue-timori-per-dipendenza-da-energia-usa-cerchiamo-alternative","status":"publish","type":"post","link":"https:\/\/analyse.optim.biz\/?p=1683977","title":{"rendered":"Commissario Ue: Timori per dipendenza da energia Usa, cerchiamo alternative"},"content":{"rendered":"<article class=\"free-content\" id=\"content\">\n<header>\n<h1 class=\"titolo\">Commissario Ue: &#8220;Timori per dipendenza da energia Usa, cerchiamo alternative&#8221;<\/h1>\n<\/header>\n<div class=\"row\">\n<section id=\"main-content\" class=\"col-xs-8\">\n<figure class=\"main-photo caption\"><img decoding=\"async\" src=\"https:\/\/analyse.optim.biz\/wp-content\/uploads\/2026\/02\/9325615_c8f14a8a732b57c6426dbb6ff701a2f7-6.jpg\" width height alt=\"Third International North Sea Summit in Hamburg\" title=\"Third International North Sea Summit in Hamburg\"><figcaption>Third International North Sea Summit in Hamburg<\/figcaption><\/figure>\n<div class=\"info-container-top\">\n<div class=\"row middle-xs\">\n<div class=\"col-xs end-xs\"><span class=\"tempo\">2 Minuti di Lettura<\/span><\/div>\n<\/div>\n<\/div>\n<div class=\"info-container-bottom\">\n<div class=\"row middle-xs\">\n<div class=\"col-xs-8\">\n              mercoled\u00ec 28 gennaio 2026, 20:00                        <\/div>\n<div class=\"col-xs\">\n<div class=\"share_bar_wrapper\">\n<div class=\"share-item share-box\">\n<ul>\n<li class=\"copy\">\n<li class=\"facebook\">\n<li class=\"twitter\">\n<li class=\"mail\">\n<li class=\"whatsapp\"><\/ul>\n<\/div>\n<\/div>\n<\/div>\n<\/div>\n<\/div>\n<div class=\"body-text\">\n<p>BRUXELLES &#8211; &#8220;Faremo il possibile per garantire che le<strong> relazioni commerciali&#8221; con gli Stati Uniti &#8220;possano essere mantenute <\/strong>ma \u00e8 chiaro che le turbolenze geopolitiche&#8221; come la crisi in Groenlandia &#8220;sono un campanello d&#8217;allarme. Percepisco una crescente preoccupazione, che condivido, che si rischi di sostituire una dipendenza&#8221; energetica &#8220;con un&#8217;altra. Quindi stiamo cercando attivamente delle alternative&#8221; per le forniture. Lo ha dichiarato il commissario Ue all&#8217;energia Dan Jorgensen in un&#8217;intervista a un gruppo di media internazionali, tra cui <strong>l&#8217;ANSA<\/strong>. L&#8217;Ue \u00e8 gi\u00e0 in contatto con partner &#8220;in grado di fornirci Gnl&#8221;, come Qatar, Canada e Nord Africa.<\/p>\n<p>Jorgensen ha anticipato che nei prossimi mesi avr\u00e0 diversi incontri con alcuni dei Paesi interessati &#8220;con l&#8217;obiettivo di migliorare ulteriormente le nostre relazioni&#8221;. Il commissario ha chiarito per\u00f2 di non aver avuto contatti con il segretario all&#8217;Energia degli <strong>Stati Uniti Chris Wright<\/strong> nelle ultime due settimane. &#8220;Siamo grati che ora sia possibile importare Gnl&#8221; dagli Usa &#8220;e che tale importazione aumenter\u00e0 nei mesi e negli anni a venire, perch\u00e9 questo \u00e8 assolutamente essenziale per noi per poter eliminare la dipendenza dalla Russia&#8221;, ha riconosciuto, confermando che non \u00e8 nei piani di Palazzo Berlaymont ridurre gli scambi commerciali con gli Stati Uniti sul breve termine. &#8220;Non vogliamo conflitti commerciali&#8221;, ha assicurato. Il politico danese ha chiarito per\u00f2 che sul lungo periodo l&#8217;obiettivo dell&#8217;Ue deve essere quello di liberarsi completamente dalla &#8220;nostra dipendenza dal gas in generale&#8221; e &#8220;dobbiamo riconoscere che le cose sono cambiate&#8221; nelle relazioni transatlantiche, per cui &#8220;dobbiamo essere pronti a essere indipendenti, a proteggere noi stessi sia dal punto di vista della sicurezza che della nostra prosperit\u00e0, affidandoci alle nostre energie rinnovabili come fonte principale della nostra energia&#8221;, ha concluso.<\/p>\n<p>L&#8217;Ungheria come tutti &#8220;gli Stati membri, deve seguire le norme e i regolamenti che noi stabiliamo. Avrei sperato che l&#8217;Ungheria votasse a favore del divieto sul gas russo, cos\u00ec come spero che lo faccia per la proposta sul divieto per il petrolio russo. Ma anche se cos\u00ec non fosse&#8221; dovr\u00e0 &#8220;rispettarlo&#8221;.<\/p>\n<p>&#8220;La legislazione commerciale Ue viene adottata a maggioranza qualificata, ma il risultato e le norme sono validi per tutti. Se un Paese non rispetta la legislazione, allora seguiremo le procedure previste&#8221;, ha sottolineato.<\/p>\n<\/div>\n<div class=\"wrap-box-end\">\n<div class=\"copy\">\n            \u00a9 RIPRODUZIONE RISERVATA\n            <\/div>\n<div class=\"item-options\">\n<div class=\"share_bar_wrapper\">\n<div class=\"share-item share-box\">\n<ul>\n<li class=\"copy\">\n<li class=\"facebook\">\n<li class=\"twitter\">\n<li class=\"mail\">\n<li class=\"whatsapp\"><\/ul>\n<\/div>\n<\/div>\n<\/div>\n<\/div>\n<\/section>\n<aside id=\"right-rail\" class=\"col-xs-4\">\n<div id=\"right-content\">\n<div class=\"area right\">\n<div class=\"area right_articolo\" data-id=\"445\" data-nome=\"Right Articolo (generico) 2022\">\n<div class=\"strip-1-x-video box-tv\" data-strip-id=\"77165\">\n<div class=\"strip-1-video_player\">\n<div class=\"row\">\n<article class=\"col-xs-12 html_base_bottom  video sport \">\n<div class=\"item_content video\">\n<div class=\"embed_video\">\n<div class=\"jw_embed\" data-mediaid=\"vHgoHtF1\" data-disable_video_float_on_non_adv_content=\"cedjs-dynamic\" data-autostart=\"true\" data-related='{\"oncomplete\":\"show\"}' data-mute=\"true\" data-adv_always_floating=\"false\"><img loading=\"lazy\" decoding=\"async\" src=\"https:\/\/analyse.optim.biz\/wp-content\/uploads\/2026\/02\/video-109.svg\" width=\"340\" height=\"180\" alt=\"Video\" title=\"video-109\"><\/div>\n<\/div>\n<div class=\"titolo\"><a href=\"http:\/\/quotidianodipuglia.it\/video\/sport\/cce_lsb_lecce_pall_a9_nardo_68_67-9278426.html\" class=\"ml_primary_link\">Cce Lsb Lecce-Pall. A9 Nard\u00f2 68-67<\/a><\/div>\n<\/div>\n<\/article>\n<\/div>\n<\/div>\n<div class=\"strip-1-square listing\">\n<div class=\"row\">\n<article class=\"col-xs-12 html_base_square  video \">\n<div class=\"item_content\">\n<div class=\"row\">\n<div class=\"col-xs valign__content\">\n<div class=\"square___content\">\n<figure class=\"thumbnail\"><a href=\"http:\/\/quotidianodipuglia.it\/video\/guyana_calabria_campania_prime_in_ue_per_rischio_poverta-9135288.html\" title=\"Guyana, Calabria, Campania prime in Ue per rischio povert\u00e0\"><img loading=\"lazy\" decoding=\"async\" src=\"https:\/\/analyse.optim.biz\/wp-content\/uploads\/2026\/02\/9135288_poster-66.jpg\" title=\"Guyana, Calabria, Campania prime in Ue per rischio povert\u00e0\" width=\"64\" height=\"64\"><\/a><\/figure>\n<\/div>\n<div class=\"valign\">\n<div class=\"titolo\"><a href=\"http:\/\/quotidianodipuglia.it\/video\/guyana_calabria_campania_prime_in_ue_per_rischio_poverta-9135288.html\" class=\"ml_primary_link\">Guyana, Calabria, Campania prime in Ue per rischio povert\u00e0<\/a><\/div>\n<\/div>\n<\/div>\n<\/div>\n<\/div>\n<\/article>\n<article class=\"col-xs-12 html_base_square  video \">\n<div class=\"item_content\">\n<div class=\"row\">\n<div class=\"col-xs valign__content\">\n<div class=\"square___content\">\n<figure class=\"thumbnail\"><a href=\"http:\/\/quotidianodipuglia.it\/video\/storie_italiane_il_racconto_di_mario_ermito-9105224.html\" title=\"Storie Italiane, il racconto di Mario Ermito\"><img loading=\"lazy\" decoding=\"async\" src=\"https:\/\/analyse.optim.biz\/wp-content\/uploads\/2026\/02\/9105224_poster-63.jpg\" title=\"Storie Italiane, il racconto di Mario Ermito\" width=\"64\" height=\"64\"><\/a><\/figure>\n<\/div>\n<div class=\"valign\">\n<div class=\"titolo\"><a href=\"http:\/\/quotidianodipuglia.it\/video\/storie_italiane_il_racconto_di_mario_ermito-9105224.html\" class=\"ml_primary_link\">Storie Italiane, il racconto di Mario Ermito<\/a><\/div>\n<\/div>\n<\/div>\n<\/div>\n<\/div>\n<\/article>\n<article class=\"col-xs-12 html_base_square  video \">\n<div class=\"item_content\">\n<div class=\"row\">\n<div class=\"col-xs valign__content\">\n<div class=\"square___content\">\n<figure class=\"thumbnail\"><a href=\"http:\/\/quotidianodipuglia.it\/video\/lecce_protocollo_scuola_istituzioni_prefettura-9089424.html\" title=\"\u00abL'autismo non \u00e8 solo una diagnosi, \u00e8 un modo diverso di percepire il mondo\u00bb, il commovente messaggio di Emma\"><img loading=\"lazy\" decoding=\"async\" src=\"https:\/\/analyse.optim.biz\/wp-content\/uploads\/2026\/02\/9089424_25191819_myfilename-65.jpg\" title=\"\u00abL'autismo non \u00e8 solo una diagnosi, \u00e8 un modo diverso di percepire il mondo\u00bb, il commovente messaggio di Emma\" width=\"64\" height=\"64\"><\/a><\/figure>\n<\/div>\n<div class=\"valign\">\n<div class=\"titolo\"><a href=\"http:\/\/quotidianodipuglia.it\/video\/lecce_protocollo_scuola_istituzioni_prefettura-9089424.html\" class=\"ml_primary_link\">\u00abL&#8217;autismo non \u00e8 solo una diagnosi, \u00e8 un modo diverso di percepire il mondo\u00bb, il commovente messaggio di Emma<\/a><\/div>\n<\/div>\n<\/div>\n<\/div>\n<\/div>\n<\/article>\n<\/div>\n<\/div>\n<\/div>\n<div class=\"strip-combo \">\n<div class=\"testatabox default sinistra  speciali quieuropa\">\n<h3 class=\"speciali quieuropa\">Della stessa sezione<\/h3>\n<\/div>\n<div class=\"strip-1-bottom principale\">\n<div class=\"row\">\n<article class=\"col-xs-12 html_base_bottom   speciali quieuropa \">\n<div class=\"item_content\">\n<figure class=\"medium\"><a href=\"http:\/\/quotidianodipuglia.it\/speciali\/quieuropa\/kallas_inseriremo_la_russia_nella_lista_nera_del_riciclaggio-9327782.html\" title='Kallas: \"Inseriremo la Russia nella lista nera del riciclaggio\"'><img decoding=\"async\" src=\"https:\/\/analyse.optim.biz\/wp-content\/uploads\/2026\/02\/9327782_fe521787a7488efc6cc386919284ce96-5.jpg\" title='Kallas: \"Inseriremo la Russia nella lista nera del riciclaggio\"' width=\"-16\" height=\"-9\"><\/a><\/figure>\n<p><span class=\"testatina testatina-articolo\"><a href=\"http:\/\/quotidianodipuglia.it\/speciali\/quieuropa\/kallas_inseriremo_la_russia_nella_lista_nera_del_riciclaggio-9327782.html\">NEWS<\/a><\/span><\/p>\n<div class=\"titolo\"><a href=\"http:\/\/quotidianodipuglia.it\/speciali\/quieuropa\/kallas_inseriremo_la_russia_nella_lista_nera_del_riciclaggio-9327782.html\" class=\"ml_primary_link\">Kallas: &#8220;Inseriremo la Russia nella lista nera del riciclaggio&#8221;<\/a><\/div>\n<\/div>\n<\/article>\n<\/div>\n<\/div>\n<div class=\"strip-1-square seconda listing\">\n<div class=\"row\">\n<article class=\"col-xs-12 html_base_square  speciali quieuropa \">\n<div class=\"item_content\">\n<div class=\"row\">\n<div class=\"col-xs valign__content\">\n<div class=\"square___content\">\n<figure class=\"thumbnail\"><a href=\"http:\/\/quotidianodipuglia.it\/speciali\/quieuropa\/metsola_grata_all_italia_per_la_sua_posizione_chiara_sui_pasdaran-9327780.html\" title=\"Metsola: &quot;Grata all'Italia per la sua posizione chiara sui pasdaran&quot;\"><img loading=\"lazy\" decoding=\"async\" src=\"https:\/\/analyse.optim.biz\/wp-content\/uploads\/2026\/02\/9327780_c6545e26407b962f3160fdda94e205ca-5.jpg\" title=\"Metsola: &quot;Grata all'Italia per la sua posizione chiara sui pasdaran&quot;\" width=\"64\" height=\"64\"><\/a><\/figure>\n<\/div>\n<div class=\"valign\"><span class=\"testatina testatina-articolo\"><a href=\"http:\/\/quotidianodipuglia.it\/speciali\/quieuropa\/metsola_grata_all_italia_per_la_sua_posizione_chiara_sui_pasdaran-9327780.html\">NEWS<\/a><\/span><\/p>\n<div class=\"titolo\"><a href=\"http:\/\/quotidianodipuglia.it\/speciali\/quieuropa\/metsola_grata_all_italia_per_la_sua_posizione_chiara_sui_pasdaran-9327780.html\" class=\"ml_primary_link\">Metsola: &#8220;Grata all&#8217;Italia per la sua posizione chiara sui pasdaran&#8221;<\/a><\/div>\n<\/div>\n<\/div>\n<\/div>\n<\/div>\n<\/article>\n<article class=\"col-xs-12 html_base_square  speciali quieuropa \">\n<div class=\"item_content\">\n<div class=\"row\">\n<div class=\"col-xs valign__content\">\n<div class=\"square___content\">\n<figure class=\"thumbnail\"><a href=\"http:\/\/quotidianodipuglia.it\/speciali\/quieuropa\/ecco_l_intesa_commerciale_ue_india_settore_per_settore-9325616.html\" title=\"Ecco l'intesa commerciale Ue-India, settore per settore\"><img loading=\"lazy\" decoding=\"async\" src=\"https:\/\/analyse.optim.biz\/wp-content\/uploads\/2026\/02\/9325616_156ad6f23ff3ad3de7067151de7ecc1b-5.jpg\" title=\"Ecco l'intesa commerciale Ue-India, settore per settore\" width=\"64\" height=\"64\"><\/a><\/figure>\n<\/div>\n<div class=\"valign\"><span class=\"testatina testatina-articolo\"><a href=\"http:\/\/quotidianodipuglia.it\/speciali\/quieuropa\/ecco_l_intesa_commerciale_ue_india_settore_per_settore-9325616.html\">NEWS<\/a><\/span><\/p>\n<div class=\"titolo\"><a href=\"http:\/\/quotidianodipuglia.it\/speciali\/quieuropa\/ecco_l_intesa_commerciale_ue_india_settore_per_settore-9325616.html\" class=\"ml_primary_link\">Ecco l&#8217;intesa commerciale Ue-India, settore per settore<\/a><\/div>\n<\/div>\n<\/div>\n<\/div>\n<\/div>\n<\/article>\n<article class=\"col-xs-12 html_base_square  speciali quieuropa \">\n<div class=\"item_content\">\n<div class=\"row\">\n<div class=\"col-xs valign__content\">\n<div class=\"square___content\">\n<figure class=\"thumbnail\"><a href=\"http:\/\/quotidianodipuglia.it\/speciali\/quieuropa\/commissario_ue_timori_per_dipendenza_da_energia_usa_cerchiamo_alternative-9325615.html\" title='Commissario Ue: \"Timori per dipendenza da energia Usa, cerchiamo alternative\"'><img loading=\"lazy\" decoding=\"async\" src=\"https:\/\/analyse.optim.biz\/wp-content\/uploads\/2026\/02\/9325615_c8f14a8a732b57c6426dbb6ff701a2f7-7.jpg\" title='Commissario Ue: \"Timori per dipendenza da energia Usa, cerchiamo alternative\"' width=\"64\" height=\"64\"><\/a><\/figure>\n<\/div>\n<div class=\"valign\"><span class=\"testatina testatina-articolo\"><a href=\"http:\/\/quotidianodipuglia.it\/speciali\/quieuropa\/commissario_ue_timori_per_dipendenza_da_energia_usa_cerchiamo_alternative-9325615.html\">NEWS<\/a><\/span><\/p>\n<div class=\"titolo\"><a href=\"http:\/\/quotidianodipuglia.it\/speciali\/quieuropa\/commissario_ue_timori_per_dipendenza_da_energia_usa_cerchiamo_alternative-9325615.html\" class=\"ml_primary_link\">Commissario Ue: &#8220;Timori per dipendenza da energia Usa, cerchiamo alternative&#8221;<\/a><\/div>\n<\/div>\n<\/div>\n<\/div>\n<\/div>\n<\/article>\n<article class=\"col-xs-12 html_base_square  speciali quieuropa \">\n<div class=\"item_content\">\n<div class=\"row\">\n<div class=\"col-xs valign__content\">\n<div class=\"square___content\">\n<figure class=\"thumbnail\"><a href=\"http:\/\/quotidianodipuglia.it\/speciali\/quieuropa\/l_ue_sulla_politica_commerciale_ha_messo_il_turbo-9325613.html\" title=\"'L'Ue sulla politica commerciale ha messo il turbo'\"><img loading=\"lazy\" decoding=\"async\" src=\"https:\/\/analyse.optim.biz\/wp-content\/uploads\/2026\/02\/9325613_660b40d8a35ecd0aea552d95dfd8c15c-7.jpg\" title=\"'L'Ue sulla politica commerciale ha messo il turbo'\" width=\"64\" height=\"64\"><\/a><\/figure>\n<\/div>\n<div class=\"valign\"><span class=\"testatina testatina-articolo\"><a href=\"http:\/\/quotidianodipuglia.it\/speciali\/quieuropa\/l_ue_sulla_politica_commerciale_ha_messo_il_turbo-9325613.html\">NEWS<\/a><\/span><\/p>\n<div class=\"titolo\"><a href=\"http:\/\/quotidianodipuglia.it\/speciali\/quieuropa\/l_ue_sulla_politica_commerciale_ha_messo_il_turbo-9325613.html\" class=\"ml_primary_link\">&#8216;L&#8217;Ue sulla politica commerciale ha messo il turbo&#8217;<\/a><\/div>\n<\/div>\n<\/div>\n<\/div>\n<\/div>\n<\/article>\n<\/div>\n<\/div>\n<\/div>\n<div class=\"strip-1-square listing strip_moltofood_flexible  quotidianodipuglia\">\n<div class=\"testatabox testatina-box grande moltofood default\">\n<h3><a href=\"https:\/\/www.moltofood.it\" target=\"_blank\" title=\"moltofood.it\"><img loading=\"lazy\" decoding=\"async\" src=\"https:\/\/analyse.optim.biz\/wp-content\/uploads\/2026\/02\/moltofood-64.svg\" width=\"140\" height=\"20\" title=\"moltofood-64\"><\/a><\/h3>\n<\/div>\n<div class=\"row \">\n<article class=\"col-xs-12 html_base_square\">\n<div class=\"item_content\">\n<div class=\"row\">\n<div class=\"square___content\">\n<figure><a href=\"https:\/\/www.moltofood.it\/schiacciata-ripiena-senza-lievito-ricetta\/?utm_source=quotidianodipuglia&amp;utm_medium=strip_moltofood_flexible&amp;utm_campaign=right_articolo\" target=\"_blank\" title=\"Schiacciata ripiena, la ricetta scrocchiarella e senza lievito\"><img decoding=\"async\" src=\"https:\/\/analyse.optim.biz\/wp-content\/uploads\/2026\/02\/schiacciata-ripiena-1-150x150-118.jpg\" title=\"Schiacciata ripiena, la ricetta scrocchiarella e senza lievito\"><\/a><\/figure>\n<\/div>\n<div class=\"col-xs valign__content\">\n<div class=\"valign\"><span class=\"testatina testatina-articolo\"><a href=\"https:\/\/www.moltofood.it\/schiacciata-ripiena-senza-lievito-ricetta\/?utm_source=quotidianodipuglia&amp;utm_medium=strip_moltofood_flexible&amp;utm_campaign=right_articolo\"><br \/>\n                                                Piatti unici                                                <\/a><\/span><\/p>\n<h2 class=\"titolo\"><a href=\"https:\/\/www.moltofood.it\/schiacciata-ripiena-senza-lievito-ricetta\/?utm_source=quotidianodipuglia&amp;utm_medium=strip_moltofood_flexible&amp;utm_campaign=right_articolo\" title=\"Schiacciata ripiena, la ricetta scrocchiarella e senza lievito\" target=\"_blank\">Schiacciata ripiena, la ricetta scrocchiarella e senza lievito<\/a><\/h2>\n<p><span class=\"firma\">di Margherita Catalani<\/span><\/div>\n<\/div>\n<\/div>\n<\/div>\n<\/article>\n<article class=\"col-xs-12 html_base_square\">\n<div class=\"item_content\">\n<div class=\"row\">\n<div class=\"square___content\">\n<figure><a href=\"https:\/\/www.moltofood.it\/granola-in-friggitrice-ad-aria-ricetta\/?utm_source=quotidianodipuglia&amp;utm_medium=strip_moltofood_flexible&amp;utm_campaign=right_articolo\" target=\"_blank\" title=\"Granola in friggitrice ad aria: veloce, pratica e super versatile\"><img decoding=\"async\" src=\"https:\/\/analyse.optim.biz\/wp-content\/uploads\/2026\/02\/granolacottainfriggitriceadaria_copertina-150x150-3-71.jpeg\" title=\"Granola in friggitrice ad aria: veloce, pratica e super versatile\"><\/a><\/figure>\n<\/div>\n<div class=\"col-xs valign__content\">\n<div class=\"valign\"><span class=\"testatina testatina-articolo\"><a href=\"https:\/\/www.moltofood.it\/granola-in-friggitrice-ad-aria-ricetta\/?utm_source=quotidianodipuglia&amp;utm_medium=strip_moltofood_flexible&amp;utm_campaign=right_articolo\"><br \/>\n                                                Dolci                                                <\/a><\/span><\/p>\n<h2 class=\"titolo\"><a href=\"https:\/\/www.moltofood.it\/granola-in-friggitrice-ad-aria-ricetta\/?utm_source=quotidianodipuglia&amp;utm_medium=strip_moltofood_flexible&amp;utm_campaign=right_articolo\" title=\"Granola in friggitrice ad aria: veloce, pratica e super versatile\" target=\"_blank\">Granola in friggitrice ad aria: veloce, pratica e super versatile<\/a><\/h2>\n<p><span class=\"firma\">di Virginia Fabbri<\/span><\/div>\n<\/div>\n<\/div>\n<\/div>\n<\/article>\n<\/div>\n<p><a href=\"https:\/\/www.moltofood.it?utm_source=quotidianodipuglia&amp;utm_medium=strip_moltofood_flexible&amp;utm_campaign=right_articolo\" class=\"testatabox show_more\" target=\"_blank\" title=\"moltofood.it\">Vedi tutte le ricette<\/a><\/div>\n<div class=\"strip-1-bottom\">\n<div class=\"testatabox default sinistra rosso partner news\">\n<h3 class=\"partner news\"><a href=\"https:\/\/www.romevaticancard.com\/it\/omniacards\/omnia-card-72\/?ref=banner\">OMNIA CARD<\/a><\/h3>\n<\/div>\n<div class=\"row\">\n<article class=\"col-xs-12 html_base_bottom   partner news \">\n<div class=\"item_content hyperlink\">\n<figure class=\"medium\"><a href=\"https:\/\/www.romevaticancard.com\/it\/omniacards\/omnia-card-72\/?ref=banner\" title=\"Omnia card 72h + Roma Pass: Musei Vaticani e Colosseo inclusi\"><img decoding=\"async\" src=\"https:\/\/analyse.optim.biz\/wp-content\/uploads\/2026\/02\/7772044_27112113_rome-63.jpg\" title=\"Omnia card 72h + Roma Pass: Musei Vaticani e Colosseo inclusi\" width=\"-16\" height=\"-9\"><\/a><\/figure>\n<div class=\"titolo\"><a href=\"https:\/\/www.romevaticancard.com\/it\/omniacards\/omnia-card-72\/?ref=banner\" class=\"ml_primary_link\">Omnia card 72h + Roma Pass: Musei Vaticani e Colosseo inclusi<\/a><\/div>\n<\/div>\n<\/article>\n<\/div>\n<\/div>\n<div class=\"strip-1-no_foto ranking listing\">\n<div class=\"testatabox boxed sinistra  \">\n<h3 class>LE PI\u00d9 LETTE<\/h3>\n<\/div>\n<div class=\"row\">\n<article class=\"col-xs-12 html_base_no_foto  schede \">\n<div class=\"item_content\"><span class=\"testatina testatina-articolo\"><a href=\"http:\/\/quotidianodipuglia.it\/schede\/oroscopo_settimana_2_8_febbraio_2026_top_flop_chi_sale_chi_scende-9331740.html\">LA VOCE DELLE STELLE<\/a><\/span><\/p>\n<div class=\"titolo\"><a href=\"http:\/\/quotidianodipuglia.it\/schede\/oroscopo_settimana_2_8_febbraio_2026_top_flop_chi_sale_chi_scende-9331740.html\" class=\"ml_primary_link\">Oroscopo della prossima settimana: Cancro spezza la routine, Scorpione osserva, Bilancia si dedica agli affetti.<span> Ariete? Mantieni la calma<\/span><\/a><a href=\"http:\/\/quotidianodipuglia.it\/schede\/oroscopo_weekend_oggi_domani_sabato_31_gennaio_1_febbraio_2026_chi_sale_chi_scende-9327376.html\" class=\"ml_articolo\"><u>Le previsioni del weekend<\/u><\/a><\/div>\n<div class=\"row item_content_moreinfo middle-xs\">\n<div class=\"col-xs-8\"><span class=\"firma\"><span>di Redazione web<\/span><\/span><\/div>\n<\/div>\n<\/div>\n<\/article>\n<article class=\"col-xs-12 html_base_no_foto  schede \">\n<div class=\"item_content\"><span class=\"testatina testatina-articolo\"><a href=\"http:\/\/quotidianodipuglia.it\/schede\/il_caso_bambino_bus_piedi_neve_cosa_e_successo_ricostruzione_vicenda_polemiche_oggi-9331114.html\">IL CASO <\/a><\/span><\/p>\n<div class=\"titolo\"><a href=\"http:\/\/quotidianodipuglia.it\/schede\/il_caso_bambino_bus_piedi_neve_cosa_e_successo_ricostruzione_vicenda_polemiche_oggi-9331114.html\" class=\"ml_primary_link\">Bambino fatto scendere dal bus: i 6 km a piedi, il biglietto a 10 euro, l&#8217;autista sospeso, l&#8217;inchiesta. Cosa \u00e8 successo<\/a><\/div>\n<div class=\"row item_content_moreinfo middle-xs\">\n<div class=\"col-xs-8\"><span class=\"firma\"><span>di Marta Giusti<\/span><\/span><\/div>\n<div class=\"col-xs\">\n<ul class=\"info-item\">\n<li class=\"has-foto ri-camera-line\"><\/ul>\n<\/div>\n<\/div>\n<\/div>\n<\/article>\n<article class=\"col-xs-12 html_base_no_foto  schede \">\n<div class=\"item_content\"><span class=\"testatina testatina-articolo\"><a href=\"http:\/\/quotidianodipuglia.it\/schede\/oroscopo_paolo_fox_stelle_fine_settimana_weekend_31_gennaio_1_febbraio_2026-9331582.html\">IN TV <\/a><\/span><\/p>\n<div class=\"titolo\"><a href=\"http:\/\/quotidianodipuglia.it\/schede\/oroscopo_paolo_fox_stelle_fine_settimana_weekend_31_gennaio_1_febbraio_2026-9331582.html\" class=\"ml_primary_link\">Oroscopo di Paolo Fox, le stelle del fine settimana: Gemelli al top, Sagittario in ripresa, Capricorno isolato<\/a><a href=\"http:\/\/quotidianodipuglia.it\/schede\/oroscopo_weekend_oggi_domani_sabato_31_gennaio_1_febbraio_2026_chi_sale_chi_scende-9327376.html\" class=\"ml_articolo\"><span>Le previsioni del weekend\u00a0<\/span><\/a><\/div>\n<div class=\"row item_content_moreinfo middle-xs\">\n<div class=\"col-xs-8\"><span class=\"firma\"><span>di Redazione web<\/span><\/span><\/div>\n<\/div>\n<\/div>\n<\/article>\n<article class=\"col-xs-12 html_base_no_foto  attualita \">\n<div class=\"item_content\"><span class=\"testatina testatina-articolo\"><a href=\"http:\/\/quotidianodipuglia.it\/attualita\/donald_trump_resort_salento_albania-9331850.html\">LA SVOLTA <\/a><\/span><\/p>\n<div class=\"titolo\"><a href=\"http:\/\/quotidianodipuglia.it\/attualita\/donald_trump_resort_salento_albania-9331850.html\" class=\"ml_primary_link\">I Trump nuovi vicini di casa: l&#8217;ok al resort di lusso a poche miglia dal Salento. Il no degli ambientalisti<\/a><\/div>\n<div class=\"row item_content_moreinfo middle-xs\">\n<div class=\"col-xs-8\"><span class=\"firma\"><span>di Vincenzo MARUCCIO<\/span><\/span><\/div>\n<\/div>\n<\/div>\n<\/article>\n<article class=\"col-xs-12 html_base_no_foto  lecce \">\n<div class=\"item_content\"><span class=\"testatina testatina-articolo\"><a href=\"http:\/\/quotidianodipuglia.it\/lecce\/tesoro_sommerso_mari_del_salento_nave_romana_attende_riscatto_da_40_anni-9331754.html\">LECCE<\/a><\/span><\/p>\n<div class=\"titolo\"><a href=\"http:\/\/quotidianodipuglia.it\/lecce\/tesoro_sommerso_mari_del_salento_nave_romana_attende_riscatto_da_40_anni-9331754.html\" class=\"ml_primary_link\">Tesoro sommerso a Santa Caterina: la nave romana attende il riscatto da 40 anni<\/a><\/div>\n<div class=\"row item_content_moreinfo middle-xs\">\n<div class=\"col-xs-8\"><span class=\"firma\"><span>di Giuseppe TARANTINO<\/span><\/span><\/div>\n<\/div>\n<\/div>\n<\/article>\n<\/div>\n<\/div>\n<div class=\"strip- lgw\">\n<div class=\"header\"><span class=\"title\"><br \/>\n                Cerca il tuo immobile all&#8217;asta<br \/>\n            <\/span><\/div>\n<div class=\"content\"><a href=\"https:\/\/www.legalmente.net\/\" target=\"_blank\" class=\"brand\"><img decoding=\"async\" src=\"https:\/\/analyse.optim.biz\/wp-content\/uploads\/2026\/02\/logo-116.jpg\" title=\"logo-116\"><\/a><\/div>\n<\/div>\n<\/div>\n<\/div>\n<\/div>\n<\/aside>\n<\/div>\n<\/article>\n<article class=\"free-content\" id=\"content\">\n<header>\n<h1 class=\"titolo\">Commissario Ue: &#8220;Timori per dipendenza da energia Usa, cerchiamo alternative&#8221;<\/h1>\n<\/header>\n<div class=\"row\">\n<section id=\"main-content\" class=\"col-xs-8\">\n<figure class=\"main-photo caption\"><img decoding=\"async\" src=\"https:\/\/analyse.optim.biz\/wp-content\/uploads\/2026\/02\/9325615_c8f14a8a732b57c6426dbb6ff701a2f7-6.jpg\" width height alt=\"Third International North Sea Summit in Hamburg\" title=\"Third International North Sea Summit in Hamburg\"><figcaption>Third International North Sea Summit in Hamburg<\/figcaption><\/figure>\n<div class=\"info-container-top\">\n<div class=\"row middle-xs\">\n<div class=\"col-xs end-xs\"><span class=\"tempo\">2 Minuti di Lettura<\/span><\/div>\n<\/div>\n<\/div>\n<div class=\"info-container-bottom\">\n<div class=\"row middle-xs\">\n<div class=\"col-xs-8\">\n              mercoled\u00ec 28 gennaio 2026, 20:00                        <\/div>\n<div class=\"col-xs\">\n<div class=\"share_bar_wrapper\">\n<div class=\"share-item share-box\">\n<ul>\n<li class=\"copy\">\n<li class=\"facebook\">\n<li class=\"twitter\">\n<li class=\"mail\">\n<li class=\"whatsapp\"><\/ul>\n<\/div>\n<\/div>\n<\/div>\n<\/div>\n<\/div>\n<div class=\"body-text\">\n<p>BRUXELLES &#8211; &#8220;Faremo il possibile per garantire che le<strong> relazioni commerciali&#8221; con gli Stati Uniti &#8220;possano essere mantenute <\/strong>ma \u00e8 chiaro che le turbolenze geopolitiche&#8221; come la crisi in Groenlandia &#8220;sono un campanello d&#8217;allarme. Percepisco una crescente preoccupazione, che condivido, che si rischi di sostituire una dipendenza&#8221; energetica &#8220;con un&#8217;altra. Quindi stiamo cercando attivamente delle alternative&#8221; per le forniture. Lo ha dichiarato il commissario Ue all&#8217;energia Dan Jorgensen in un&#8217;intervista a un gruppo di media internazionali, tra cui <strong>l&#8217;ANSA<\/strong>. L&#8217;Ue \u00e8 gi\u00e0 in contatto con partner &#8220;in grado di fornirci Gnl&#8221;, come Qatar, Canada e Nord Africa.<\/p>\n<p>Jorgensen ha anticipato che nei prossimi mesi avr\u00e0 diversi incontri con alcuni dei Paesi interessati &#8220;con l&#8217;obiettivo di migliorare ulteriormente le nostre relazioni&#8221;. Il commissario ha chiarito per\u00f2 di non aver avuto contatti con il segretario all&#8217;Energia degli <strong>Stati Uniti Chris Wright<\/strong> nelle ultime due settimane. &#8220;Siamo grati che ora sia possibile importare Gnl&#8221; dagli Usa &#8220;e che tale importazione aumenter\u00e0 nei mesi e negli anni a venire, perch\u00e9 questo \u00e8 assolutamente essenziale per noi per poter eliminare la dipendenza dalla Russia&#8221;, ha riconosciuto, confermando che non \u00e8 nei piani di Palazzo Berlaymont ridurre gli scambi commerciali con gli Stati Uniti sul breve termine. &#8220;Non vogliamo conflitti commerciali&#8221;, ha assicurato. Il politico danese ha chiarito per\u00f2 che sul lungo periodo l&#8217;obiettivo dell&#8217;Ue deve essere quello di liberarsi completamente dalla &#8220;nostra dipendenza dal gas in generale&#8221; e &#8220;dobbiamo riconoscere che le cose sono cambiate&#8221; nelle relazioni transatlantiche, per cui &#8220;dobbiamo essere pronti a essere indipendenti, a proteggere noi stessi sia dal punto di vista della sicurezza che della nostra prosperit\u00e0, affidandoci alle nostre energie rinnovabili come fonte principale della nostra energia&#8221;, ha concluso.<\/p>\n<p>L&#8217;Ungheria come tutti &#8220;gli Stati membri, deve seguire le norme e i regolamenti che noi stabiliamo. Avrei sperato che l&#8217;Ungheria votasse a favore del divieto sul gas russo, cos\u00ec come spero che lo faccia per la proposta sul divieto per il petrolio russo. Ma anche se cos\u00ec non fosse&#8221; dovr\u00e0 &#8220;rispettarlo&#8221;.<\/p>\n<p>&#8220;La legislazione commerciale Ue viene adottata a maggioranza qualificata, ma il risultato e le norme sono validi per tutti. Se un Paese non rispetta la legislazione, allora seguiremo le procedure previste&#8221;, ha sottolineato.<\/p>\n<\/div>\n<div class=\"wrap-box-end\">\n<div class=\"copy\">\n            \u00a9 RIPRODUZIONE RISERVATA\n            <\/div>\n<div class=\"item-options\">\n<div class=\"share_bar_wrapper\">\n<div class=\"share-item share-box\">\n<ul>\n<li class=\"copy\">\n<li class=\"facebook\">\n<li class=\"twitter\">\n<li class=\"mail\">\n<li class=\"whatsapp\"><\/ul>\n<\/div>\n<\/div>\n<\/div>\n<\/div>\n<\/section>\n<aside id=\"right-rail\" class=\"col-xs-4\">\n<div id=\"right-content\">\n<div class=\"area right\">\n<div class=\"area right_articolo\" data-id=\"445\" data-nome=\"Right Articolo (generico) 2022\">\n<div class=\"strip-1-x-video box-tv\" data-strip-id=\"77165\">\n<div class=\"strip-1-video_player\">\n<div class=\"row\">\n<article class=\"col-xs-12 html_base_bottom  video sport \">\n<div class=\"item_content video\">\n<div class=\"embed_video\">\n<div class=\"jw_embed\" data-mediaid=\"vHgoHtF1\" data-disable_video_float_on_non_adv_content=\"cedjs-dynamic\" data-autostart=\"true\" data-related='{\"oncomplete\":\"show\"}' data-mute=\"true\" data-adv_always_floating=\"false\"><img loading=\"lazy\" decoding=\"async\" src=\"https:\/\/analyse.optim.biz\/wp-content\/uploads\/2026\/02\/video-109.svg\" width=\"340\" height=\"180\" alt=\"Video\" title=\"video-109\"><\/div>\n<\/div>\n<div class=\"titolo\"><a href=\"http:\/\/quotidianodipuglia.it\/video\/sport\/cce_lsb_lecce_pall_a9_nardo_68_67-9278426.html\" class=\"ml_primary_link\">Cce Lsb Lecce-Pall. A9 Nard\u00f2 68-67<\/a><\/div>\n<\/div>\n<\/article>\n<\/div>\n<\/div>\n<div class=\"strip-1-square listing\">\n<div class=\"row\">\n<article class=\"col-xs-12 html_base_square  video \">\n<div class=\"item_content\">\n<div class=\"row\">\n<div class=\"col-xs valign__content\">\n<div class=\"square___content\">\n<figure class=\"thumbnail\"><a href=\"http:\/\/quotidianodipuglia.it\/video\/guyana_calabria_campania_prime_in_ue_per_rischio_poverta-9135288.html\" title=\"Guyana, Calabria, Campania prime in Ue per rischio povert\u00e0\"><img loading=\"lazy\" decoding=\"async\" src=\"https:\/\/analyse.optim.biz\/wp-content\/uploads\/2026\/02\/9135288_poster-66.jpg\" title=\"Guyana, Calabria, Campania prime in Ue per rischio povert\u00e0\" width=\"64\" height=\"64\"><\/a><\/figure>\n<\/div>\n<div class=\"valign\">\n<div class=\"titolo\"><a href=\"http:\/\/quotidianodipuglia.it\/video\/guyana_calabria_campania_prime_in_ue_per_rischio_poverta-9135288.html\" class=\"ml_primary_link\">Guyana, Calabria, Campania prime in Ue per rischio povert\u00e0<\/a><\/div>\n<\/div>\n<\/div>\n<\/div>\n<\/div>\n<\/article>\n<article class=\"col-xs-12 html_base_square  video \">\n<div class=\"item_content\">\n<div class=\"row\">\n<div class=\"col-xs valign__content\">\n<div class=\"square___content\">\n<figure class=\"thumbnail\"><a href=\"http:\/\/quotidianodipuglia.it\/video\/storie_italiane_il_racconto_di_mario_ermito-9105224.html\" title=\"Storie Italiane, il racconto di Mario Ermito\"><img loading=\"lazy\" decoding=\"async\" src=\"https:\/\/analyse.optim.biz\/wp-content\/uploads\/2026\/02\/9105224_poster-63.jpg\" title=\"Storie Italiane, il racconto di Mario Ermito\" width=\"64\" height=\"64\"><\/a><\/figure>\n<\/div>\n<div class=\"valign\">\n<div class=\"titolo\"><a href=\"http:\/\/quotidianodipuglia.it\/video\/storie_italiane_il_racconto_di_mario_ermito-9105224.html\" class=\"ml_primary_link\">Storie Italiane, il racconto di Mario Ermito<\/a><\/div>\n<\/div>\n<\/div>\n<\/div>\n<\/div>\n<\/article>\n<article class=\"col-xs-12 html_base_square  video \">\n<div class=\"item_content\">\n<div class=\"row\">\n<div class=\"col-xs valign__content\">\n<div class=\"square___content\">\n<figure class=\"thumbnail\"><a href=\"http:\/\/quotidianodipuglia.it\/video\/lecce_protocollo_scuola_istituzioni_prefettura-9089424.html\" title=\"\u00abL'autismo non \u00e8 solo una diagnosi, \u00e8 un modo diverso di percepire il mondo\u00bb, il commovente messaggio di Emma\"><img loading=\"lazy\" decoding=\"async\" src=\"https:\/\/analyse.optim.biz\/wp-content\/uploads\/2026\/02\/9089424_25191819_myfilename-65.jpg\" title=\"\u00abL'autismo non \u00e8 solo una diagnosi, \u00e8 un modo diverso di percepire il mondo\u00bb, il commovente messaggio di Emma\" width=\"64\" height=\"64\"><\/a><\/figure>\n<\/div>\n<div class=\"valign\">\n<div class=\"titolo\"><a href=\"http:\/\/quotidianodipuglia.it\/video\/lecce_protocollo_scuola_istituzioni_prefettura-9089424.html\" class=\"ml_primary_link\">\u00abL&#8217;autismo non \u00e8 solo una diagnosi, \u00e8 un modo diverso di percepire il mondo\u00bb, il commovente messaggio di Emma<\/a><\/div>\n<\/div>\n<\/div>\n<\/div>\n<\/div>\n<\/article>\n<\/div>\n<\/div>\n<\/div>\n<div class=\"strip-combo \">\n<div class=\"testatabox default sinistra  speciali quieuropa\">\n<h3 class=\"speciali quieuropa\">Della stessa sezione<\/h3>\n<\/div>\n<div class=\"strip-1-bottom principale\">\n<div class=\"row\">\n<article class=\"col-xs-12 html_base_bottom   speciali quieuropa \">\n<div class=\"item_content\">\n<figure class=\"medium\"><a href=\"http:\/\/quotidianodipuglia.it\/speciali\/quieuropa\/kallas_inseriremo_la_russia_nella_lista_nera_del_riciclaggio-9327782.html\" title='Kallas: \"Inseriremo la Russia nella lista nera del riciclaggio\"'><img decoding=\"async\" src=\"https:\/\/analyse.optim.biz\/wp-content\/uploads\/2026\/02\/9327782_fe521787a7488efc6cc386919284ce96-5.jpg\" title='Kallas: \"Inseriremo la Russia nella lista nera del riciclaggio\"' width=\"-16\" height=\"-9\"><\/a><\/figure>\n<p><span class=\"testatina testatina-articolo\"><a href=\"http:\/\/quotidianodipuglia.it\/speciali\/quieuropa\/kallas_inseriremo_la_russia_nella_lista_nera_del_riciclaggio-9327782.html\">NEWS<\/a><\/span><\/p>\n<div class=\"titolo\"><a href=\"http:\/\/quotidianodipuglia.it\/speciali\/quieuropa\/kallas_inseriremo_la_russia_nella_lista_nera_del_riciclaggio-9327782.html\" class=\"ml_primary_link\">Kallas: &#8220;Inseriremo la Russia nella lista nera del riciclaggio&#8221;<\/a><\/div>\n<\/div>\n<\/article>\n<\/div>\n<\/div>\n<div class=\"strip-1-square seconda listing\">\n<div class=\"row\">\n<article class=\"col-xs-12 html_base_square  speciali quieuropa \">\n<div class=\"item_content\">\n<div class=\"row\">\n<div class=\"col-xs valign__content\">\n<div class=\"square___content\">\n<figure class=\"thumbnail\"><a href=\"http:\/\/quotidianodipuglia.it\/speciali\/quieuropa\/metsola_grata_all_italia_per_la_sua_posizione_chiara_sui_pasdaran-9327780.html\" title=\"Metsola: &quot;Grata all'Italia per la sua posizione chiara sui pasdaran&quot;\"><img loading=\"lazy\" decoding=\"async\" src=\"https:\/\/analyse.optim.biz\/wp-content\/uploads\/2026\/02\/9327780_c6545e26407b962f3160fdda94e205ca-5.jpg\" title=\"Metsola: &quot;Grata all'Italia per la sua posizione chiara sui pasdaran&quot;\" width=\"64\" height=\"64\"><\/a><\/figure>\n<\/div>\n<div class=\"valign\"><span class=\"testatina testatina-articolo\"><a href=\"http:\/\/quotidianodipuglia.it\/speciali\/quieuropa\/metsola_grata_all_italia_per_la_sua_posizione_chiara_sui_pasdaran-9327780.html\">NEWS<\/a><\/span><\/p>\n<div class=\"titolo\"><a href=\"http:\/\/quotidianodipuglia.it\/speciali\/quieuropa\/metsola_grata_all_italia_per_la_sua_posizione_chiara_sui_pasdaran-9327780.html\" class=\"ml_primary_link\">Metsola: &#8220;Grata all&#8217;Italia per la sua posizione chiara sui pasdaran&#8221;<\/a><\/div>\n<\/div>\n<\/div>\n<\/div>\n<\/div>\n<\/article>\n<article class=\"col-xs-12 html_base_square  speciali quieuropa \">\n<div class=\"item_content\">\n<div class=\"row\">\n<div class=\"col-xs valign__content\">\n<div class=\"square___content\">\n<figure class=\"thumbnail\"><a href=\"http:\/\/quotidianodipuglia.it\/speciali\/quieuropa\/ecco_l_intesa_commerciale_ue_india_settore_per_settore-9325616.html\" title=\"Ecco l'intesa commerciale Ue-India, settore per settore\"><img loading=\"lazy\" decoding=\"async\" src=\"https:\/\/analyse.optim.biz\/wp-content\/uploads\/2026\/02\/9325616_156ad6f23ff3ad3de7067151de7ecc1b-5.jpg\" title=\"Ecco l'intesa commerciale Ue-India, settore per settore\" width=\"64\" height=\"64\"><\/a><\/figure>\n<\/div>\n<div class=\"valign\"><span class=\"testatina testatina-articolo\"><a href=\"http:\/\/quotidianodipuglia.it\/speciali\/quieuropa\/ecco_l_intesa_commerciale_ue_india_settore_per_settore-9325616.html\">NEWS<\/a><\/span><\/p>\n<div class=\"titolo\"><a href=\"http:\/\/quotidianodipuglia.it\/speciali\/quieuropa\/ecco_l_intesa_commerciale_ue_india_settore_per_settore-9325616.html\" class=\"ml_primary_link\">Ecco l&#8217;intesa commerciale Ue-India, settore per settore<\/a><\/div>\n<\/div>\n<\/div>\n<\/div>\n<\/div>\n<\/article>\n<article class=\"col-xs-12 html_base_square  speciali quieuropa \">\n<div class=\"item_content\">\n<div class=\"row\">\n<div class=\"col-xs valign__content\">\n<div class=\"square___content\">\n<figure class=\"thumbnail\"><a href=\"http:\/\/quotidianodipuglia.it\/speciali\/quieuropa\/commissario_ue_timori_per_dipendenza_da_energia_usa_cerchiamo_alternative-9325615.html\" title='Commissario Ue: \"Timori per dipendenza da energia Usa, cerchiamo alternative\"'><img loading=\"lazy\" decoding=\"async\" src=\"https:\/\/analyse.optim.biz\/wp-content\/uploads\/2026\/02\/9325615_c8f14a8a732b57c6426dbb6ff701a2f7-7.jpg\" title='Commissario Ue: \"Timori per dipendenza da energia Usa, cerchiamo alternative\"' width=\"64\" height=\"64\"><\/a><\/figure>\n<\/div>\n<div class=\"valign\"><span class=\"testatina testatina-articolo\"><a href=\"http:\/\/quotidianodipuglia.it\/speciali\/quieuropa\/commissario_ue_timori_per_dipendenza_da_energia_usa_cerchiamo_alternative-9325615.html\">NEWS<\/a><\/span><\/p>\n<div class=\"titolo\"><a href=\"http:\/\/quotidianodipuglia.it\/speciali\/quieuropa\/commissario_ue_timori_per_dipendenza_da_energia_usa_cerchiamo_alternative-9325615.html\" class=\"ml_primary_link\">Commissario Ue: &#8220;Timori per dipendenza da energia Usa, cerchiamo alternative&#8221;<\/a><\/div>\n<\/div>\n<\/div>\n<\/div>\n<\/div>\n<\/article>\n<article class=\"col-xs-12 html_base_square  speciali quieuropa \">\n<div class=\"item_content\">\n<div class=\"row\">\n<div class=\"col-xs valign__content\">\n<div class=\"square___content\">\n<figure class=\"thumbnail\"><a href=\"http:\/\/quotidianodipuglia.it\/speciali\/quieuropa\/l_ue_sulla_politica_commerciale_ha_messo_il_turbo-9325613.html\" title=\"'L'Ue sulla politica commerciale ha messo il turbo'\"><img loading=\"lazy\" decoding=\"async\" src=\"https:\/\/analyse.optim.biz\/wp-content\/uploads\/2026\/02\/9325613_660b40d8a35ecd0aea552d95dfd8c15c-7.jpg\" title=\"'L'Ue sulla politica commerciale ha messo il turbo'\" width=\"64\" height=\"64\"><\/a><\/figure>\n<\/div>\n<div class=\"valign\"><span class=\"testatina testatina-articolo\"><a href=\"http:\/\/quotidianodipuglia.it\/speciali\/quieuropa\/l_ue_sulla_politica_commerciale_ha_messo_il_turbo-9325613.html\">NEWS<\/a><\/span><\/p>\n<div class=\"titolo\"><a href=\"http:\/\/quotidianodipuglia.it\/speciali\/quieuropa\/l_ue_sulla_politica_commerciale_ha_messo_il_turbo-9325613.html\" class=\"ml_primary_link\">&#8216;L&#8217;Ue sulla politica commerciale ha messo il turbo&#8217;<\/a><\/div>\n<\/div>\n<\/div>\n<\/div>\n<\/div>\n<\/article>\n<\/div>\n<\/div>\n<\/div>\n<div class=\"strip-1-square listing strip_moltofood_flexible  quotidianodipuglia\">\n<div class=\"testatabox testatina-box grande moltofood default\">\n<h3><a href=\"https:\/\/www.moltofood.it\" target=\"_blank\" title=\"moltofood.it\"><img loading=\"lazy\" decoding=\"async\" src=\"https:\/\/analyse.optim.biz\/wp-content\/uploads\/2026\/02\/moltofood-64.svg\" width=\"140\" height=\"20\" title=\"moltofood-64\"><\/a><\/h3>\n<\/div>\n<div class=\"row \">\n<article class=\"col-xs-12 html_base_square\">\n<div class=\"item_content\">\n<div class=\"row\">\n<div class=\"square___content\">\n<figure><a href=\"https:\/\/www.moltofood.it\/schiacciata-ripiena-senza-lievito-ricetta\/?utm_source=quotidianodipuglia&amp;utm_medium=strip_moltofood_flexible&amp;utm_campaign=right_articolo\" target=\"_blank\" title=\"Schiacciata ripiena, la ricetta scrocchiarella e senza lievito\"><img decoding=\"async\" src=\"https:\/\/analyse.optim.biz\/wp-content\/uploads\/2026\/02\/schiacciata-ripiena-1-150x150-118.jpg\" title=\"Schiacciata ripiena, la ricetta scrocchiarella e senza lievito\"><\/a><\/figure>\n<\/div>\n<div class=\"col-xs valign__content\">\n<div class=\"valign\"><span class=\"testatina testatina-articolo\"><a href=\"https:\/\/www.moltofood.it\/schiacciata-ripiena-senza-lievito-ricetta\/?utm_source=quotidianodipuglia&amp;utm_medium=strip_moltofood_flexible&amp;utm_campaign=right_articolo\"><br \/>\n                                                Piatti unici                                                <\/a><\/span><\/p>\n<h2 class=\"titolo\"><a href=\"https:\/\/www.moltofood.it\/schiacciata-ripiena-senza-lievito-ricetta\/?utm_source=quotidianodipuglia&amp;utm_medium=strip_moltofood_flexible&amp;utm_campaign=right_articolo\" title=\"Schiacciata ripiena, la ricetta scrocchiarella e senza lievito\" target=\"_blank\">Schiacciata ripiena, la ricetta scrocchiarella e senza lievito<\/a><\/h2>\n<p><span class=\"firma\">di Margherita Catalani<\/span><\/div>\n<\/div>\n<\/div>\n<\/div>\n<\/article>\n<article class=\"col-xs-12 html_base_square\">\n<div class=\"item_content\">\n<div class=\"row\">\n<div class=\"square___content\">\n<figure><a href=\"https:\/\/www.moltofood.it\/granola-in-friggitrice-ad-aria-ricetta\/?utm_source=quotidianodipuglia&amp;utm_medium=strip_moltofood_flexible&amp;utm_campaign=right_articolo\" target=\"_blank\" title=\"Granola in friggitrice ad aria: veloce, pratica e super versatile\"><img decoding=\"async\" src=\"https:\/\/analyse.optim.biz\/wp-content\/uploads\/2026\/02\/granolacottainfriggitriceadaria_copertina-150x150-3-71.jpeg\" title=\"Granola in friggitrice ad aria: veloce, pratica e super versatile\"><\/a><\/figure>\n<\/div>\n<div class=\"col-xs valign__content\">\n<div class=\"valign\"><span class=\"testatina testatina-articolo\"><a href=\"https:\/\/www.moltofood.it\/granola-in-friggitrice-ad-aria-ricetta\/?utm_source=quotidianodipuglia&amp;utm_medium=strip_moltofood_flexible&amp;utm_campaign=right_articolo\"><br \/>\n                                                Dolci                                                <\/a><\/span><\/p>\n<h2 class=\"titolo\"><a href=\"https:\/\/www.moltofood.it\/granola-in-friggitrice-ad-aria-ricetta\/?utm_source=quotidianodipuglia&amp;utm_medium=strip_moltofood_flexible&amp;utm_campaign=right_articolo\" title=\"Granola in friggitrice ad aria: veloce, pratica e super versatile\" target=\"_blank\">Granola in friggitrice ad aria: veloce, pratica e super versatile<\/a><\/h2>\n<p><span class=\"firma\">di Virginia Fabbri<\/span><\/div>\n<\/div>\n<\/div>\n<\/div>\n<\/article>\n<\/div>\n<p><a href=\"https:\/\/www.moltofood.it?utm_source=quotidianodipuglia&amp;utm_medium=strip_moltofood_flexible&amp;utm_campaign=right_articolo\" class=\"testatabox show_more\" target=\"_blank\" title=\"moltofood.it\">Vedi tutte le ricette<\/a><\/div>\n<div class=\"strip-1-bottom\">\n<div class=\"testatabox default sinistra rosso partner news\">\n<h3 class=\"partner news\"><a href=\"https:\/\/www.romevaticancard.com\/it\/omniacards\/omnia-card-72\/?ref=banner\">OMNIA CARD<\/a><\/h3>\n<\/div>\n<div class=\"row\">\n<article class=\"col-xs-12 html_base_bottom   partner news \">\n<div class=\"item_content hyperlink\">\n<figure class=\"medium\"><a href=\"https:\/\/www.romevaticancard.com\/it\/omniacards\/omnia-card-72\/?ref=banner\" title=\"Omnia card 72h + Roma Pass: Musei Vaticani e Colosseo inclusi\"><img decoding=\"async\" src=\"https:\/\/analyse.optim.biz\/wp-content\/uploads\/2026\/02\/7772044_27112113_rome-63.jpg\" title=\"Omnia card 72h + Roma Pass: Musei Vaticani e Colosseo inclusi\" width=\"-16\" height=\"-9\"><\/a><\/figure>\n<div class=\"titolo\"><a href=\"https:\/\/www.romevaticancard.com\/it\/omniacards\/omnia-card-72\/?ref=banner\" class=\"ml_primary_link\">Omnia card 72h + Roma Pass: Musei Vaticani e Colosseo inclusi<\/a><\/div>\n<\/div>\n<\/article>\n<\/div>\n<\/div>\n<div class=\"strip-1-no_foto ranking listing\">\n<div class=\"testatabox boxed sinistra  \">\n<h3 class>LE PI\u00d9 LETTE<\/h3>\n<\/div>\n<div class=\"row\">\n<article class=\"col-xs-12 html_base_no_foto  schede \">\n<div class=\"item_content\"><span class=\"testatina testatina-articolo\"><a href=\"http:\/\/quotidianodipuglia.it\/schede\/oroscopo_settimana_2_8_febbraio_2026_top_flop_chi_sale_chi_scende-9331740.html\">LA VOCE DELLE STELLE<\/a><\/span><\/p>\n<div class=\"titolo\"><a href=\"http:\/\/quotidianodipuglia.it\/schede\/oroscopo_settimana_2_8_febbraio_2026_top_flop_chi_sale_chi_scende-9331740.html\" class=\"ml_primary_link\">Oroscopo della prossima settimana: Cancro spezza la routine, Scorpione osserva, Bilancia si dedica agli affetti.<span> Ariete? Mantieni la calma<\/span><\/a><a href=\"http:\/\/quotidianodipuglia.it\/schede\/oroscopo_weekend_oggi_domani_sabato_31_gennaio_1_febbraio_2026_chi_sale_chi_scende-9327376.html\" class=\"ml_articolo\"><u>Le previsioni del weekend<\/u><\/a><\/div>\n<div class=\"row item_content_moreinfo middle-xs\">\n<div class=\"col-xs-8\"><span class=\"firma\"><span>di Redazione web<\/span><\/span><\/div>\n<\/div>\n<\/div>\n<\/article>\n<article class=\"col-xs-12 html_base_no_foto  schede \">\n<div class=\"item_content\"><span class=\"testatina testatina-articolo\"><a href=\"http:\/\/quotidianodipuglia.it\/schede\/il_caso_bambino_bus_piedi_neve_cosa_e_successo_ricostruzione_vicenda_polemiche_oggi-9331114.html\">IL CASO <\/a><\/span><\/p>\n<div class=\"titolo\"><a href=\"http:\/\/quotidianodipuglia.it\/schede\/il_caso_bambino_bus_piedi_neve_cosa_e_successo_ricostruzione_vicenda_polemiche_oggi-9331114.html\" class=\"ml_primary_link\">Bambino fatto scendere dal bus: i 6 km a piedi, il biglietto a 10 euro, l&#8217;autista sospeso, l&#8217;inchiesta. Cosa \u00e8 successo<\/a><\/div>\n<div class=\"row item_content_moreinfo middle-xs\">\n<div class=\"col-xs-8\"><span class=\"firma\"><span>di Marta Giusti<\/span><\/span><\/div>\n<div class=\"col-xs\">\n<ul class=\"info-item\">\n<li class=\"has-foto ri-camera-line\"><\/ul>\n<\/div>\n<\/div>\n<\/div>\n<\/article>\n<article class=\"col-xs-12 html_base_no_foto  schede \">\n<div class=\"item_content\"><span class=\"testatina testatina-articolo\"><a href=\"http:\/\/quotidianodipuglia.it\/schede\/oroscopo_paolo_fox_stelle_fine_settimana_weekend_31_gennaio_1_febbraio_2026-9331582.html\">IN TV <\/a><\/span><\/p>\n<div class=\"titolo\"><a href=\"http:\/\/quotidianodipuglia.it\/schede\/oroscopo_paolo_fox_stelle_fine_settimana_weekend_31_gennaio_1_febbraio_2026-9331582.html\" class=\"ml_primary_link\">Oroscopo di Paolo Fox, le stelle del fine settimana: Gemelli al top, Sagittario in ripresa, Capricorno isolato<\/a><a href=\"http:\/\/quotidianodipuglia.it\/schede\/oroscopo_weekend_oggi_domani_sabato_31_gennaio_1_febbraio_2026_chi_sale_chi_scende-9327376.html\" class=\"ml_articolo\"><span>Le previsioni del weekend\u00a0<\/span><\/a><\/div>\n<div class=\"row item_content_moreinfo middle-xs\">\n<div class=\"col-xs-8\"><span class=\"firma\"><span>di Redazione web<\/span><\/span><\/div>\n<\/div>\n<\/div>\n<\/article>\n<article class=\"col-xs-12 html_base_no_foto  attualita \">\n<div class=\"item_content\"><span class=\"testatina testatina-articolo\"><a href=\"http:\/\/quotidianodipuglia.it\/attualita\/donald_trump_resort_salento_albania-9331850.html\">LA SVOLTA <\/a><\/span><\/p>\n<div class=\"titolo\"><a href=\"http:\/\/quotidianodipuglia.it\/attualita\/donald_trump_resort_salento_albania-9331850.html\" class=\"ml_primary_link\">I Trump nuovi vicini di casa: l&#8217;ok al resort di lusso a poche miglia dal Salento. Il no degli ambientalisti<\/a><\/div>\n<div class=\"row item_content_moreinfo middle-xs\">\n<div class=\"col-xs-8\"><span class=\"firma\"><span>di Vincenzo MARUCCIO<\/span><\/span><\/div>\n<\/div>\n<\/div>\n<\/article>\n<article class=\"col-xs-12 html_base_no_foto  lecce \">\n<div class=\"item_content\"><span class=\"testatina testatina-articolo\"><a href=\"http:\/\/quotidianodipuglia.it\/lecce\/tesoro_sommerso_mari_del_salento_nave_romana_attende_riscatto_da_40_anni-9331754.html\">LECCE<\/a><\/span><\/p>\n<div class=\"titolo\"><a href=\"http:\/\/quotidianodipuglia.it\/lecce\/tesoro_sommerso_mari_del_salento_nave_romana_attende_riscatto_da_40_anni-9331754.html\" class=\"ml_primary_link\">Tesoro sommerso a Santa Caterina: la nave romana attende il riscatto da 40 anni<\/a><\/div>\n<div class=\"row item_content_moreinfo middle-xs\">\n<div class=\"col-xs-8\"><span class=\"firma\"><span>di Giuseppe TARANTINO<\/span><\/span><\/div>\n<\/div>\n<\/div>\n<\/article>\n<\/div>\n<\/div>\n<div class=\"strip- lgw\">\n<div class=\"header\"><span class=\"title\"><br \/>\n                Cerca il tuo immobile all&#8217;asta<br \/>\n            <\/span><\/div>\n<div class=\"content\"><a href=\"https:\/\/www.legalmente.net\/\" target=\"_blank\" class=\"brand\"><img decoding=\"async\" src=\"https:\/\/analyse.optim.biz\/wp-content\/uploads\/2026\/02\/logo-116.jpg\" title=\"logo-116\"><\/a><\/div>\n<\/div>\n<\/div>\n<\/div>\n<\/div>\n<\/aside>\n<\/div>\n<\/article>\n<p> Source URL: http:\/\/quotidianodipuglia.it\/speciali\/quieuropa\/commissario_ue_timori_per_dipendenza_da_energia_usa_cerchiamo_alternative-9325615.html<\/p>\n","protected":false},"excerpt":{"rendered":"<p>Commissario Ue: &#8220;Timori per dipendenza da energia Usa, cerchiamo alternative&#8221; Third International North Sea Summit in Hamburg 2 Minuti di Lettura mercoled\u00ec 28 gennaio 2026, 20:00 BRUXELLES &#8211; &#8220;Faremo il possibile per garantire che le relazioni commerciali&#8221; con gli Stati Uniti &#8220;possano essere mantenute ma \u00e8 chiaro che le turbolenze geopolitiche&#8221; come la crisi in [&hellip;]<\/p>\n","protected":false},"author":1,"featured_media":1684013,"comment_status":"open","ping_status":"","sticky":false,"template":"","format":"standard","meta":{"footnotes":""},"categories":[87],"tags":[226,155],"class_list":["post-1683977","post","type-post","status-publish","format-standard","has-post-thumbnail","hentry","category-italy","tag-crawlmanager","tag-quotidianodipuglia-it"],"_links":{"self":[{"href":"https:\/\/analyse.optim.biz\/index.php?rest_route=\/wp\/v2\/posts\/1683977","targetHints":{"allow":["GET"]}}],"collection":[{"href":"https:\/\/analyse.optim.biz\/index.php?rest_route=\/wp\/v2\/posts"}],"about":[{"href":"https:\/\/analyse.optim.biz\/index.php?rest_route=\/wp\/v2\/types\/post"}],"author":[{"embeddable":true,"href":"https:\/\/analyse.optim.biz\/index.php?rest_route=\/wp\/v2\/users\/1"}],"replies":[{"embeddable":true,"href":"https:\/\/analyse.optim.biz\/index.php?rest_route=%2Fwp%2Fv2%2Fcomments&post=1683977"}],"version-history":[{"count":0,"href":"https:\/\/analyse.optim.biz\/index.php?rest_route=\/wp\/v2\/posts\/1683977\/revisions"}],"wp:featuredmedia":[{"embeddable":true,"href":"https:\/\/analyse.optim.biz\/index.php?rest_route=\/wp\/v2\/media\/1684013"}],"wp:attachment":[{"href":"https:\/\/analyse.optim.biz\/index.php?rest_route=%2Fwp%2Fv2%2Fmedia&parent=1683977"}],"wp:term":[{"taxonomy":"category","embeddable":true,"href":"https:\/\/analyse.optim.biz\/index.php?rest_route=%2Fwp%2Fv2%2Fcategories&post=1683977"},{"taxonomy":"post_tag","embeddable":true,"href":"https:\/\/analyse.optim.biz\/index.php?rest_route=%2Fwp%2Fv2%2Ftags&post=1683977"}],"curies":[{"name":"wp","href":"https:\/\/api.w.org\/{rel}","templated":true}]}}