{"id":1683932,"date":"2026-01-29T04:30:01","date_gmt":"2026-01-29T01:30:01","guid":{"rendered":"https:\/\/analyse.optim.biz\/?p=1683932"},"modified":"2026-01-29T04:30:01","modified_gmt":"2026-01-29T01:30:01","slug":"un-funeral-de-estado-para-recesvinto-y-wamba","status":"publish","type":"post","link":"https:\/\/analyse.optim.biz\/?p=1683932","title":{"rendered":"Un funeral de Estado para Recesvinto y Wamba"},"content":{"rendered":"<article id=\"main-content\" class=\"a _g _g-lg _g-o\">\n<header class=\"a_e _g _g-xs\">\n<div class=\"a_e_txt _df\">\n<div class=\"a_k _df\"><a class=\"a_k_n\" href=\"https:\/\/elpais.com\/noticias\/arqueologia\/\">Arqueolog\u00eda<\/a><\/div>\n<h1 class=\"a_t\">Un funeral de Estado para Recesvinto y Wamba<\/h1>\n<p class=\"a_st\">Diversas iniciativas pol\u00edticas y ciudadanas reclaman un \u201centerramiento digno\u201d para los dos reyes godos enterrados en la catedral de Toledo<\/p>\n<\/div>\n<div class=\"a_e_m\">\n<figure class=\"a_m a_m-h \"><span class=\"a_m_w _db\"><img fetchpriority=\"high\" decoding=\"async\" class=\"_re  a_m-h\" height=\"282\" width=\"414\" src=\"https:\/\/analyse.optim.biz\/wp-content\/uploads\/2026\/02\/e3gfvchm25eavmrbvvchwzb5ji-1.jpg\" loading=\"eager\" title=\"e3gfvchm25eavmrbvvchwzb5ji-1\"><\/span><figcaption class=\"a_m_p\" aria-hidden=\"true\"><span>Capilla Moz\u00e1rabe de la catedral de Toledo con la l\u00e1pida tras la que est\u00e1n los restos de Wamba y Recesvinto.<\/span><span class=\"a_m_m\">Alejandro de la Fuente Escribano<\/span><\/figcaption><\/figure>\n<\/div>\n<\/header>\n<div class=\"a_md _g _g-xs \">\n<figure class=\"a_md_i a_m-h c_m--nf\"><span class=\"a_m_w _db\"><img decoding=\"async\" alt=\"Vicente G. Olaya\" class=\"_re lazyload a_m-h\" height=\"100\" width=\"100\" src=\"https:\/\/analyse.optim.biz\/wp-content\/uploads\/2026\/02\/https3a2f2fauthor-service-images-prod-us-east-1-publishing-aws_-arc_-pub2fprisa2fsqxkluhju5hytifzrik6gvzfqq.jpg\" loading=\"lazy\" title=\"https3a2f2fauthor-service-images-prod-us-east-1-publishing-aws_-arc_-pub2fprisa2fsqxkluhju5hytifzrik6gvzfqq\"><\/span><\/figure>\n<div class=\"a_md_txt\">\n<div class=\"a_md_a\" data-dtm-region=\"articulo_firma\"><a href=\"https:\/\/elpais.com\/autor\/vicente-olaya\/#?rel=author_top\" title=\"Ver todas las noticias de Vicente G. Olaya\" class=\"a_md_a_n\">Vicente G. Olaya<\/a><\/div>\n<div class=\"a_md_f\"><span>Madrid &#8211; <a href=\"https:\/\/elpais.com\/hemeroteca\/2026-01-29\/\" data-date=\"2026-01-29T05:30:01+01:00\"><time data-date=\"2026-01-29T05:30:01+01:00\" datetime=\"2026-01-29T05:30:01+01:00\" id=\"article_date_p\">29 ene 2026 &#8211; 05:30<abbr title=\"Central European Time\">CET<\/abbr><\/time><\/a><\/span><\/div>\n<div class=\"w_rs\" data-dtm-region=\"articulo_botonera-social\">\n<div class=\"w_rs_i\"><a class=\"_btn hidden\" href=\"\/\/send?text=Un%20funeral%20de%20Estado%20para%20Recesvinto%20y%20Wamba%0D%0A%0D%0Ahttps%3A%2F%2Felpais.com%2Fcultura%2F2026-01-29%2Fun-funeral-de-estado-para-recesvinto-y-wamba.html%3Fssm=whatsapp_CC\" data-action=\"share\/whatsapp\/share\" data-param-description=\"Un funeral de Estado para Recesvinto y Wamba\" data-param-href=\"https:\/\/elpais.com\/cultura\/2026-01-29\/un-funeral-de-estado-para-recesvinto-y-wamba.html\" data-param-text=\"Un funeral de Estado para Recesvinto y Wamba https:\/\/elpais.com\/cultura\/2026-01-29\/un-funeral-de-estado-para-recesvinto-y-wamba.html\" data-param-url=\"https:\/\/elpais.com\/cultura\/2026-01-29\/un-funeral-de-estado-para-recesvinto-y-wamba.html\" target=\"_blank\" rel=\"noopener noreferrer\" data-share-track-dtm=\"whatsapp\" id=\"btn_share_whatsapp_24\"><span class=\"_sr\">Compartir en Whatsapp<\/span><\/a><\/div>\n<div class=\"w_rs_i\"><a class=\"_btn \" href=\"https:\/\/www.facebook.com\/dialog\/share?display=popup&amp;app_id=94039431626&amp;href=https%3A%2F%2Felpais.com%2Fcultura%2F2026-01-29%2Fun-funeral-de-estado-para-recesvinto-y-wamba.html%3Fssm=FB_CC&amp;quote=Un%20funeral%20de%20Estado%20para%20Recesvinto%20y%20Wamba\" data-param-app_id=\"94039431626\" data-param-description=\"Un funeral de Estado para Recesvinto y Wamba\" data-param-href=\"https:\/\/elpais.com\/cultura\/2026-01-29\/un-funeral-de-estado-para-recesvinto-y-wamba.html\" data-param-text=\"Un funeral de Estado para Recesvinto y Wamba\" data-param-url=\"https:\/\/elpais.com\/cultura\/2026-01-29\/un-funeral-de-estado-para-recesvinto-y-wamba.html\" target=\"_blank\" rel=\"noopener noreferrer\" data-share-track-dtm=\"facebook\" id=\"btn_share_facebook_24\"><span class=\"_sr\">Compartir en Facebook<\/span><\/a><\/div>\n<div class=\"w_rs_i\"><a class=\"_btn \" href=\"https:\/\/twitter.com\/intent\/tweet?url=https%3A%2F%2Felpais.com%2Fcultura%2F2026-01-29%2Fun-funeral-de-estado-para-recesvinto-y-wamba.html%3Fssm=TW_CC&amp;text=Un%20funeral%20de%20Estado%20para%20Recesvinto%20y%20Wamba&amp;via=el_pais&amp;lang=es\" data-param-description=\"Un funeral de Estado para Recesvinto y Wamba\" data-param-href=\"https:\/\/elpais.com\/cultura\/2026-01-29\/un-funeral-de-estado-para-recesvinto-y-wamba.html\" data-param-text=\"Un funeral de Estado para Recesvinto y Wamba via @el_pais\" data-param-url=\"https:\/\/elpais.com\/cultura\/2026-01-29\/un-funeral-de-estado-para-recesvinto-y-wamba.html\" target=\"_blank\" rel=\"noopener noreferrer\" data-share-track-dtm=\"twitter\" id=\"btn_share_twitter_24\"><span class=\"_sr\">Compartir en Twitter<\/span><\/a><\/div>\n<div class=\"w_rs_i\"><a class=\"_btn \" href=\"https:\/\/bsky.app\/intent\/compose?text=https%3A%2F%2Felpais.com%2Fcultura%2F2026-01-29%2Fun-funeral-de-estado-para-recesvinto-y-wamba.html%3Fssm=bsky_CC\" data-param-description=\"Un funeral de Estado para Recesvinto y Wamba\" data-param-href=\"https:\/\/elpais.com\/cultura\/2026-01-29\/un-funeral-de-estado-para-recesvinto-y-wamba.html\" data-param-text=\"Un funeral de Estado para Recesvinto y Wamba\" data-param-url=\"https:\/\/elpais.com\/cultura\/2026-01-29\/un-funeral-de-estado-para-recesvinto-y-wamba.html\" target=\"_blank\" rel=\"noopener noreferrer\" data-share-track-dtm=\"bluesky\" id=\"btn_share_bluesky_24\"><span class=\"_sr\">Compartir en Bluesky<\/span><\/a><\/div>\n<div class=\"w_rs_i\"><a class=\"_btn \" href=\"https:\/\/www.linkedin.com\/sharing\/share-offsite\/?url=https%3A%2F%2Felpais.com%2Fcultura%2F2026-01-29%2Fun-funeral-de-estado-para-recesvinto-y-wamba.html%3Fssm=LK_CC\" data-param-description=\"Un funeral de Estado para Recesvinto y Wamba\" data-param-href=\"https:\/\/elpais.com\/cultura\/2026-01-29\/un-funeral-de-estado-para-recesvinto-y-wamba.html\" data-param-text=\"Un funeral de Estado para Recesvinto y Wamba\" data-param-url=\"https:\/\/elpais.com\/cultura\/2026-01-29\/un-funeral-de-estado-para-recesvinto-y-wamba.html\" target=\"_blank\" rel=\"noopener noreferrer\" data-share-track-dtm=\"linkedin\" id=\"btn_share_linkedin_24\"><span class=\"_sr\">Compartir en Linkedin<\/span><\/a><\/div>\n<div class=\"w_rs_i\"><a class=\"_btn rs_l\" href=\"https:\/\/elpais.com\/cultura\/2026-01-29\/un-funeral-de-estado-para-recesvinto-y-wamba.html#?prm=copy_link\" data-share-track-dtm=\"copiar_url\" id=\"btn_share_link_1\"><span class=\"_sr\">Copiar enlace<\/span><\/a><\/div>\n<div class=\"w_rs_i\"><a class=\"_btn rs_c\" href=\"https:\/\/elpais.com\/cultura\/2026-01-29\/un-funeral-de-estado-para-recesvinto-y-wamba.html#comments_container\" aria-expanded=\"false\" aria-controls=\"me-c\" data-share-track-dtm=\"eskup\" id=\"btn_share_comments_1\"><span class=\"_sr\">Ir a los comentarios<\/span><\/a><\/div>\n<\/div>\n<\/div>\n<\/div>\n<div class=\"a_c clearfix\" data-dtm-region=\"articulo_cuerpo\">\n<p class>Desde 1845, los restos mortales de los reyes godos<a href=\"https:\/\/elpais.com\/babelia\/2020-11-01\/todo-comenzo-con-los-godos.html\" target=\"_self\" rel title=\"https:\/\/elpais.com\/babelia\/2020-11-01\/todo-comenzo-con-los-godos.html\"> Recesvinto y Wamba<\/a> reposan en la catedral de Toledo. Una enorme comitiva funeraria los traslad\u00f3 all\u00ed \u201ccon gran pompa y solemnidad\u201d, seg\u00fan las cr\u00f3nicas de la \u00e9poca. El estudio <i>El cortejo se despide en la catedral: los restos de los reyes Recesvinto y Wamba en el siglo XIX<\/i>, publicado en la<a href=\"https:\/\/miar.ub.edu\/issn\/2174-9493\" target=\"_self\" rel title=\"https:\/\/miar.ub.edu\/issn\/2174-9493\"> revista<i> Aequitas<\/i>,<\/a> da cuenta del debate reabierto ahora por entidades ciudadanas, partidos pol\u00edticos y ayuntamientos sobre la ubicaci\u00f3n de estos vestigios y la posible celebraci\u00f3n de un \u201centerramiento digno\u201d. En 2017, la urna funeraria, tras diversos tumbos por la catedral, fue colocada en la capilla Moz\u00e1rabe tras una l\u00e1pida, pero esta solo es visitable a las nueve de la ma\u00f1ana cuando se celebra una misa. El resto de la jornada el oratorio queda cerrado. <\/p>\n<aside class=\"a_ei\">\n<header class=\"a_ei_h _db\">M\u00e1s informaci\u00f3n<\/header>\n<div class=\"a_ei_r _g _g-xs a_ei_r-i\">\n<figure class=\"a_ei_m a_m-h c_m--nf\"><a href=\"https:\/\/elpais.com\/cultura\/2022-04-19\/alfonso-x-el-primer-arqueologo-medievalista-de-la-historia.html\" class=\"_db _pr\"><img decoding=\"async\" class=\"_re lazyload a_m-h\" height=\"311\" width=\"414\" src=\"https:\/\/analyse.optim.biz\/wp-content\/uploads\/2026\/02\/hb56ucuzhjfzlm5yo6q5jngal4.jpg\" loading=\"lazy\" title=\"hb56ucuzhjfzlm5yo6q5jngal4\"><\/a><\/figure>\n<p><a class=\"a_ei_t\" href=\"https:\/\/elpais.com\/cultura\/2022-04-19\/alfonso-x-el-primer-arqueologo-medievalista-de-la-historia.html#?rel=mas_sumario\" rel>Alfonso X, el primer arque\u00f3logo medievalista de la historia<\/a><\/div>\n<\/aside>\n<p class>Desde 2024, Joaqu\u00edn S\u00e1nchez Garrido, exalcalde de Toledo, y el historiador Jorge Miranda promueven una campa\u00f1a para que los restos reciban un \u201cfuneral de Estado\u201d. Consideran que esta reparaci\u00f3n podr\u00eda enmarcarse en los principios de la Ley de Memoria Democr\u00e1tica \u201cpor una cuesti\u00f3n de justicia hist\u00f3rica y respeto institucional hacia dos reyes que contribuyeron significativamente a la configuraci\u00f3n del Estado godo en la pen\u00ednsula Ib\u00e9rica\u201d, se lee en el informe. <\/p>\n<p class>Por ello, han pedido la complicidad de varias instituciones en el \u00faltimo a\u00f1o. Las respuestas han sido muy dispares: silencio por parte del Ministerio de Cultura; apoyo de los Ayuntamientos de Guadamur, <a href=\"https:\/\/elpais.com\/cultura\/2019\/01\/12\/actualidad\/1547308785_538922.html\" target=\"_self\" rel title=\"https:\/\/elpais.com\/cultura\/2019\/01\/12\/actualidad\/1547308785_538922.html\">donde los godos escondieron su tesoro<\/a> en el 711, y de Toledo, donde se situaba <a href=\"https:\/\/elpais.com\/cultura\/2023-07-01\/el-misterio-de-la-vega-baja-de-toledo-capital-visigoda-o-ciudad-romana.html\" target=\"_self\" rel title=\"https:\/\/elpais.com\/cultura\/2023-07-01\/el-misterio-de-la-vega-baja-de-toledo-capital-visigoda-o-ciudad-romana.html\">su capital o <i>urbs regia<\/i>;<\/a> \u201cfalta de competencia\u201d alegaron la Casa Real y el Cabildo catedralicio. Por otra parte, el <a href=\"https:\/\/elpais.com\/espana\/2024-03-29\/la-pugna-por-los-restos-del-rey-wamba-entre-la-catedral-de-toledo-y-el-pueblo-de-burgos-donde-murio.html\" target=\"_self\" rel title=\"https:\/\/elpais.com\/espana\/2024-03-29\/la-pugna-por-los-restos-del-rey-wamba-entre-la-catedral-de-toledo-y-el-pueblo-de-burgos-donde-murio.html\">Ayuntamiento de Pampliega (Burgos)<\/a> ha aprovechado el debate para reclamar que los restos de Wamba vuelvan al pueblo, de donde fueron extra\u00eddos en el siglo XIII. <\/p>\n<p class><a href=\"https:\/\/servicios.urjc.es\/pdi\/ver\/alejandro.delafuente\" target=\"_self\" rel title=\"https:\/\/servicios.urjc.es\/pdi\/ver\/alejandro.delafuente\">Alejandro de la Fuente Escribano,<\/a> investigador y profesor del \u00c1rea de Historia Medieval de la Universidad Rey Juan Carlos, ha analizado c\u00f3mo comenz\u00f3 este embrollo \u201cdesde una perspectiva multidisciplinar a partir del an\u00e1lisis de fuentes primarias, fondos de diferentes archivos nacionales y locales, prensa hist\u00f3rica, as\u00ed como testimonios de escritores, historiadores y viajeros\u201d. En su estudio, explica que el liberalismo espa\u00f1ol del siglo XIX entronc\u00f3 con el viejo reino godo porque Wamba y Recesvinto \u201cencarnaban los valores fundacionales de la naci\u00f3n espa\u00f1ola, como la moral cat\u00f3lica y la unidad territorial\u201d. Las figuras de ambos monarcas resta\u00f1aban las \u201ctensiones identitarias espoleadas por las heridas a\u00fan abiertas de la ocupaci\u00f3n francesa, los efectos de la desamortizaci\u00f3n, el enfrentamiento entre carlistas e isabelinos e, incluso, por las diferencias ya acusadas entre liberales de corte m\u00e1s moderado o progresista\u201d. <\/p>\n<figure class=\"a_m a_m-h \"><span class=\"_db a_m_w _pr lb_btn\"><img decoding=\"async\" class=\"_re lazyload a_m-h\" height=\"233\" width=\"414\" src=\"https:\/\/analyse.optim.biz\/wp-content\/uploads\/2026\/02\/j63mi3mn75gy7cr5cf7cqvno4y.jpg\" loading=\"lazy\" title=\"j63mi3mn75gy7cr5cf7cqvno4y\"><\/span><figcaption class=\"a_m_p\" aria-hidden=\"true\"><span>Osario de la iglesia de Wamba, donde fue elegido este rey godo y donde muri\u00f3 Recesvinto.<\/span><span class=\"a_m_m\">Ana N\u00fa\u00f1ez Agudo<\/span><\/figcaption><\/figure>\n<p class>Recesvinto muri\u00f3 en una finca de recreo de un lugar llamado Gertic\u00f3s, actualmente el <a href=\"https:\/\/elpais.com\/cultura\/2023-08-17\/santa-maria-de-la-o-sepulcro-de-dos-reyes-y-osario-de-3000-personas.html\" target=\"_self\" rel title=\"https:\/\/elpais.com\/cultura\/2023-08-17\/santa-maria-de-la-o-sepulcro-de-dos-reyes-y-osario-de-3000-personas.html\">municipio vallisoletano de Wamba<\/a>. Y Wamba, por su parte, falleci\u00f3 en un convento burgal\u00e9s de Pampliega. <a href=\"https:\/\/elpais.com\/cultura\/2022-04-19\/alfonso-x-el-primer-arqueologo-medievalista-de-la-historia.html\" target=\"_self\" rel title=\"https:\/\/elpais.com\/cultura\/2022-04-19\/alfonso-x-el-primer-arqueologo-medievalista-de-la-historia.html\">Alfonso X (1221-1284), que se consideraba descendiente de los godos,<\/a> orden\u00f3 trasladar ambos cuerpos a Toledo. Se depositaron en la iglesia de Santa Leocadia, junto al alc\u00e1zar. <\/p>\n<p class>En la Guerra de la Independencia, las tumbas fueron profanadas por las tropas napole\u00f3nicas. En 1815, los monjes capuchinos recogieron \u201ccuidadosamente los escasos restos diseminados por la capilla\u201d de Santa Leocadia y tapiaron el acceso al subterr\u00e1neo donde estaban los cuerpos. En 1845, la Comisi\u00f3n de Monumentos de Toledo decidi\u00f3 llevar a cabo una \u201cexhumaci\u00f3n solemne\u201d a la que asistieron altos mandos militares, diputados provinciales, miembros del clero toledano y destacados integrantes de la Comisi\u00f3n de Monumentos. Encontraron dos sepulcros y en cada uno de ellos una caja con los restos recogidos por los monjes 30 a\u00f1os antes. <\/p>\n<p class>Un maestro artesano construy\u00f3 d\u00edas despu\u00e9s una urna de madera de cuarenta cent\u00edmetros con dos compartimentos interiores de zinc. Se hicieron, adem\u00e1s, dos llaves, una para el Cabildo y otra para la reina Isabel II. Luego, se acord\u00f3 un gran cortejo que recorriese la ciudad y que trasladase los vestigios a la catedral. Los restos, hasta el d\u00eda de la comitiva f\u00fanebre, quedar\u00edan a resguardo en la iglesia de San Ildefonso, arzobispo visigodo toledano. <\/p>\n<figure class=\"a_m a_m-h \"><span class=\"_db a_m_w\"><img decoding=\"async\" class=\"_re lazyload a_m-h\" height=\"322\" width=\"414\" src=\"https:\/\/analyse.optim.biz\/wp-content\/uploads\/2026\/02\/cym3itqxv7qal6w6p62ozhfj3i.jpg\" loading=\"lazy\" title=\"cym3itqxv7qal6w6p62ozhfj3i\"><\/span><figcaption class=\"a_m_p\" aria-hidden=\"true\"><span>Arqueta con las reliquias de Wamba y Recesvinto, en la Catedral de Toledo.<\/span><span class=\"a_m_m\">Germ\u00e1n Lafont<\/span><\/figcaption><\/figure>\n<p class>El 23 de febrero de 1845, en el exterior de la iglesia, aguardaban tropas de caballer\u00eda e infanter\u00eda, junto con efectivos de la Guardia Civil listos para acompa\u00f1ar a la comitiva. La tropa hizo los honores de ordenanza y la guardia de honor se dispuso para tomar la custodia de los reales cad\u00e1veres. En el cortejo participaron las autoridades civiles y militares de Toledo \u2015se cursaron 352 invitaciones\u2015, diputados, miembros de cofrad\u00edas, religiosos con insignias y cirios y hasta ni\u00f1os de la inclusa. \u201cFinalizada la solemne ceremonia de traslaci\u00f3n, la urna con los restos reales es depositada en la capilla de Reyes Viejos hasta que el Gobierno de Isabel II determine su destino definitivo\u201d, seg\u00fan los peri\u00f3dicos de la \u00e9poca. Una comisi\u00f3n ser\u00eda la encargada de dise\u00f1ar los sepulcros. Y pasaron cincuenta a\u00f1os&#8230; <\/p>\n<p class>Un miembro de la Real Academia de la Historia denunci\u00f3 en 1896 que los restos estaban \u201cen una alacena del sal\u00f3n principal de la sacrist\u00eda\u201d. <\/p>\n<p class>Y pasaron otros 25 a\u00f1os m\u00e1s&#8230; La comisi\u00f3n pidi\u00f3 en 1920 al rey Alfonso XIII que interviniera para \u201cdar descanso decoroso de esos venerables restos\u201d. La arqueta desde entonces ha dado tumbos por la catedral pasando de la sacrist\u00eda al Ochavo \u2014una capilla de reliquias\u2014 y en el a\u00f1o 2017 a la capilla Moz\u00e1rabe. El Cabildo acord\u00f3, adem\u00e1s, <a href=\"https:\/\/www.architoledo.org\/noticias\/nota-del-cabildo-primado-sobre-la-sepultura-de-los-reyes-godos-recesvinto-y-wamba\/\" target=\"_self\" rel title=\"https:\/\/www.architoledo.org\/noticias\/nota-del-cabildo-primado-sobre-la-sepultura-de-los-reyes-godos-recesvinto-y-wamba\/\">que cada 30 de agosto se celebrase una misa funeral<\/a> en su memoria. Por su parte, la toledana Cofrad\u00eda de la Caridad, fundada en 1085, considera que estos reyes ya recibieron as\u00ed su merecido entierro en 1845. <\/p>\n<p class>Pero el Ayuntamiento de Toledo (PP, Vox y PSOE y la oposici\u00f3n de IU-Podemos) y los promotores de la iniciativa \u2015Joaqu\u00edn S\u00e1nchez Garrido y Jorge Miranda\u2015 creen que esa reparaci\u00f3n de hace dos siglos no es suficiente, porque no fue un funeral de Estado. Defienden que el acto se podr\u00eda enmarcar en los principios de la Ley de Memoria Democr\u00e1tica, ya que no se trata de una reivindicaci\u00f3n tur\u00edstica o anecd\u00f3tica, sino de una cuesti\u00f3n de \u201cjusticia hist\u00f3rica\u201d hacia dos reyes que \u201cen tiempos de incertidumbre, forjaron un reino que se convirti\u00f3 en cuna de leyes y tradiciones que perduran hasta nuestros d\u00edas\u201d. <\/p>\n<\/div>\n<div id=\"me-dis\" class=\"me _pf\">\n<div class=\"me_bg\">\n<div class=\"me-dis _pa _df\">\n<div class=\"me-dis_c\">\n<h2 class=\"me-dis_t\">Tu suscripci\u00f3n se est\u00e1 usando en otro dispositivo<\/h2>\n<p>\u00bfQuieres a\u00f1adir otro usuario a tu suscripci\u00f3n?<\/p>\n<div class=\"me-dis_l\"><a href=\"https:\/\/elpais.com\/suscripciones\/premium\/upgrade\/?utm_source=autopromo&amp;utm_medium=interno&amp;utm_campaign=YYYY_MM_capping_upgrade\" id=\"capping-upgrade\" class=\"btn\">A\u00f1adir usuario<\/a><a href=\"https:\/\/elpais.com\/cultura\/2026-01-29\/un-funeral-de-estado-para-recesvinto-y-wamba.html\" id=\"capping-continue\" class=\"btn btn-b\">Continuar leyendo aqu\u00ed<\/a><\/div>\n<p>Si contin\u00faas leyendo en este dispositivo, no se podr\u00e1 leer en el otro.<\/p>\n<p class=\"lk\"><a href=\"https:\/\/elpais.com\/cultura\/2026-01-29\/un-funeral-de-estado-para-recesvinto-y-wamba.html\" id=\"capping-show-more-button\">\u00bfPor qu\u00e9 est\u00e1s viendo esto?<\/a><\/p>\n<p><span class=\"arrow\" id=\"capping-arrow\">Flecha<\/span><\/p>\n<div class=\"me-dis_d\">\n<div class=\"me-dis_d_t\">\n<h2 class=\"enc\">Tu suscripci\u00f3n se est\u00e1 usando en otro dispositivo y solo puedes acceder a EL PA\u00cdS desde un dispositivo a la vez.<\/h2>\n<div class=\"tx\">\n<p>Si quieres compartir tu cuenta, cambia tu suscripci\u00f3n a la modalidad Premium, as\u00ed podr\u00e1s a\u00f1adir otro usuario. Cada uno acceder\u00e1 con su propia cuenta de email, lo que os permitir\u00e1 personalizar vuestra experiencia en EL PA\u00cdS.<\/p>\n<p>\u00bfTienes una suscripci\u00f3n de empresa? Accede <a target=\"_blank\" rel=\"noreferrer\" href=\"https:\/\/elpais.com\/suscripciones\/premium\/upgrade\/\">aqu\u00ed<\/a> para contratar m\u00e1s cuentas.<\/p>\n<p>En el caso de no saber qui\u00e9n est\u00e1 usando tu cuenta, te recomendamos cambiar tu contrase\u00f1a <a target=\"_blank\" rel=\"noreferrer\" href=\"https:\/\/elpais.com\/subscriptions\/#\/forgot-password\">aqu\u00ed.<\/a><\/p>\n<p>Si decides continuar compartiendo tu cuenta, este mensaje se mostrar\u00e1 en tu dispositivo y en el de la otra persona que est\u00e1 usando tu cuenta de forma indefinida, afectando a tu experiencia de lectura. Puedes <a target=\"_blank\" rel=\"noreferrer\" href=\"https:\/\/elpais.com\/suscripciones\/condiciones-generales-servicios\/\">consultar aqu\u00ed los t\u00e9rminos y condiciones de la suscripci\u00f3n digital.<\/a><\/p>\n<\/div>\n<\/div>\n<\/div>\n<\/div>\n<\/div>\n<\/div>\n<\/div>\n<aside class=\"w w-sea\">\n<h2 class=\"w_t\">Sobre la firma<\/h2>\n<div class=\"w_b\">\n<div class=\"_g _g-xs\">\n<figure class=\"w-sea_f a_m-h c_m--nf\"><span class=\"a_m_w _db\"><img decoding=\"async\" alt=\"Vicente G. Olaya\" class=\"_re lazyload a_m-h\" height=\"100\" width=\"100\" src=\"https:\/\/analyse.optim.biz\/wp-content\/uploads\/2026\/02\/https3a2f2fauthor-service-images-prod-us-east-1-publishing-aws_-arc_-pub2fprisa2fsqxkluhju5hytifzrik6gvzfqq.jpg\" loading=\"lazy\" title=\"https3a2f2fauthor-service-images-prod-us-east-1-publishing-aws_-arc_-pub2fprisa2fsqxkluhju5hytifzrik6gvzfqq\"><\/span><\/figure>\n<div class=\"w-sea_txt\">\n<div class=\"_df\">\n<div class=\"w-sea_txt_na\"><a href=\"https:\/\/elpais.com\/autor\/vicente-olaya\/\" rel=\"autor_bottom\">Vicente G. Olaya<\/a><\/div>\n<div class=\"w_rs_i\"><a class=\"_btn \" href=\"http:\/\/twitter.com\/vgolaya\" target=\"_blank\" rel=\"noopener noreferrer\"><span class=\"_sr\">Vicente G. Olaya &#8211; twitter<\/span><\/a><\/div>\n<\/div>\n<div class=\"w-sea_txt_da _dn\">Redactor especializado en Arqueolog\u00eda e Historia. Ha trabajado en Antena 3, RNE, SER, Onda Madrid y EL PA\u00cdS. Licenciado en Periodismo por el CEU-San Pablo y m\u00e1ster en Periodismo de Precisi\u00f3n por UAM. Autor de La costurera que encontr\u00f3 un tesoro cuando fue a hacer pis (Espasa) y Peque\u00f1a historia de los grandes descubrimientos arqueol\u00f3gicos (Espasa).<\/div>\n<\/div>\n<\/div>\n<\/div>\n<\/aside>\n<aside class=\"w w-fid\">\n<div class=\"w_b\">\n<div class=\"w-fid_t\"><a href=\"https:\/\/plus.elpais.com\/newsletters\/lnp\/1\/411\">Recibe la informaci\u00f3n y la agenda del mundo del arte en tu correo<\/a><\/div>\n<div class=\"w-fid_s\">\n<div class=\"w_rs\">\n<div class=\"w_rs_i\"><a class=\"_btn\" href=\"https:\/\/facebook.com\/elpais\" rel=\"nofollow\"><span class=\"_sr\">Cultura El Pa\u00eds en Facebook<\/span><\/a><\/div>\n<div class=\"w_rs_i\"><a class=\"_btn\" href=\"https:\/\/www.instagram.com\/el_pais\/\" rel=\"nofollow\"><span class=\"_sr\">Cultura El Pa\u00eds en Instagram<\/span><\/a><\/div>\n<div class=\"w_rs_i\"><a class=\"_btn\" href=\"https:\/\/twitter.com\/el_pais\" rel=\"nofollow\"><span class=\"_sr\">Cultura El Pa\u00eds en Twitter<\/span><\/a><\/div>\n<\/div>\n<\/div>\n<\/div>\n<\/aside>\n<aside class=\"a_com w w-com _df\"><a class=\"a_com_l\" href=\"https:\/\/elpais.com\/info\/normas-de-participacion\/\">Normas \u203a<\/a><\/aside>\n<div class=\"me _pf\" id=\"me-c\">\n<div class=\"me_bg\">\n<div class=\"me-c _pa\" id=\"comments_container\" data-dtm-region=\"articulo_comentarios\">\n<div class=\"me_f me_f-os me_cc\"><a href=\"https:\/\/plus.elpais.com\/perfil\/actividad\/\">Mis comentarios<\/a><a href=\"https:\/\/elpais.com\/info\/normas-de-participacion\/\">Normas<\/a><\/div>\n<div class=\"me_f me_f-ns\"><span class=\"me_f_txt _db\">Rellena tu <b>nombre y apellido<\/b> para comentar<\/span><a href=\"https:\/\/plus.elpais.com\/autorization.html\/?prod=COM&amp;backURL=https%3A%2F%2Felpais.com%2Fcultura%2F2026-01-29%2Fun-funeral-de-estado-para-recesvinto-y-wamba.html\" class=\"btn btn-2\">completar datos<\/a><\/div>\n<div class=\"me_f\" id=\"comments_msg\"><a class=\"btn btn-2\" href=\"https:\/\/elpais.com\/suscripciones\/#\/campaign?prod=SUSDIGCRART&amp;o=COM&amp;prm=suscrip_articulo_comentarios_el-pais&amp;backURL=https%3A%2F%2Felpais.com%2Fcultura%2F2026-01-29%2Fun-funeral-de-estado-para-recesvinto-y-wamba.html\" id=\"comments_subscribe_link\" data-link-am=\"https:\/\/elpais.com\/suscripciones\/america\/#\/campaign?prod=SUSDIGCRARTAM&amp;o=COMAM&amp;prm=suscrip_articulo_comentarios_el-pais-america&amp;backURL=https%3A%2F%2Felpais.com%2Fcultura%2F2026-01-29%2Fun-funeral-de-estado-para-recesvinto-y-wamba.html\" data-link-mx=\"https:\/\/elpais.com\/suscripciones\/america\/#\/campaign?prod=SUSDIGMX&amp;o=COMMX&amp;prm=suscrip_articulo_comentarios_el-pais-mexico&amp;backURL=https%3A%2F%2Felpais.com%2Fcultura%2F2026-01-29%2Fun-funeral-de-estado-para-recesvinto-y-wamba.html\" data-link-co=\"https:\/\/elpais.com\/suscripciones\/america\/#\/campaign?prod=SUSDIGCOL&amp;o=COMCOL&amp;prm=suscrip_articulo_comentarios_el-pais_colombia&amp;backURL=https%3A%2F%2Felpais.com%2Fcultura%2F2026-01-29%2Fun-funeral-de-estado-para-recesvinto-y-wamba.html\" data-link-ar=\"https:\/\/elpais.com\/suscripciones\/america\/#\/campaign?prod=SUSDIGCRARTAR&amp;o=COMAR&amp;backURL=https%3A%2F%2Felpais.com%2Fcultura%2F2026-01-29%2Fun-funeral-de-estado-para-recesvinto-y-wamba.html\" data-link-cl=\"https:\/\/elpais.com\/suscripciones\/america\/#\/campaign?prod=SUSDIGCHILE&amp;o=COMCHILE&amp;backURL=https%3A%2F%2Felpais.com%2Fcultura%2F2026-01-29%2Fun-funeral-de-estado-para-recesvinto-y-wamba.html\" data-link-us=\"https:\/\/elpais.com\/suscripciones\/america\/#\/campaign?prod=SUSDIGCRARTEUCAN&amp;o=COMUS&amp;prm=suscrip_articulo_comentarios_el-pais_eucan&amp;backURL=https%3A%2F%2Felpais.com%2Fcultura%2F2026-01-29%2Fun-funeral-de-estado-para-recesvinto-y-wamba.html\">Suscr\u00edbete en El Pa\u00eds para participar<\/a><a class=\"btn btn-3\" href=\"https:\/\/elpais.com\/subscriptions\/#\/sign-in?prod=REG&amp;o=COM&amp;prm=login_articulo_comentarios_el-pais&amp;backURL=https%3A%2F%2Felpais.com%2Fcultura%2F2026-01-29%2Fun-funeral-de-estado-para-recesvinto-y-wamba.html\" id=\"comments_login_link\" data-link-am=\"https:\/\/elpais.com\/subscriptions\/#\/sign-in?prod=REG&amp;o=COM&amp;prm=login_articulo_comentarios_el-pais-america&amp;backURL=https%3A%2F%2Felpais.com%2Fcultura%2F2026-01-29%2Fun-funeral-de-estado-para-recesvinto-y-wamba.html\" data-link-mx=\"https:\/\/elpais.com\/subscriptions\/#\/sign-in?prod=REG&amp;o=COM&amp;prm=login_articulo_comentarios_el-pais-mexico&amp;backURL=https%3A%2F%2Felpais.com%2Fcultura%2F2026-01-29%2Fun-funeral-de-estado-para-recesvinto-y-wamba.html\" data-link-co=\"https:\/\/elpais.com\/subscriptions\/#\/sign-in?prod=REG&amp;o=COM&amp;backURL=https%3A%2F%2Felpais.com%2Fcultura%2F2026-01-29%2Fun-funeral-de-estado-para-recesvinto-y-wamba.html\" data-link-ar=\"https:\/\/elpais.com\/subscriptions\/#\/sign-in?prod=REG&amp;o=COM&amp;backURL=https%3A%2F%2Felpais.com%2Fcultura%2F2026-01-29%2Fun-funeral-de-estado-para-recesvinto-y-wamba.html\" data-link-cl=\"https:\/\/elpais.com\/subscriptions\/#\/sign-in?prod=REG&amp;o=COM&amp;backURL=https%3A%2F%2Felpais.com%2Fcultura%2F2026-01-29%2Fun-funeral-de-estado-para-recesvinto-y-wamba.html\" data-link-us=\"https:\/\/elpais.com\/subscriptions\/#\/sign-in?prod=REG&amp;o=COM&amp;backURL=https%3A%2F%2Felpais.com%2Fcultura%2F2026-01-29%2Fun-funeral-de-estado-para-recesvinto-y-wamba.html\">Ya tengo una suscripci\u00f3n<\/a><\/div>\n<p>Please enable JavaScript to view the &lt;a href=&#8221;https:\/\/disqus.com\/?ref_noscript&#8221; rel=&#8221;nofollow&#8221;&gt; comments powered by Disqus.&lt;\/a&gt;<\/p><\/div>\n<\/div>\n<\/div>\n<aside class=\"w w-rel\" data-dtm-region=\"articulo_mas-informacion\">\n<h2 class=\"w_t\">M\u00e1s informaci\u00f3n<\/h2>\n<ul class=\"w_b _ls\">\n<li class=\"_g _g-xs w-rel_n\">\n<div class=\" a_m-h c_m--nf\"><span class=\"_db _pr\"><img decoding=\"async\" class=\"_re lazyload a_m-h\" height=\"311\" width=\"414\" src=\"https:\/\/analyse.optim.biz\/wp-content\/uploads\/2026\/02\/2nlwokrnsjfrpmonamf7qbfwpq.jpg\" loading=\"lazy\" title=\"2nlwokrnsjfrpmonamf7qbfwpq\"><\/span><\/div>\n<div class=\"nt\">\n<h3 class=\"nt_t\"><a href=\"https:\/\/elpais.com\/cultura\/2023-08-17\/santa-maria-de-la-o-sepulcro-de-dos-reyes-y-osario-de-3000-personas.html#?rel=mas\">Santa Mar\u00eda de la O, sepulcro de dos reyes y osario de 3.000 personas<\/a><\/h3>\n<div class=\"nt_a\"><a href=\"https:\/\/elpais.com\/autor\/vicente-olaya\/\" title=\"Ver todas las noticias de Vicente G. Olaya\">Vicente G. Olaya<\/a> | Wamba (Valladolid)<\/div>\n<\/div>\n<\/li>\n<li class=\"_g _g-xs w-rel_n\">\n<div class=\" a_m-h c_m--nf\"><span class=\"_db _pr\"><img decoding=\"async\" class=\"_re lazyload a_m-h\" height=\"311\" width=\"414\" src=\"https:\/\/analyse.optim.biz\/wp-content\/uploads\/2026\/02\/zqrv6olbzrcqrk3d2k2tulevra.jpg\" loading=\"lazy\" title=\"zqrv6olbzrcqrk3d2k2tulevra\"><\/span><\/div>\n<div class=\"nt\">\n<h3 class=\"nt_t\"><a href=\"https:\/\/elpais.com\/cultura\/2020-05-13\/cuando-el-duque-de-alba-cobraba-por-entrar-en-toledo.html#?rel=mas\">Cuando el duque de Alba cobraba por entrar en Toledo<\/a><\/h3>\n<div class=\"nt_a\"><a href=\"https:\/\/elpais.com\/autor\/vicente-olaya\/\" title=\"Ver todas las noticias de Vicente G. Olaya\">Vicente G. Olaya<\/a> | Madrid<\/div>\n<\/div>\n<\/li>\n<\/ul>\n<\/aside>\n<section class=\"w w-ae\" data-dtm-region=\"articulo_archivado-en\">\n<h2 class=\"w_t\">Archivado En<\/h2>\n<div class=\"w_b\">\n<ul class=\"w_ul w_ul--mh _df _ls\">\n<li><a href=\"https:\/\/elpais.com\/noticias\/cultura\/#?rel=arch\" rel=\"noopener noreferrer\">Cultura<\/a><\/li>\n<li><a href=\"https:\/\/elpais.com\/noticias\/espana\/#?rel=arch\" rel=\"noopener noreferrer\">Espa\u00f1a<\/a><\/li>\n<li><a href=\"https:\/\/elpais.com\/noticias\/liberalismo-politico\/#?rel=arch\" rel=\"noopener noreferrer\">Liberalismo pol\u00edtico<\/a><\/li>\n<li><a href=\"https:\/\/elpais.com\/noticias\/catedral-toledo\/#?rel=arch\" rel=\"noopener noreferrer\">Catedral Toledo<\/a><\/li>\n<li><a href=\"https:\/\/elpais.com\/noticias\/ley-memoria-democratica\/#?rel=arch\" rel=\"noopener noreferrer\">Ley Memoria Democr\u00e1tica<\/a><\/li>\n<li><a href=\"https:\/\/elpais.com\/noticias\/visigodos\/#?rel=arch\" rel=\"noopener noreferrer\">Visigodos<\/a><\/li>\n<li><a href=\"https:\/\/elpais.com\/noticias\/monarquia\/#?rel=arch\" rel=\"noopener noreferrer\">Monarqu\u00eda<\/a><\/li>\n<li><a href=\"https:\/\/elpais.com\/noticias\/napoleon-bonaparte\/#?rel=arch\" rel=\"noopener noreferrer\">Napole\u00f3n Bonaparte<\/a><\/li>\n<\/ul>\n<\/div>\n<\/section>\n<aside class=\"a_tp _df\">\n<div class=\"a_tp_txt\"><span class=\"a_tp_t\">Se adhiere a los criterios de<\/span><\/p>\n<figure class=\"a_m a_m-h c_m--nf\"><a class=\"a_tp_i _dib\" href=\"https:\/\/elpais.com\/estaticos\/que-es-the-trust-project\/\" target=\"_blank\" rel=\"noopener noreferrer nofollow\"><img decoding=\"async\" alt=\"The Trust Project\" class=\" lazyload a_m-h\" height=\"20\" width=\"117\" src=\"https:\/\/analyse.optim.biz\/wp-content\/uploads\/2026\/02\/the-trust-project-6.svg\" loading=\"lazy\" title=\"the-trust-project-6\"><\/a><\/figure>\n<p><a class=\"a_tp_mi\" href=\"https:\/\/elpais.com\/estaticos\/codigo-etico\/\" target=\"_blank\" rel=\"noopener noreferrer nofollow\">M\u00e1s informaci\u00f3n<\/a><\/div>\n<div class=\"a_tp_si\">Si est\u00e1 interesado en licenciar este contenido, pinche <a class=\"a_tp_si_l\" href=\"https:\/\/profesional.elpais.com\/soluciones-sindicacion\/?utm_medium=interno&amp;utm_source=crosslinking&amp;utm_campaign=sindicacion_ep_pie_articulos\" target=\"_blank\" rel=\"noopener noreferrer nofollow\">aqu\u00ed<\/a><\/div>\n<\/aside>\n<div class=\"a_o _pr\" data-dtm-region=\"articulo_right-rail\">\n<div id=\"elpais_gpt-MPU1\" data-adtype=\"MPU\" class=\"ad ad-mpu\"><span class=\"_dn\">_<\/span><\/div>\n<section class=\"w w-sc b_col\" data-dtm-region=\"articulo_ultimas-noticias\">\n<header class=\"w_h b_col_h\">\n<h3 class=\"w_t\"><a href=\"https:\/\/elpais.com\/ultimas-noticias\/\" rel=\"story-card-ultimas-noticias\">\u00daltimas noticias<\/a><\/h3>\n<\/header>\n<div class=\"w_b\">\n<article class=\"c  c--m-n   \" data-word=\"0\">\n<header class=\"c_h\"><time datetime=\"2026-02-01T21:19:44+01:00\" class=\"c_da\">21:19<\/time><\/p>\n<h2 class=\"c_t \"><a href=\"https:\/\/elpais.com\/mexico\/2026-02-01\/claudia-sheinbaum-reprende-a-los-morenistas-de-baja-california-hay-que-trabajar-mas-con-la-gente.html?autoplay=1\">Claudia Sheinbaum reprende a los morenistas de Baja California: \u201c\u00a1Hay que trabajar m\u00e1s con la gente!\u201d<\/a><\/h2>\n<\/header>\n<\/article>\n<article class=\"c  c--m-n   \" data-word=\"0\">\n<header class=\"c_h\"><time datetime=\"2026-02-01T21:01:04+01:00\" class=\"c_da\">21:01<\/time><\/p>\n<h2 class=\"c_t \"><a href=\"https:\/\/elpais.com\/deportes\/2026-02-01\/dinamarca-vence-a-alemania-en-la-final-del-europeo-de-balonmano-y-se-coloca-la-triple-corona.html\">Dinamarca vence a Alemania en la final del Europeo de balonmano y se coloca la triple corona<\/a><\/h2>\n<\/header>\n<\/article>\n<article class=\"c  c--m-n   \" data-word=\"0\">\n<header class=\"c_h\"><time datetime=\"2026-02-01T20:54:06+01:00\" class=\"c_da\">20:54<\/time><\/p>\n<h2 class=\"c_t \"><a href=\"https:\/\/elpais.com\/us\/2026-02-01\/en-directo-la-alfombra-roja-de-los-premios-grammy-2026.html?autoplay=1\">En directo, la alfombra roja de los Premios Grammy 2026<\/a><\/h2>\n<\/header>\n<\/article>\n<article class=\"c  c--m-n   \" data-word=\"0\">\n<header class=\"c_h\"><time datetime=\"2026-02-01T20:34:52+01:00\" class=\"c_da\">20:34<\/time><\/p>\n<h2 class=\"c_t \"><a href=\"https:\/\/elpais.com\/mexico\/2026-02-01\/el-gobierno-envia-a-mas-de-1000-militares-para-localizar-a-los-10-mineros-secuestrados-en-sinaloa.html\">El Gobierno env\u00eda a m\u00e1s de 1.000 militares para localizar a los 10 mineros secuestrados en Sinaloa<\/a><\/h2>\n<\/header>\n<\/article>\n<\/div>\n<\/section>\n<aside class=\"w w-lmv\" data-dtm-region=\"articulo_lom\">\n<h2 class=\"w_t\"><a href=\"https:\/\/elpais.com\/lo-mas-visto\/\">Lo m\u00e1s visto<\/a><\/h2>\n<div class=\"w_b\">\n<ol class=\"_ls\">\n<li><a href=\"https:\/\/elpais.com\/espana\/2026-01-30\/el-pp-se-niega-a-retirar-la-medalla-de-oro-que-alcantarilla-concedio-a-franco-porque-no-exalta-la-dictadura.html#?rel=lom\">El PP se niega a retirar la Medalla de Oro que Alcantarilla concedi\u00f3 a Franco porque \u201cno exalta la dictadura\u201d<\/a><\/li>\n<li><a href=\"https:\/\/elpais.com\/deportes\/tenis\/2026-02-01\/carlos-alcaraz-novak-djokovic-en-directo-la-final-del-open-de-australia-en-vivo.html#?rel=lom\">As\u00ed te hemos contado la victoria de Carlos Alcaraz en el Open de Australia ante Novak Djokovic<\/a><\/li>\n<li><a href=\"https:\/\/elpais.com\/deportes\/tenis\/2026-01-31\/john-mcenroe-alcaraz-sabe-perfectamente-quien-necesita-a-su-alrededor.html#?rel=lom\">John McEnroe: \u201cAlcaraz sabe perfectamente a qui\u00e9n necesita a su alrededor\u201d<\/a><\/li>\n<li><a href=\"https:\/\/elpais.com\/clima-y-medio-ambiente\/2026-02-01\/deconstruccion-de-la-costa-asi-se-esta-quitando-ya-hormigon-para-dar-mas-espacio-a-las-playas-frente-a-los-temporales.html#?rel=lom\">Deconstrucci\u00f3n de la costa: as\u00ed se est\u00e1 quitando ya hormig\u00f3n para dar m\u00e1s espacio a las playas frente a los temporales<\/a><\/li>\n<li><a href=\"https:\/\/elpais.com\/espana\/madrid\/2026-01-31\/seis-anos-despues-victoria-para-la-hija-de-un-fallecido-en-residencias-en-una-disputa-con-el-gobierno-de-ayuso.html#?rel=lom\">Tras seis a\u00f1os de derrotas, una de las hijas de fallecidos en residencias gana al Gobierno de Ayuso<\/a><\/li>\n<\/ol>\n<\/div>\n<\/aside>\n<\/div>\n<\/article>\n<article class=\"c  c--m-n   \" data-word=\"0\">\n<header class=\"c_h\"><time datetime=\"2026-02-01T21:19:44+01:00\" class=\"c_da\">21:19<\/time><\/p>\n<h2 class=\"c_t \"><a href=\"https:\/\/elpais.com\/mexico\/2026-02-01\/claudia-sheinbaum-reprende-a-los-morenistas-de-baja-california-hay-que-trabajar-mas-con-la-gente.html?autoplay=1\">Claudia Sheinbaum reprende a los morenistas de Baja California: \u201c\u00a1Hay que trabajar m\u00e1s con la gente!\u201d<\/a><\/h2>\n<\/header>\n<\/article>\n<article class=\"c  c--m-n   \" data-word=\"0\">\n<header class=\"c_h\"><time datetime=\"2026-02-01T21:01:04+01:00\" class=\"c_da\">21:01<\/time><\/p>\n<h2 class=\"c_t \"><a href=\"https:\/\/elpais.com\/deportes\/2026-02-01\/dinamarca-vence-a-alemania-en-la-final-del-europeo-de-balonmano-y-se-coloca-la-triple-corona.html\">Dinamarca vence a Alemania en la final del Europeo de balonmano y se coloca la triple corona<\/a><\/h2>\n<\/header>\n<\/article>\n<article class=\"c  c--m-n   \" data-word=\"0\">\n<header class=\"c_h\"><time datetime=\"2026-02-01T20:54:06+01:00\" class=\"c_da\">20:54<\/time><\/p>\n<h2 class=\"c_t \"><a href=\"https:\/\/elpais.com\/us\/2026-02-01\/en-directo-la-alfombra-roja-de-los-premios-grammy-2026.html?autoplay=1\">En directo, la alfombra roja de los Premios Grammy 2026<\/a><\/h2>\n<\/header>\n<\/article>\n<article class=\"c  c--m-n   \" data-word=\"0\">\n<header class=\"c_h\"><time datetime=\"2026-02-01T20:34:52+01:00\" class=\"c_da\">20:34<\/time><\/p>\n<h2 class=\"c_t \"><a href=\"https:\/\/elpais.com\/mexico\/2026-02-01\/el-gobierno-envia-a-mas-de-1000-militares-para-localizar-a-los-10-mineros-secuestrados-en-sinaloa.html\">El Gobierno env\u00eda a m\u00e1s de 1.000 militares para localizar a los 10 mineros secuestrados en Sinaloa<\/a><\/h2>\n<\/header>\n<\/article>\n<p> Source URL: https:\/\/elpais.com\/cultura\/2026-01-29\/un-funeral-de-estado-para-recesvinto-y-wamba.html<\/p>\n","protected":false},"excerpt":{"rendered":"<p>Arqueolog\u00eda Un funeral de Estado para Recesvinto y Wamba Diversas iniciativas pol\u00edticas y ciudadanas reclaman un \u201centerramiento digno\u201d para los dos reyes godos enterrados en la catedral de Toledo Capilla Moz\u00e1rabe de la catedral de Toledo con la l\u00e1pida tras la que est\u00e1n los restos de Wamba y Recesvinto.Alejandro de la Fuente Escribano Vicente G. [&hellip;]<\/p>\n","protected":false},"author":1,"featured_media":1683945,"comment_status":"open","ping_status":"","sticky":false,"template":"","format":"standard","meta":{"footnotes":""},"categories":[88],"tags":[226,92],"class_list":["post-1683932","post","type-post","status-publish","format-standard","has-post-thumbnail","hentry","category-spain","tag-crawlmanager","tag-elpais-com"],"_links":{"self":[{"href":"https:\/\/analyse.optim.biz\/index.php?rest_route=\/wp\/v2\/posts\/1683932","targetHints":{"allow":["GET"]}}],"collection":[{"href":"https:\/\/analyse.optim.biz\/index.php?rest_route=\/wp\/v2\/posts"}],"about":[{"href":"https:\/\/analyse.optim.biz\/index.php?rest_route=\/wp\/v2\/types\/post"}],"author":[{"embeddable":true,"href":"https:\/\/analyse.optim.biz\/index.php?rest_route=\/wp\/v2\/users\/1"}],"replies":[{"embeddable":true,"href":"https:\/\/analyse.optim.biz\/index.php?rest_route=%2Fwp%2Fv2%2Fcomments&post=1683932"}],"version-history":[{"count":0,"href":"https:\/\/analyse.optim.biz\/index.php?rest_route=\/wp\/v2\/posts\/1683932\/revisions"}],"wp:featuredmedia":[{"embeddable":true,"href":"https:\/\/analyse.optim.biz\/index.php?rest_route=\/wp\/v2\/media\/1683945"}],"wp:attachment":[{"href":"https:\/\/analyse.optim.biz\/index.php?rest_route=%2Fwp%2Fv2%2Fmedia&parent=1683932"}],"wp:term":[{"taxonomy":"category","embeddable":true,"href":"https:\/\/analyse.optim.biz\/index.php?rest_route=%2Fwp%2Fv2%2Fcategories&post=1683932"},{"taxonomy":"post_tag","embeddable":true,"href":"https:\/\/analyse.optim.biz\/index.php?rest_route=%2Fwp%2Fv2%2Ftags&post=1683932"}],"curies":[{"name":"wp","href":"https:\/\/api.w.org\/{rel}","templated":true}]}}