{"id":1683870,"date":"2026-01-29T04:30:01","date_gmt":"2026-01-29T01:30:01","guid":{"rendered":"https:\/\/analyse.optim.biz\/?p=1683870"},"modified":"2026-01-29T04:30:01","modified_gmt":"2026-01-29T01:30:01","slug":"vanesa-aibar-el-encuentro-del-flamenco-con-la-ciencia","status":"publish","type":"post","link":"https:\/\/analyse.optim.biz\/?p=1683870","title":{"rendered":"Vanesa Aibar, el encuentro del flamenco con la ciencia"},"content":{"rendered":"<article id=\"main-content\" class=\"a _g _g-lg _g-o\">\n<header class=\"a_e _g _g-xs\">\n<div class=\"a_e_txt _df\">\n<div class=\"a_k _df\"><a class=\"a_k_n\" href=\"https:\/\/elpais.com\/noticias\/danza\/\">DANZA<\/a><\/div>\n<h1 class=\"a_t\">Vanesa Aibar, el encuentro del flamenco con la ciencia<\/h1>\n<p class=\"a_st\">Tras ganar el Premio Max con su anterior espect\u00e1culo, la bailaora estrena un nuevo trabajo inspirado en las investigaciones del cristal\u00f3grafo Juan Manuel Garc\u00eda-Ruiz<\/p>\n<\/div>\n<div class=\"a_e_m\">\n<figure class=\"a_m a_m-h \"><span class=\"a_m_w _db\"><img fetchpriority=\"high\" decoding=\"async\" class=\"_re  a_m-h\" height=\"277\" width=\"414\" src=\"https:\/\/analyse.optim.biz\/wp-content\/uploads\/2026\/02\/rtesimvgwrhhpaksb4aymosn2a-1.jpg\" loading=\"eager\" title=\"rtesimvgwrhhpaksb4aymosn2a-1\"><\/span><figcaption class=\"a_m_p\" aria-hidden=\"true\"><span>La bailaora Vanesa Aibar, retratada en el caf\u00e9 Barbieri de Madrid. <\/span><span class=\"a_m_m\">SAMUEL S\u00e1NCHEZ<\/span><\/figcaption><\/figure>\n<\/div>\n<\/header>\n<div class=\"a_md _g _g-xs \">\n<figure class=\"a_md_i a_m-h c_m--nf\"><span class=\"a_m_w _db\"><img decoding=\"async\" alt=\"Mercedes L. Caballero\" class=\"_re lazyload a_m-h\" height=\"100\" width=\"100\" src=\"https:\/\/analyse.optim.biz\/wp-content\/uploads\/2026\/02\/https3a2f2fs3-amazonaws-com2farc-authors2fprisa2f1f32fe1c-3957-4ec7-9815-ef762773cef9.png\" loading=\"lazy\" title=\"https3a2f2fs3-amazonaws-com2farc-authors2fprisa2f1f32fe1c-3957-4ec7-9815-ef762773cef9\"><\/span><\/figure>\n<div class=\"a_md_txt\">\n<div class=\"a_md_a\" data-dtm-region=\"articulo_firma\"><a href=\"https:\/\/elpais.com\/autor\/mercedes-lopez-caballero\/#?rel=author_top\" title=\"Ver todas las noticias de Mercedes L. Caballero\" class=\"a_md_a_n\">Mercedes L. Caballero<\/a><\/div>\n<div class=\"a_md_f\"><span>Madrid &#8211; <a href=\"https:\/\/elpais.com\/hemeroteca\/2026-01-29\/\" data-date=\"2026-01-29T05:30:01+01:00\"><time data-date=\"2026-01-29T05:30:01+01:00\" datetime=\"2026-01-29T05:30:01+01:00\" id=\"article_date_p\">29 ene 2026 &#8211; 05:30<abbr title=\"Central European Time\">CET<\/abbr><\/time><\/a><\/span><\/div>\n<div class=\"w_rs\" data-dtm-region=\"articulo_botonera-social\">\n<div class=\"w_rs_i\"><a class=\"_btn hidden\" href=\"\/\/send?text=Vanesa%20Aibar%2C%20el%20encuentro%20del%20flamenco%20con%20la%20ciencia%0D%0A%0D%0Ahttps%3A%2F%2Felpais.com%2Fcultura%2F2026-01-29%2Fvanesa-aibar-el-encuentro-del-flamenco-con-la-ciencia.html%3Fssm=whatsapp_CC\" data-action=\"share\/whatsapp\/share\" data-param-description=\"Vanesa Aibar, el encuentro del flamenco con la ciencia\" data-param-href=\"https:\/\/elpais.com\/cultura\/2026-01-29\/vanesa-aibar-el-encuentro-del-flamenco-con-la-ciencia.html\" data-param-text=\"Vanesa Aibar, el encuentro del flamenco con la ciencia https:\/\/elpais.com\/cultura\/2026-01-29\/vanesa-aibar-el-encuentro-del-flamenco-con-la-ciencia.html\" data-param-url=\"https:\/\/elpais.com\/cultura\/2026-01-29\/vanesa-aibar-el-encuentro-del-flamenco-con-la-ciencia.html\" target=\"_blank\" rel=\"noopener noreferrer\" data-share-track-dtm=\"whatsapp\" id=\"btn_share_whatsapp_908\"><span class=\"_sr\">Compartir en Whatsapp<\/span><\/a><\/div>\n<div class=\"w_rs_i\"><a class=\"_btn \" href=\"https:\/\/www.facebook.com\/dialog\/share?display=popup&amp;app_id=94039431626&amp;href=https%3A%2F%2Felpais.com%2Fcultura%2F2026-01-29%2Fvanesa-aibar-el-encuentro-del-flamenco-con-la-ciencia.html%3Fssm=FB_CC&amp;quote=Vanesa%20Aibar%2C%20el%20encuentro%20del%20flamenco%20con%20la%20ciencia\" data-param-app_id=\"94039431626\" data-param-description=\"Vanesa Aibar, el encuentro del flamenco con la ciencia\" data-param-href=\"https:\/\/elpais.com\/cultura\/2026-01-29\/vanesa-aibar-el-encuentro-del-flamenco-con-la-ciencia.html\" data-param-text=\"Vanesa Aibar, el encuentro del flamenco con la ciencia\" data-param-url=\"https:\/\/elpais.com\/cultura\/2026-01-29\/vanesa-aibar-el-encuentro-del-flamenco-con-la-ciencia.html\" target=\"_blank\" rel=\"noopener noreferrer\" data-share-track-dtm=\"facebook\" id=\"btn_share_facebook_908\"><span class=\"_sr\">Compartir en Facebook<\/span><\/a><\/div>\n<div class=\"w_rs_i\"><a class=\"_btn \" href=\"https:\/\/twitter.com\/intent\/tweet?url=https%3A%2F%2Felpais.com%2Fcultura%2F2026-01-29%2Fvanesa-aibar-el-encuentro-del-flamenco-con-la-ciencia.html%3Fssm=TW_CC&amp;text=Vanesa%20Aibar%2C%20el%20encuentro%20del%20flamenco%20con%20la%20ciencia&amp;via=el_pais&amp;lang=es\" data-param-description=\"Vanesa Aibar, el encuentro del flamenco con la ciencia\" data-param-href=\"https:\/\/elpais.com\/cultura\/2026-01-29\/vanesa-aibar-el-encuentro-del-flamenco-con-la-ciencia.html\" data-param-text=\"Vanesa Aibar, el encuentro del flamenco con la ciencia via @el_pais\" data-param-url=\"https:\/\/elpais.com\/cultura\/2026-01-29\/vanesa-aibar-el-encuentro-del-flamenco-con-la-ciencia.html\" target=\"_blank\" rel=\"noopener noreferrer\" data-share-track-dtm=\"twitter\" id=\"btn_share_twitter_908\"><span class=\"_sr\">Compartir en Twitter<\/span><\/a><\/div>\n<div class=\"w_rs_i\"><a class=\"_btn \" href=\"https:\/\/bsky.app\/intent\/compose?text=https%3A%2F%2Felpais.com%2Fcultura%2F2026-01-29%2Fvanesa-aibar-el-encuentro-del-flamenco-con-la-ciencia.html%3Fssm=bsky_CC\" data-param-description=\"Vanesa Aibar, el encuentro del flamenco con la ciencia\" data-param-href=\"https:\/\/elpais.com\/cultura\/2026-01-29\/vanesa-aibar-el-encuentro-del-flamenco-con-la-ciencia.html\" data-param-text=\"Vanesa Aibar, el encuentro del flamenco con la ciencia\" data-param-url=\"https:\/\/elpais.com\/cultura\/2026-01-29\/vanesa-aibar-el-encuentro-del-flamenco-con-la-ciencia.html\" target=\"_blank\" rel=\"noopener noreferrer\" data-share-track-dtm=\"bluesky\" id=\"btn_share_bluesky_908\"><span class=\"_sr\">Compartir en Bluesky<\/span><\/a><\/div>\n<div class=\"w_rs_i\"><a class=\"_btn \" href=\"https:\/\/www.linkedin.com\/sharing\/share-offsite\/?url=https%3A%2F%2Felpais.com%2Fcultura%2F2026-01-29%2Fvanesa-aibar-el-encuentro-del-flamenco-con-la-ciencia.html%3Fssm=LK_CC\" data-param-description=\"Vanesa Aibar, el encuentro del flamenco con la ciencia\" data-param-href=\"https:\/\/elpais.com\/cultura\/2026-01-29\/vanesa-aibar-el-encuentro-del-flamenco-con-la-ciencia.html\" data-param-text=\"Vanesa Aibar, el encuentro del flamenco con la ciencia\" data-param-url=\"https:\/\/elpais.com\/cultura\/2026-01-29\/vanesa-aibar-el-encuentro-del-flamenco-con-la-ciencia.html\" target=\"_blank\" rel=\"noopener noreferrer\" data-share-track-dtm=\"linkedin\" id=\"btn_share_linkedin_908\"><span class=\"_sr\">Compartir en Linkedin<\/span><\/a><\/div>\n<div class=\"w_rs_i\"><a class=\"_btn rs_l\" href=\"https:\/\/elpais.com\/cultura\/2026-01-29\/vanesa-aibar-el-encuentro-del-flamenco-con-la-ciencia.html#?prm=copy_link\" data-share-track-dtm=\"copiar_url\" id=\"btn_share_link_5\"><span class=\"_sr\">Copiar enlace<\/span><\/a><\/div>\n<div class=\"w_rs_i\"><a class=\"_btn rs_c\" href=\"https:\/\/elpais.com\/cultura\/2026-01-29\/vanesa-aibar-el-encuentro-del-flamenco-con-la-ciencia.html#comments_container\" aria-expanded=\"false\" aria-controls=\"me-c\" data-share-track-dtm=\"eskup\" id=\"btn_share_comments_5\"><span class=\"_sr\">Ir a los comentarios<\/span><\/a><\/div>\n<\/div>\n<\/div>\n<\/div>\n<div class=\"a_c clearfix\" data-dtm-region=\"articulo_cuerpo\">\n<p class>Hay algo luminoso en las maneras de Vanesa Aibar (Villanueva del Arzobispo, Ja\u00e9n, 42 a\u00f1os), cuando baila y tambi\u00e9n cuando habla. Esa claridad de quien parece no esconder nada. Su primera obra larga, <i>Sierpe<\/i>, se estren\u00f3 en 2019 y desvel\u00f3 el flamenco abierto, contempor\u00e1neo, que le importa. Tambi\u00e9n puso sobre la escena unas formas minuciosas y unos brazos de los que se suele hablar. Pero fue en 2023 cuando su nombre empez\u00f3 a sonar m\u00e1s y recibi\u00f3 premios y proyecci\u00f3n, <a href=\"https:\/\/elpais.com\/cultura\/2023-04-17\/cadiz-entrega-los-premios-max-mas-repartidos-en-una-gala-llena-de-guasa-y-diversion.html\" target=\"_self\" rel title=\"https:\/\/elpais.com\/cultura\/2023-04-17\/cadiz-entrega-los-premios-max-mas-repartidos-en-una-gala-llena-de-guasa-y-diversion.html\">tras ganar con <i>La reina del metal<\/i> el Premio Max al Mejor Espect\u00e1culo de Danza<\/a>, por el que tambi\u00e9n qued\u00f3 finalista en la categor\u00eda de mejor int\u00e9rprete femenina de danza.<\/p>\n<p class>Su primer trabajo despu\u00e9s de aquel triunfo se presenta el pr\u00f3ximo s\u00e1bado en el teatro Central de Sevilla y se titula<a href=\"https:\/\/www.juntadeandalucia.es\/cultura\/teatros\/teatro-central\/aibarrabia\" target=\"_self\" rel title=\"https:\/\/www.juntadeandalucia.es\/cultura\/teatros\/teatro-central\/aibarrabia\"><i>Aibar\/rabiA<\/i><\/a><i>,<\/i> un pal\u00edndromo con el que juega a poner su apellido frente al espejo y, de paso, su propia danza. En los or\u00edgenes del montaje figura un encuentro ins\u00f3lito: el de la bailaora con el cient\u00edfico y cristal\u00f3grafo <a href=\"https:\/\/www.garciaruiz.net\/juanma\/Investigacion.html\" target=\"_self\" rel title=\"https:\/\/www.garciaruiz.net\/juanma\/Investigacion.html\">Juan Manuel Garc\u00eda-Ruiz, investigador del CSIC<\/a>, que desarrolla su trabajo sobre el origen de la vida y su relaci\u00f3n con las estructuras de los cristales. <\/p>\n<div id=\"sum_youtube\" data-oembed-type=\"youtube\" class=\"a_em _df _rt _rt-16x9\"><iframe width=\"560\" height=\"315\" loading=\"lazy\" src=\"https:\/\/www.youtube.com\/embed\/nWAUYyKC4AA?feature=oembed\" frameborder allow=\"accelerometer; autoplay; clipboard-write; encrypted-media; gyroscope; picture-in-picture; web-share\" referrerpolicy=\"strict-origin-when-cross-origin\" allowfullscreen title=\"Teatro Central 25-26 | Aibar\/rabiA VANESA AIBAR\"><\/iframe><\/div>\n<p class>\u201cNos conocimos en unas jornadas alrededor de Lorca en la Residencia de Estudiantes. Ni siquiera ten\u00eda que ir yo, fue un trabajo que me pas\u00f3 Bel\u00e9n Maya (tambi\u00e9n bailaora y reconocido nombre del flamenco) porque ella no pod\u00eda. Cuando comenz\u00f3 a hablarme de su investigaci\u00f3n sobre c\u00f3mo las estructuras minerales imitan las formas primitivas de vida, me conect\u00f3 con la idea de investigar sobre el origen y formas de mi propio movimiento. El mundo de los cristales te habla de formas geom\u00e9tricas que adem\u00e1s tienen una periodicidad y una consecuencia en el espacio\u201d, explica a este peri\u00f3dico en una cafeter\u00eda del centro de Madrid, durante una visita a la capital previa al estreno. Asegura tambi\u00e9n que su diplomatura en fisioterapia le marca a la hora de bailar. \u201cPorque entiendo el mecanismo interno de un movimiento, los m\u00fasculos y tendones que ponen en marcha ese gesto\u201d. Algo que se aprecia de manera clara en sus interpretaciones, mezcla de definici\u00f3n y t\u00e9cnica con esa extra\u00f1eza que proporcionan los nuevos acercamientos a algo. <\/p>\n<p class>Para <i>Aibar\/rabiA, <\/i>la core\u00f3grafa ha vuelto a contar con el dramaturgo David Montero y <a href=\"https:\/\/elpais.com\/cultura\/2025-10-02\/janet-novas-y-guillermo-weickert-premios-nacionales-de-danza-2025.html\" target=\"_self\" rel title=\"https:\/\/elpais.com\/cultura\/2025-10-02\/janet-novas-y-guillermo-weickert-premios-nacionales-de-danza-2025.html\">el \u00faltimo Premio Nacional de Danza en la modalidad de creaci\u00f3n, Guillermo Weickert<\/a>, en las labores de asesor\u00eda art\u00edstica y codirecci\u00f3n. Los dos formaron parte de la obra anterior. Estar\u00e1 ella sola en el baile junto al m\u00fasico ingl\u00e9s Frank Moon y la cantaora Gema Caballero. \u201cEs una obra muy po\u00e9tica con un final que creo que va a sorprender\u201d, dice. <\/p>\n<figure class=\"a_m a_m-h \"><span class=\"_db a_m_w _pr lb_btn\"><img decoding=\"async\" class=\"_re lazyload a_m-h\" height=\"276\" width=\"414\" src=\"https:\/\/analyse.optim.biz\/wp-content\/uploads\/2026\/02\/44i43uyhajkgzfopz6yonoju4u.jpg\" loading=\"lazy\" title=\"44i43uyhajkgzfopz6yonoju4u\"><\/span><figcaption class=\"a_m_p\" aria-hidden=\"true\"><span>Vanesa Aibar, en una imagen promocional de su nueva obra.<\/span><span class=\"a_m_m\">Junta de Andaluc\u00eda (JUNTA DE ANDALUC\u00cdA)<\/span><\/figcaption><\/figure>\n<p class>\u00bfDir\u00eda que su estrenada maternidad le ha influido a la hora de encontrar nuevos matices en su flamenco? \u201cCompletamente. Llegu\u00e9 a bailar <i>La reina del metal <\/i>embarazada de siete meses cuando pas\u00f3 por los Teatros del Canal en 2024. Entonces ten\u00eda m\u00e1s energ\u00eda que nunca. No paraba. Y ahora que soy madre, cuando veo grabaciones de los ensayos de esta \u00faltima obra, a veces hasta me sorprendo al verme. A nivel corporal me est\u00e1n saliendo unas calidades que antes no estaban. He perdido miedos\u201d. <\/p>\n<p class>En la p\u00e1gina web del teatro Central puede leerse esta frase: \u201cEl Central ten\u00eda una cita pendiente con ella y la cumplimos con el estreno de su nueva propuesta\u201d. Suena a deuda, pero tambi\u00e9n a confesi\u00f3n. Y desde luego, responde a algo poco habitual, como es ese reconocimiento de lo que pudo hacerse y no se hizo, ya sea en las programaciones de los teatros o en casi cualquier contexto p\u00fablico. \u201cLo siento un poco as\u00ed. Llevo 20 a\u00f1os viviendo en Sevilla y va a ser la primera vez que se vea un trabajo m\u00edo en esta ciudad. He mostrado piecitas cortas, pero una producci\u00f3n grande, nunca\u201d. Ni siquiera <i>La reina del metal<\/i>, aclara. \u201cLa verdad es que a pesar de ser andaluza, en Sevilla puedes llegar a sentirte como una extranjera dentro del flamenco. No s\u00e9 si ser\u00e1 por eso de que algunos lo sienten como propio de esta ciudad o por la tradici\u00f3n de la Escuela Sevillana. Pero en mis inicios, hasta me hizo dudar de si mi lenguaje era v\u00e1lido. Ahora por supuesto que no\u201d. <\/p>\n<p class>Sobre las cr\u00edticas vertidas desde el flamenco m\u00e1s ortodoxo hacia figuras renovadoras como ella, Aibar dice no haberlas sufrido demasiado, \u201caunque una vez alguien dijo que me hab\u00eda dejado la feminidad en el camerino\u201d. Y que como no suele estar programada en los escaparates sagrados del flamenco, no est\u00e1 muy pendiente. \u201cPara m\u00ed, lo importante es sentirme libre y no seguir par\u00e1metros porque s\u00ed. No siempre es f\u00e1cil, tenemos una vocecilla que a veces dice \u2018anda, con todo lo que sabes hacer y que no lo demuestres\u2019\u2026 Liberarte de ella en funci\u00f3n de la coherencia con tu proceso de creaci\u00f3n, es algo fundamental y que he conseguido\u201d, concluye. <\/p>\n<\/div>\n<div id=\"me-dis\" class=\"me _pf\">\n<div class=\"me_bg\">\n<div class=\"me-dis _pa _df\">\n<div class=\"me-dis_c\">\n<h2 class=\"me-dis_t\">Tu suscripci\u00f3n se est\u00e1 usando en otro dispositivo<\/h2>\n<p>\u00bfQuieres a\u00f1adir otro usuario a tu suscripci\u00f3n?<\/p>\n<div class=\"me-dis_l\"><a href=\"https:\/\/elpais.com\/suscripciones\/premium\/upgrade\/?utm_source=autopromo&amp;utm_medium=interno&amp;utm_campaign=YYYY_MM_capping_upgrade\" id=\"capping-upgrade\" class=\"btn\">A\u00f1adir usuario<\/a><a href=\"https:\/\/elpais.com\/cultura\/2026-01-29\/vanesa-aibar-el-encuentro-del-flamenco-con-la-ciencia.html\" id=\"capping-continue\" class=\"btn btn-b\">Continuar leyendo aqu\u00ed<\/a><\/div>\n<p>Si contin\u00faas leyendo en este dispositivo, no se podr\u00e1 leer en el otro.<\/p>\n<p class=\"lk\"><a href=\"https:\/\/elpais.com\/cultura\/2026-01-29\/vanesa-aibar-el-encuentro-del-flamenco-con-la-ciencia.html\" id=\"capping-show-more-button\">\u00bfPor qu\u00e9 est\u00e1s viendo esto?<\/a><\/p>\n<p><span class=\"arrow\" id=\"capping-arrow\">Flecha<\/span><\/p>\n<div class=\"me-dis_d\">\n<div class=\"me-dis_d_t\">\n<h2 class=\"enc\">Tu suscripci\u00f3n se est\u00e1 usando en otro dispositivo y solo puedes acceder a EL PA\u00cdS desde un dispositivo a la vez.<\/h2>\n<div class=\"tx\">\n<p>Si quieres compartir tu cuenta, cambia tu suscripci\u00f3n a la modalidad Premium, as\u00ed podr\u00e1s a\u00f1adir otro usuario. Cada uno acceder\u00e1 con su propia cuenta de email, lo que os permitir\u00e1 personalizar vuestra experiencia en EL PA\u00cdS.<\/p>\n<p>\u00bfTienes una suscripci\u00f3n de empresa? Accede <a target=\"_blank\" rel=\"noreferrer\" href=\"https:\/\/elpais.com\/suscripciones\/premium\/upgrade\/\">aqu\u00ed<\/a> para contratar m\u00e1s cuentas.<\/p>\n<p>En el caso de no saber qui\u00e9n est\u00e1 usando tu cuenta, te recomendamos cambiar tu contrase\u00f1a <a target=\"_blank\" rel=\"noreferrer\" href=\"https:\/\/elpais.com\/subscriptions\/#\/forgot-password\">aqu\u00ed.<\/a><\/p>\n<p>Si decides continuar compartiendo tu cuenta, este mensaje se mostrar\u00e1 en tu dispositivo y en el de la otra persona que est\u00e1 usando tu cuenta de forma indefinida, afectando a tu experiencia de lectura. Puedes <a target=\"_blank\" rel=\"noreferrer\" href=\"https:\/\/elpais.com\/suscripciones\/condiciones-generales-servicios\/\">consultar aqu\u00ed los t\u00e9rminos y condiciones de la suscripci\u00f3n digital.<\/a><\/p>\n<\/div>\n<\/div>\n<\/div>\n<\/div>\n<\/div>\n<\/div>\n<\/div>\n<aside class=\"w w-sea\">\n<h2 class=\"w_t\">Sobre la firma<\/h2>\n<div class=\"w_b\">\n<div class=\"_g _g-xs\">\n<figure class=\"w-sea_f a_m-h c_m--nf\"><span class=\"a_m_w _db\"><img decoding=\"async\" alt=\"Mercedes L. Caballero\" class=\"_re lazyload a_m-h\" height=\"100\" width=\"100\" src=\"https:\/\/analyse.optim.biz\/wp-content\/uploads\/2026\/02\/https3a2f2fs3-amazonaws-com2farc-authors2fprisa2f1f32fe1c-3957-4ec7-9815-ef762773cef9.png\" loading=\"lazy\" title=\"https3a2f2fs3-amazonaws-com2farc-authors2fprisa2f1f32fe1c-3957-4ec7-9815-ef762773cef9\"><\/span><\/figure>\n<div class=\"w-sea_txt\">\n<div class=\"_df\">\n<div class=\"w-sea_txt_na\"><a href=\"https:\/\/elpais.com\/autor\/mercedes-lopez-caballero\/\" rel=\"autor_bottom\">Mercedes L. Caballero<\/a><\/div>\n<\/div>\n<div class=\"w-sea_txt_da _dn\">Periodista especializada en informaci\u00f3n y cr\u00edtica de danza desde principios de los a\u00f1os 2000 a trav\u00e9s de diversos medios de comunicaci\u00f3n de radio y prensa escrita. Es licenciada en Periodismo por la Universidad Complutense de Madrid.<\/div>\n<\/div>\n<\/div>\n<\/div>\n<\/aside>\n<aside class=\"w w-fid\">\n<div class=\"w_b\">\n<div class=\"w-fid_t\"><a href=\"https:\/\/plus.elpais.com\/newsletters\/lnp\/1\/411\">Recibe la informaci\u00f3n y la agenda del mundo del arte en tu correo<\/a><\/div>\n<div class=\"w-fid_s\">\n<div class=\"w_rs\">\n<div class=\"w_rs_i\"><a class=\"_btn\" href=\"https:\/\/facebook.com\/elpais\" rel=\"nofollow\"><span class=\"_sr\">Cultura El Pa\u00eds en Facebook<\/span><\/a><\/div>\n<div class=\"w_rs_i\"><a class=\"_btn\" href=\"https:\/\/www.instagram.com\/el_pais\/\" rel=\"nofollow\"><span class=\"_sr\">Cultura El Pa\u00eds en Instagram<\/span><\/a><\/div>\n<div class=\"w_rs_i\"><a class=\"_btn\" href=\"https:\/\/twitter.com\/el_pais\" rel=\"nofollow\"><span class=\"_sr\">Cultura El Pa\u00eds en Twitter<\/span><\/a><\/div>\n<\/div>\n<\/div>\n<\/div>\n<\/aside>\n<aside class=\"a_com w w-com _df\"><a class=\"a_com_l\" href=\"https:\/\/elpais.com\/info\/normas-de-participacion\/\">Normas \u203a<\/a><\/aside>\n<div class=\"me _pf\" id=\"me-c\">\n<div class=\"me_bg\">\n<div class=\"me-c _pa\" id=\"comments_container\" data-dtm-region=\"articulo_comentarios\">\n<div class=\"me_f me_f-os me_cc\"><a href=\"https:\/\/plus.elpais.com\/perfil\/actividad\/\">Mis comentarios<\/a><a href=\"https:\/\/elpais.com\/info\/normas-de-participacion\/\">Normas<\/a><\/div>\n<div class=\"me_f me_f-ns\"><span class=\"me_f_txt _db\">Rellena tu <b>nombre y apellido<\/b> para comentar<\/span><a href=\"https:\/\/plus.elpais.com\/autorization.html\/?prod=COM&amp;backURL=https%3A%2F%2Felpais.com%2Fcultura%2F2026-01-29%2Fvanesa-aibar-el-encuentro-del-flamenco-con-la-ciencia.html\" class=\"btn btn-2\">completar datos<\/a><\/div>\n<div class=\"me_f\" id=\"comments_msg\"><a class=\"btn btn-2\" href=\"https:\/\/elpais.com\/suscripciones\/#\/campaign?prod=SUSDIGCRART&amp;o=COM&amp;prm=suscrip_articulo_comentarios_el-pais&amp;backURL=https%3A%2F%2Felpais.com%2Fcultura%2F2026-01-29%2Fvanesa-aibar-el-encuentro-del-flamenco-con-la-ciencia.html\" id=\"comments_subscribe_link\" data-link-am=\"https:\/\/elpais.com\/suscripciones\/america\/#\/campaign?prod=SUSDIGCRARTAM&amp;o=COMAM&amp;prm=suscrip_articulo_comentarios_el-pais-america&amp;backURL=https%3A%2F%2Felpais.com%2Fcultura%2F2026-01-29%2Fvanesa-aibar-el-encuentro-del-flamenco-con-la-ciencia.html\" data-link-mx=\"https:\/\/elpais.com\/suscripciones\/america\/#\/campaign?prod=SUSDIGMX&amp;o=COMMX&amp;prm=suscrip_articulo_comentarios_el-pais-mexico&amp;backURL=https%3A%2F%2Felpais.com%2Fcultura%2F2026-01-29%2Fvanesa-aibar-el-encuentro-del-flamenco-con-la-ciencia.html\" data-link-co=\"https:\/\/elpais.com\/suscripciones\/america\/#\/campaign?prod=SUSDIGCOL&amp;o=COMCOL&amp;prm=suscrip_articulo_comentarios_el-pais_colombia&amp;backURL=https%3A%2F%2Felpais.com%2Fcultura%2F2026-01-29%2Fvanesa-aibar-el-encuentro-del-flamenco-con-la-ciencia.html\" data-link-ar=\"https:\/\/elpais.com\/suscripciones\/america\/#\/campaign?prod=SUSDIGCRARTAR&amp;o=COMAR&amp;backURL=https%3A%2F%2Felpais.com%2Fcultura%2F2026-01-29%2Fvanesa-aibar-el-encuentro-del-flamenco-con-la-ciencia.html\" data-link-cl=\"https:\/\/elpais.com\/suscripciones\/america\/#\/campaign?prod=SUSDIGCHILE&amp;o=COMCHILE&amp;backURL=https%3A%2F%2Felpais.com%2Fcultura%2F2026-01-29%2Fvanesa-aibar-el-encuentro-del-flamenco-con-la-ciencia.html\" data-link-us=\"https:\/\/elpais.com\/suscripciones\/america\/#\/campaign?prod=SUSDIGCRARTEUCAN&amp;o=COMUS&amp;prm=suscrip_articulo_comentarios_el-pais_eucan&amp;backURL=https%3A%2F%2Felpais.com%2Fcultura%2F2026-01-29%2Fvanesa-aibar-el-encuentro-del-flamenco-con-la-ciencia.html\">Suscr\u00edbete en El Pa\u00eds para participar<\/a><a class=\"btn btn-3\" href=\"https:\/\/elpais.com\/subscriptions\/#\/sign-in?prod=REG&amp;o=COM&amp;prm=login_articulo_comentarios_el-pais&amp;backURL=https%3A%2F%2Felpais.com%2Fcultura%2F2026-01-29%2Fvanesa-aibar-el-encuentro-del-flamenco-con-la-ciencia.html\" id=\"comments_login_link\" data-link-am=\"https:\/\/elpais.com\/subscriptions\/#\/sign-in?prod=REG&amp;o=COM&amp;prm=login_articulo_comentarios_el-pais-america&amp;backURL=https%3A%2F%2Felpais.com%2Fcultura%2F2026-01-29%2Fvanesa-aibar-el-encuentro-del-flamenco-con-la-ciencia.html\" data-link-mx=\"https:\/\/elpais.com\/subscriptions\/#\/sign-in?prod=REG&amp;o=COM&amp;prm=login_articulo_comentarios_el-pais-mexico&amp;backURL=https%3A%2F%2Felpais.com%2Fcultura%2F2026-01-29%2Fvanesa-aibar-el-encuentro-del-flamenco-con-la-ciencia.html\" data-link-co=\"https:\/\/elpais.com\/subscriptions\/#\/sign-in?prod=REG&amp;o=COM&amp;backURL=https%3A%2F%2Felpais.com%2Fcultura%2F2026-01-29%2Fvanesa-aibar-el-encuentro-del-flamenco-con-la-ciencia.html\" data-link-ar=\"https:\/\/elpais.com\/subscriptions\/#\/sign-in?prod=REG&amp;o=COM&amp;backURL=https%3A%2F%2Felpais.com%2Fcultura%2F2026-01-29%2Fvanesa-aibar-el-encuentro-del-flamenco-con-la-ciencia.html\" data-link-cl=\"https:\/\/elpais.com\/subscriptions\/#\/sign-in?prod=REG&amp;o=COM&amp;backURL=https%3A%2F%2Felpais.com%2Fcultura%2F2026-01-29%2Fvanesa-aibar-el-encuentro-del-flamenco-con-la-ciencia.html\" data-link-us=\"https:\/\/elpais.com\/subscriptions\/#\/sign-in?prod=REG&amp;o=COM&amp;backURL=https%3A%2F%2Felpais.com%2Fcultura%2F2026-01-29%2Fvanesa-aibar-el-encuentro-del-flamenco-con-la-ciencia.html\">Ya tengo una suscripci\u00f3n<\/a><\/div>\n<p>Please enable JavaScript to view the &lt;a href=&#8221;https:\/\/disqus.com\/?ref_noscript&#8221; rel=&#8221;nofollow&#8221;&gt; comments powered by Disqus.&lt;\/a&gt;<\/p><\/div>\n<\/div>\n<\/div>\n<aside class=\"w w-rel\" data-dtm-region=\"articulo_mas-informacion\">\n<h2 class=\"w_t\">M\u00e1s informaci\u00f3n<\/h2>\n<ul class=\"w_b _ls\">\n<li class=\"_g _g-xs w-rel_n\">\n<div class=\" a_m-h c_m--nf\"><span class=\"_db _pr\"><img decoding=\"async\" class=\"_re lazyload a_m-h\" height=\"311\" width=\"414\" src=\"https:\/\/analyse.optim.biz\/wp-content\/uploads\/2026\/02\/v632zqpk2zhplolx7jtqpfaxre.jpg\" loading=\"lazy\" title=\"v632zqpk2zhplolx7jtqpfaxre\"><\/span><\/div>\n<div class=\"nt\">\n<h3 class=\"nt_t\"><a href=\"https:\/\/elpais.com\/cultura\/2026-01-24\/marina-abramovic-artista-ahora-que-me-puedo-permitir-las-malas-criticas-no-encuentro-ninguna.html#?rel=mas\">Marina Abramovi\u0107, artista: \u201cAhora que me puedo permitir las malas cr\u00edticas, no encuentro ninguna\u201d<\/a><\/h3>\n<div class=\"nt_a\"><a href=\"https:\/\/elpais.com\/autor\/benjamin-garcia-rosado\/\" title=\"Ver todas las noticias de Benjam\u00edn G. Rosado\">Benjam\u00edn G. Rosado<\/a> | Madrid<\/div>\n<\/div>\n<\/li>\n<li class=\"_g _g-xs w-rel_n\">\n<div class=\" a_m-h c_m--nf\"><span class=\"_db _pr\"><img decoding=\"async\" class=\"_re lazyload a_m-h\" height=\"311\" width=\"414\" src=\"https:\/\/analyse.optim.biz\/wp-content\/uploads\/2026\/02\/rjxhwavxp5oe5mxxq3qk2hkezu.jpg\" loading=\"lazy\" title=\"rjxhwavxp5oe5mxxq3qk2hkezu\"><\/span><\/div>\n<div class=\"nt\">\n<h3 class=\"nt_t\"><a href=\"https:\/\/elpais.com\/cultura\/2026-01-09\/oriol-pla-despliega-su-arsenal-teatral-tras-la-gloria-del-premio-emmy.html#?rel=mas\">Oriol Pla despliega su arsenal teatral tras la gloria del premio Emmy<\/a><\/h3>\n<div class=\"nt_a\"><a href=\"https:\/\/elpais.com\/autor\/raquel-vidales\/\" title=\"Ver todas las noticias de Raquel Vidales\">Raquel Vidales<\/a> | Madrid<\/div>\n<\/div>\n<\/li>\n<\/ul>\n<\/aside>\n<section class=\"w w-ae\" data-dtm-region=\"articulo_archivado-en\">\n<h2 class=\"w_t\">Archivado En<\/h2>\n<div class=\"w_b\">\n<ul class=\"w_ul w_ul--mh _df _ls\">\n<li><a href=\"https:\/\/elpais.com\/noticias\/cultura\/#?rel=arch\" rel=\"noopener noreferrer\">Cultura<\/a><\/li>\n<li><a href=\"https:\/\/elpais.com\/noticias\/danza\/#?rel=arch\" rel=\"noopener noreferrer\">Danza<\/a><\/li>\n<li><a href=\"https:\/\/elpais.com\/noticias\/artes-escenicas\/#?rel=arch\" rel=\"noopener noreferrer\">Artes esc\u00e9nicas<\/a><\/li>\n<li><a href=\"https:\/\/elpais.com\/noticias\/flamenco\/#?rel=arch\" rel=\"noopener noreferrer\">Flamenco<\/a><\/li>\n<li><a href=\"https:\/\/elpais.com\/noticias\/coreografos\/#?rel=arch\" rel=\"noopener noreferrer\">Core\u00f3grafos<\/a><\/li>\n<li><a href=\"https:\/\/elpais.com\/noticias\/bailarines\/#?rel=arch\" rel=\"noopener noreferrer\">Bailarines<\/a><\/li>\n<li><a href=\"https:\/\/elpais.com\/noticias\/estrenos-teatro\/#?rel=arch\" rel=\"noopener noreferrer\">Estrenos teatro<\/a><\/li>\n<li><a href=\"https:\/\/elpais.com\/noticias\/espectaculos\/#?rel=arch\" rel=\"noopener noreferrer\">Espect\u00e1culos<\/a><\/li>\n<\/ul>\n<\/div>\n<\/section>\n<aside class=\"a_tp _df\">\n<div class=\"a_tp_txt\"><span class=\"a_tp_t\">Se adhiere a los criterios de<\/span><\/p>\n<figure class=\"a_m a_m-h c_m--nf\"><a class=\"a_tp_i _dib\" href=\"https:\/\/elpais.com\/estaticos\/que-es-the-trust-project\/\" target=\"_blank\" rel=\"noopener noreferrer nofollow\"><img decoding=\"async\" alt=\"The Trust Project\" class=\" lazyload a_m-h\" height=\"20\" width=\"117\" src=\"https:\/\/analyse.optim.biz\/wp-content\/uploads\/2026\/02\/the-trust-project-5.svg\" loading=\"lazy\" title=\"the-trust-project-5\"><\/a><\/figure>\n<p><a class=\"a_tp_mi\" href=\"https:\/\/elpais.com\/estaticos\/codigo-etico\/\" target=\"_blank\" rel=\"noopener noreferrer nofollow\">M\u00e1s informaci\u00f3n<\/a><\/div>\n<div class=\"a_tp_si\">Si est\u00e1 interesado en licenciar este contenido, pinche <a class=\"a_tp_si_l\" href=\"https:\/\/profesional.elpais.com\/soluciones-sindicacion\/?utm_medium=interno&amp;utm_source=crosslinking&amp;utm_campaign=sindicacion_ep_pie_articulos\" target=\"_blank\" rel=\"noopener noreferrer nofollow\">aqu\u00ed<\/a><\/div>\n<\/aside>\n<div class=\"a_o _pr\" data-dtm-region=\"articulo_right-rail\">\n<div id=\"elpais_gpt-MPU1\" data-adtype=\"MPU\" class=\"ad ad-mpu\"><span class=\"_dn\">_<\/span><\/div>\n<section class=\"w w-sc b_col\" data-dtm-region=\"articulo_ultimas-noticias\">\n<header class=\"w_h b_col_h\">\n<h3 class=\"w_t\"><a href=\"https:\/\/elpais.com\/ultimas-noticias\/\" rel=\"story-card-ultimas-noticias\">\u00daltimas noticias<\/a><\/h3>\n<\/header>\n<div class=\"w_b\">\n<article class=\"c  c--m-n   \" data-word=\"0\">\n<header class=\"c_h\"><time datetime=\"2026-02-01T21:19:44+01:00\" class=\"c_da\">21:19<\/time><\/p>\n<h2 class=\"c_t \"><a href=\"https:\/\/elpais.com\/mexico\/2026-02-01\/claudia-sheinbaum-reprende-a-los-morenistas-de-baja-california-hay-que-trabajar-mas-con-la-gente.html?autoplay=1\">Claudia Sheinbaum reprende a los morenistas de Baja California: \u201c\u00a1Hay que trabajar m\u00e1s con la gente!\u201d<\/a><\/h2>\n<\/header>\n<\/article>\n<article class=\"c  c--m-n   \" data-word=\"0\">\n<header class=\"c_h\"><time datetime=\"2026-02-01T21:01:04+01:00\" class=\"c_da\">21:01<\/time><\/p>\n<h2 class=\"c_t \"><a href=\"https:\/\/elpais.com\/deportes\/2026-02-01\/dinamarca-vence-a-alemania-en-la-final-del-europeo-de-balonmano-y-se-coloca-la-triple-corona.html\">Dinamarca vence a Alemania en la final del Europeo de balonmano y se coloca la triple corona<\/a><\/h2>\n<\/header>\n<\/article>\n<article class=\"c  c--m-n   \" data-word=\"0\">\n<header class=\"c_h\"><time datetime=\"2026-02-01T20:54:06+01:00\" class=\"c_da\">20:54<\/time><\/p>\n<h2 class=\"c_t \"><a href=\"https:\/\/elpais.com\/us\/2026-02-01\/en-directo-la-alfombra-roja-de-los-premios-grammy-2026.html?autoplay=1\">En directo, la alfombra roja de los Premios Grammy 2026<\/a><\/h2>\n<\/header>\n<\/article>\n<article class=\"c  c--m-n   \" data-word=\"0\">\n<header class=\"c_h\"><time datetime=\"2026-02-01T20:34:52+01:00\" class=\"c_da\">20:34<\/time><\/p>\n<h2 class=\"c_t \"><a href=\"https:\/\/elpais.com\/mexico\/2026-02-01\/el-gobierno-envia-a-mas-de-1000-militares-para-localizar-a-los-10-mineros-secuestrados-en-sinaloa.html\">El Gobierno env\u00eda a m\u00e1s de 1.000 militares para localizar a los 10 mineros secuestrados en Sinaloa<\/a><\/h2>\n<\/header>\n<\/article>\n<\/div>\n<\/section>\n<aside class=\"w w-lmv\" data-dtm-region=\"articulo_lom\">\n<h2 class=\"w_t\"><a href=\"https:\/\/elpais.com\/lo-mas-visto\/\">Lo m\u00e1s visto<\/a><\/h2>\n<div class=\"w_b\">\n<ol class=\"_ls\">\n<li><a href=\"https:\/\/elpais.com\/espana\/2026-01-30\/el-pp-se-niega-a-retirar-la-medalla-de-oro-que-alcantarilla-concedio-a-franco-porque-no-exalta-la-dictadura.html#?rel=lom\">El PP se niega a retirar la Medalla de Oro que Alcantarilla concedi\u00f3 a Franco porque \u201cno exalta la dictadura\u201d<\/a><\/li>\n<li><a href=\"https:\/\/elpais.com\/deportes\/tenis\/2026-02-01\/carlos-alcaraz-novak-djokovic-en-directo-la-final-del-open-de-australia-en-vivo.html#?rel=lom\">As\u00ed te hemos contado la victoria de Carlos Alcaraz en el Open de Australia ante Novak Djokovic<\/a><\/li>\n<li><a href=\"https:\/\/elpais.com\/deportes\/tenis\/2026-01-31\/john-mcenroe-alcaraz-sabe-perfectamente-quien-necesita-a-su-alrededor.html#?rel=lom\">John McEnroe: \u201cAlcaraz sabe perfectamente a qui\u00e9n necesita a su alrededor\u201d<\/a><\/li>\n<li><a href=\"https:\/\/elpais.com\/clima-y-medio-ambiente\/2026-02-01\/deconstruccion-de-la-costa-asi-se-esta-quitando-ya-hormigon-para-dar-mas-espacio-a-las-playas-frente-a-los-temporales.html#?rel=lom\">Deconstrucci\u00f3n de la costa: as\u00ed se est\u00e1 quitando ya hormig\u00f3n para dar m\u00e1s espacio a las playas frente a los temporales<\/a><\/li>\n<li><a href=\"https:\/\/elpais.com\/espana\/madrid\/2026-01-31\/seis-anos-despues-victoria-para-la-hija-de-un-fallecido-en-residencias-en-una-disputa-con-el-gobierno-de-ayuso.html#?rel=lom\">Tras seis a\u00f1os de derrotas, una de las hijas de fallecidos en residencias gana al Gobierno de Ayuso<\/a><\/li>\n<\/ol>\n<\/div>\n<\/aside>\n<\/div>\n<\/article>\n<article class=\"c  c--m-n   \" data-word=\"0\">\n<header class=\"c_h\"><time datetime=\"2026-02-01T21:19:44+01:00\" class=\"c_da\">21:19<\/time><\/p>\n<h2 class=\"c_t \"><a href=\"https:\/\/elpais.com\/mexico\/2026-02-01\/claudia-sheinbaum-reprende-a-los-morenistas-de-baja-california-hay-que-trabajar-mas-con-la-gente.html?autoplay=1\">Claudia Sheinbaum reprende a los morenistas de Baja California: \u201c\u00a1Hay que trabajar m\u00e1s con la gente!\u201d<\/a><\/h2>\n<\/header>\n<\/article>\n<article class=\"c  c--m-n   \" data-word=\"0\">\n<header class=\"c_h\"><time datetime=\"2026-02-01T21:01:04+01:00\" class=\"c_da\">21:01<\/time><\/p>\n<h2 class=\"c_t \"><a href=\"https:\/\/elpais.com\/deportes\/2026-02-01\/dinamarca-vence-a-alemania-en-la-final-del-europeo-de-balonmano-y-se-coloca-la-triple-corona.html\">Dinamarca vence a Alemania en la final del Europeo de balonmano y se coloca la triple corona<\/a><\/h2>\n<\/header>\n<\/article>\n<article class=\"c  c--m-n   \" data-word=\"0\">\n<header class=\"c_h\"><time datetime=\"2026-02-01T20:54:06+01:00\" class=\"c_da\">20:54<\/time><\/p>\n<h2 class=\"c_t \"><a href=\"https:\/\/elpais.com\/us\/2026-02-01\/en-directo-la-alfombra-roja-de-los-premios-grammy-2026.html?autoplay=1\">En directo, la alfombra roja de los Premios Grammy 2026<\/a><\/h2>\n<\/header>\n<\/article>\n<article class=\"c  c--m-n   \" data-word=\"0\">\n<header class=\"c_h\"><time datetime=\"2026-02-01T20:34:52+01:00\" class=\"c_da\">20:34<\/time><\/p>\n<h2 class=\"c_t \"><a href=\"https:\/\/elpais.com\/mexico\/2026-02-01\/el-gobierno-envia-a-mas-de-1000-militares-para-localizar-a-los-10-mineros-secuestrados-en-sinaloa.html\">El Gobierno env\u00eda a m\u00e1s de 1.000 militares para localizar a los 10 mineros secuestrados en Sinaloa<\/a><\/h2>\n<\/header>\n<\/article>\n<p> Source URL: https:\/\/elpais.com\/cultura\/2026-01-29\/vanesa-aibar-el-encuentro-del-flamenco-con-la-ciencia.html<\/p>\n","protected":false},"excerpt":{"rendered":"<p>DANZA Vanesa Aibar, el encuentro del flamenco con la ciencia Tras ganar el Premio Max con su anterior espect\u00e1culo, la bailaora estrena un nuevo trabajo inspirado en las investigaciones del cristal\u00f3grafo Juan Manuel Garc\u00eda-Ruiz La bailaora Vanesa Aibar, retratada en el caf\u00e9 Barbieri de Madrid. SAMUEL S\u00e1NCHEZ Mercedes L. Caballero Madrid &#8211; 29 ene 2026 [&hellip;]<\/p>\n","protected":false},"author":1,"featured_media":1683871,"comment_status":"open","ping_status":"","sticky":false,"template":"","format":"standard","meta":{"footnotes":""},"categories":[88],"tags":[226,92],"class_list":["post-1683870","post","type-post","status-publish","format-standard","has-post-thumbnail","hentry","category-spain","tag-crawlmanager","tag-elpais-com"],"_links":{"self":[{"href":"https:\/\/analyse.optim.biz\/index.php?rest_route=\/wp\/v2\/posts\/1683870","targetHints":{"allow":["GET"]}}],"collection":[{"href":"https:\/\/analyse.optim.biz\/index.php?rest_route=\/wp\/v2\/posts"}],"about":[{"href":"https:\/\/analyse.optim.biz\/index.php?rest_route=\/wp\/v2\/types\/post"}],"author":[{"embeddable":true,"href":"https:\/\/analyse.optim.biz\/index.php?rest_route=\/wp\/v2\/users\/1"}],"replies":[{"embeddable":true,"href":"https:\/\/analyse.optim.biz\/index.php?rest_route=%2Fwp%2Fv2%2Fcomments&post=1683870"}],"version-history":[{"count":0,"href":"https:\/\/analyse.optim.biz\/index.php?rest_route=\/wp\/v2\/posts\/1683870\/revisions"}],"wp:featuredmedia":[{"embeddable":true,"href":"https:\/\/analyse.optim.biz\/index.php?rest_route=\/wp\/v2\/media\/1683871"}],"wp:attachment":[{"href":"https:\/\/analyse.optim.biz\/index.php?rest_route=%2Fwp%2Fv2%2Fmedia&parent=1683870"}],"wp:term":[{"taxonomy":"category","embeddable":true,"href":"https:\/\/analyse.optim.biz\/index.php?rest_route=%2Fwp%2Fv2%2Fcategories&post=1683870"},{"taxonomy":"post_tag","embeddable":true,"href":"https:\/\/analyse.optim.biz\/index.php?rest_route=%2Fwp%2Fv2%2Ftags&post=1683870"}],"curies":[{"name":"wp","href":"https:\/\/api.w.org\/{rel}","templated":true}]}}