{"id":1683786,"date":"2026-01-29T04:30:01","date_gmt":"2026-01-29T01:30:01","guid":{"rendered":"https:\/\/analyse.optim.biz\/?p=1683786"},"modified":"2026-01-29T04:30:01","modified_gmt":"2026-01-29T01:30:01","slug":"de-gaza-a-venezuela-el-hay-festival-en-cartagena-abre-sus-puertas-a-debatir-las-crisis-geopoliticas","status":"publish","type":"post","link":"https:\/\/analyse.optim.biz\/?p=1683786","title":{"rendered":"De Gaza a Venezuela, el Hay Festival en Cartagena abre sus puertas a debatir las crisis geopol\u00edticas"},"content":{"rendered":"<article id=\"main-content\" class=\"a _g _g-lg _g-o\">\n<header class=\"a_e _g _g-xs\">\n<div class=\"a_e_txt _df\">\n<div class=\"a_k _df\"><a class=\"a_k_n\" href=\"https:\/\/elpais.com\/noticias\/hay-festival\/\">Hay Festival<\/a><\/div>\n<h1 class=\"a_t\">De Gaza a Venezuela, el Hay Festival en Cartagena abre sus puertas a debatir las crisis geopol\u00edticas<\/h1>\n<p class=\"a_st\">EL PA\u00cdS conmemora el 50 aniversario del peri\u00f3dico con varios actos en el festival literario colombiano, donde estar\u00e1n Mar\u00eda Corina Machado y Silvio Rodr\u00edguez, entre otros<\/p>\n<\/div>\n<div class=\"a_e_m\">\n<figure class=\"a_m a_m-h \"><span class=\"a_m_w _db\"><img fetchpriority=\"high\" decoding=\"async\" alt=\"La edici\u00f3n n\u00famero 20 del Hay Festival en Cartagena, el a\u00f1o pasado.\" class=\"_re  a_m-h\" height=\"276\" width=\"414\" src=\"https:\/\/analyse.optim.biz\/wp-content\/uploads\/2026\/02\/u6lim3lpsrhhjpawjhou53io5m-1.jpg\" loading=\"eager\" title=\"u6lim3lpsrhhjpawjhou53io5m-1\"><\/span><figcaption class=\"a_m_p\" aria-hidden=\"true\"><span>La edici\u00f3n n\u00famero 20 del Hay Festival en Cartagena, el a\u00f1o pasado.<\/span><span class=\"a_m_m\">CHELO CAMACHO<\/span><\/figcaption><\/figure>\n<\/div>\n<\/header>\n<div class=\"a_md _g _g-xs \">\n<figure class=\"a_md_i a_m-h c_m--nf\"><span class=\"a_m_w _db\"><img decoding=\"async\" alt=\"Camila Osorio\" class=\"_re lazyload a_m-h\" height=\"100\" width=\"100\" src=\"https:\/\/analyse.optim.biz\/wp-content\/uploads\/2026\/02\/https3a2f2fs3-amazonaws-com2farc-authors2fprisa2fcaee19d7-78c6-4567-85b1-1c6b0e6c7097.jpg\" loading=\"lazy\" title=\"https3a2f2fs3-amazonaws-com2farc-authors2fprisa2fcaee19d7-78c6-4567-85b1-1c6b0e6c7097\"><\/span><\/figure>\n<div class=\"a_md_txt\">\n<div class=\"a_md_a\" data-dtm-region=\"articulo_firma\"><a href=\"https:\/\/elpais.com\/autor\/camila-osorio-avendano\/#?rel=author_top\" title=\"Ver todas las noticias de Camila Osorio\" class=\"a_md_a_n\">Camila Osorio<\/a><\/div>\n<div class=\"a_md_f\"><span>Bogot\u00e1 &#8211; <a href=\"https:\/\/elpais.com\/hemeroteca\/2026-01-29\/\" data-date=\"2026-01-29T05:30:01+01:00\"><time data-date=\"2026-01-29T05:30:01+01:00\" datetime=\"2026-01-29T05:30:01+01:00\" id=\"article_date_p\">29 ene 2026 &#8211; 05:30<abbr title=\"Central European Time\">CET<\/abbr><\/time><\/a><\/span><\/div>\n<div class=\"w_rs\" data-dtm-region=\"articulo_botonera-social\">\n<div class=\"w_rs_i\"><a class=\"_btn hidden\" href=\"\/\/send?text=De%20Gaza%20a%20Venezuela%2C%20el%20Hay%20Festival%20en%20Cartagena%20abre%20sus%20puertas%20a%20debatir%20las%20crisis%20geopol%C3%ADticas%0D%0A%0D%0Ahttps%3A%2F%2Felpais.com%2Famerica-colombia%2F2026-01-29%2Fde-gaza-a-venezuela-el-hay-festival-en-cartagena-abre-sus-puertas-a-debatir-las-crisis-geopoliticas.html%3Fssm=whatsapp_CC\" data-action=\"share\/whatsapp\/share\" data-param-description=\"De Gaza a Venezuela, el Hay Festival en Cartagena abre sus puertas a debatir las crisis geopol\u00edticas\" data-param-href=\"https:\/\/elpais.com\/america-colombia\/2026-01-29\/de-gaza-a-venezuela-el-hay-festival-en-cartagena-abre-sus-puertas-a-debatir-las-crisis-geopoliticas.html\" data-param-text=\"De Gaza a Venezuela, el Hay Festival en Cartagena abre sus puertas a debatir las crisis geopol\u00edticas https:\/\/elpais.com\/america-colombia\/2026-01-29\/de-gaza-a-venezuela-el-hay-festival-en-cartagena-abre-sus-puertas-a-debatir-las-crisis-geopoliticas.html\" data-param-url=\"https:\/\/elpais.com\/america-colombia\/2026-01-29\/de-gaza-a-venezuela-el-hay-festival-en-cartagena-abre-sus-puertas-a-debatir-las-crisis-geopoliticas.html\" target=\"_blank\" rel=\"noopener noreferrer\" data-share-track-dtm=\"whatsapp\" id=\"btn_share_whatsapp_766\"><span class=\"_sr\">Compartir en Whatsapp<\/span><\/a><\/div>\n<div class=\"w_rs_i\"><a class=\"_btn \" href=\"https:\/\/www.facebook.com\/dialog\/share?display=popup&amp;app_id=94039431626&amp;href=https%3A%2F%2Felpais.com%2Famerica-colombia%2F2026-01-29%2Fde-gaza-a-venezuela-el-hay-festival-en-cartagena-abre-sus-puertas-a-debatir-las-crisis-geopoliticas.html%3Fssm=FB_CC&amp;quote=De%20Gaza%20a%20Venezuela%2C%20el%20Hay%20Festival%20en%20Cartagena%20abre%20sus%20puertas%20a%20debatir%20las%20crisis%20geopol%C3%ADticas\" data-param-app_id=\"94039431626\" data-param-description=\"De Gaza a Venezuela, el Hay Festival en Cartagena abre sus puertas a debatir las crisis geopol\u00edticas\" data-param-href=\"https:\/\/elpais.com\/america-colombia\/2026-01-29\/de-gaza-a-venezuela-el-hay-festival-en-cartagena-abre-sus-puertas-a-debatir-las-crisis-geopoliticas.html\" data-param-text=\"De Gaza a Venezuela, el Hay Festival en Cartagena abre sus puertas a debatir las crisis geopol\u00edticas\" data-param-url=\"https:\/\/elpais.com\/america-colombia\/2026-01-29\/de-gaza-a-venezuela-el-hay-festival-en-cartagena-abre-sus-puertas-a-debatir-las-crisis-geopoliticas.html\" target=\"_blank\" rel=\"noopener noreferrer\" data-share-track-dtm=\"facebook\" id=\"btn_share_facebook_766\"><span class=\"_sr\">Compartir en Facebook<\/span><\/a><\/div>\n<div class=\"w_rs_i\"><a class=\"_btn \" href=\"https:\/\/twitter.com\/intent\/tweet?url=https%3A%2F%2Felpais.com%2Famerica-colombia%2F2026-01-29%2Fde-gaza-a-venezuela-el-hay-festival-en-cartagena-abre-sus-puertas-a-debatir-las-crisis-geopoliticas.html%3Fssm=TW_CC&amp;text=De%20Gaza%20a%20Venezuela%2C%20el%20Hay%20Festival%20en%20Cartagena%20abre%20sus%20puertas%20a%20debatir%20las%20crisis%20geopol%C3%ADticas&amp;via=el_pais&amp;lang=es\" data-param-description=\"De Gaza a Venezuela, el Hay Festival en Cartagena abre sus puertas a debatir las crisis geopol\u00edticas\" data-param-href=\"https:\/\/elpais.com\/america-colombia\/2026-01-29\/de-gaza-a-venezuela-el-hay-festival-en-cartagena-abre-sus-puertas-a-debatir-las-crisis-geopoliticas.html\" data-param-text=\"De Gaza a Venezuela, el Hay Festival en Cartagena abre sus puertas a debatir las crisis geopol\u00edticas via @el_pais\" data-param-url=\"https:\/\/elpais.com\/america-colombia\/2026-01-29\/de-gaza-a-venezuela-el-hay-festival-en-cartagena-abre-sus-puertas-a-debatir-las-crisis-geopoliticas.html\" target=\"_blank\" rel=\"noopener noreferrer\" data-share-track-dtm=\"twitter\" id=\"btn_share_twitter_766\"><span class=\"_sr\">Compartir en Twitter<\/span><\/a><\/div>\n<div class=\"w_rs_i\"><a class=\"_btn \" href=\"https:\/\/bsky.app\/intent\/compose?text=https%3A%2F%2Felpais.com%2Famerica-colombia%2F2026-01-29%2Fde-gaza-a-venezuela-el-hay-festival-en-cartagena-abre-sus-puertas-a-debatir-las-crisis-geopoliticas.html%3Fssm=bsky_CC\" data-param-description=\"De Gaza a Venezuela, el Hay Festival en Cartagena abre sus puertas a debatir las crisis geopol\u00edticas\" data-param-href=\"https:\/\/elpais.com\/america-colombia\/2026-01-29\/de-gaza-a-venezuela-el-hay-festival-en-cartagena-abre-sus-puertas-a-debatir-las-crisis-geopoliticas.html\" data-param-text=\"De Gaza a Venezuela, el Hay Festival en Cartagena abre sus puertas a debatir las crisis geopol\u00edticas\" data-param-url=\"https:\/\/elpais.com\/america-colombia\/2026-01-29\/de-gaza-a-venezuela-el-hay-festival-en-cartagena-abre-sus-puertas-a-debatir-las-crisis-geopoliticas.html\" target=\"_blank\" rel=\"noopener noreferrer\" data-share-track-dtm=\"bluesky\" id=\"btn_share_bluesky_766\"><span class=\"_sr\">Compartir en Bluesky<\/span><\/a><\/div>\n<div class=\"w_rs_i\"><a class=\"_btn \" href=\"https:\/\/www.linkedin.com\/sharing\/share-offsite\/?url=https%3A%2F%2Felpais.com%2Famerica-colombia%2F2026-01-29%2Fde-gaza-a-venezuela-el-hay-festival-en-cartagena-abre-sus-puertas-a-debatir-las-crisis-geopoliticas.html%3Fssm=LK_CC\" data-param-description=\"De Gaza a Venezuela, el Hay Festival en Cartagena abre sus puertas a debatir las crisis geopol\u00edticas\" data-param-href=\"https:\/\/elpais.com\/america-colombia\/2026-01-29\/de-gaza-a-venezuela-el-hay-festival-en-cartagena-abre-sus-puertas-a-debatir-las-crisis-geopoliticas.html\" data-param-text=\"De Gaza a Venezuela, el Hay Festival en Cartagena abre sus puertas a debatir las crisis geopol\u00edticas\" data-param-url=\"https:\/\/elpais.com\/america-colombia\/2026-01-29\/de-gaza-a-venezuela-el-hay-festival-en-cartagena-abre-sus-puertas-a-debatir-las-crisis-geopoliticas.html\" target=\"_blank\" rel=\"noopener noreferrer\" data-share-track-dtm=\"linkedin\" id=\"btn_share_linkedin_766\"><span class=\"_sr\">Compartir en Linkedin<\/span><\/a><\/div>\n<div class=\"w_rs_i\"><a class=\"_btn rs_l\" href=\"https:\/\/elpais.com\/america-colombia\/2026-01-29\/de-gaza-a-venezuela-el-hay-festival-en-cartagena-abre-sus-puertas-a-debatir-las-crisis-geopoliticas.html#?prm=copy_link\" data-share-track-dtm=\"copiar_url\" id=\"btn_share_link_8\"><span class=\"_sr\">Copiar enlace<\/span><\/a><\/div>\n<\/div>\n<\/div>\n<\/div>\n<div class=\"a_c clearfix\" data-dtm-region=\"articulo_cuerpo\">\n<p class>Uno de los eventos culturales m\u00e1s importantes para Colombia, el <a href=\"https:\/\/www.hayfestival.com\/cartagena\/inicio\" target=\"_blank\" rel title=\"https:\/\/www.hayfestival.com\/cartagena\/inicio\">Hay Festival<\/a>, que se celebra anualmente, abre sus puertas este jueves en su edici\u00f3n n\u00famero 21 en medio de una delicada crisis geopol\u00edtica. Frente al mar Caribe de la ciudad amurallada, a donde llegar\u00e1n 180 invitados de todas partes del mundo, el Gobierno de <a href=\"https:\/\/elpais.com\/america-colombia\/2026-01-02\/petro-desafia-a-estados-unidos-al-geolocalizar-uno-de-los-bombardeos-a-lanchas-en-el-pacifico.html\" target=\"_self\" rel title=\"https:\/\/elpais.com\/america-colombia\/2026-01-02\/petro-desafia-a-estados-unidos-al-geolocalizar-uno-de-los-bombardeos-a-lanchas-en-el-pacifico.html\">Estados Unidos ha bombardeado varias lanchas<\/a> en el \u00faltimo semestre con el argumento de que en estas se traficaba droga. Luego, en el pa\u00eds vecino, <a href=\"https:\/\/elpais.com\/america\/2026-01-15\/venezuela-ensaya-una-normalidad-forzada-tras-la-captura-de-maduro.html\" target=\"_self\" rel title=\"https:\/\/elpais.com\/america\/2026-01-15\/venezuela-ensaya-una-normalidad-forzada-tras-la-captura-de-maduro.html\">hay una tensa calma<\/a> desde que Washington bombarde\u00f3 Caracas hace tres semanas y captur\u00f3 al l\u00edder del r\u00e9gimen, Nicol\u00e1s Maduro. Los invitados llegan con dudas adem\u00e1s sobre el futuro para Groenlandia, Europa, Gaza. \u201cVivimos momentos complejos, de cambio total, y por eso dir\u00eda que este festival va mucho sobre eso: geopol\u00edtica\u201d, cuenta <a href=\"https:\/\/elpais.com\/cultura\/2023-09-13\/cristina-fuentes-hemos-contribuido-a-los-cambios-en-america-latina.html\" target=\"_self\" rel title=\"https:\/\/elpais.com\/cultura\/2023-09-13\/cristina-fuentes-hemos-contribuido-a-los-cambios-en-america-latina.html\">Cristina Fuentes La Roche<\/a>, directora internacional del festival. \u201cCreo que por todas esas crisis, m\u00e1s que nunca, hay una necesidad de reunirnos, de sacar los debates de la virtualidad y escucharnos\u201d, a\u00f1ade.<\/p>\n<p class>EL PA\u00cdS tendr\u00e1 una celebraci\u00f3n especial este a\u00f1o en el festival, ya que el <a href=\"https:\/\/elpais.com\/aniversario\/2026-01-15\/queda-mucho-por-hacer.html\" target=\"_self\" rel title=\"https:\/\/elpais.com\/aniversario\/2026-01-15\/queda-mucho-por-hacer.html\">4 mayo este diario cumple 50 a\u00f1os desde su fundaci\u00f3n<\/a> en un momento clave en la historia de la democracia en Espa\u00f1a, tan solo seis meses despu\u00e9s de la muerte de Francisco Franco. Jan Mart\u00ednez Ahrens, director de EL PA\u00cdS, hablar\u00e1 el domingo con Carlos Chamorro, director del medio nicarag\u00fcense <i>Confidencial, <\/i>y Denise Maerker<i>, <\/i>reconocida periodista mexicana que presenta en N+. La charla ser\u00e1 moderada por Diana Calder\u00f3n, directora del programa <i>Hora 20<\/i> en Caracol Radio. <\/p>\n<p class>Varios columnistas de El PA\u00cdS tambi\u00e9n se reunir\u00e1n en una conversaci\u00f3n en la que estar\u00e1n la argentina Leila Guerriero, el cubano Leonardo Padura y el colombiano Juan Gabriel V\u00e1squez, moderados por Javier Moreno, director de la Escuela de Periodismo UAM-EL PA\u00cdS. V\u00e1squez a su vez presentar\u00e1 su nuevo libro, una compilaci\u00f3n de sus mejores columnas en los \u00faltimos cinco a\u00f1os, y titulado <i>Esto ha sucedido<\/i>.<\/p>\n<p class>Uno de los puntos fuertes del festival es una charla con la Nobel de Paz y l\u00edder de la oposici\u00f3n venezolana, <a href=\"https:\/\/elpais.com\/opinion\/2026-01-16\/maria-corina-machado-la-gran-humillacion.html\" target=\"_self\" rel title=\"https:\/\/elpais.com\/opinion\/2026-01-16\/maria-corina-machado-la-gran-humillacion.html\">Maria Corina Machado<\/a>, quien hablar\u00e1 en la noche del viernes con Michael Stott, editor del <i>Financial Times<\/i>. Los participantes podr\u00e1n enviar preguntas previamente para ella, y su participaci\u00f3n ser\u00e1 seguida de una conversaci\u00f3n entre la periodista venezolana Luz Mely Reyes y el subdirector de EL PA\u00cdS Am\u00e9rica, Javier Lafuente.<\/p>\n<p class>Cuando se anunci\u00f3 la participaci\u00f3n de Machado, en <a href=\"https:\/\/elpais.com\/america-colombia\/2025-11-19\/diego-luna-silvio-rodriguez-y-maria-corina-machado-marcan-el-paso-para-el-hay-festival-cartagena-del-2026.html\" target=\"_self\" rel title=\"https:\/\/elpais.com\/america-colombia\/2025-11-19\/diego-luna-silvio-rodriguez-y-maria-corina-machado-marcan-el-paso-para-el-hay-festival-cartagena-del-2026.html\">noviembre pasado<\/a>, ella ya hab\u00eda ganado el Nobel, pero Washington no hab\u00eda capturado a\u00fan a Nicol\u00e1s Maduro. Algunos escritores colombianos, como la conocida <a href=\"https:\/\/elpais.com\/america-colombia\/2025-12-29\/sobre-el-caso-de-laura-restrepo-y-el-hay-festival.html\" target=\"_self\" rel title=\"https:\/\/elpais.com\/america-colombia\/2025-12-29\/sobre-el-caso-de-laura-restrepo-y-el-hay-festival.html\">Laura Restrepo<\/a>, cancelaron su participaci\u00f3n en el Hay como protesta a que la Nobel de Paz viera con buenos ojos una intervenci\u00f3n militar en su pa\u00eds. Las preguntas sobre el futuro para Venezuela han cambiado radicalmente desde entonces y, si bien Machado se ha reunido con Donald Trump para ofrecerle su medalla del Nobel, no es claro a\u00fan cu\u00e1l ser\u00e1 su papel en una transici\u00f3n a la democracia en el pa\u00eds vecino. \u201cLa realidad ha cambiado de forma apabullante\u201d, dice Fuentes La Roche. \u201cSi bien nosotros no apoyamos ninguna idea pol\u00edtica, nuestra posici\u00f3n es crear un espacio plural para conversar\u201d.<\/p>\n<p class>Pero Venezuela no es la \u00fanica crisis en medio del festival. El ensayista y novelista indio Pankaj Mishra tambi\u00e9n estar\u00e1 en una conversaci\u00f3n con Javier Lafuente sobre su \u00faltimo libro, <i>El mundo despu\u00e9s de Gaza, <\/i>publicado en 2025<i>.<\/i><a href=\"https:\/\/elpais.com\/ideas\/2025-11-14\/nesrine-malik-periodista-la-responsabilidad-en-el-caso-palestino-es-global-israel-se-creo-por-un-crimen-europeo-el-holocausto.html\" target=\"_self\" rel title=\"https:\/\/elpais.com\/ideas\/2025-11-14\/nesrine-malik-periodista-la-responsabilidad-en-el-caso-palestino-es-global-israel-se-creo-por-un-crimen-europeo-el-holocausto.html\">Nesrine Malik<\/a>, periodista brit\u00e1nica de origen sudan\u00e9s, hablar\u00e1 sobre la guerra en Sud\u00e1n y sobre su reconocido libro que trata los mitos enga\u00f1osos que ha creado Occidente en la geopol\u00edtica (<i>We need new stories. Challenging the toxic myths behind our age of discontent<\/i>). La francesa Mireille Fanon, activista antirracista e hija del conocido te\u00f3rico y psiquiatra Franz Fanon, tambi\u00e9n participar\u00e1 en una conversaci\u00f3n sobre anticolonialismo.<\/p>\n<p class>Javier Moreno hablar\u00e1 de su libro <a href=\"https:\/\/elpais.com\/internacional\/2025-05-22\/javier-moreno-los-presidentes-de-america-latina-tienen-mucho-poder-para-hacer-el-mal-pero-muy-poco-para-hacer-el-bien.html\" target=\"_self\" rel title=\"https:\/\/elpais.com\/internacional\/2025-05-22\/javier-moreno-los-presidentes-de-america-latina-tienen-mucho-poder-para-hacer-el-mal-pero-muy-poco-para-hacer-el-bien.html\"><i>\u00bfQui\u00e9n manda aqu\u00ed? La impotencia ante la espiral de violencia en Am\u00e9rica Latina<\/i><\/a><i>, <\/i>en una conversaci\u00f3n con Fernando Carrillo, vicepresidente primero de PRISA, el grupo editor de EL PA\u00cdS. En la charla tambi\u00e9n estar\u00e1n Ana Mar\u00eda Salazar, que fue secretaria de Defensa durante la Administraci\u00f3n de Bill Clinton, y \u00c9rika Rodriguez Pinz\u00f3n, experta en seguridad y directora de la Fundaci\u00f3n Carolina en Espa\u00f1a. Mar\u00eda Mart\u00edn, corresponsal de El PA\u00cdS para la regi\u00f3n andina, moderar\u00e1 una conversaci\u00f3n sobre geopol\u00edtica con Fernando Aranc\u00f3n, director del medio digital <i>El orden mundial<\/i>; Marcela Mel\u00e9ndez, economista del Banco Mundial, y Carlos Alberto Pati\u00f1o, autor de <i>La guerra global invisible. Ucrania, el mundo y el retorno de los imperios. <\/i><\/p>\n<p class>No todo es geopol\u00edtica, sin embargo. Karen Hao, destacada periodista especializada en el desarrollo de la inteligencia artificial, estar\u00e1 hablando de su \u00faltimo libro, <i>El imperio de la IA<\/i>. El m\u00fasico Silvio Rodr\u00edguez presentar\u00e1 de forma digital <i>Silvio Rodr\u00edguez, diario de un trovador<\/i>, un libro biogr\u00e1fico construido por el fot\u00f3grafo argentino Daniel Mordzinski, quien ha seguido con su lente la carrera del cubano (contar\u00e1 con 143 fotograf\u00edas del artista). El autor mozambique\u00f1o Mia Couto hablar\u00e1 de su obra v\u00eda digital con la cale\u00f1a Pilar Quintana, quien a su vez presentar\u00e1 en Cartagena su \u00faltima novela, <i>Noche negra<\/i>. <\/p>\n<p class>A nivel local tambi\u00e9n estar\u00e1n las primeras <a href=\"https:\/\/elpais.com\/america-colombia\/2025-07-11\/mary-grueso-y-barbara-muelas-la-primera-vez-que-una-mujer-afro-y-otra-indigena-llegan-a-la-academia-colombiana-de-la-lengua.html\" target=\"_self\" rel title=\"https:\/\/elpais.com\/america-colombia\/2025-07-11\/mary-grueso-y-barbara-muelas-la-primera-vez-que-una-mujer-afro-y-otra-indigena-llegan-a-la-academia-colombiana-de-la-lengua.html\">mujeres ind\u00edgenas y afrocolombianas en entrar a la Academia Colombiana de la Lengua<\/a>, B\u00e1rbara Muelas y Mary Grueso, conversando sobre la necesidad de renovar el idioma y de su inclusi\u00f3n en dicha instituci\u00f3n el a\u00f1o pasado. Y el sonido estar\u00e1 a cargo de La Pambel\u00e9, una orquesta de salsa brava en Bogot\u00e1 que tendr\u00e1 un concierto el jueves en la noche para abrir la 21 edici\u00f3n de un festival para la conversaci\u00f3n en medio del desconcierto. <\/p>\n<\/div>\n<div id=\"me-dis\" class=\"me _pf\">\n<div class=\"me_bg\">\n<div class=\"me-dis _pa _df\">\n<div class=\"me-dis_c\">\n<h2 class=\"me-dis_t\">Tu suscripci\u00f3n se est\u00e1 usando en otro dispositivo<\/h2>\n<p>\u00bfQuieres a\u00f1adir otro usuario a tu suscripci\u00f3n?<\/p>\n<div class=\"me-dis_l\"><a href=\"https:\/\/elpais.com\/suscripciones\/premium\/upgrade\/?utm_source=autopromo&amp;utm_medium=interno&amp;utm_campaign=YYYY_MM_capping_upgrade\" id=\"capping-upgrade\" class=\"btn\">A\u00f1adir usuario<\/a><a href=\"https:\/\/elpais.com\/america-colombia\/2026-01-29\/de-gaza-a-venezuela-el-hay-festival-en-cartagena-abre-sus-puertas-a-debatir-las-crisis-geopoliticas.html\" id=\"capping-continue\" class=\"btn btn-b\">Continuar leyendo aqu\u00ed<\/a><\/div>\n<p>Si contin\u00faas leyendo en este dispositivo, no se podr\u00e1 leer en el otro.<\/p>\n<p class=\"lk\"><a href=\"https:\/\/elpais.com\/america-colombia\/2026-01-29\/de-gaza-a-venezuela-el-hay-festival-en-cartagena-abre-sus-puertas-a-debatir-las-crisis-geopoliticas.html\" id=\"capping-show-more-button\">\u00bfPor qu\u00e9 est\u00e1s viendo esto?<\/a><\/p>\n<p><span class=\"arrow\" id=\"capping-arrow\">Flecha<\/span><\/p>\n<div class=\"me-dis_d\">\n<div class=\"me-dis_d_t\">\n<h2 class=\"enc\">Tu suscripci\u00f3n se est\u00e1 usando en otro dispositivo y solo puedes acceder a EL PA\u00cdS desde un dispositivo a la vez.<\/h2>\n<div class=\"tx\">\n<p>Si quieres compartir tu cuenta, cambia tu suscripci\u00f3n a la modalidad Premium, as\u00ed podr\u00e1s a\u00f1adir otro usuario. Cada uno acceder\u00e1 con su propia cuenta de email, lo que os permitir\u00e1 personalizar vuestra experiencia en EL PA\u00cdS.<\/p>\n<p>\u00bfTienes una suscripci\u00f3n de empresa? Accede <a target=\"_blank\" rel=\"noreferrer\" href=\"https:\/\/elpais.com\/suscripciones\/premium\/upgrade\/\">aqu\u00ed<\/a> para contratar m\u00e1s cuentas.<\/p>\n<p>En el caso de no saber qui\u00e9n est\u00e1 usando tu cuenta, te recomendamos cambiar tu contrase\u00f1a <a target=\"_blank\" rel=\"noreferrer\" href=\"https:\/\/elpais.com\/subscriptions\/#\/forgot-password\">aqu\u00ed.<\/a><\/p>\n<p>Si decides continuar compartiendo tu cuenta, este mensaje se mostrar\u00e1 en tu dispositivo y en el de la otra persona que est\u00e1 usando tu cuenta de forma indefinida, afectando a tu experiencia de lectura. Puedes <a target=\"_blank\" rel=\"noreferrer\" href=\"https:\/\/elpais.com\/suscripciones\/condiciones-generales-servicios\/\">consultar aqu\u00ed los t\u00e9rminos y condiciones de la suscripci\u00f3n digital.<\/a><\/p>\n<\/div>\n<\/div>\n<\/div>\n<\/div>\n<\/div>\n<\/div>\n<\/div>\n<aside class=\"w w-sea\">\n<h2 class=\"w_t\">Sobre la firma<\/h2>\n<div class=\"w_b\">\n<div class=\"_g _g-xs\">\n<figure class=\"w-sea_f a_m-h c_m--nf\"><span class=\"a_m_w _db\"><img decoding=\"async\" alt=\"Camila Osorio\" class=\"_re lazyload a_m-h\" height=\"100\" width=\"100\" src=\"https:\/\/analyse.optim.biz\/wp-content\/uploads\/2026\/02\/https3a2f2fs3-amazonaws-com2farc-authors2fprisa2fcaee19d7-78c6-4567-85b1-1c6b0e6c7097.jpg\" loading=\"lazy\" title=\"https3a2f2fs3-amazonaws-com2farc-authors2fprisa2fcaee19d7-78c6-4567-85b1-1c6b0e6c7097\"><\/span><\/figure>\n<div class=\"w-sea_txt\">\n<div class=\"_df\">\n<div class=\"w-sea_txt_na\"><a href=\"https:\/\/elpais.com\/autor\/camila-osorio-avendano\/\" rel=\"autor_bottom\">Camila Osorio<\/a><\/div>\n<\/div>\n<div class=\"w-sea_txt_da _dn\">Corresponsal de cultura en EL PA\u00cdS Am\u00e9rica y escribe desde Bogot\u00e1. Ha trabajado en el diario &#8216;La Silla Vac\u00eda&#8217; (Bogot\u00e1) y la revista &#8216;The New Yorker&#8217;, y ha sido freelancer en Colombia, Sud\u00e1frica y Estados Unidos. <\/div>\n<\/div>\n<\/div>\n<\/div>\n<\/aside>\n<aside class=\"w w-fid\">\n<div class=\"w_b\">\n<div class=\"w-fid_t\"><a href=\"https:\/\/usuarios.elpais.com\/newsletters\/?id_externo_promo=not_newsletters_gen\">Recibe la mejor informaci\u00f3n en tu bandeja de entrada<\/a><\/div>\n<div class=\"w-fid_s\">\n<div class=\"w_rs\">\n<div class=\"w_rs_i\"><a class=\"_btn\" href=\"https:\/\/www.facebook.com\/elpais\" rel=\"nofollow\"><span class=\"_sr\">Aniversario El Pa\u00eds Colombia en Facebook<\/span><\/a><\/div>\n<div class=\"w_rs_i\"><a class=\"_btn\" href=\"https:\/\/www.instagram.com\/el_pais\/\" rel=\"nofollow\"><span class=\"_sr\">Aniversario El Pa\u00eds Colombia en Instagram<\/span><\/a><\/div>\n<div class=\"w_rs_i\"><a class=\"_btn\" href=\"https:\/\/twitter.com\/el_pais\" rel=\"nofollow\"><span class=\"_sr\">Aniversario El Pa\u00eds Colombia en Twitter<\/span><\/a><\/div>\n<\/div>\n<\/div>\n<\/div>\n<\/aside>\n<aside class=\"w w-rel\" data-dtm-region=\"articulo_mas-informacion\">\n<h2 class=\"w_t\">M\u00e1s informaci\u00f3n<\/h2>\n<ul class=\"w_b _ls\">\n<li class=\"_g _g-xs w-rel_n\">\n<div class=\" a_m-h c_m--nf\"><span class=\"_db _pr\"><img decoding=\"async\" class=\"_re lazyload a_m-h\" height=\"311\" width=\"414\" src=\"https:\/\/analyse.optim.biz\/wp-content\/uploads\/2026\/02\/nbrcl5tyjvaurcufksjacxyxja.jpg\" loading=\"lazy\" title=\"nbrcl5tyjvaurcufksjacxyxja\"><\/span><\/div>\n<div class=\"nt\">\n<h3 class=\"nt_t\"><a href=\"https:\/\/elpais.com\/america-colombia\/2026-01-26\/el-racismo-colombiano-oculto-en-los-archivos-fotograficos-de-medellin.html#?rel=mas\">El racismo colombiano oculto en los archivos fotogr\u00e1ficos de Medell\u00edn<\/a><\/h3>\n<div class=\"nt_a\"><a href=\"https:\/\/elpais.com\/autor\/camila-osorio-avendano\/\" title=\"Ver todas las noticias de Camila Osorio\">Camila Osorio<\/a> | Bogot\u00e1<\/div>\n<\/div>\n<\/li>\n<li class=\"_g _g-xs w-rel_n\">\n<div class=\" a_m-h c_m--nf\"><span class=\"_db _pr\"><img decoding=\"async\" class=\"_re lazyload a_m-h\" height=\"311\" width=\"414\" src=\"https:\/\/analyse.optim.biz\/wp-content\/uploads\/2026\/02\/q7qdhucb7jdhvfkg5bd3ag7gvm.jpg\" loading=\"lazy\" title=\"q7qdhucb7jdhvfkg5bd3ag7gvm\"><\/span><\/div>\n<div class=\"nt\">\n<h3 class=\"nt_t\"><a href=\"https:\/\/elpais.com\/aniversario\/2026-01-15\/queda-mucho-por-hacer.html#?rel=mas\">Queda mucho por hacer<\/a><\/h3>\n<div class=\"nt_a\"><a href=\"https:\/\/elpais.com\/autor\/jan-martinez-ahrens\/\" title=\"Ver todas las noticias de Jan Mart\u00ednez Ahrens\">Jan Mart\u00ednez Ahrens<\/a><\/div>\n<\/div>\n<\/li>\n<\/ul>\n<\/aside>\n<section class=\"w w-ae\" data-dtm-region=\"articulo_archivado-en\">\n<h2 class=\"w_t\">Archivado En<\/h2>\n<div class=\"w_b\">\n<ul class=\"w_ul w_ul--mh _df _ls\">\n<li><a href=\"https:\/\/elpais.com\/noticias\/colombia\/#?rel=arch\" rel=\"noopener noreferrer\">Colombia<\/a><\/li>\n<li><a href=\"https:\/\/elpais.com\/noticias\/america\/#?rel=arch\" rel=\"noopener noreferrer\">Am\u00e9rica<\/a><\/li>\n<li><a href=\"https:\/\/elpais.com\/noticias\/latinoamerica\/#?rel=arch\" rel=\"noopener noreferrer\">Latinoam\u00e9rica<\/a><\/li>\n<li><a href=\"https:\/\/elpais.com\/noticias\/hay-festival\/#?rel=arch\" rel=\"noopener noreferrer\">Hay Festival<\/a><\/li>\n<li><a href=\"https:\/\/elpais.com\/noticias\/el-pais\/#?rel=arch\" rel=\"noopener noreferrer\">El Pa\u00eds<\/a><\/li>\n<li><a href=\"https:\/\/elpais.com\/noticias\/cartagena-de-indias\/#?rel=arch\" rel=\"noopener noreferrer\">Cartagena de Indias<\/a><\/li>\n<li><a href=\"https:\/\/elpais.com\/noticias\/maria-corina-machado\/#?rel=arch\" rel=\"noopener noreferrer\">Mar\u00eda Corina Machado<\/a><\/li>\n<li><a href=\"https:\/\/elpais.com\/noticias\/javier-moreno\/#?rel=arch\" rel=\"noopener noreferrer\">Javier Moreno Barber<\/a><\/li>\n<li><a href=\"https:\/\/elpais.com\/noticias\/jan-martinez-ahrens\/#?rel=arch\" rel=\"noopener noreferrer\">Jan Mart\u00ednez Ahrens<\/a><\/li>\n<li><a href=\"https:\/\/elpais.com\/noticias\/laura-restrepo\/#?rel=arch\" rel=\"noopener noreferrer\">Laura Restrepo<\/a><\/li>\n<li><a href=\"https:\/\/elpais.com\/noticias\/silvio-rodriguez\/#?rel=arch\" rel=\"noopener noreferrer\">Silvio Rodr\u00edguez<\/a><\/li>\n<li><a href=\"https:\/\/elpais.com\/noticias\/leila-guerriero\/#?rel=arch\" rel=\"noopener noreferrer\">Leila Guerriero<\/a><\/li>\n<li><a href=\"https:\/\/elpais.com\/noticias\/leonardo-padura\/#?rel=arch\" rel=\"noopener noreferrer\">Leonardo Padura<\/a><\/li>\n<li><a href=\"https:\/\/elpais.com\/noticias\/juan-gabriel-valdes\/#?rel=arch\" rel=\"noopener noreferrer\">Juan Gabriel Vald\u00e9s<\/a><\/li>\n<li><a href=\"https:\/\/elpais.com\/noticias\/diana-calderon\/#?rel=arch\" rel=\"noopener noreferrer\">Diana Calder\u00f3n<\/a><\/li>\n<li><a href=\"https:\/\/elpais.com\/noticias\/fernando-carrillo\/#?rel=arch\" rel=\"noopener noreferrer\">Fernando Carrillo<\/a><\/li>\n<li><a href=\"https:\/\/elpais.com\/noticias\/mia-couto\/#?rel=arch\" rel=\"noopener noreferrer\">Mia Couto<\/a><\/li>\n<\/ul>\n<\/div>\n<\/section>\n<aside class=\"a_tp _df\">\n<div class=\"a_tp_txt\"><span class=\"a_tp_t\">Se adhiere a los criterios de<\/span><\/p>\n<figure class=\"a_m a_m-h c_m--nf\"><a class=\"a_tp_i _dib\" href=\"https:\/\/elpais.com\/estaticos\/que-es-the-trust-project\/\" target=\"_blank\" rel=\"noopener noreferrer nofollow\"><img decoding=\"async\" alt=\"The Trust Project\" class=\" lazyload a_m-h\" height=\"20\" width=\"117\" src=\"https:\/\/analyse.optim.biz\/wp-content\/uploads\/2026\/02\/the-trust-project-4.svg\" loading=\"lazy\" title=\"the-trust-project-4\"><\/a><\/figure>\n<p><a class=\"a_tp_mi\" href=\"https:\/\/elpais.com\/estaticos\/codigo-etico\/\" target=\"_blank\" rel=\"noopener noreferrer nofollow\">M\u00e1s informaci\u00f3n<\/a><\/div>\n<div class=\"a_tp_si\">Si est\u00e1 interesado en licenciar este contenido, pinche <a class=\"a_tp_si_l\" href=\"https:\/\/profesional.elpais.com\/soluciones-sindicacion\/?utm_medium=interno&amp;utm_source=crosslinking&amp;utm_campaign=sindicacion_ep_pie_articulos\" target=\"_blank\" rel=\"noopener noreferrer nofollow\">aqu\u00ed<\/a><\/div>\n<\/aside>\n<div class=\"a_o _pr\" data-dtm-region=\"articulo_right-rail\">\n<div id=\"elpais_gpt-MPU1\" data-adtype=\"MPU\" class=\"ad ad-mpu\"><span class=\"_dn\">_<\/span><\/div>\n<section class=\"w w-sc b_col\" data-dtm-region=\"articulo_ultimas-noticias\">\n<header class=\"w_h b_col_h\">\n<h3 class=\"w_t\"><a href=\"https:\/\/elpais.com\/ultimas-noticias\/\" rel=\"story-card-ultimas-noticias\">\u00daltimas noticias<\/a><\/h3>\n<\/header>\n<div class=\"w_b\">\n<article class=\"c  c--m-n   \" data-word=\"0\">\n<header class=\"c_h\"><time datetime=\"2026-02-01T21:01:04+01:00\" class=\"c_da\">21:01<\/time><\/p>\n<h2 class=\"c_t \"><a href=\"https:\/\/elpais.com\/deportes\/2026-02-01\/dinamarca-vence-a-alemania-en-la-final-del-europeo-de-balonmano-y-se-coloca-la-triple-corona.html\">Dinamarca vence a Alemania en la final del Europeo de balonmano y se coloca la triple corona<\/a><\/h2>\n<\/header>\n<\/article>\n<article class=\"c  c--m-n   \" data-word=\"0\">\n<header class=\"c_h\"><time datetime=\"2026-02-01T20:54:06+01:00\" class=\"c_da\">20:54<\/time><\/p>\n<h2 class=\"c_t \"><a href=\"https:\/\/elpais.com\/us\/2026-02-01\/en-directo-la-alfombra-roja-de-los-premios-grammy-2026.html?autoplay=1\">En directo, la alfombra roja de los Premios Grammy 2026<\/a><\/h2>\n<\/header>\n<\/article>\n<article class=\"c  c--m-n   \" data-word=\"0\">\n<header class=\"c_h\"><time datetime=\"2026-02-01T20:34:52+01:00\" class=\"c_da\">20:34<\/time><\/p>\n<h2 class=\"c_t \"><a href=\"https:\/\/elpais.com\/mexico\/2026-02-01\/el-gobierno-envia-a-mas-de-1000-militares-para-localizar-a-los-10-mineros-secuestrados-en-sinaloa.html\">El Gobierno env\u00eda a m\u00e1s de 1.000 militares para localizar a los 10 mineros secuestrados en Sinaloa<\/a><\/h2>\n<\/header>\n<\/article>\n<article class=\"c  c--m-n   \" data-word=\"0\">\n<header class=\"c_h\"><time datetime=\"2026-02-01T20:24:19+01:00\" class=\"c_da\">20:24<\/time><\/p>\n<h2 class=\"c_t \"><a href=\"https:\/\/elpais.com\/deportes\/tenis\/2026-02-01\/alcaraz-un-circulo-cerrado-y-una-factura-muchos-dudaban-de-mi-pero-se-equivocaban.html\">Alcaraz, un c\u00edrculo cerrado y una factura: \u201cMuchos dudaban de m\u00ed, pero se equivocaban\u201d<\/a><\/h2>\n<\/header>\n<\/article>\n<\/div>\n<\/section>\n<aside class=\"w w-lmv\" data-dtm-region=\"articulo_lom\">\n<h2 class=\"w_t\"><a href=\"https:\/\/elpais.com\/lo-mas-visto\/\">Lo m\u00e1s visto<\/a><\/h2>\n<div class=\"w_b\">\n<ol class=\"_ls\">\n<li><a href=\"https:\/\/elpais.com\/espana\/2026-01-30\/el-pp-se-niega-a-retirar-la-medalla-de-oro-que-alcantarilla-concedio-a-franco-porque-no-exalta-la-dictadura.html#?rel=lom\">El PP se niega a retirar la Medalla de Oro que Alcantarilla concedi\u00f3 a Franco porque \u201cno exalta la dictadura\u201d<\/a><\/li>\n<li><a href=\"https:\/\/elpais.com\/deportes\/tenis\/2026-02-01\/carlos-alcaraz-novak-djokovic-en-directo-la-final-del-open-de-australia-en-vivo.html#?rel=lom\">As\u00ed te hemos contado la victoria de Carlos Alcaraz en el Open de Australia ante Novak Djokovic<\/a><\/li>\n<li><a href=\"https:\/\/elpais.com\/deportes\/tenis\/2026-01-31\/john-mcenroe-alcaraz-sabe-perfectamente-quien-necesita-a-su-alrededor.html#?rel=lom\">John McEnroe: \u201cAlcaraz sabe perfectamente a qui\u00e9n necesita a su alrededor\u201d<\/a><\/li>\n<li><a href=\"https:\/\/elpais.com\/clima-y-medio-ambiente\/2026-02-01\/deconstruccion-de-la-costa-asi-se-esta-quitando-ya-hormigon-para-dar-mas-espacio-a-las-playas-frente-a-los-temporales.html#?rel=lom\">Deconstrucci\u00f3n de la costa: as\u00ed se est\u00e1 quitando ya hormig\u00f3n para dar m\u00e1s espacio a las playas frente a los temporales<\/a><\/li>\n<li><a href=\"https:\/\/elpais.com\/espana\/madrid\/2026-01-31\/seis-anos-despues-victoria-para-la-hija-de-un-fallecido-en-residencias-en-una-disputa-con-el-gobierno-de-ayuso.html#?rel=lom\">Tras seis a\u00f1os de derrotas, una de las hijas de fallecidos en residencias gana al Gobierno de Ayuso<\/a><\/li>\n<\/ol>\n<\/div>\n<\/aside>\n<\/div>\n<\/article>\n<article class=\"c  c--m-n   \" data-word=\"0\">\n<header class=\"c_h\"><time datetime=\"2026-02-01T21:01:04+01:00\" class=\"c_da\">21:01<\/time><\/p>\n<h2 class=\"c_t \"><a href=\"https:\/\/elpais.com\/deportes\/2026-02-01\/dinamarca-vence-a-alemania-en-la-final-del-europeo-de-balonmano-y-se-coloca-la-triple-corona.html\">Dinamarca vence a Alemania en la final del Europeo de balonmano y se coloca la triple corona<\/a><\/h2>\n<\/header>\n<\/article>\n<article class=\"c  c--m-n   \" data-word=\"0\">\n<header class=\"c_h\"><time datetime=\"2026-02-01T20:54:06+01:00\" class=\"c_da\">20:54<\/time><\/p>\n<h2 class=\"c_t \"><a href=\"https:\/\/elpais.com\/us\/2026-02-01\/en-directo-la-alfombra-roja-de-los-premios-grammy-2026.html?autoplay=1\">En directo, la alfombra roja de los Premios Grammy 2026<\/a><\/h2>\n<\/header>\n<\/article>\n<article class=\"c  c--m-n   \" data-word=\"0\">\n<header class=\"c_h\"><time datetime=\"2026-02-01T20:34:52+01:00\" class=\"c_da\">20:34<\/time><\/p>\n<h2 class=\"c_t \"><a href=\"https:\/\/elpais.com\/mexico\/2026-02-01\/el-gobierno-envia-a-mas-de-1000-militares-para-localizar-a-los-10-mineros-secuestrados-en-sinaloa.html\">El Gobierno env\u00eda a m\u00e1s de 1.000 militares para localizar a los 10 mineros secuestrados en Sinaloa<\/a><\/h2>\n<\/header>\n<\/article>\n<article class=\"c  c--m-n   \" data-word=\"0\">\n<header class=\"c_h\"><time datetime=\"2026-02-01T20:24:19+01:00\" class=\"c_da\">20:24<\/time><\/p>\n<h2 class=\"c_t \"><a href=\"https:\/\/elpais.com\/deportes\/tenis\/2026-02-01\/alcaraz-un-circulo-cerrado-y-una-factura-muchos-dudaban-de-mi-pero-se-equivocaban.html\">Alcaraz, un c\u00edrculo cerrado y una factura: \u201cMuchos dudaban de m\u00ed, pero se equivocaban\u201d<\/a><\/h2>\n<\/header>\n<\/article>\n<p> Source URL: https:\/\/elpais.com\/america-colombia\/2026-01-29\/de-gaza-a-venezuela-el-hay-festival-en-cartagena-abre-sus-puertas-a-debatir-las-crisis-geopoliticas.html<\/p>\n","protected":false},"excerpt":{"rendered":"<p>Hay Festival De Gaza a Venezuela, el Hay Festival en Cartagena abre sus puertas a debatir las crisis geopol\u00edticas EL PA\u00cdS conmemora el 50 aniversario del peri\u00f3dico con varios actos en el festival literario colombiano, donde estar\u00e1n Mar\u00eda Corina Machado y Silvio Rodr\u00edguez, entre otros La edici\u00f3n n\u00famero 20 del Hay Festival en Cartagena, el [&hellip;]<\/p>\n","protected":false},"author":1,"featured_media":1683787,"comment_status":"open","ping_status":"","sticky":false,"template":"","format":"standard","meta":{"footnotes":""},"categories":[88],"tags":[226,92],"class_list":["post-1683786","post","type-post","status-publish","format-standard","has-post-thumbnail","hentry","category-spain","tag-crawlmanager","tag-elpais-com"],"_links":{"self":[{"href":"https:\/\/analyse.optim.biz\/index.php?rest_route=\/wp\/v2\/posts\/1683786","targetHints":{"allow":["GET"]}}],"collection":[{"href":"https:\/\/analyse.optim.biz\/index.php?rest_route=\/wp\/v2\/posts"}],"about":[{"href":"https:\/\/analyse.optim.biz\/index.php?rest_route=\/wp\/v2\/types\/post"}],"author":[{"embeddable":true,"href":"https:\/\/analyse.optim.biz\/index.php?rest_route=\/wp\/v2\/users\/1"}],"replies":[{"embeddable":true,"href":"https:\/\/analyse.optim.biz\/index.php?rest_route=%2Fwp%2Fv2%2Fcomments&post=1683786"}],"version-history":[{"count":0,"href":"https:\/\/analyse.optim.biz\/index.php?rest_route=\/wp\/v2\/posts\/1683786\/revisions"}],"wp:featuredmedia":[{"embeddable":true,"href":"https:\/\/analyse.optim.biz\/index.php?rest_route=\/wp\/v2\/media\/1683787"}],"wp:attachment":[{"href":"https:\/\/analyse.optim.biz\/index.php?rest_route=%2Fwp%2Fv2%2Fmedia&parent=1683786"}],"wp:term":[{"taxonomy":"category","embeddable":true,"href":"https:\/\/analyse.optim.biz\/index.php?rest_route=%2Fwp%2Fv2%2Fcategories&post=1683786"},{"taxonomy":"post_tag","embeddable":true,"href":"https:\/\/analyse.optim.biz\/index.php?rest_route=%2Fwp%2Fv2%2Ftags&post=1683786"}],"curies":[{"name":"wp","href":"https:\/\/api.w.org\/{rel}","templated":true}]}}