{"id":168275,"date":"2016-01-29T16:45:38","date_gmt":"2016-01-29T13:45:38","guid":{"rendered":"https:\/\/analyse.optim.biz\/?p=168275"},"modified":"2016-01-29T16:45:38","modified_gmt":"2016-01-29T13:45:38","slug":"social-democratii-ii-recomanda-premierului-sa-renunte-la-modificarea-legii-electorale","status":"publish","type":"post","link":"https:\/\/analyse.optim.biz\/?p=168275","title":{"rendered":"Social-democra\u0163ii \u00eei recomand\u0103 premierului s\u0103 renun\u0163e la modificarea legii electorale"},"content":{"rendered":"<div class=\"entry data-app-meta data-app-meta-article\" data-embed-base-url-canonical=\"https:\/\/www.digi24.ro\/embed\/stiri\/actualitate\/politica\/social-democratii-ii-recomanda-premierului-sa-renunte-la-modificarea-legii-electorale-481631\">\n<p data-index=\"1\">\u00a0\u201ePSD, UNPR, ALDE \u015fi UDMR au anun\u0163at c\u0103 nu sunt de acord cu legea alegerilor locale. \u00cen aceste condi\u0163ii nu \u015ftiu dac\u0103 domnul prim-ministru se mai poarte g\u00e2ndi c\u0103 mai are rost s\u0103 ini\u0163ieze un proiect de lege sau o ordonan\u0163\u0103 \u00een condi\u0163iile \u00een care o larg\u0103 majoritate nu sus\u0163ine aceast\u0103 idee\u201d, declar\u0103 <span>Liviu Dragnea.<\/span><\/p>\n<p data-index=\"2\">\u00a0\u201ePentru noi scrutinul \u00een dou\u0103 tururi ar fi avantajos <span lang=\"en-US\">pentru<\/span> c<span>\u0103<\/span><span lang=\"en-US\">ne-ar<\/span> cre\u015fte \u015fansele de rezultate mai bune. <span lang=\"en-US\">N<\/span>u e util politic \u0219i pentru s\u0103n\u0103tatea democra\u0163iei s\u0103 g\u00e2ndim din perspectiv\u0103 strict de partid\u201d, afirm\u0103<span lang=\"en-US\">\u00a0Calin Popescu Tariceanu.<\/span><\/p>\n<\/div>\n<p> Source URL: https:\/\/www.digi24.ro\/stiri\/actualitate\/politica\/social-democratii-ii-recomanda-premierului-sa-renunte-la-modificarea-legii-electorale-481631<\/p>\n","protected":false},"excerpt":{"rendered":"<p>\u00a0\u201ePSD, UNPR, ALDE \u015fi UDMR au anun\u0163at c\u0103 nu sunt de acord cu legea alegerilor locale. \u00cen aceste condi\u0163ii nu \u015ftiu dac\u0103 domnul prim-ministru se mai poarte g\u00e2ndi c\u0103 mai are rost s\u0103 ini\u0163ieze un proiect de lege sau o ordonan\u0163\u0103 \u00een condi\u0163iile \u00een care o larg\u0103 majoritate nu sus\u0163ine aceast\u0103 idee\u201d, declar\u0103 Liviu Dragnea. [&hellip;]<\/p>\n","protected":false},"author":1,"featured_media":168276,"comment_status":"open","ping_status":"","sticky":false,"template":"","format":"standard","meta":{"footnotes":""},"categories":[2],"tags":[11],"class_list":["post-168275","post","type-post","status-publish","format-standard","has-post-thumbnail","hentry","category-politics","tag-digi24"],"_links":{"self":[{"href":"https:\/\/analyse.optim.biz\/index.php?rest_route=\/wp\/v2\/posts\/168275","targetHints":{"allow":["GET"]}}],"collection":[{"href":"https:\/\/analyse.optim.biz\/index.php?rest_route=\/wp\/v2\/posts"}],"about":[{"href":"https:\/\/analyse.optim.biz\/index.php?rest_route=\/wp\/v2\/types\/post"}],"author":[{"embeddable":true,"href":"https:\/\/analyse.optim.biz\/index.php?rest_route=\/wp\/v2\/users\/1"}],"replies":[{"embeddable":true,"href":"https:\/\/analyse.optim.biz\/index.php?rest_route=%2Fwp%2Fv2%2Fcomments&post=168275"}],"version-history":[{"count":0,"href":"https:\/\/analyse.optim.biz\/index.php?rest_route=\/wp\/v2\/posts\/168275\/revisions"}],"wp:featuredmedia":[{"embeddable":true,"href":"https:\/\/analyse.optim.biz\/index.php?rest_route=\/wp\/v2\/media\/168276"}],"wp:attachment":[{"href":"https:\/\/analyse.optim.biz\/index.php?rest_route=%2Fwp%2Fv2%2Fmedia&parent=168275"}],"wp:term":[{"taxonomy":"category","embeddable":true,"href":"https:\/\/analyse.optim.biz\/index.php?rest_route=%2Fwp%2Fv2%2Fcategories&post=168275"},{"taxonomy":"post_tag","embeddable":true,"href":"https:\/\/analyse.optim.biz\/index.php?rest_route=%2Fwp%2Fv2%2Ftags&post=168275"}],"curies":[{"name":"wp","href":"https:\/\/api.w.org\/{rel}","templated":true}]}}