{"id":168253,"date":"2016-01-29T21:30:55","date_gmt":"2016-01-29T18:30:55","guid":{"rendered":"https:\/\/analyse.optim.biz\/?p=168253"},"modified":"2016-01-29T21:30:55","modified_gmt":"2016-01-29T18:30:55","slug":"ministrul-afacerilor-externe-din-ungaria-noi-la-granita-romano-ungara-vrem-sa-construim-drumuri-nu-garduri","status":"publish","type":"post","link":"https:\/\/analyse.optim.biz\/?p=168253","title":{"rendered":"Ministrul Afacerilor Externe din Ungaria: Noi la grani\u021ba rom\u00e2no-ungar\u0103 vrem s\u0103 construim drumuri, nu garduri"},"content":{"rendered":"<div class=\"entry data-app-meta data-app-meta-article\" data-embed-base-url-canonical=\"https:\/\/www.digi24.ro\/embed\/stiri\/actualitate\/politica\/ministrul-afacerilor-externe-din-ungaria-noi-la-granita-romano-ungara-vrem-sa-construim-drumuri-nu-garduri-481718\">\n<p data-index=\"1\"><strong>Balazs Barabas: Dle Ministru, \u00een urm\u0103 cu c\u00e2teva luni a\u021bi oferit un interviu emisiunii Pa\u0219aport Diplomatic \u00een care a\u021bi apreciat ca foarte pozitiv\u0103 rela\u021bia cu ministru de externe Bogdan Aurescu. Acum avem un nou guvern, cu un nou ministru de externe, care la r\u00e2ndul lui va fi \u00een func\u021bie doar pentru o perioad\u0103 limitat\u0103. Cum proiecta\u021bi implementarea unei continuit\u0103\u021bi \u00eentre cele dou\u0103 ministere de externe?<\/strong><\/p>\n<p data-index=\"2\"><strong>P\u00e9ter Szijj\u00e1rt\u00f3:<\/strong> Sunt ministrul de externe al Ungariei de pu\u021bin timp, doar de un an \u0219i patru luni. Dar \u00een acest timp am ajuns s\u0103 colaborez deja cu al patrulea ministru de externe rom\u00e2n. Deci m-am obi\u0219nuit ca \u00een Rom\u00e2nia s\u0103 se schimbe relativ des politicienii \u0219i diploma\u021bii de carier\u0103 \u00een func\u021bia de ministru de externe, cel pu\u021bin \u00een aceast\u0103 perioad\u0103. <\/p>\n<p data-index=\"3\">Am avut o colaborarea foarte bun\u0103 cu ministrul precedent, de\u0219i rela\u021biile bilaterale au fost grevate de serioase probleme. \u00cen plus, Uniunea European\u0103 a fost lovit\u0103 de cea mai grav\u0103 criz\u0103 din istoria ei, prin criza refugia\u021bilor. Dar \u0219i cu actualul ministru de externe, de\u0219i ne cunoa\u0219tem doar de pu\u021bin timp, am reu\u0219it s\u0103 dezvolt\u0103m o rela\u021bie foarte bun\u0103. Laz\u0103r Com\u0103nescu este cunoscut ca un diplomat re\u021binut \u0219i \u00een\u021belept, iar \u00eent\u00e2lnirile avute \u00een ultima perioad\u0103 au \u00eent\u0103rit \u00een mine aceast\u0103 percep\u0163ie. Trebuie s\u0103 recunoa\u015ftem c\u0103 rela\u021biile rom\u00e2no-ungare, care ar trebuie s\u0103 fie rela\u021bii strategice, au intrat \u00eentr-un impas substan\u021bial lunile trecute, \u00eentruc\u00e2t guvernul rom\u00e2n anterior a lansat atacuri verbale grave \u00eempotriva Ungariei \u0219i a maghiarilor. Am \u00eent\u00e2mpinat declara\u021bii care con\u021bineau acuza\u021bii complet nefondate \u00eempotriva Ungariei \u0219i popula\u021biei maghiare. Apreciem foarte mult faptul c\u0103 \u00een perioada actualului guvern aceste atacuri au \u00eencetat complet.<\/p>\n<p data-index=\"4\">Observ\u0103m c\u0103 actualul guvern, numit tehnocrat, dore\u0219te s\u0103 revin\u0103 la colaborarea pe baze pragmatice. Iar noi sprijinim \u00een totalitate aceast\u0103 abordare, este interesul strategic \u0219i al Rom\u00e2niei, \u0219i al Ungariei s\u0103 c\u0103ut\u0103m punctele care ne leag\u0103, s\u0103 exploat\u0103m colaborarea economic\u0103 dintre cele dou\u0103 \u021b\u0103ri \u0219i s\u0103 o extindem pe toate planurile. Este \u0219i interesul comunit\u0103\u021bilor na\u021bionale care tr\u0103iesc pe teritoriile \u021b\u0103rilor noastre \u0219i pe care le consider\u0103m un poten\u021bial important, un liant \u00eentre cele dou\u0103 \u021b\u0103ri, ale c\u0103ror drepturi trebuie s\u0103 le promov\u0103m \u0219i s\u0103 le \u00eent\u0103rim permanent. Deci trebuie s\u0103 privim ca pe un poten\u0163ial comunit\u0103\u021bile minorit\u0103\u021bilor \u0219i colaborarea economic\u0103 \u0219i trebuie s\u0103 exploat\u0103m faptul c\u0103 \u00een chestiuni europene de importan\u021b\u0103 major\u0103 avem o poziti\u021bie similar\u0103, chiar dac\u0103 nu \u00een toate, dar \u00een majoritatea lor. Ar trebui s\u0103 exploat\u0103m aceste trei aspecte \u0219i s\u0103 ridic\u0103m din nou colaborarea la un nivel strategic. Consider c\u0103 putem pune bazele acestei colabor\u0103ri \u00eempreun\u0103 cu actualul guvern.<\/p>\n<p data-index=\"5\"><strong><span>Balazs Barabas: Dar cum pute\u021bi asigura ca rezultatele bune, sau dac\u0103 ve\u021bi ob\u021bine rezultate bune \u00een cursul discu\u021biilor de ast\u0103zi, ele s\u0103 se perpetueze \u0219i \u00een timpul guvernului urm\u0103tor, oricine ar veni la guvernare? <\/span><\/strong><\/p>\n<p data-index=\"6\"><strong>P\u00e9ter Szijj\u00e1rt\u00f3:<\/strong> Am stabilit deja data \u0219edin\u021bei comisiei mixte pe economie, pentru luna februarie. Deci \u00eent\u00e2lnirea de ast\u0103zi va fi urmat\u0103 de altele, dar detaliile discu\u021biilor trebuie stabilite la nivel operativ de comisia mixt\u0103 economic\u0103. \u00cen ceea ce prive\u0219te cooperarea pe termen lung, eu cred c\u0103 trebuie s\u0103 punem puncte fixe care vor asigura stabilitatea acestei cooper\u0103ri, astfel, indiferent de coloratura guvernului, s\u0103 putem p\u0103stra caracterul strategic al rela\u021biilor bilaterale. Din acest motiv este important ca MOL s\u0103 r\u0103m\u00e2n\u0103 \u00een continuare performant \u00een Rom\u00e2nia. MOL a investit, \u00een ultimii ani, 200 de milioane de euro \u00een Rom\u00e2nia. Acum are \u00een plan coordonarea prospec\u021biei exploat\u0103rii resurselor din zona transfrontalier\u0103. Richter, o alt\u0103 companie mare din economia ungar\u0103, consider\u0103 Rom\u00e2nia ca fiind una dintre cele mai importante pie\u021be, iar prin modificarea unor legi s-ar putea dezvolta \u0219i mai mult. OTP a devenit un juc\u0103tor important pe pia\u021ba bancar\u0103 din Rom\u00e2nia. \u0218i s\u0103 nu uit\u0103m c\u0103, pentru Ungaria, Rom\u00e2nia a devenit deja a doua cea mai important\u0103 destina\u021bie de export. P\u00e2n\u0103 la sf\u00e2r\u0219itul lunii octombrie 2015, Ungaria a exportat \u00een Rom\u00e2nia produse \u0219i servicii \u00een valoare de aproape 4 miliarde euro. Dac\u0103 men\u021binem aceea\u0219i intensitate a cooper\u0103rii economice \u00eentre cele dou\u0103 \u021b\u0103ri, rela\u021biile politice vor avea o baz\u0103, indiferent de componen\u021ba guvernelor. \u00cen acest scop, noi am deschis \u00een Rom\u00e2nia \u0219ase centre de dezvoltare a comer\u021bului, pentru ca IMM-urile din Rom\u00e2nia \u0219i cele din Ungaria s\u0103 coopereze c\u00e2t mai str\u00e2ns. Banca Eximbank din Ungaria pune la dispozi\u021bia firmelor un fond de credit de 370 milioane euro, pentru ca acestea s\u0103 \u00ee\u0219i poat\u0103 conecta activit\u0103\u021bile. Cred c\u0103 rela\u021biile economice rom\u00e2no-ungare nu au avut niciodat\u0103 un fundament financiar at\u00e2t de puternic ca acum, iar asta va crea rela\u021bii pozitive \u0219i pe plan politic.<\/p>\n<p data-index=\"7\"><strong>Balazs Barabas: A\u021bi men\u021bionat situa\u021bia minorit\u0103\u021bilor na\u021bionale din ambele \u021b\u0103ri. Cum vede\u021bi situa\u021bia minorit\u0103\u021bii maghiare din Rom\u00e2nia \u0219i ce m\u0103suri ar putea fi luate pentru \u00eembun\u0103t\u0103\u021birea situa\u021biei lor?<\/strong><\/p>\n<p data-index=\"8\"><strong>P\u00e9ter Szijj\u00e1rt\u00f3:<\/strong> Nu vreau s\u0103 ascund nimic, trebuie s\u0103 fim deschi\u0219i unii cu al\u021bii. Exist\u0103 multe probleme care afecteaz\u0103 rela\u021biile rom\u00e2no-ungare pe planul minorit\u0103\u021bilor etnice. Totodat\u0103 \u00een ce prive\u0219te rezolvarea acestor subiecte consider c\u0103 trei aspecte sunt foarte importante. \u00cen primul r\u00e2nd, trebuie s\u0103 \u00eencepem s\u0103 \u00eenregistr\u0103m succese comune \u0219i, plec\u00e2nd de la acestea, s\u0103 putem dezbate aceste probleme foarte dificile cu \u0219anse reale de rezolvare. Al doilea aspect: este nevoie de calm \u0219i luciditate. Emo\u021biile, argumentele na\u021bionaliste, interesele de politic\u0103 intern\u0103 lucreaz\u0103 \u00eempotriva g\u0103sirii de solu\u021bii. Este nevoie de luciditate, calm \u0219i ra\u021biune. Al treilea aspect \u021bine de respectul reciproc. Trebuie s\u0103 vedem poten\u021bialul din minorit\u0103\u021bile etnice. Noi manifest\u0103m respect fa\u021b\u0103 de rom\u00e2nii din Ungaria. \u0218i, evident, ne a\u0219tept\u0103m ca \u0219i \u021b\u0103rile vecine, unde tr\u0103iesc etnici maghiari, s\u0103 dea dovad\u0103 de acela\u0219i respect. Nu trebuie s\u0103 pierdem din vedere c\u0103 s-au \u00eenregistrat progrese \u00een acest sens. Decizia Parlamentului rom\u00e2n asupra Zilei minorit\u0103\u021bilor na\u021bionale trebuie apreciat\u0103. Iar noi salut\u0103m aceast\u0103 decizie. \u00cen acela\u0219i timp, problemele legate de folosirea limbii materne, a simbolurilor na\u021bionale, a retroced\u0103rilor r\u0103m\u00e2n pe lista subiectelor de dezb\u0103tut \u0219i de rezolvat. \u00cens\u0103 revin: consider esen\u021bial\u0103 abordarea lucid\u0103 \u0219i ra\u021bional\u0103. Fiindc\u0103 v\u0103d c\u0103 exist\u0103 tendin\u021ba, nu doar \u00een Rom\u00e2nia, de a fi folosit\u0103 cartea na\u021bionalismului \u00een scopuri electorale interne. Nu trebuie s\u0103 permitem asta. Nu este nici \u00een interesul Guvernului rom\u00e2n, nici al Ungariei \u0219i al maghiarilor. De exemplu, este inacceptabil, oriunde \u00een lume, ca o \u00eentreag\u0103 comunitate etnic\u0103 s\u0103 fie suspectat\u0103 de acte de natur\u0103 penal\u0103. Este inacceptabil ca o politic\u0103 na\u021bionalist\u0103 s\u0103 se bazeze pe astfel de lucruri. Contravine standardelor europene. <\/p>\n<p data-index=\"9\">Consider c\u0103 exist\u0103 probleme nesolu\u021bionate, trebuie s\u0103 lucr\u0103m la rezolvarea acestora. Dar ca s\u0103 avem \u0219anse de reu\u0219it\u0103 la masa discu\u021biilor, trebuie s\u0103 \u00eenregistr\u0103m succese \u0219i \u00een alte domenii \u0219i cred c\u0103 acestea vor veni treptat. Poate mai \u00eencet dec\u00e2t ne dorim, dar vor veni cu siguran\u021b\u0103.<\/p>\n<h3>Ministrul Afacerilor Externe maghiar despre cazul Beke Istvan<\/h3>\n<p data-index=\"10\"><strong>Balazs Barabas: Anul trecut a fost arestat \u00een Rom\u00e2nia un lider al Mi\u0219c\u0103rii celor 64 de Comitate, lider care are \u0219i cet\u0103\u021benie ungar\u0103. Cum privi\u021bi dumneavoastr\u0103 acest caz \u0219i cum prive\u0219te ministerul de externe ungar Mi\u0219carea celor 64 de Comitate, care este considerat\u0103 mi\u0219care extremist\u0103?<\/strong><\/p>\n<p data-index=\"11\"><strong>P\u00e9ter Szijj\u00e1rt\u00f3:<\/strong> Rom\u00e2nia este membru al Uniunii Europene, ca \u0219i Ungaria. A\u0219adar, sunt justificate a\u0219tept\u0103rile \u0219i speran\u021bele noastre ca organele de urm\u0103rire penal\u0103 \u0219i Justi\u021bia s\u0103 nu ac\u021bioneze discriminatoriu \u0219i selectiv.<\/p>\n<p data-index=\"12\">Noi ne dorim ca fiecare s\u0103 beneficieze de proceduri echitabile \u0219i transparente \u0219i, evident, a\u0219tept\u0103m nu numai din partea Rom\u00e2niei, dar \u0219i a altor state unde tr\u0103iesc maghiari, ca ace\u0219tia s\u0103 nu fie discrimina\u021bi din cauza etniei lor, a cet\u0103\u021beniei sau, eventual, a dublei cet\u0103\u021beniei lor. Este clar c\u0103 anumite ac\u021biuni recente ale autorit\u0103\u021bilor rom\u00e2ne creaz\u0103 imaginea potrivit c\u0103reia func\u021bionari publici maghiari, persoane de etnie sau cet\u0103\u021benie maghiar\u0103 par ar fi trata\u021bi cu o \u201eaten\u021bie\u201d deosebit\u0103. Eu cred c\u0103 nu este \u00een interesul Rom\u00e2niei s\u0103 \u00ee\u0219i formeze o astfel de imagine. \u0218i de aceea subliniez c\u0103 a\u0219tept\u0103m din partea oric\u0103rei \u021b\u0103ri europene, deci \u0219i din partea Rom\u00e2niei, s\u0103 nu \u00ee\u0219i foloseasc\u0103 legisla\u021bia nici discriminatoriu, nici selectiv.<\/p>\n<p data-index=\"13\"><strong><span>Balazs Barabas: Mi\u0219carea celor 64 de Comitate func\u021bioneaz\u0103 \u0219i \u00een Ungaria, \u0219i \u00een Rom\u00e2nia. Cum privi\u021bi activitatea acestei organiza\u021bii, av\u00e2nd \u00een vedere c\u0103 Istvan Beke a fost arestat suspectat de terorism, ceea ce este o acuza\u021bie destul de grav\u0103?<\/span><\/strong><\/p>\n<p data-index=\"14\"><strong>P\u00e9ter Szijj\u00e1rt\u00f3:<\/strong> Evident, este o acuza\u021bie foarte grav\u0103. Una din cele mai grave. Tocmai de aceea, autorit\u0103\u021bile rom\u00e2ne au o responsabilitate foarte mare de a proceda transparent, respect\u00e2nd drepturile omului \u0219i drepturile suspectului, \u00een general, \u00een vederea afl\u0103rii adev\u0103rului. Cred c\u0103 trebuie evitat\u0103 situa\u021bia \u00een care Rom\u00e2nia ar putea fi suspectat\u0103 de folosirea discriminatorie a legisla\u021biei. Evident, dac\u0103 cineva este suspectat de un act deosebit de grav, atunci trebuie f\u0103cute toate investiga\u021biile, iar adev\u0103rul trebuie scos la iveal\u0103.<\/p>\n<h3>Ministrul de Externe maghiar: Sunt mul\u021bi de \u201edac\u0103\u201d \u00een privin\u021ba construirii gardului<\/h3>\n<p data-index=\"15\"><strong>Balazs Barabas: Chestiunea gardului care ar putea fi construit la grani\u021ba dintre Rom\u00e2nia \u0219i Ungaria apare \u00een mod regulat \u00een declara\u021biile politicienilor ungari. Ultima dat\u0103 premierul Viktor Orban a vorbit despre acest lucru. De ce apare iar \u0219i iar aceast\u0103 chestiune \u00een aceste declara\u021bii?<\/strong><\/p>\n<p data-index=\"16\"><strong>P\u00e9ter Szijj\u00e1rt\u00f3:<\/strong> Noi la grani\u021ba rom\u00e2no-ungar\u0103 vrem s\u0103 construim drumuri, nu garduri! \u0218i mai vrem ca drumurile deja construite s\u0103 fie folosite de oamenii din zona grani\u021bei. Exist\u0103 zece drumuri care leag\u0103 Ungaria de Rom\u00e2nia. \u0218i nu le pot folosi nici rom\u00e2nii, nici maghiarii. Avem un acord care prevede construirea a cinci noi drumuri p\u00e2n\u0103 \u00een 2020. Un alt acord prevede conectarea autostr\u0103zii din nordul Transilvaniei cu autostrada din Ungaria. \u0218i, astfel, realiz\u0103m a doua conexiune de mare vitez\u0103 \u00eentre drumurile noastre. Deci vrem s\u0103 construim aceste drumuri, nu garduri! Noi nu am construit un gard din pl\u0103cere. Nici la grani\u021ba cu Serbia, nici la cea cu Croa\u021bia. \u0218i, \u00een ceea ce ne prive\u0219te, nu vrem s\u0103 construim unul nici la grani\u021ba cu Rom\u00e2nia. Dar dac\u0103 se va ivi situa\u021bia \u00een care presiunea migra\u021biei se va muta pe un alt traseu, care eventual ar trece dinspre Rom\u00e2nia \u00een Ungaria, iar Rom\u00e2nia nu ar fi capabil\u0103 s\u0103-i fac\u0103 fa\u021b\u0103, atunci noi va trebui s\u0103 lu\u0103m m\u0103suri. Dar cred c\u0103 sim\u021bi\u021bi \u0219i dumneavoastr\u0103 c\u0103 \u00een aceast\u0103 fraz\u0103 sunt mul\u021bi de \u201edac\u0103\u201d.\u00a0Sper\u0103m c\u0103 presiunea migra\u021biei va fi stopat\u0103 c\u00e2t mai eficient, respectiv prin protejarea grani\u021bei sudice a Europei \u0219i a spa\u021biului Schengen.<\/p>\n<p data-index=\"17\">Din p\u0103cate, \u00een Europa observ\u0103m o politic\u0103 duplicitar\u0103. Se vorbe\u0219te foarte mult de protec\u021bia grani\u021belor externe ale Uniunii Europene, dar nu se \u00eent\u00e2mpl\u0103 nimic. \u0218i at\u00e2ta timp c\u00e2t nu se \u00eent\u00e2mpl\u0103 nimic exist\u0103 permanent pericolul unui nou Koln, a deterior\u0103rii continue a siguran\u021bei publice. Exist\u0103 pericolul producerii unor situa\u021bii \u0219i mai grave dec\u00e2t cele de p\u00e2n\u0103 acum. Noi nu mai vrem un nou Paris, un nou Koln.<\/p>\n<p data-index=\"18\">Noi vrem ca europenii s\u0103 tr\u0103iasc\u0103 \u00een siguran\u021b\u0103 \u0219i, \u00een mod sigur, un nou val necontrolat de imigra\u021bie va spori amenin\u021barea terorist\u0103 \u00een Europa \u0219i va afecta siguran\u021ba public\u0103. De aceea, noi trebuie s\u0103 ap\u0103r\u0103m Europa \u0219i dac\u0103 nu o facem la grani\u021ba sudic\u0103 a Greciei, atunci trebuie s\u0103 o facem la grani\u021ba nordic\u0103 a Greciei. Iar o solu\u021bie acceptabil\u0103 ar fi protec\u021bia grani\u021bei bulgaro-macedonene.<\/p>\n<p data-index=\"19\">Dac\u0103 nu se reu\u0219e\u0219te \u0219i la grani\u021ba de sud a Ungariei apar din nou imigran\u021bi sau dac\u0103 apar la grani\u021ba rom\u00e2no-ungar\u0103, atunci evident am construi gard \u0219i la grani\u021ba cu Rom\u00e2nia. Dar nu din cauza Rom\u00e2niei, sau nu \u00eempotriva rom\u00e2nilor, ci pentru c\u0103 noi avem o obliga\u021bie, protejarea grani\u021belor Schengen ale UE. De aceea, am construit gardul la grani\u021ba cu Serbia, respectiv cu Croa\u021bia. Noi avem obliga\u021bia de a proteja grani\u021bele spa\u021biului Schengen. \u00cen acest moment, rutele migra\u021biei nu trec prin Rom\u00e2nia \u0219i sper\u0103m s\u0103 r\u0103m\u00e2n\u0103 a\u0219a.<\/p>\n<h3>Modificarea Constitu\u021biei de teama terorismului<\/h3>\n<p data-index=\"20\"><strong>Balazs Barabas: \u00cen urm\u0103 cu c\u00e2teva zile \u0219i-a \u00eenceput activitatea Centrul European pentru Combaterea Terorismului. \u00cen paralel cu aceasta, guvernul ungar \u00eenainteaz\u0103 Parlamentului un proiect de modificare a Constitu\u021biei care prevede m\u0103suri destul de drastice pentru o eventual\u0103 situa\u021bie de terorism, de amenin\u021bare terorist\u0103. Dac\u0103 exist\u0103 aceast\u0103 institu\u021bie deja, de ce consider\u0103 guvernul ungar c\u0103 este nevoie de aceast\u0103 modificare a Constitu\u021biei, care ar prevedea de exemplu controlul presei, limitarea traficului internetului, limitarea posibilit\u0103\u021bii de cump\u0103rare a unor produse de baz\u0103?<\/strong><\/p>\n<p data-index=\"21\"><strong>P\u00e9ter Szijj\u00e1rt\u00f3:<\/strong> Cred c\u0103, ast\u0103zi, nimeni nu contest\u0103 faptul c\u0103 Uniunea European\u0103 se confrunt\u0103 cu cea mai grav\u0103 din istoria sa. Criza imigran\u021bilor a adus \u00een Europa pericole \u00een via\u021ba de zi cu zi pe care p\u00e2n\u0103 acum le-am v\u0103zut doar la televizor, \u00een \u0219tiri, \u00een teritorii aflate la mii de kilometri de noi. \u00cens\u0103, amenin\u021barea terorist\u0103 \u015fi sc\u0103dera continu\u0103 a climatului de siguran\u021b\u0103 public\u0103 au devenit parte din via\u021ba de zi cu zi a europenilor. \u0218i asta din cauza crizei imigran\u021bilor. Dac\u0103 nu putem stopa fluxul necontrolat al imigran\u021bilor, c\u00e2nd zi de zi intr\u0103 3000, 5000, 10.000 de oameni pe teritoriul U.E f\u0103r\u0103 s\u0103 \u0219tim cine sunt, de unde vin \u0219i de ce vin, atunci acest lucru reprezint\u0103 un pericol de terorism f\u0103r\u0103 precedent \u00een Europa.<\/p>\n<p data-index=\"22\">Este adev\u0103rat c\u0103 exist\u0103 anumite ini\u021biative de rezolvare a problemelor \u00een Europa, dar exist\u0103 temeri fa\u021b\u0103 de eficacitatea lor. Eu cred c\u0103 anul care a trecut ne-a ar\u0103tat c\u0103 \u0219i la nivel na\u021bional trebuie s\u0103 facem totul pentru protec\u021bia oamenilor. Noi, Parlamentul \u0219i Guvernul ales al Ungariei, avem datoria s\u0103 protej\u0103m popula\u021bia maghiar\u0103. \u0218i trebuie s\u0103 ne preg\u0103tim \u0219i pentru situa\u021bii excep\u021bionale. Din p\u0103cate, credem c\u0103 este justificat s\u0103 lu\u0103m m\u0103suri pentru asemenea situa\u021bii. Amenin\u021barea terorist\u0103 a ajuns la cote f\u0103r\u0103 precedent \u00een Europa pe de-o parte din cauza valului de imigran\u021bi, pe de alt\u0103 parte din cauza Statului Islamic.<\/p>\n<p data-index=\"23\"><strong>Balazs Barabas: Criticii acestui amendament al Constitu\u021biei spun c\u0103 marea problem\u0103 este c\u0103 pe de o parte nu exist\u0103 criterii pe baza c\u0103rora aceast\u0103 situa\u021bie de amenin\u021bare cu terorism ar putea fi instituit\u0103, iar cealalt\u0103 este c\u0103 guvernul ar putea institui aceast\u0103 situa\u021bie, aceste m\u0103suri f\u0103r\u0103 aprobarea Parlamentului. Ce p\u0103rere ave\u021bi despre aceast\u0103 critic\u0103?<\/strong><\/p>\n<p data-index=\"24\"><strong>P\u00e9ter Szijj\u00e1rt\u00f3:<\/strong> Aceast\u0103 modificare a constitu\u021biei Ungariei specific\u0103 foarte clar situa\u021biile sau situa\u021bia \u00een care aceste m\u0103suri excep\u021bionale pot fi aplicate. Iar \u00een situa\u021bii excep\u021bionale, trebuie aplicate m\u0103suri excep\u021bionale. S\u0103 dea Dumnezeu s\u0103 nu fie nevoie de acestea!<\/p>\n<p data-index=\"25\"><strong>Balazs Barabas: Limitarea traficului internetului, a po\u0219tei, controlul presei, limitarea, interdic\u021bia de a ie\u0219i \u00een spa\u021biul public pentru popula\u021bie \u00een ce m\u0103sur\u0103 ar contribui la limitarea amenin\u021b\u0103rii teroriste?<\/strong><\/p>\n<p data-index=\"26\"><strong>P\u00e9ter Szijj\u00e1rt\u00f3:<\/strong> Pot exista situa\u021bii excep\u021bionale, cu caracter temporar. Pentru o perioad\u0103 scurt\u0103, aceste restric\u021bii pot fi justificate pentru ap\u0103rarea \u021b\u0103rii \u0219i a popula\u021biei. Acestea nu ar fi reglement\u0103ri cu caracter general, valabile pentru via\u021ba de zi cu zi, ci pentru situa\u021bii excep\u021bionale, nedorite, care pot ap\u0103rea. Dar aceste m\u0103suri excep\u021bionale ar fi valabile doar pentru situa\u021bii excep\u021bionale. \u00cen condi\u021bii normale, aceste m\u0103suri nu ar fi aplicate.<\/p>\n<p data-index=\"27\"><strong>Balazs Barabas: De exemplu, \u00eentr-o situa\u021bie de genul acesta ar putea fi aresta\u021bi oameni care de exemplu \u00een pres\u0103 ar publica informa\u021bii care nu convin guvernului?<\/strong><\/p>\n<p data-index=\"28\"><strong>P\u00e9ter Szijj\u00e1rt\u00f3:<\/strong> Vede\u021bi, acest proiect stipuleaz\u0103 \u00een mod clar m\u0103surile care pot fi aplicate de autorit\u0103\u021bi \u00een aceste situa\u021bii deosebite. Nimeni nu vrea s\u0103 aresteze ziari\u0219ti. Aceast\u0103 lege nu are ca \u021bint\u0103 presa. Legea prevede ca \u00een situa\u021bia \u00een care Ungaria ar fi amenin\u021bat\u0103, popula\u021bia ar fi amenin\u021bat\u0103, atunci anumite m\u0103suri, pe o perioad\u0103 limitat\u0103, ar putea fi aplicate. Aceast\u0103 lege nu reglementeaz\u0103 activitatea presei, ci siguran\u021ba Ungariei.<\/p>\n<h3>Rolul Rusiei \u00een criza migran\u021bilor<\/h3>\n<p data-index=\"29\"><strong>Balazs Barabas: Rusia are o prezen\u021b\u0103 militar\u0103 destul de important\u0103 \u00een Siria. \u00cen acela\u0219i timp economia Rusiei este sl\u0103bit\u0103 pe de o parte de sc\u0103derea pre\u021bului petrolului, pe de alt\u0103 parte de sanc\u021biunile economice ale Uniunii Europene. \u00cen ce m\u0103sur\u0103 considera\u021bi util\u0103 aceast\u0103 sl\u0103bire a puterii Rusiei \u00een actualul context militar, politic, economic?<\/strong><\/p>\n<p data-index=\"30\"><strong>P\u00e9ter Szijj\u00e1rt\u00f3:<\/strong> Una din cauzele actualului val migra\u021bionist este situa\u021bia din Siria. Deci, f\u0103r\u0103 solu\u021bionarea situa\u021biei din Siria, nu avem solu\u021bii nici pentru stoparea valului de imigran\u021bi. Pe de alt\u0103 parte, situa\u021bia din Siria nu poate fi solu\u021bionat\u0103 f\u0103r\u0103 Rusia. Deci dac\u0103, comunitatea transatlantic\u0103 \u0219i Rusia nu vor ajunge la o solu\u021bie ra\u021bional\u0103, pentru o ac\u021biune coordonat\u0103 \u00een Siria atunci acest lucru va duce ac\u021biuni necoordonate \u0219i la agravarea situa\u021biei din Siria. Din p\u0103cate, au fost asemenea cazuri. Deci, dac\u0103 nu avem un acord \u00eentre Rusia \u0219i comunitatea transatlantic\u0103, atunci nu exist\u0103 o solu\u021bie pentru Siria. Cred c\u0103 este destul de clar acest lucru.<\/p>\n<p data-index=\"31\">\u00cen ceea ce prive\u0219te criza din Ucraina, noi ne raliem \u00eentodeauna la deciziile europene. Totodat\u0103 ne vom rezerva \u00eentodeauna dreptul, \u00een virtutea dreptului la exprimare, s\u0103 ne spunem opiniile despre aceste decizii la nivel european. De\u0219i \u00een mod evident aceste sanc\u021biuni au provocat pierderi economice Rusiei, suntem de p\u0103rere c\u0103 au provocat \u0219i pierderi economice Europei. De exemplu, au provocat pierderi uria\u0219e economiei ungare. Numai \u00een ultimii doi ani, am suferit pierderi \u00een valoare de 4,5 miliarde dolari \u00een rela\u021bia cu Rusia. Rusia a fost al doilea partener comercial al Ungariei, iar acum nu este nici m\u0103car printre primii 15. Firmele ungare au pierdut 4,5 miliarde de dolari \u00een rela\u021bia cu Rusia. Au pierdut aceast\u0103 sum\u0103 \u00een doi ani. Este suma pe care nu au investit-o. Locurile de munc\u0103 ale maghiarilor au fost puse \u00een pericol din cauza sanc\u021biunilor economice impuse Rusiei. Eu cred c\u0103 regimul de sanc\u021biuni nu ne-a adus mai aproape de respectarea Acordului de la Minsk. \u0218i noi consider\u0103m c\u0103 acordul de la Minsk este baza solu\u021bion\u0103rii situa\u021biei din Ucraina. Iar \u00een privin\u021ba acordului, cerem tuturor p\u0103r\u021bilor, subliniez \u00eenc\u0103 odat\u0103, tuturor p\u0103r\u021bilor, s\u0103 respecte \u00een totalitate ce \u0219i-au asumat, paragraf cu paragraf. Totodat\u0103, trebuie s\u0103 spun c\u0103 sanc\u021biunile nu ne-au dus mai aproape de rezolvarea problemei. \u00cemi doresc foarte mult s\u0103 se ia o decizie ra\u021bional\u0103, \u00een viitorul apropiat. Este interesul Europei s\u0103 construiasc\u0103 o rela\u021bie pragmatic\u0103 cu Rusia, o rela\u021bie bazat\u0103 pe respect reciproc \u0219i pe respectarea acordurilor interna\u021bionale. \u00cen mod clar, \u00een lume exist\u0103 o concuren\u021b\u0103 intens\u0103 \u00eentre economiile regionale. S.U.A au pus bazele Parteneriatului Pacificului. Acesta include 12 \u021b\u0103ri care totalizeaz\u0103 40% din venitul economic mondial \u0219i 30% din venitul comercial mondial. China promoveaz\u0103 o politic\u0103 economic\u0103 expansiv\u0103, statele arabe caut\u0103 o pozi\u021bie de lider \u00een Africa \u0219i America de Sud, iar Europa, din cauza problemelor sale r\u0103m\u00e2ne \u00een urm\u0103 \u00een aceast\u0103 competi\u021bie. \u00cen acest context, nu putem fi competitivi dac\u0103 nu ne re\u00eentoarcem la ideea unei cooper\u0103ri pragmatice \u00eentre Europa \u0219i comunitatea Euroasiatic\u0103.<\/p>\n<p data-index=\"32\"><strong>Balazs Barabas: Prim-ministrul Viktor Orban va pleca la Moscova \u00een luna februarie, se va \u00eent\u00e2lni cu pre\u0219edintele Putin. Vor discuta \u0219i problemele ridicate de sanc\u021biunile economice, cooperarea comercial\u0103, respectiv interven\u021bia din Siria?<\/strong><\/p>\n<p data-index=\"33\"><strong>P\u00e9ter Szijj\u00e1rt\u00f3:<\/strong> Aceast\u0103 \u00eentrevedere face parte dintr-o serie de \u00eent\u00e2lniri regulate. \u00cen fiecare an, a avut loc o \u00eent\u00e2lnire ungaro-rus\u0103 la cel mai \u00eenalt nivel. Este ceva normal. Cum am spus, avem rela\u021bii economice str\u00e2nse. Suntem apropia\u021bi geografic, iar mare parte a importului de energie provine din Rusia. Deci este firesc ca \u00een fiecare an s\u0103 aib\u0103 an o \u00eent\u00e2lnire la nivel \u00eenalt. Evident, pe l\u00e2ng\u0103 colaborarea economic\u0103 \u0219i cultural\u0103 vor fi discutate \u0219i subiectele de politic\u0103 interna\u021bional\u0103. Printre acestea, Siria, imigra\u021bia \u0219i viitorul cooper\u0103rii dintre UE \u0219i Rusia.<\/p>\n<p data-index=\"34\">Balazs Barabas: Domnule ministru, v\u0103 mul\u021bumim pentru interviu \u0219i sper\u0103m c\u0103 ne vom \u00eent\u00e2lni \u0219i la toamn\u0103, dup\u0103 formarea noului Guvern, ca s\u0103 discut\u0103m despre perspectivele rela\u021biilor bilaterale rom\u00e2no-ungare.<\/p>\n<p data-index=\"35\">P\u00e9ter Szijj\u00e1rt\u00f3: Mul\u021bumesc \u0219i eu!<\/p>\n<\/div>\n<p> Source URL: https:\/\/www.digi24.ro\/stiri\/actualitate\/politica\/ministrul-afacerilor-externe-din-ungaria-noi-la-granita-romano-ungara-vrem-sa-construim-drumuri-nu-garduri-481718<\/p>\n","protected":false},"excerpt":{"rendered":"<p>Balazs Barabas: Dle Ministru, \u00een urm\u0103 cu c\u00e2teva luni a\u021bi oferit un interviu emisiunii Pa\u0219aport Diplomatic \u00een care a\u021bi apreciat ca foarte pozitiv\u0103 rela\u021bia cu ministru de externe Bogdan Aurescu. Acum avem un nou guvern, cu un nou ministru de externe, care la r\u00e2ndul lui va fi \u00een func\u021bie doar pentru o perioad\u0103 limitat\u0103. Cum [&hellip;]<\/p>\n","protected":false},"author":1,"featured_media":168254,"comment_status":"open","ping_status":"","sticky":false,"template":"","format":"standard","meta":{"footnotes":""},"categories":[2],"tags":[11],"class_list":["post-168253","post","type-post","status-publish","format-standard","has-post-thumbnail","hentry","category-politics","tag-digi24"],"_links":{"self":[{"href":"https:\/\/analyse.optim.biz\/index.php?rest_route=\/wp\/v2\/posts\/168253","targetHints":{"allow":["GET"]}}],"collection":[{"href":"https:\/\/analyse.optim.biz\/index.php?rest_route=\/wp\/v2\/posts"}],"about":[{"href":"https:\/\/analyse.optim.biz\/index.php?rest_route=\/wp\/v2\/types\/post"}],"author":[{"embeddable":true,"href":"https:\/\/analyse.optim.biz\/index.php?rest_route=\/wp\/v2\/users\/1"}],"replies":[{"embeddable":true,"href":"https:\/\/analyse.optim.biz\/index.php?rest_route=%2Fwp%2Fv2%2Fcomments&post=168253"}],"version-history":[{"count":0,"href":"https:\/\/analyse.optim.biz\/index.php?rest_route=\/wp\/v2\/posts\/168253\/revisions"}],"wp:featuredmedia":[{"embeddable":true,"href":"https:\/\/analyse.optim.biz\/index.php?rest_route=\/wp\/v2\/media\/168254"}],"wp:attachment":[{"href":"https:\/\/analyse.optim.biz\/index.php?rest_route=%2Fwp%2Fv2%2Fmedia&parent=168253"}],"wp:term":[{"taxonomy":"category","embeddable":true,"href":"https:\/\/analyse.optim.biz\/index.php?rest_route=%2Fwp%2Fv2%2Fcategories&post=168253"},{"taxonomy":"post_tag","embeddable":true,"href":"https:\/\/analyse.optim.biz\/index.php?rest_route=%2Fwp%2Fv2%2Ftags&post=168253"}],"curies":[{"name":"wp","href":"https:\/\/api.w.org\/{rel}","templated":true}]}}