{"id":168004,"date":"2016-02-07T21:02:02","date_gmt":"2016-02-07T18:02:02","guid":{"rendered":"https:\/\/analyse.optim.biz\/?p=168004"},"modified":"2016-02-07T21:02:02","modified_gmt":"2016-02-07T18:02:02","slug":"vizitele-in-sua-ravnite-de-politicienii-romani","status":"publish","type":"post","link":"https:\/\/analyse.optim.biz\/?p=168004","title":{"rendered":"Vizitele \u00een SUA, r\u00e2vnite de politicienii rom\u00e2ni"},"content":{"rendered":"<div class=\"entry data-app-meta data-app-meta-article\" data-embed-base-url-canonical=\"https:\/\/www.digi24.ro\/embed\/stiri\/actualitate\/politica\/vizitele-in-sua-ravnite-de-politicienii-romani-484360\">\n<p data-index=\"1\">Copre\u015fedintele PNL Alina Gorghiu \u015fi \u015feful cancelariei preziden\u0163iale, Dan Mihalache, tocmai au \u00eencheiat o vizit\u0103 \u00een Statele Unite ale Americii. Prinse \u00een agend\u0103 au fost \u00eent\u00e2lniri la Chicago \u015fi Washington. \u00cen fotografiile postate pe internet de liderul PNL apare \u015fi ambasadorul Rom\u00e2niei \u00een SUA, George Maior.<\/p>\n<p data-index=\"2\"><strong>\u201e<\/strong><span><strong>Vizita \u00een SUA pentru orice politician p\u00e2n\u0103 la urm\u0103 e un \u201emust\u201d (trebuie &#8211; n.r.). Rom\u00e2nia a privit SUA ca locul de unde vine lumina, fie din perspectiva social\u0103, fie din perspectiva politic\u0103 \u0219i de aici asocierea pentru orice politician este de dorit\u201d<\/strong>, spune Adi Z\u0103bav\u0103, analist.<\/span><\/p>\n<p data-index=\"3\">\u00cen multe cazuri, numele politicienilor americani al\u0103turi de care se fotografiaz\u0103 rom\u00e2nii nu le spun nimic aleg\u0103torilor din \u0163ar\u0103.<\/p>\n<p data-index=\"4\"><strong>\u201e<\/strong><span><strong>Titulatura mai mult dec\u00e2t numele conteaz\u0103. Sunt o gr\u0103mad\u0103 de secretari de stat la noi \u00een \u021bar\u0103, pe care nu \u00eei cunoa\u0219tem, cu at\u00e2t mai mult oameni din rangul trei \u0219i patru din administra\u021bia american\u0103\u201d<\/strong>, mai spune Adi Z\u0103bav\u0103.<\/span><\/p>\n<p data-index=\"5\">Re\u0163elele de lobby legate de anumite teme, precum religia, sunt cele care \u00eei ajut\u0103 pe liderii partidelor din \u0163ar\u0103, care nu ocup\u0103 func\u0163ii \u00een stat, s\u0103 ajung\u0103 s\u0103 stea la discu\u0163ii, pre\u0163 de c\u00e2teva minute, cu persoane din administra\u0163ia american\u0103.<\/p>\n<p data-index=\"6\">Crin Antonescu a fost \u015fi el \u00een SUA, \u00een 2013. Un an mai t\u00e2rziu, a participat la Congresul Mondial Evreiesc. De regul\u0103, delega\u0163iile, \u00een aceste condi\u0163ii, sunt restr\u00e2nse iar lipsa speciali\u015ftilor a fost remarcat\u0103 de consultan\u0163ii politici.<\/p>\n<p data-index=\"7\">Adi Z\u0103bav\u0103: <strong>\u201eNu au cum s\u0103 nu \u00eemi sar\u0103 \u00een ochi imaginile cu Crin Antonescu. Fotografia, mai ales \u00een politic\u0103, trebuie s\u0103 se fereasc\u0103 s\u0103-\u021bi atrag\u0103 aten\u021bia de la subiect. C\u00e2nd apar obiecte care \u00ee\u021bi distrag aten\u021bia, acea fotografie e gre\u0219it\u0103\u201d.<\/strong><\/p>\n<p data-index=\"8\">Fostul pre\u015fedinte al PDL, Emil Boc a participat, \u00een 2012, la Michigan State University, la o conferin\u0163\u0103 pe tema reac\u0163iei Rom\u00e2niei \u00een cazul crizei financiare din Europa. La sf\u00e2r\u015fitul anului trecut, Emil Boc s-a re\u00eentors \u00een State, \u00een calitate de primar al municipiului Cluj-Napoca.<\/p>\n<p data-index=\"9\">\u00cen mandatul s\u0103u de premier, Victor Ponta a f\u0103cut vizite peste Ocean \u00een fiecare an. Prima, \u00een septembrie 2013. La Casa Alb\u0103, Victor Ponta a discutat cu Joe Biden. S-a \u00eent\u00e2lnit cu reprezentan\u0163ii mai multor companii americane, dar \u015fi cu fostul baschetbalist Ghi\u0163\u0103 Mure\u015fan. \u00cen 2014, Victor Ponta a fost la Adunarea General\u0103 a ONU, iar \u00een 2015, vizita sa \u00een SUA a avut o component\u0103 politic\u0103 \u015fi una economic\u0103.<\/p>\n<p data-index=\"10\"><strong>\u201e<\/strong><span><strong>La rela\u021bii excelente politice \u0219i militare trebuie s\u0103 avem rela\u021bii mai bune \u0219i economice\u201d<\/strong>, declara atunci Victor Ponta.<\/span><\/p>\n<p data-index=\"11\">\u00cen primul an de mandat, SUA au fost pe lista deplas\u0103rilor externe ale pre\u015fedintelui Klaus Iohannis. A discutat cu vicepre\u015fedintele Joe Biden \u015fi s-a \u00eent\u00e2lnit cu Barack Obama la New York, la recep\u0163ia oferit\u0103 de pre\u015fedintele Statelor Unite cu ocazia adun\u0103rii generale a ONU.<\/p>\n<p data-index=\"12\"><strong>\u201e<\/strong><span><strong>A fost o \u00eent\u00e2lnire scurt\u0103 \u0219i cald\u0103. Am schimbat c\u00e2teva fraze, am f\u0103cut o poz\u0103 \u00eempreun\u0103. A fost foarte bine\u201d<\/strong>, a declarat Klaus Iohannis, pre\u0219edintele Rom\u00e2niei.<\/span><\/p>\n<p data-index=\"13\">Fo\u015ftii pre\u015fedin\u0163i Ion Iliescu, Emil Constantinescu \u015fi Traian B\u0103sescu au fost \u015fi ei \u00een SUA, \u00eens\u0103 niciunul \u00eentr-o vizit\u0103 oficial\u0103. Deplas\u0103rile lor au avut rangul de vizite de lucru.<\/p>\n<\/div>\n<p> Source URL: https:\/\/www.digi24.ro\/stiri\/actualitate\/politica\/vizitele-in-sua-ravnite-de-politicienii-romani-484360<\/p>\n","protected":false},"excerpt":{"rendered":"<p>Copre\u015fedintele PNL Alina Gorghiu \u015fi \u015feful cancelariei preziden\u0163iale, Dan Mihalache, tocmai au \u00eencheiat o vizit\u0103 \u00een Statele Unite ale Americii. Prinse \u00een agend\u0103 au fost \u00eent\u00e2lniri la Chicago \u015fi Washington. \u00cen fotografiile postate pe internet de liderul PNL apare \u015fi ambasadorul Rom\u00e2niei \u00een SUA, George Maior. \u201eVizita \u00een SUA pentru orice politician p\u00e2n\u0103 la urm\u0103 [&hellip;]<\/p>\n","protected":false},"author":1,"featured_media":168005,"comment_status":"open","ping_status":"","sticky":false,"template":"","format":"standard","meta":{"footnotes":""},"categories":[2],"tags":[11],"class_list":["post-168004","post","type-post","status-publish","format-standard","has-post-thumbnail","hentry","category-politics","tag-digi24"],"_links":{"self":[{"href":"https:\/\/analyse.optim.biz\/index.php?rest_route=\/wp\/v2\/posts\/168004","targetHints":{"allow":["GET"]}}],"collection":[{"href":"https:\/\/analyse.optim.biz\/index.php?rest_route=\/wp\/v2\/posts"}],"about":[{"href":"https:\/\/analyse.optim.biz\/index.php?rest_route=\/wp\/v2\/types\/post"}],"author":[{"embeddable":true,"href":"https:\/\/analyse.optim.biz\/index.php?rest_route=\/wp\/v2\/users\/1"}],"replies":[{"embeddable":true,"href":"https:\/\/analyse.optim.biz\/index.php?rest_route=%2Fwp%2Fv2%2Fcomments&post=168004"}],"version-history":[{"count":0,"href":"https:\/\/analyse.optim.biz\/index.php?rest_route=\/wp\/v2\/posts\/168004\/revisions"}],"wp:featuredmedia":[{"embeddable":true,"href":"https:\/\/analyse.optim.biz\/index.php?rest_route=\/wp\/v2\/media\/168005"}],"wp:attachment":[{"href":"https:\/\/analyse.optim.biz\/index.php?rest_route=%2Fwp%2Fv2%2Fmedia&parent=168004"}],"wp:term":[{"taxonomy":"category","embeddable":true,"href":"https:\/\/analyse.optim.biz\/index.php?rest_route=%2Fwp%2Fv2%2Fcategories&post=168004"},{"taxonomy":"post_tag","embeddable":true,"href":"https:\/\/analyse.optim.biz\/index.php?rest_route=%2Fwp%2Fv2%2Ftags&post=168004"}],"curies":[{"name":"wp","href":"https:\/\/api.w.org\/{rel}","templated":true}]}}