{"id":1679315,"date":"2026-02-01T03:37:10","date_gmt":"2026-02-01T00:37:10","guid":{"rendered":"https:\/\/analyse.optim.biz\/?p=1679315"},"modified":"2026-02-01T03:37:10","modified_gmt":"2026-02-01T00:37:10","slug":"acuzatii-de-discriminare-si-taxe-comuniste-dupa-decizia-de-a-suprataxa-cluburile-private-pe-stadionul-milcovul","status":"publish","type":"post","link":"https:\/\/analyse.optim.biz\/?p=1679315","title":{"rendered":"Acuza\u021bii de discriminare \u0219i \u201etaxe comuniste\u201d dup\u0103 decizia de a suprataxa cluburile private pe Stadionul Milcovul"},"content":{"rendered":"<div class=\"td_block_wrap tdb_single_content tdi_106 td-pb-border-top td_block_template_1 td-post-content tagdiv-type\" data-td-block-uid=\"tdi_106\">\n<div class=\"tdb-block-inner td-fix-index\">\n<p data-path-to-node=\"3\"><b data-path-to-node=\"3\" data-index-in-node=\"0\">Sportul vr\u00e2ncean este zguduit de un scandal de propor\u021bii dup\u0103 ce majoritatea PSD-AUR din Consiliul Jude\u021bean a votat instituirea unor tarife duble pentru cluburile private fa\u021b\u0103 de cele de stat pentru folosirea terenurilor de antrenament de la baza sportiv\u0103 Milcovul Foc\u0219ani. Pre\u0219edintele AJF Vrancea, Dan Dumitru, \u0219i liderul PNL, Drago\u0219 Ciobotaru, lanseaz\u0103 atacuri dure la adresa administra\u021biei jude\u021bene, acuz\u00e2nd o politic\u0103 de \u201ejumulire\u201d a p\u0103rin\u021bilor care fac eforturi financiare pentru copiii lor.<\/b><\/p>\n<p data-path-to-node=\"3\">Aprobarea proiectului de hot\u0103r\u00e2re prin care cluburile private vor fi nevoite s\u0103 achite tarife duble fa\u021b\u0103 de cluburile publice a \u00eencins spiritele \u00een r\u00e2ndul comunit\u0103\u021bii sportive din Vrancea. Refuzul de a uniformiza tarifele pentru utilizarea bazei sportive a Stadionului \u201eMilcov\u201d a scos la iveal\u0103 o fractur\u0103 ad\u00e2nc\u0103 \u00eentre asocia\u021biile sportive private \u0219i conducerea Consiliului Jude\u021bean.<\/p>\n<h3 data-path-to-node=\"5\">Dan Dumitru, pre\u0219edintele AJF Vrancea: <strong>\u201eVoi solicita dublarea taxelor pentru cluburile de drept public\u201d<\/strong><\/h3>\n<p data-path-to-node=\"6\">Pre\u0219edintele AJF Vrancea, <strong>Dan Dumitru<\/strong>, a adoptat o pozi\u021bie radical\u0103 \u00een ap\u0103rarea cluburilor private, prezent\u00e2nd cifre care arat\u0103 o realitate crunt\u0103: copiii care activeaz\u0103 \u00een structuri private sunt \u201etaxa\u021bi\u201d de administra\u021bie mult mai dur dec\u00e2t cei din cluburile de stat.<\/p>\n<p data-path-to-node=\"7,0\"><strong>\u201eC\u00e2nd cifrele vorbesc, scuzele nu mai au valoare. Nu putem vorbi de sprijinirea sportului c\u00e2t timp aplic\u0103m duble m\u0103suri. \u00cen acest moment, cluburile de drept privat pl\u0103tesc aproape DUBLU pentru acelea\u0219i terenuri. Copiii din privat cost\u0103 mai mult dec\u00e2t copiii din structuri publice, iar p\u0103rin\u021bii sunt penaliza\u021bi financiar doar pentru c\u0103 exist\u0103\u201d,<\/strong> a declarat <b data-path-to-node=\"7,0\" data-index-in-node=\"355\">Dan Dumitru<\/b>.<\/p>\n<p data-path-to-node=\"8\">Ca form\u0103 de protest \u0219i pentru a for\u021ba o echilibrare a sistemului, \u0219eful AJF Vrancea a anun\u021bat c\u0103 va propune Biroului Executiv <b data-path-to-node=\"8\" data-index-in-node=\"118\">dublarea taxelor pentru cluburile de drept public<\/b>. Dumitru sus\u021bine c\u0103 m\u0103sura nu este una de r\u0103zbunare, ci o \u00eencercare de a proteja echilibrul competi\u021bional: <strong>\u201eCine vrea sport adev\u0103rat trebuie s\u0103 accepte reguli egale pentru to\u021bi. Restul sunt pove\u0219ti despre CSM Foc\u0219ani 2007, pe care noi le \u0219tim mai bine dec\u00e2t Curtea de Conturi.\u201d<\/strong><\/p>\n<p data-path-to-node=\"10\">O pozi\u021bie pe acest subiect a avut \u0219i deputatul Drago\u0219 Ciobotaru, pre\u0219edintele PNL Vrancea, care a catalogat decizia ca fiind o<strong> \u201eminciun\u0103 ordinar\u0103 \u0219i ru\u0219inoas\u0103\u201d.<\/strong> Acesta subliniaz\u0103 absurditatea logic\u0103 a tax\u0103rii duble, explic\u00e2nd c\u0103 p\u0103rin\u021bii copiilor de la privat contribuie deja, prin taxele lor generale, la \u00eentre\u021binerea cluburilor de stat.<\/p>\n<p data-path-to-node=\"11,0\"><strong>\u201eNicu\u0219or Halici \u0219i-a \u00eenc\u0103lcat promisiunile din campanie \u0219i acum a pus ochii pe cluburile private. Dac\u0103 Consiliul Jude\u021bean nu face nimic pentru ace\u0219ti copii, s-a g\u00e2ndit m\u0103car s\u0103-i taxeze dublu pe p\u0103rin\u021bii care se chinuie s\u0103-i sus\u021bin\u0103. Un club public este finan\u021bat din banii no\u0219tri, ai tuturor. S\u0103-i jumulim pe cei de la privat este o logic\u0103 de ne\u00een\u021beles\u201d,<\/strong> afirm\u0103 <b data-path-to-node=\"11,0\" data-index-in-node=\"362\">Drago\u0219 Ciobotaru<\/b>.<\/p>\n<p data-path-to-node=\"12\">Liderul liberal a punctat \u0219i alte aspecte problematice ale regulamentului votat, pe care le consider\u0103 de sorginte \u201ecomunist\u0103\u201d. <strong>Drago\u0219 Ciobotaru<\/strong> a anun\u021bat c\u0103 Grupul consilierilor PNL va solicita Institu\u021biei Prefectului s\u0103 declare hot\u0103r\u00e2rea ca fiind nelegal\u0103 \u0219i asta \u00een timp ce grupul consilierilor PNL vor preg\u0103ti un alt proiect de hot\u0103r\u00e2re pentru modificarea regulamentului. <span class=\"x193iq5w xeuugli x13faqbe x1vvkbs x1xmvt09 x1lliihq x1s928wv xhkezso x1gmr53x x1cpjm7i x1fgarty x1943h6x xudqn12 x3x7a5m x6prxxf xvq8zen xo1l8bm xzsf02u x1yc453h\" dir=\"auto\"><strong>\u201eGrupul consilierilor PNL va solicita Institu\u021biei Prefectului s\u0103 declare aceast\u0103 hot\u0103r\u00e2re nelegal\u0103. \u00centre timp, preg\u0103tim \u0219i un alt proiect de hot\u0103r\u00e2re pentru modificarea regulamentului de utilizare a bazei sportive. (\u2026) <\/strong><\/span><strong>Hainele frumoase nu pot masca r\u0103utatea \u0219i incompeten\u021ba acestei administra\u021bii\u201d,<\/strong> a concluzionat Ciobotaru, subliniind dezam\u0103girea fa\u021b\u0103 de consilierii AUR, despre care spune c\u0103 au devenit o simpl\u0103 \u201eanex\u0103 a PSD\u201d \u00een detrimentul interesului public.<\/p>\n<p data-path-to-node=\"12\"><source srcset=\"https:\/\/www.jurnaldevrancea.ro\/wp\/wp-content\/webp-express\/webp-images\/uploads\/2026\/02\/tarife-juniori-stadion-milcovul.jpg.webp 1320w, https:\/\/www.jurnaldevrancea.ro\/wp\/wp-content\/webp-express\/webp-images\/uploads\/2026\/02\/tarife-juniori-stadion-milcovul-768x684.jpg.webp 768w, https:\/\/www.jurnaldevrancea.ro\/wp\/wp-content\/webp-express\/webp-images\/uploads\/2026\/02\/tarife-juniori-stadion-milcovul-150x134.jpg.webp 150w, https:\/\/www.jurnaldevrancea.ro\/wp\/wp-content\/webp-express\/webp-images\/uploads\/2026\/02\/tarife-juniori-stadion-milcovul-300x267.jpg.webp 300w, https:\/\/www.jurnaldevrancea.ro\/wp\/wp-content\/webp-express\/webp-images\/uploads\/2026\/02\/tarife-juniori-stadion-milcovul-696x620.jpg.webp 696w, https:\/\/www.jurnaldevrancea.ro\/wp\/wp-content\/webp-express\/webp-images\/uploads\/2026\/02\/tarife-juniori-stadion-milcovul-1068x951.jpg.webp 1068w\" sizes=\"(max-width: 1320px) 100vw, 1320px\" type=\"image\/webp\" \/><\/p>\n<\/div>\n<\/div>\n<p> Source URL: https:\/\/www.jurnaldevrancea.ro\/acuzatii-de-discriminare-si-taxe-comuniste-dupa-decizia-de-a-suprataxa-cluburile-private-pe-stadionul-milcovul\/<\/p>\n","protected":false},"excerpt":{"rendered":"<p>Sportul vr\u00e2ncean este zguduit de un scandal de propor\u021bii dup\u0103 ce majoritatea PSD-AUR din Consiliul Jude\u021bean a votat instituirea unor tarife duble pentru cluburile private fa\u021b\u0103 de cele de stat pentru folosirea terenurilor de antrenament de la baza sportiv\u0103 Milcovul Foc\u0219ani. Pre\u0219edintele AJF Vrancea, Dan Dumitru, \u0219i liderul PNL, Drago\u0219 Ciobotaru, lanseaz\u0103 atacuri dure la [&hellip;]<\/p>\n","protected":false},"author":1,"featured_media":1679316,"comment_status":"open","ping_status":"","sticky":false,"template":"","format":"standard","meta":{"footnotes":""},"categories":[89],"tags":[207],"class_list":["post-1679315","post","type-post","status-publish","format-standard","has-post-thumbnail","hentry","category-romania","tag-jurnaldevrancea-ro"],"_links":{"self":[{"href":"https:\/\/analyse.optim.biz\/index.php?rest_route=\/wp\/v2\/posts\/1679315","targetHints":{"allow":["GET"]}}],"collection":[{"href":"https:\/\/analyse.optim.biz\/index.php?rest_route=\/wp\/v2\/posts"}],"about":[{"href":"https:\/\/analyse.optim.biz\/index.php?rest_route=\/wp\/v2\/types\/post"}],"author":[{"embeddable":true,"href":"https:\/\/analyse.optim.biz\/index.php?rest_route=\/wp\/v2\/users\/1"}],"replies":[{"embeddable":true,"href":"https:\/\/analyse.optim.biz\/index.php?rest_route=%2Fwp%2Fv2%2Fcomments&post=1679315"}],"version-history":[{"count":0,"href":"https:\/\/analyse.optim.biz\/index.php?rest_route=\/wp\/v2\/posts\/1679315\/revisions"}],"wp:featuredmedia":[{"embeddable":true,"href":"https:\/\/analyse.optim.biz\/index.php?rest_route=\/wp\/v2\/media\/1679316"}],"wp:attachment":[{"href":"https:\/\/analyse.optim.biz\/index.php?rest_route=%2Fwp%2Fv2%2Fmedia&parent=1679315"}],"wp:term":[{"taxonomy":"category","embeddable":true,"href":"https:\/\/analyse.optim.biz\/index.php?rest_route=%2Fwp%2Fv2%2Fcategories&post=1679315"},{"taxonomy":"post_tag","embeddable":true,"href":"https:\/\/analyse.optim.biz\/index.php?rest_route=%2Fwp%2Fv2%2Ftags&post=1679315"}],"curies":[{"name":"wp","href":"https:\/\/api.w.org\/{rel}","templated":true}]}}