{"id":167470,"date":"2016-02-18T12:50:32","date_gmt":"2016-02-18T09:50:32","guid":{"rendered":"https:\/\/analyse.optim.biz\/?p=167470"},"modified":"2016-02-18T12:50:32","modified_gmt":"2016-02-18T09:50:32","slug":"decizie-in-guvern-prefectii-si-subprefectii-din-noua-judete-schimbati-din-functie","status":"publish","type":"post","link":"https:\/\/analyse.optim.biz\/?p=167470","title":{"rendered":"Decizie \u00een Guvern: Prefec\u0163ii \u015fi subprefec\u0163ii din nou\u0103 jude\u0163e, schimba\u0163i din func\u0163ie"},"content":{"rendered":"<div class=\"entry data-app-meta data-app-meta-article\" data-embed-base-url-canonical=\"https:\/\/www.digi24.ro\/embed\/stiri\/actualitate\/politica\/decizie-in-guvern-prefectii-si-subprefectii-din-noua-judete-schimbati-din-functie-487836\">\n<p data-index=\"1\"><img decoding=\"async\" src=\"https:\/\/analyse.optim.biz\/wp-content\/uploads\/2024\/09\/mdamagfzad1lndg5zgnjzwmzotniymq0yjbimjexotjjztbknzbhzq-thumb_.jpg\" data-skip-htmlfix=\"1\" title=\"mdamagfzad1lndg5zgnjzwmzotniymq0yjbimjexotjjztbknzbhzq-thumb_\"><\/p>\n<p data-index=\"2\"><span><em>FOTO gov.ro<\/em><\/span><\/p>\n<p data-index=\"3\">M\u0103sura a fost luat\u0103 \u00eentruc\u00e2t premierul a anun\u0163at c\u0103 este nemul\u0163umit de activitatea multora dintre prefec\u0163ii din \u0163ar\u0103.<\/p>\n<p data-index=\"4\">\u015ei-au \u00eencetat activitatea cu caracter temporar <strong>prefec\u0163ii din jude\u0163ele Alba, Bistri\u0163a-N\u0103s\u0103ud, Boto\u015fani, Br\u0103ila, D\u00e2mbovi\u0163a, Gala\u0163i, Satu Mare, Vaslui \u015fi Arge\u015f.<\/strong><\/p>\n<p data-index=\"5\">Purt\u0103torul de cuv\u00e2nt al Guvernului, Dan Suciu, a anun\u021bat, \u00een 10 februarie, c\u0103 probabil p\u00e2n\u0103 la sf\u00e2r\u0219itul lunii vor fi schimba\u021bi un \u201enum\u0103r semnificativ\u201d de prefec\u021bi.<\/p>\n<p data-index=\"6\">\u201e<span>A fost o trecere \u00een revist\u0103 a activit\u0103\u021bii lor (a prefec\u021bilor \u2014 n.r.) \u0219i o analiz\u0103 a comportamentului, at\u00e2t \u00een ceea ce prive\u0219te capacitatea de a reac\u021biona, c\u00e2t \u0219i dorin\u021ba de a nu se implica politic \u00een campania electoral\u0103. Sigur c\u0103 aceast\u0103 evaluare s-a f\u0103cut, vor urma \u00een cel mai scurt timp, probabil p\u00e2n\u0103 la finalul lunii, schimb\u0103ri care vor viza un num\u0103r semnificativ de prefec\u021bi\u201d, a spus Suciu, dup\u0103 \u0219edin\u021ba Executivului.<\/span><\/p>\n<p data-index=\"7\">El a explicat c\u0103 Guvernul nu va putea s\u0103 fac\u0103, \u00een timpul scurt pe care \u00eel are la dispozi\u021bie, o procedur\u0103 de angajare prin concurs.<\/p>\n<p data-index=\"8\">\u201eDeci va fi o numire a prefec\u021bilor noi pe baza unei selec\u021bii \u00eentre \u00eenal\u021bii reprezentan\u021bi ai Guvernului sau persoanele care s-au remarcat printr-o activitate de gestiune a administra\u021biei publice \u0219i care nu sunt implica\u021bi politic \u00een perioada care va urma. A\u0219adar, \u00een cel mai scurt timp, vom avea un num\u0103r semnificativ de prefec\u021bi schimba\u021bi\u201d, a mai spus Suciu.<\/p>\n<p data-index=\"9\">Premierul Dacian Ciolo\u0219 a declarat, luni, \u00een plenul Camerei Deputa\u021bilor, c\u0103 le-a pus \u00een vedere secretarilor de stat r\u0103ma\u0219i din Cabinetul anterior s\u0103 nu fac\u0103 politic\u0103 de partid, iar prefec\u021bilor \u0219i subprefec\u021bilor care au inten\u021bia s\u0103 participe \u00een alegeri le-a cerut s\u0103 renun\u021be la func\u021bie.<\/p>\n<p data-index=\"10\">Purt\u0103torul de cuv\u00e2nt al Guvernului, Dan Suciu, a declarat, \u00een 3 februarie, c\u0103 Executivul va decide \u00een cursul acestei luni modific\u0103ri la nivelul prefec\u021bilor, \u021bin\u00e2nd cont c\u0103 exist\u0103 o evaluare \u00een curs a activit\u0103\u021bii acestora.<\/p>\n<\/div>\n<p> Source URL: https:\/\/www.digi24.ro\/stiri\/actualitate\/politica\/decizie-in-guvern-prefectii-si-subprefectii-din-noua-judete-schimbati-din-functie-487836<\/p>\n","protected":false},"excerpt":{"rendered":"<p>FOTO gov.ro M\u0103sura a fost luat\u0103 \u00eentruc\u00e2t premierul a anun\u0163at c\u0103 este nemul\u0163umit de activitatea multora dintre prefec\u0163ii din \u0163ar\u0103. \u015ei-au \u00eencetat activitatea cu caracter temporar prefec\u0163ii din jude\u0163ele Alba, Bistri\u0163a-N\u0103s\u0103ud, Boto\u015fani, Br\u0103ila, D\u00e2mbovi\u0163a, Gala\u0163i, Satu Mare, Vaslui \u015fi Arge\u015f. Purt\u0103torul de cuv\u00e2nt al Guvernului, Dan Suciu, a anun\u021bat, \u00een 10 februarie, c\u0103 probabil p\u00e2n\u0103 [&hellip;]<\/p>\n","protected":false},"author":1,"featured_media":167471,"comment_status":"open","ping_status":"","sticky":false,"template":"","format":"standard","meta":{"footnotes":""},"categories":[2],"tags":[11],"class_list":["post-167470","post","type-post","status-publish","format-standard","has-post-thumbnail","hentry","category-politics","tag-digi24"],"_links":{"self":[{"href":"https:\/\/analyse.optim.biz\/index.php?rest_route=\/wp\/v2\/posts\/167470","targetHints":{"allow":["GET"]}}],"collection":[{"href":"https:\/\/analyse.optim.biz\/index.php?rest_route=\/wp\/v2\/posts"}],"about":[{"href":"https:\/\/analyse.optim.biz\/index.php?rest_route=\/wp\/v2\/types\/post"}],"author":[{"embeddable":true,"href":"https:\/\/analyse.optim.biz\/index.php?rest_route=\/wp\/v2\/users\/1"}],"replies":[{"embeddable":true,"href":"https:\/\/analyse.optim.biz\/index.php?rest_route=%2Fwp%2Fv2%2Fcomments&post=167470"}],"version-history":[{"count":0,"href":"https:\/\/analyse.optim.biz\/index.php?rest_route=\/wp\/v2\/posts\/167470\/revisions"}],"wp:featuredmedia":[{"embeddable":true,"href":"https:\/\/analyse.optim.biz\/index.php?rest_route=\/wp\/v2\/media\/167471"}],"wp:attachment":[{"href":"https:\/\/analyse.optim.biz\/index.php?rest_route=%2Fwp%2Fv2%2Fmedia&parent=167470"}],"wp:term":[{"taxonomy":"category","embeddable":true,"href":"https:\/\/analyse.optim.biz\/index.php?rest_route=%2Fwp%2Fv2%2Fcategories&post=167470"},{"taxonomy":"post_tag","embeddable":true,"href":"https:\/\/analyse.optim.biz\/index.php?rest_route=%2Fwp%2Fv2%2Ftags&post=167470"}],"curies":[{"name":"wp","href":"https:\/\/api.w.org\/{rel}","templated":true}]}}