{"id":167458,"date":"2016-02-18T14:02:47","date_gmt":"2016-02-18T11:02:47","guid":{"rendered":"https:\/\/analyse.optim.biz\/?p=167458"},"modified":"2016-02-18T14:02:47","modified_gmt":"2016-02-18T11:02:47","slug":"klaus-iohannis-pierde-fani-pe-facebook","status":"publish","type":"post","link":"https:\/\/analyse.optim.biz\/?p=167458","title":{"rendered":"Klaus Iohannis pierde fani pe Facebook"},"content":{"rendered":"<div class=\"entry data-app-meta data-app-meta-article\" data-embed-base-url-canonical=\"https:\/\/www.digi24.ro\/embed\/stiri\/actualitate\/politica\/klaus-iohannis-pierde-fani-pe-facebook-487866\">\n<p data-index=\"1\"><strong><img decoding=\"async\" src=\"https:\/\/analyse.optim.biz\/wp-content\/uploads\/2024\/09\/mdbmywexmmnmmzblnjllnmnhowq3zji0yzlhmjjj-thumb_.jpg\" data-skip-htmlfix=\"1\" title=\"mdbmywexmmnmmzblnjllnmnhowq3zji0yzlhmjjj-thumb_\"><\/strong><\/p>\n<p data-index=\"2\"><strong>ACTUALIZARE 24:00 <\/strong>Klaus Iohannis are cu aproape 30.000 mai pu\u021bine \u201elike\u201d-uri p\u00e2n\u0103 la aceast\u0103 or\u0103. Mai exact, pre\u0219edintele a ajuns la 1.703.625 de fani.<\/p>\n<p data-index=\"3\">Paradoxal, \u00een ciuda \u201ehemoragiei\u201d serioase de like-uri, pre\u0219edintele a \u0219i c\u00e2\u0219tigat, totu\u0219i, \u00een ultimele ore, al\u021bi c\u00e2\u021biva mii de fani. Cum se explic\u0103 \u0219i de unde provin ace\u0219tia a ar\u0103tat Lucian M\u00eendru\u021b\u0103, la \u201eJurnalul de Sear\u0103\u201d. Urm\u0103ri\u021bi-l \u00een materialul video de mai sus.<\/p>\n<p data-index=\"4\"><strong>ACTUALIZARE 18:00<\/strong>\u00a0Pre\u015fedintele Klaus Iohannis pierde masiv din popularitate pe Facebook. De ieri p\u00e2n\u0103 ast\u0103zi au disp\u0103rut aproape 19 mii de aprecieri de pe pagina sa.<\/p>\n<p data-index=\"5\">La ora redact\u0103rii acestei \u0219tiri, pre\u0219edintele avea 1.713.308 de \u201elike\u201d-uri.<\/p>\n<p data-index=\"6\">Este o form\u0103 de protest fa\u0163\u0103 de declara\u0163iile f\u0103cute ieri \u00een disputa Fisc-Antena Group. Pre\u015fedintele a numit &#8220;banal motiv administrativ&#8221; decizia judec\u0103toreasc\u0103 de confiscare a cl\u0103dirilor \u00een care func\u0163ioneaz\u0103 televiziunile familiei Voiculescu. Dac\u0103 \u00een perioada campaniei electorale \u015feful statului era r\u0103sf\u0103\u0163at \u00een mediul online, acum num\u0103rul admiratorilor a ajuns s\u0103 scad\u0103 \u015fi cu cateva mii \u00eentr-o singura or\u0103. Premierul, \u00een schimb, a c\u00e2\u015ftigat noi sus\u0163in\u0103tori dup\u0103 ce a ap\u0103rat legalitatea interven\u0163iei ANAF.<\/p>\n<hr>\n<p data-index=\"7\">\u201e<span>Libertatea de exprimare nu poate fi suprimat\u0103 pentru banale motive administrative. \u00cen al doilea r\u00e2nd, aceast\u0103 abordare heirupist\u0103 din partea ANAF mi se pare nepotrivit\u0103, dac\u0103 nu discutabil\u0103\u201d, <a href=\"https:\/\/www.digi24.ro\/Stiri\/Digi24\/Actualitate\/Stiri\/KLAUS+IOHANNIS+ANAF+ATITUDINE+HEIRUPISTA\" data-skip-linkfix=\"1\">a spus Klaus Iohannis, la \u00eentrebarea unui jurnalist<\/a>.<\/span><\/p>\n<p data-index=\"8\">Aceasta este declara\u0163ia care a declan\u015fat potopul de comentarii negative pe pagina de Facebook a pre\u015fedintelui Klaus Iohannis.<\/p>\n<p data-index=\"9\">\u201eAm stat la coada la Londra 8 ore ca s\u0103 v\u0103 votez. Dup\u0103 declara\u0163ia dumneavoastr\u0103 de ast\u0103zi despre antena 3, a\u015f mai sta la coad\u0103 8 ore ca s\u0103 nu v\u0103 mai votez. Ar trebui s\u0103 v\u0103 fie ru\u015fine, dar m-ar mira\u201d, \u00eei scrie pre\u015fedintelui un fost sus\u0163in\u0103tor.<\/p>\n<p data-index=\"10\">\u201eP\u0103i cum vine asta, domnule Iohannis? Respectarea legii a ajuns s\u0103 devin\u0103 un abuz?\u201d, comenteaz\u0103 altcineva pe pagina oficial\u0103 a pre\u0219edintelui.<\/p>\n<p data-index=\"11\">\u201eCred c\u0103 pentru prima dat\u0103 a ratat ocazia s\u0103 tac\u0103 (lucru la care, de altfel, e foarte bun). Dac\u0103 t\u0103cea, \u00een\u0163elept r\u0103m\u00e2nea!\u201d, este un alt comentariu postat pe pagina de Facebook a lui Klaus Iohannis.<\/p>\n<p data-index=\"12\">Declara\u0163iile prin care \u015feful statului a criticat interven\u0163ia ANAF i-au adus acestuia pe pagin\u0103 peste trei mii de comentarii noi, majoritatea critice.<\/p>\n<p data-index=\"13\">Potrivit site-urilor care monitorizeaz\u0103 paginile de Facebook ale personalit\u0103\u0163ilor, ultimele dou\u0103 zile l-au l\u0103sat pe \u015feful statului f\u0103r\u0103 c\u00e2teva mii bune de admiratori.<\/p>\n<p data-index=\"14\">Speciali\u015ftii au calculat c\u0103 <strong>pre\u015fedintele pierde, \u00een medie, \u0219ase sus\u0163in\u0103tori \u00een fiecare minut.<\/strong><\/p>\n<p data-index=\"15\">\u201ePutem s\u0103 spunem c\u0103 asist\u0103m la o nou\u0103 form\u0103 de protest civic. Practic, dislike-ul \u015fi comentariile \u00eenlocuiesc protestele efective. Efectul viral este acolo, \u00eens\u0103 este foarte mic, comparativ cu ce s-a \u00eent\u00e2mplat \u00een perioada alegerilor. Ne putem a\u015ftepta la o viralizare mai accentuat\u0103 dac\u0103 devine la mod\u0103 s\u0103 dai unlike paginii pre\u015fedintelui\u201d, a spus Drago\u015f Stanca, expert \u00een comunicare online.<\/p>\n<p data-index=\"16\">\u00cen timp ce pre\u015fedintele \u00ee\u015fi pierde admiratorii, premierul c\u00e2\u015ftig\u0103 al\u0163ii noi.<\/p>\n<p data-index=\"17\">Astfel, mesajul lui Dacian Ciolo\u015f care a ap\u0103rat legalitatea interven\u0163iei ANAF la Antene a primit c\u00e2teva mii de likeuri<\/p>\n<p data-index=\"18\">\u201ePremierul Ciolo\u015f pare c\u0103 se afl\u0103 pe un val de cre\u015ftere, pentru c\u0103 din punct de vedere al analizei seci pe date, vorbim de un patru la sut\u0103 cre\u015ftere. Iohannis pierde 0,4%, Ciolo\u015f cre\u015fte 4%\u201d, a ad\u0103ugat Drago\u0219 Stanca.<\/p>\n<p data-index=\"19\">De altfel, \u015feful Guvernului nu s-a ferit s\u0103 r\u0103spund\u0103 personal unor comentarii din mediul online.<\/p>\n<p data-index=\"20\">\u201e\u00cencerc s\u0103 g\u0103sesc echilibrul si bunul sim\u021b, indiferent de presiune dintr-o parte sau alta. Unii interpreteaz\u0103 c\u0103utarea echilibrului ca o ezitare sau o sl\u0103biciune\u201d, i-a replicat premierul unui prieten din mediul virtual care \u00eel \u00eendemna s\u0103 respecte legea \u015fi s\u0103 nu se lase influen\u0163at de presiunea sistemului.<\/p>\n<p data-index=\"21\">\u00cen tot acest timp, PSD amenin\u0163\u0103 cu mo\u0163iunea de cenzur\u0103 Cabinetul Ciolo\u015f. <span>Invitat la un post de televiziune, Liviu Dragnea a spus c\u0103 dac\u0103 ordinul de evacuare privind posturile Intact va fi pus \u00een practic\u0103, atunci, \u201eGuvernul acesta nu trebuie s\u0103 mai existe. PSD va depune o mo\u0163iune de cenzur\u0103\u201d. \u015eeful social-democra\u0163ilor a mai spus c\u0103 Guvernul Ciolo\u015f \u00eencearc\u0103 s\u0103 \u00eenchid\u0103 cinci televiziuni \u015fi acest lucru trebuie oprit.<\/span><\/p>\n<h3><span>Citi\u021bi \u0219i<\/span><\/h3>\n<h3><a href=\"https:\/\/www.digi24.ro\/Stiri\/Digi24\/Actualitate\/Politica\/Scandal+ANAF-Intact+Moise+Guran+Il+cheama+cineva+pe+premier\" data-skip-linkfix=\"1\"><span>Scandalul ANAF-Intact. Moise Guran: \u00cel cheam\u0103 cineva pe prim-ministru \u00een Senat c\u00e2nd e vorba de cet\u0103\u021benii corec\u021bi?<\/span><\/a><\/h3>\n<h3><span><a href=\"https:\/\/www.digi24.ro\/Stiri\/Digi24\/Actualitate\/Stiri\/Dacian+Ciolos+in+Parlament+Nu+am+fost+informat+de+actiunea+ANAF+\" data-skip-linkfix=\"1\">Dacian Ciolo\u015f: Dac\u0103 nu respecta termenul de cinci zile, ANAF putea fi acuzat\u0103 de discriminare<\/a><\/span><\/h3>\n<h3><a href=\"https:\/\/www.digi24.ro\/Stiri\/Digi24\/Actualitate\/Politica\/Liviu+Dragnea+Daca+se+intampla+o+evacuare+a+celor+cinci+televizi\" data-skip-linkfix=\"1\"><span>Liviu Dragnea: Dac\u0103 se \u00eent\u00e2mpl\u0103 o evacuare a celor cinci televiziuni, acest guvern nu mai poate r\u0103m\u00e2ne \u00een func\u021bie<\/span><\/a><\/h3>\n<h3><a href=\"https:\/\/www.digi24.ro\/Stiri\/Digi24\/Actualitate\/Politica\/ciolos+postare+facebook+anaf\" data-skip-linkfix=\"1\"><span>Conflictul ANAF-Intact. Premierul Dacian Ciolo\u015f\u00a0face\u00a0preciz\u0103ri\u00a0pe Facebook<\/span><\/a><\/h3>\n<h3><a href=\"https:\/\/www.digi24.ro\/Stiri\/Digi24\/Actualitate\/Stiri\/KLAUS+IOHANNIS+ANAF+ATITUDINE+HEIRUPISTA\" data-skip-linkfix=\"1\"><span>Klaus Iohannis: \u201eAceast\u0103 abordare heirupist\u0103 din partea ANAF mi se pare nepotrivit\u0103\u201d. Reac\u021bia internau\u021bilor<\/span><\/a><\/h3>\n<h3><a href=\"https:\/\/www.digi24.ro\/Stiri\/Digi24\/Actualitate\/Justitie\/Dosarul+ICA+de+la+confiscare+la+executare\" data-skip-linkfix=\"1\"><span>Dosarul ICA, de la confiscare la executare<\/span><\/a><\/h3>\n<\/div>\n<p> Source URL: https:\/\/www.digi24.ro\/stiri\/actualitate\/politica\/klaus-iohannis-pierde-fani-pe-facebook-487866<\/p>\n","protected":false},"excerpt":{"rendered":"<p>ACTUALIZARE 24:00 Klaus Iohannis are cu aproape 30.000 mai pu\u021bine \u201elike\u201d-uri p\u00e2n\u0103 la aceast\u0103 or\u0103. Mai exact, pre\u0219edintele a ajuns la 1.703.625 de fani. Paradoxal, \u00een ciuda \u201ehemoragiei\u201d serioase de like-uri, pre\u0219edintele a \u0219i c\u00e2\u0219tigat, totu\u0219i, \u00een ultimele ore, al\u021bi c\u00e2\u021biva mii de fani. Cum se explic\u0103 \u0219i de unde provin ace\u0219tia a ar\u0103tat Lucian [&hellip;]<\/p>\n","protected":false},"author":1,"featured_media":167459,"comment_status":"open","ping_status":"","sticky":false,"template":"","format":"standard","meta":{"footnotes":""},"categories":[2],"tags":[11],"class_list":["post-167458","post","type-post","status-publish","format-standard","has-post-thumbnail","hentry","category-politics","tag-digi24"],"_links":{"self":[{"href":"https:\/\/analyse.optim.biz\/index.php?rest_route=\/wp\/v2\/posts\/167458","targetHints":{"allow":["GET"]}}],"collection":[{"href":"https:\/\/analyse.optim.biz\/index.php?rest_route=\/wp\/v2\/posts"}],"about":[{"href":"https:\/\/analyse.optim.biz\/index.php?rest_route=\/wp\/v2\/types\/post"}],"author":[{"embeddable":true,"href":"https:\/\/analyse.optim.biz\/index.php?rest_route=\/wp\/v2\/users\/1"}],"replies":[{"embeddable":true,"href":"https:\/\/analyse.optim.biz\/index.php?rest_route=%2Fwp%2Fv2%2Fcomments&post=167458"}],"version-history":[{"count":0,"href":"https:\/\/analyse.optim.biz\/index.php?rest_route=\/wp\/v2\/posts\/167458\/revisions"}],"wp:featuredmedia":[{"embeddable":true,"href":"https:\/\/analyse.optim.biz\/index.php?rest_route=\/wp\/v2\/media\/167459"}],"wp:attachment":[{"href":"https:\/\/analyse.optim.biz\/index.php?rest_route=%2Fwp%2Fv2%2Fmedia&parent=167458"}],"wp:term":[{"taxonomy":"category","embeddable":true,"href":"https:\/\/analyse.optim.biz\/index.php?rest_route=%2Fwp%2Fv2%2Fcategories&post=167458"},{"taxonomy":"post_tag","embeddable":true,"href":"https:\/\/analyse.optim.biz\/index.php?rest_route=%2Fwp%2Fv2%2Ftags&post=167458"}],"curies":[{"name":"wp","href":"https:\/\/api.w.org\/{rel}","templated":true}]}}