{"id":167436,"date":"2016-02-18T21:04:19","date_gmt":"2016-02-18T18:04:19","guid":{"rendered":"https:\/\/analyse.optim.biz\/?p=167436"},"modified":"2016-02-18T21:04:19","modified_gmt":"2016-02-18T18:04:19","slug":"conflictul-anaf-intact-c-t-popescu-klaus-iohannis-a-afectat-functia-prezidentiala-prin-interventia-sa","status":"publish","type":"post","link":"https:\/\/analyse.optim.biz\/?p=167436","title":{"rendered":"Conflictul ANAF \u2013 Intact. C. T. Popescu: Klaus Iohannis a afectat func\u021bia preziden\u021bial\u0103, prin interven\u021bia sa"},"content":{"rendered":"<div class=\"entry data-app-meta data-app-meta-article\" data-embed-base-url-canonical=\"https:\/\/www.digi24.ro\/embed\/stiri\/actualitate\/politica\/conflictul-anaf-intact-c-t-popescu-klaus-iohannis-a-afectat-functia-prezidentiala-prin-interventia-sa-488010\">\n<p data-index=\"1\">\u00a0\u201eEste, dup\u0103 p\u0103rerea mea, aceast\u0103 interven\u021bie a domnului Iohannis la fel de nociv\u0103 ca atacurile repetate &#8211; pe care cu siguran\u021b\u0103 nu le-am uitat &#8211; ale predecesorului s\u0103u, Traian B\u0103sescu, \u00eempotriva televiziunilor din trustul Intact, de la pupitrul Cotrocenilor, deci folosind func\u021bia preziden\u021bial\u0103. Acum, ce face domnul Iohannis? E vorba, aici, de exact func\u021bia preziden\u021bial\u0103, pe care domnul Iohannis o afecteaz\u0103 prin aceast\u0103 interven\u021bie. Mai \u00eent\u00e2i, este dezechilibrat\u0103 ie\u0219irea domniei sale, ca frecven\u021b\u0103 a expunerii publice. Trec s\u0103pt\u0103m\u00e2ni, chiar luni uneori \u2013 \u0219i se \u00eent\u00e2mpl\u0103 lucruri &#8211; f\u0103r\u0103 s\u0103 cunoa\u0219tem pozi\u021bia domnului Iohannis \u00een leg\u0103tur\u0103 cu ele. \u0218i acum, dintr-odat\u0103, simte nevoia s\u0103 se pronun\u021be \u00een conflictul dintre o societate privat\u0103 \u0219i Fisc. Domnul Iohannis nu avea a spune nimic \u00een leg\u0103tur\u0103 cu cele \u00eent\u00e2mplate, era responsabilitatea institu\u021biilor statului, a justi\u021biei, \u00een ultim\u0103 instan\u021b\u0103, a guvernului\u201d, a spus Cristian Tudor Popescu.<\/p>\n<p data-index=\"2\">\u201eDomnul Iohannis nu a fost de fa\u021b\u0103, nu \u0219tie ce s-a \u00eentmplat acolo, deci a pierdut un bun prilej de a t\u0103cea, cum o face de obicei. Dac\u0103 tot a considerat c\u0103 trebuie s\u0103 deschid\u0103 gur\u0103, ar fi putut s\u0103 spun\u0103: s\u0103 se aplice legea, nici mai mult, nici mai pu\u021bin dec\u00e2t prevede ea, dar f\u0103r\u0103 ca libertatea de exprimare a oamenilor care lucreaz\u0103 \u00een trustul Intact s\u0103 fie blocat\u0103 \u00een vreun fel. Pentru c\u0103 nu este vorba de a\u0219a ceva, nu exist\u0103 nicio hot\u0103r\u00e2re, nicio referire la \u00eentreruperea emisiei acestor televiziuni. Este vorba doar de confiscarea acestor sedii. Asta era o pozi\u021bie la care nu am fi avut de obiectat\u201d, a ad\u0103ugat jurnalistul.<\/p>\n<p data-index=\"3\">Pre\u015fedintele a numit<a href=\"https:\/\/www.digi24.ro\/Stiri\/Digi24\/Actualitate\/Politica\/Klaus+Iohannis+parasit+pe+Facebook+sase+unlike-uri+pe+minut\" target=\"_blank\" data-skip-linkfix=\"1\" rel=\"noopener\"><strong> \u201ebanal motiv administrativ\u201d<\/strong><\/a> decizia judec\u0103toreasc\u0103 de confiscare a cl\u0103dirilor \u00een care func\u0163ioneaz\u0103 televiziunile familiei Voiculescu.<\/p>\n<p data-index=\"4\">\u201eNu pot dec\u00e2t s\u0103 b\u0103nuiesc c\u0103 este vorba de un calcul politic al domnului Iohannis. Caut\u0103 voturi \u0219i intr-o zon\u0103 \u00een care nu avea \u00een mod normal. Dar este un calcul politic prost, pentru c\u0103 va pierde mult mai mult dec\u00e2t c\u00e2\u0219tig\u0103 din acest gest. \u0218i la urma urmei, nu asta ne intereseaz\u0103, ci faptul c\u0103 a afectat func\u021bia preziden\u021bial\u0103 \u0219i \u00eencrederea cet\u0103\u021benilor \u00een ea, prin aceast\u0103 interven\u021bie \u0219i, mai ales, prin cuvintele pe care le-a utilizat\u201d, a apreciat Cristian Tudor Popescu.<\/p>\n<\/div>\n<p> Source URL: https:\/\/www.digi24.ro\/stiri\/actualitate\/politica\/conflictul-anaf-intact-c-t-popescu-klaus-iohannis-a-afectat-functia-prezidentiala-prin-interventia-sa-488010<\/p>\n","protected":false},"excerpt":{"rendered":"<p>\u00a0\u201eEste, dup\u0103 p\u0103rerea mea, aceast\u0103 interven\u021bie a domnului Iohannis la fel de nociv\u0103 ca atacurile repetate &#8211; pe care cu siguran\u021b\u0103 nu le-am uitat &#8211; ale predecesorului s\u0103u, Traian B\u0103sescu, \u00eempotriva televiziunilor din trustul Intact, de la pupitrul Cotrocenilor, deci folosind func\u021bia preziden\u021bial\u0103. Acum, ce face domnul Iohannis? E vorba, aici, de exact func\u021bia preziden\u021bial\u0103, [&hellip;]<\/p>\n","protected":false},"author":1,"featured_media":167437,"comment_status":"open","ping_status":"","sticky":false,"template":"","format":"standard","meta":{"footnotes":""},"categories":[2],"tags":[11],"class_list":["post-167436","post","type-post","status-publish","format-standard","has-post-thumbnail","hentry","category-politics","tag-digi24"],"_links":{"self":[{"href":"https:\/\/analyse.optim.biz\/index.php?rest_route=\/wp\/v2\/posts\/167436","targetHints":{"allow":["GET"]}}],"collection":[{"href":"https:\/\/analyse.optim.biz\/index.php?rest_route=\/wp\/v2\/posts"}],"about":[{"href":"https:\/\/analyse.optim.biz\/index.php?rest_route=\/wp\/v2\/types\/post"}],"author":[{"embeddable":true,"href":"https:\/\/analyse.optim.biz\/index.php?rest_route=\/wp\/v2\/users\/1"}],"replies":[{"embeddable":true,"href":"https:\/\/analyse.optim.biz\/index.php?rest_route=%2Fwp%2Fv2%2Fcomments&post=167436"}],"version-history":[{"count":0,"href":"https:\/\/analyse.optim.biz\/index.php?rest_route=\/wp\/v2\/posts\/167436\/revisions"}],"wp:featuredmedia":[{"embeddable":true,"href":"https:\/\/analyse.optim.biz\/index.php?rest_route=\/wp\/v2\/media\/167437"}],"wp:attachment":[{"href":"https:\/\/analyse.optim.biz\/index.php?rest_route=%2Fwp%2Fv2%2Fmedia&parent=167436"}],"wp:term":[{"taxonomy":"category","embeddable":true,"href":"https:\/\/analyse.optim.biz\/index.php?rest_route=%2Fwp%2Fv2%2Fcategories&post=167436"},{"taxonomy":"post_tag","embeddable":true,"href":"https:\/\/analyse.optim.biz\/index.php?rest_route=%2Fwp%2Fv2%2Ftags&post=167436"}],"curies":[{"name":"wp","href":"https:\/\/api.w.org\/{rel}","templated":true}]}}