{"id":167425,"date":"2016-02-19T13:59:36","date_gmt":"2016-02-19T10:59:36","guid":{"rendered":"https:\/\/analyse.optim.biz\/?p=167425"},"modified":"2016-02-19T13:59:36","modified_gmt":"2016-02-19T10:59:36","slug":"liviu-dragnea-premierul-ciolos-ar-trebui-sa-remanieze-cativa-ministri","status":"publish","type":"post","link":"https:\/\/analyse.optim.biz\/?p=167425","title":{"rendered":"Liviu Dragnea: Premierul Ciolo\u0219 ar trebui s\u0103 remanieze c\u00e2\u021biva mini\u0219tri"},"content":{"rendered":"<div class=\"entry data-app-meta data-app-meta-article\" data-embed-base-url-canonical=\"https:\/\/www.digi24.ro\/embed\/stiri\/actualitate\/politica\/liviu-dragnea-premierul-ciolos-ar-trebui-sa-remanieze-cativa-ministri-488231\">\n<p data-index=\"1\">\u00centrebat \u00een privin\u021ba unei mo\u021biuni de cenzur\u0103, Dragnea a ar\u0103tat c\u0103 nu dore\u0219te s\u0103 dea termene.<\/p>\n<p data-index=\"2\"><strong>\u201eNu vreau s\u0103 dau termene, pentru c\u0103, cine \u0219tie, poate brusc, \u00een urm\u0103toarele zile, \u00een urm\u0103toarea s\u0103pt\u0103m\u00e2n\u0103, poate premierul face ceva remanieri, poate c\u0103 a \u00een\u021beles c\u0103 unii nu mai pot r\u0103m\u00e2ne pe acolo, poate \u00ee\u0219i schimb\u0103 atitudinea. (&#8230;) Eu nu \u0219tiu ce va face Dacian Ciolo\u0219. (&#8230;) Dac\u0103 vin proiecte de lege pe care noi le credem necesare \u0219i bune, noi le vot\u0103m, dac\u0103 nu, nu\u201d<\/strong>, a declarat Liviu Dragnea, la DC News live.<\/p>\n<p data-index=\"3\">\u00cen opinia acestuia, premierul ar trebui s\u0103 remanieze c\u00e2\u021biva mini\u0219tri, iar decizia final\u0103 \u00eei apar\u021bine, av\u00e2nd toate informa\u021biile s\u0103 ajung\u0103 la o concluzie.<\/p>\n<p data-index=\"4\"><strong>\u201eDac\u0103 simte, dac\u0103 \u00een\u021belege c\u0103 va \u00eencepe \u0219i dumnealui s\u0103 aib\u0103 probleme ca Guvern \u00een ansamblu din cauza unor membri ai Cabinetului, atunci \u00eenseamn\u0103 c\u0103 va proceda rapid la ni\u0219te remanieri. Dac\u0103 nu va \u00een\u021belege lucrul \u0103sta \u0219i \u00eei va p\u0103stra \u00een orice situa\u021bie pe to\u021bi membrii Cabinetului, mai devreme sau mai t\u00e2rziu, atunci reac\u021bia va fi asupra \u00eentregului Cabinet. (&#8230;) Eu spun asta \u00eenc\u0103 o dat\u0103: premierul Ciolo\u0219 ar trebui s\u0103 remanieze c\u00e2\u021biva mini\u0219tri. Decizia final\u0103 este a dumnealui, nu eu \u00eei fac Guvernul. Dar, ca \u0219i mul\u021bi oameni, am \u0219i eu nemul\u021bumiri fa\u021b\u0103 de unii mini\u0219tri. Are toate p\u00e2rghiile la dispozi\u021bie, toate informa\u021biile s\u0103 ajung\u0103 la o concluzie. N-o va face, problema dumnealui. Asta a\u0219tept\u0103m, s\u0103 vedem dac\u0103 remaniaz\u0103 \u0219i dac\u0103 face \u0219i alte lucruri. Mo\u021biunea de cenzur\u0103 se poate introduce foarte repede \u0219i foarte u\u0219or, se pune problema ce se \u00eent\u00e2mpl\u0103 a doua zi. Nu \u0219tiu, ajungem din nou la Cotroceni\u201d<\/strong>, a ar\u0103tat pre\u0219edintele PSD.<\/p>\n<\/div>\n<p> Source URL: https:\/\/www.digi24.ro\/stiri\/actualitate\/politica\/liviu-dragnea-premierul-ciolos-ar-trebui-sa-remanieze-cativa-ministri-488231<\/p>\n","protected":false},"excerpt":{"rendered":"<p>\u00centrebat \u00een privin\u021ba unei mo\u021biuni de cenzur\u0103, Dragnea a ar\u0103tat c\u0103 nu dore\u0219te s\u0103 dea termene. \u201eNu vreau s\u0103 dau termene, pentru c\u0103, cine \u0219tie, poate brusc, \u00een urm\u0103toarele zile, \u00een urm\u0103toarea s\u0103pt\u0103m\u00e2n\u0103, poate premierul face ceva remanieri, poate c\u0103 a \u00een\u021beles c\u0103 unii nu mai pot r\u0103m\u00e2ne pe acolo, poate \u00ee\u0219i schimb\u0103 atitudinea. (&#8230;) [&hellip;]<\/p>\n","protected":false},"author":1,"featured_media":167426,"comment_status":"open","ping_status":"","sticky":false,"template":"","format":"standard","meta":{"footnotes":""},"categories":[2],"tags":[11],"class_list":["post-167425","post","type-post","status-publish","format-standard","has-post-thumbnail","hentry","category-politics","tag-digi24"],"_links":{"self":[{"href":"https:\/\/analyse.optim.biz\/index.php?rest_route=\/wp\/v2\/posts\/167425","targetHints":{"allow":["GET"]}}],"collection":[{"href":"https:\/\/analyse.optim.biz\/index.php?rest_route=\/wp\/v2\/posts"}],"about":[{"href":"https:\/\/analyse.optim.biz\/index.php?rest_route=\/wp\/v2\/types\/post"}],"author":[{"embeddable":true,"href":"https:\/\/analyse.optim.biz\/index.php?rest_route=\/wp\/v2\/users\/1"}],"replies":[{"embeddable":true,"href":"https:\/\/analyse.optim.biz\/index.php?rest_route=%2Fwp%2Fv2%2Fcomments&post=167425"}],"version-history":[{"count":0,"href":"https:\/\/analyse.optim.biz\/index.php?rest_route=\/wp\/v2\/posts\/167425\/revisions"}],"wp:featuredmedia":[{"embeddable":true,"href":"https:\/\/analyse.optim.biz\/index.php?rest_route=\/wp\/v2\/media\/167426"}],"wp:attachment":[{"href":"https:\/\/analyse.optim.biz\/index.php?rest_route=%2Fwp%2Fv2%2Fmedia&parent=167425"}],"wp:term":[{"taxonomy":"category","embeddable":true,"href":"https:\/\/analyse.optim.biz\/index.php?rest_route=%2Fwp%2Fv2%2Fcategories&post=167425"},{"taxonomy":"post_tag","embeddable":true,"href":"https:\/\/analyse.optim.biz\/index.php?rest_route=%2Fwp%2Fv2%2Ftags&post=167425"}],"curies":[{"name":"wp","href":"https:\/\/api.w.org\/{rel}","templated":true}]}}