{"id":167414,"date":"2016-02-19T17:55:35","date_gmt":"2016-02-19T14:55:35","guid":{"rendered":"https:\/\/analyse.optim.biz\/?p=167414"},"modified":"2016-02-19T17:55:35","modified_gmt":"2016-02-19T14:55:35","slug":"adriana-saftoiu-nu-exclude-o-candidatura-la-pmb","status":"publish","type":"post","link":"https:\/\/analyse.optim.biz\/?p=167414","title":{"rendered":"Adriana S\u0103ftoiu nu exclude o candidatur\u0103 la PMB"},"content":{"rendered":"<div class=\"entry data-app-meta data-app-meta-article\" data-embed-base-url-canonical=\"https:\/\/www.digi24.ro\/embed\/stiri\/actualitate\/politica\/adriana-saftoiu-nu-exclude-o-candidatura-la-pmb-488320\">\n<p data-index=\"1\"><em>\u201e<\/em><span><em>Din punctul meu de vedere nu cred c\u0103 sunt un profil ideal pentru administra\u021bie. Pe de alt\u0103 parte sunt mul\u021bi care \u00eemi spun c\u0103 abordarea administra\u021biei doar \u00een sensul \u00een care un primar trebuie s\u0103 \u0219tie s\u0103 m\u0103ture \u0219i din ce e format bitumul e total gre\u0219it. Evident c\u0103 dac\u0103 faci parte dintr-o organiza\u021bie nu po\u021bi s\u0103 decizii doar tu. Nu po\u021bi s\u0103 faci at\u00e2tea nazuri, trebuie s\u0103 recunosc. Chiar dac\u0103 nu te sim\u021bi foarte bine, dac\u0103 eu sunt cea mai bine pozi\u021bionat\u0103 \u0219i partidul va decide, a\u0219a se va \u00eent\u00e2mpla\u201d<\/em>, a declarat Adriana S\u0103ftoiu la emisiunea \u201e24 de minute\u201d.<\/span><\/p>\n<p data-index=\"2\">Deocamdat\u0103, numele vehiculat din partea PNL pentru Prim\u0103ria C\u0103pitalei este europarlamentarul Cristian Bu\u0219oi.\u00a0<\/p>\n<h3><span>Citi\u021bi \u0219i:<\/span><\/h3>\n<h3><a href=\"https:\/\/www.digi24.ro\/Stiri\/Digi24\/24+Minute\/Adriana+Saftoiu+la+24+de+minute\" target=\"_blank\" data-skip-linkfix=\"1\" rel=\"noopener\">Adriana S\u0103ftoiu: Nu \u00een\u021beleg cum societatea vrea candida\u021bi one\u0219ti, dar \u00een sondaje sunt prefera\u021bi primarii cu dosare<\/a><\/h3>\n<h3><a href=\"https:\/\/www.digi24.ro\/Stiri\/Digi24\/Actualitate\/Politica\/Candidatura+lui+Cistian+Busoi+incerta\" target=\"_blank\" data-skip-linkfix=\"1\" rel=\"noopener\"><span>Candidatura lui Cristian Bu\u0219oi, incert\u0103<\/span><\/a><\/h3>\n<\/div>\n<p> Source URL: https:\/\/www.digi24.ro\/stiri\/actualitate\/politica\/adriana-saftoiu-nu-exclude-o-candidatura-la-pmb-488320<\/p>\n","protected":false},"excerpt":{"rendered":"<p>\u201eDin punctul meu de vedere nu cred c\u0103 sunt un profil ideal pentru administra\u021bie. Pe de alt\u0103 parte sunt mul\u021bi care \u00eemi spun c\u0103 abordarea administra\u021biei doar \u00een sensul \u00een care un primar trebuie s\u0103 \u0219tie s\u0103 m\u0103ture \u0219i din ce e format bitumul e total gre\u0219it. Evident c\u0103 dac\u0103 faci parte dintr-o organiza\u021bie nu [&hellip;]<\/p>\n","protected":false},"author":1,"featured_media":167415,"comment_status":"open","ping_status":"","sticky":false,"template":"","format":"standard","meta":{"footnotes":""},"categories":[2],"tags":[11],"class_list":["post-167414","post","type-post","status-publish","format-standard","has-post-thumbnail","hentry","category-politics","tag-digi24"],"_links":{"self":[{"href":"https:\/\/analyse.optim.biz\/index.php?rest_route=\/wp\/v2\/posts\/167414","targetHints":{"allow":["GET"]}}],"collection":[{"href":"https:\/\/analyse.optim.biz\/index.php?rest_route=\/wp\/v2\/posts"}],"about":[{"href":"https:\/\/analyse.optim.biz\/index.php?rest_route=\/wp\/v2\/types\/post"}],"author":[{"embeddable":true,"href":"https:\/\/analyse.optim.biz\/index.php?rest_route=\/wp\/v2\/users\/1"}],"replies":[{"embeddable":true,"href":"https:\/\/analyse.optim.biz\/index.php?rest_route=%2Fwp%2Fv2%2Fcomments&post=167414"}],"version-history":[{"count":0,"href":"https:\/\/analyse.optim.biz\/index.php?rest_route=\/wp\/v2\/posts\/167414\/revisions"}],"wp:featuredmedia":[{"embeddable":true,"href":"https:\/\/analyse.optim.biz\/index.php?rest_route=\/wp\/v2\/media\/167415"}],"wp:attachment":[{"href":"https:\/\/analyse.optim.biz\/index.php?rest_route=%2Fwp%2Fv2%2Fmedia&parent=167414"}],"wp:term":[{"taxonomy":"category","embeddable":true,"href":"https:\/\/analyse.optim.biz\/index.php?rest_route=%2Fwp%2Fv2%2Fcategories&post=167414"},{"taxonomy":"post_tag","embeddable":true,"href":"https:\/\/analyse.optim.biz\/index.php?rest_route=%2Fwp%2Fv2%2Ftags&post=167414"}],"curies":[{"name":"wp","href":"https:\/\/api.w.org\/{rel}","templated":true}]}}