{"id":167243,"date":"2016-02-24T17:37:02","date_gmt":"2016-02-24T14:37:02","guid":{"rendered":"https:\/\/analyse.optim.biz\/?p=167243"},"modified":"2016-02-24T17:37:02","modified_gmt":"2016-02-24T14:37:02","slug":"dacian-ciolos-chemat-in-parlament-sa-dea-explicatii-dupa-demiterea-mai-multor-prefecti","status":"publish","type":"post","link":"https:\/\/analyse.optim.biz\/?p=167243","title":{"rendered":"Dacian Ciolo\u0219, chemat \u00een Parlament s\u0103 dea explica\u021bii dup\u0103 demiterea mai multor prefec\u021bi"},"content":{"rendered":"<div class=\"entry data-app-meta data-app-meta-article\" data-embed-base-url-canonical=\"https:\/\/www.digi24.ro\/embed\/stiri\/actualitate\/politica\/dacian-ciolos-chemat-in-parlament-sa-dea-explicatii-dupa-demiterea-mai-multor-prefecti-489910\">\n<p data-index=\"1\">Este o decizie luat\u0103 ast\u0103zi \u00een Biroul Permanent al Camerei Deputa\u021bilor. La cererea deputa\u021bilor ALDE s-a stabilit ca premierul s\u0103 fie invitat \u00een plenul Camerei Deputa\u021bilor pentru a spune care sunt motivele pentru care a schimbat mai mul\u021bi prefec\u021bi.<\/p>\n<p data-index=\"2\">Premierul a dat explica\u021bii public \u00een urm\u0103 cu c\u00e2teva zile, motiv\u00e2nd c\u0103 s-a f\u0103cut o evaluare a prefec\u021bilor \u0219i astfel a hot\u0103r\u00e2t \u00eenlocuirea unora dintre ei. \u00a0<\/p>\n<\/div>\n<p> Source URL: https:\/\/www.digi24.ro\/stiri\/actualitate\/politica\/dacian-ciolos-chemat-in-parlament-sa-dea-explicatii-dupa-demiterea-mai-multor-prefecti-489910<\/p>\n","protected":false},"excerpt":{"rendered":"<p>Este o decizie luat\u0103 ast\u0103zi \u00een Biroul Permanent al Camerei Deputa\u021bilor. La cererea deputa\u021bilor ALDE s-a stabilit ca premierul s\u0103 fie invitat \u00een plenul Camerei Deputa\u021bilor pentru a spune care sunt motivele pentru care a schimbat mai mul\u021bi prefec\u021bi. Premierul a dat explica\u021bii public \u00een urm\u0103 cu c\u00e2teva zile, motiv\u00e2nd c\u0103 s-a f\u0103cut o evaluare [&hellip;]<\/p>\n","protected":false},"author":1,"featured_media":167244,"comment_status":"open","ping_status":"","sticky":false,"template":"","format":"standard","meta":{"footnotes":""},"categories":[2],"tags":[11],"class_list":["post-167243","post","type-post","status-publish","format-standard","has-post-thumbnail","hentry","category-politics","tag-digi24"],"_links":{"self":[{"href":"https:\/\/analyse.optim.biz\/index.php?rest_route=\/wp\/v2\/posts\/167243","targetHints":{"allow":["GET"]}}],"collection":[{"href":"https:\/\/analyse.optim.biz\/index.php?rest_route=\/wp\/v2\/posts"}],"about":[{"href":"https:\/\/analyse.optim.biz\/index.php?rest_route=\/wp\/v2\/types\/post"}],"author":[{"embeddable":true,"href":"https:\/\/analyse.optim.biz\/index.php?rest_route=\/wp\/v2\/users\/1"}],"replies":[{"embeddable":true,"href":"https:\/\/analyse.optim.biz\/index.php?rest_route=%2Fwp%2Fv2%2Fcomments&post=167243"}],"version-history":[{"count":0,"href":"https:\/\/analyse.optim.biz\/index.php?rest_route=\/wp\/v2\/posts\/167243\/revisions"}],"wp:featuredmedia":[{"embeddable":true,"href":"https:\/\/analyse.optim.biz\/index.php?rest_route=\/wp\/v2\/media\/167244"}],"wp:attachment":[{"href":"https:\/\/analyse.optim.biz\/index.php?rest_route=%2Fwp%2Fv2%2Fmedia&parent=167243"}],"wp:term":[{"taxonomy":"category","embeddable":true,"href":"https:\/\/analyse.optim.biz\/index.php?rest_route=%2Fwp%2Fv2%2Fcategories&post=167243"},{"taxonomy":"post_tag","embeddable":true,"href":"https:\/\/analyse.optim.biz\/index.php?rest_route=%2Fwp%2Fv2%2Ftags&post=167243"}],"curies":[{"name":"wp","href":"https:\/\/api.w.org\/{rel}","templated":true}]}}