{"id":167019,"date":"2016-03-04T21:53:17","date_gmt":"2016-03-04T18:53:17","guid":{"rendered":"https:\/\/analyse.optim.biz\/?p=167019"},"modified":"2016-03-04T21:53:17","modified_gmt":"2016-03-04T18:53:17","slug":"reactii-dupa-demisia-lui-gabriel-oprea-de-la-sefia-unpr","status":"publish","type":"post","link":"https:\/\/analyse.optim.biz\/?p=167019","title":{"rendered":"Reac\u021bii dup\u0103 demisia lui Gabriel Oprea de la \u0219efia UNPR"},"content":{"rendered":"<div class=\"entry data-app-meta data-app-meta-article\" data-embed-base-url-canonical=\"https:\/\/www.digi24.ro\/embed\/stiri\/actualitate\/politica\/reactii-dupa-demisia-lui-gabriel-oprea-de-la-sefia-unpr-492907\">\n<p data-index=\"1\">Cu trei luni \u00eenaintea alegerilor locale, Gabriel Oprea se retrage din fruntea partidului pe care l-a creat &#8211; Uniunea Na\u0163ional\u0103 pentru Progresul Rom\u00e2niei. Decizia a fost anun\u0163at\u0103 printr-un comunicat de pres\u0103 publicat \u015fi pe pagina sa de Facebook.<\/p>\n<p data-index=\"2\"><strong>\u201e<\/strong><span><strong>Am decis a\u0219adar s\u0103 demisionez din func\u021bia de pre\u0219edinte UNPR. Nu este o decizie u\u0219oar\u0103, dar este unul din lucrurile pe care le mai pot face pentru a da partidului \u0219i \u00eentregii echipe o \u0219ans\u0103 \u00een plus \u00een acest an electoral. (&#8230;) Consider c\u0103 am obliga\u021bia uman\u0103 \u0219i colegial\u0103 de a nu permite ca discu\u021biile ce vizeaz\u0103 persoana mea s\u0103 afecteze imaginea partidului. (&#8230;) R\u0103m\u00e2n un simplu membru de partid, un coleg pe care v\u0103 pute\u021bi baza \u0219i un om care \u00ee\u0219i respect\u0103 cuv\u00e2ntul dat\u201d<\/strong>, a scris Gabriel Oprea pe re\u021beaua de socializare.<\/span><\/p>\n<p data-index=\"3\">Referitor la gestul fostului vicepremier, Liviu Dragnea, pre\u015fedintele PSD a declarat: <strong>\u201eRegret situa\u021bia prin care trece fostul meu coleg de guvern, sper s\u0103 treac\u0103 cu bine peste aceast\u0103 perioad\u0103 \u0219i o s\u0103 avem o discu\u021bie\u201d<\/strong>.<\/p>\n<p data-index=\"4\">\u015ei Alina Gorghiu, co-pre\u015fedinte PNL a vorbit despre demisia lui Gabriel Oprea de la conducerea UNPR.<\/p>\n<p data-index=\"5\"><strong>\u201eDemisia domnului Oprea este un gest logic \u0163in\u00e2nd cont de situa\u0163ia domniei sale \u015fi cred c\u0103 este o ocazie (&#8230;) pentru unii din partidul s\u0103u s\u0103 \u00ee\u015fi g\u00e2ndeasc\u0103 un altfel de drum \u00een politic\u0103 (&#8230;). Cel mai zguduit cred c\u0103 iese PSD-ul din aceast\u0103 afacere, pentru c\u0103 e clar c\u0103 parteneriatul PSD-UNPR a picat. PSD pierde din for\u0163\u0103, a mai pierdut un partener\u201d<\/strong>, a spus Alina Gorghiu.<\/p>\n<\/div>\n<p> Source URL: https:\/\/www.digi24.ro\/stiri\/actualitate\/politica\/reactii-dupa-demisia-lui-gabriel-oprea-de-la-sefia-unpr-492907<\/p>\n","protected":false},"excerpt":{"rendered":"<p>Cu trei luni \u00eenaintea alegerilor locale, Gabriel Oprea se retrage din fruntea partidului pe care l-a creat &#8211; Uniunea Na\u0163ional\u0103 pentru Progresul Rom\u00e2niei. Decizia a fost anun\u0163at\u0103 printr-un comunicat de pres\u0103 publicat \u015fi pe pagina sa de Facebook. \u201eAm decis a\u0219adar s\u0103 demisionez din func\u021bia de pre\u0219edinte UNPR. Nu este o decizie u\u0219oar\u0103, dar este [&hellip;]<\/p>\n","protected":false},"author":1,"featured_media":167020,"comment_status":"open","ping_status":"","sticky":false,"template":"","format":"standard","meta":{"footnotes":""},"categories":[2],"tags":[11],"class_list":["post-167019","post","type-post","status-publish","format-standard","has-post-thumbnail","hentry","category-politics","tag-digi24"],"_links":{"self":[{"href":"https:\/\/analyse.optim.biz\/index.php?rest_route=\/wp\/v2\/posts\/167019","targetHints":{"allow":["GET"]}}],"collection":[{"href":"https:\/\/analyse.optim.biz\/index.php?rest_route=\/wp\/v2\/posts"}],"about":[{"href":"https:\/\/analyse.optim.biz\/index.php?rest_route=\/wp\/v2\/types\/post"}],"author":[{"embeddable":true,"href":"https:\/\/analyse.optim.biz\/index.php?rest_route=\/wp\/v2\/users\/1"}],"replies":[{"embeddable":true,"href":"https:\/\/analyse.optim.biz\/index.php?rest_route=%2Fwp%2Fv2%2Fcomments&post=167019"}],"version-history":[{"count":0,"href":"https:\/\/analyse.optim.biz\/index.php?rest_route=\/wp\/v2\/posts\/167019\/revisions"}],"wp:featuredmedia":[{"embeddable":true,"href":"https:\/\/analyse.optim.biz\/index.php?rest_route=\/wp\/v2\/media\/167020"}],"wp:attachment":[{"href":"https:\/\/analyse.optim.biz\/index.php?rest_route=%2Fwp%2Fv2%2Fmedia&parent=167019"}],"wp:term":[{"taxonomy":"category","embeddable":true,"href":"https:\/\/analyse.optim.biz\/index.php?rest_route=%2Fwp%2Fv2%2Fcategories&post=167019"},{"taxonomy":"post_tag","embeddable":true,"href":"https:\/\/analyse.optim.biz\/index.php?rest_route=%2Fwp%2Fv2%2Ftags&post=167019"}],"curies":[{"name":"wp","href":"https:\/\/api.w.org\/{rel}","templated":true}]}}