{"id":167005,"date":"2016-03-05T16:07:45","date_gmt":"2016-03-05T13:07:45","guid":{"rendered":"https:\/\/analyse.optim.biz\/?p=167005"},"modified":"2016-03-05T16:07:45","modified_gmt":"2016-03-05T13:07:45","slug":"liviu-dragnea-ameninta-guvernul-apoi-se-razgandeste","status":"publish","type":"post","link":"https:\/\/analyse.optim.biz\/?p=167005","title":{"rendered":"Liviu Dragnea amenin\u021b\u0103 Guvernul, apoi se r\u0103zg\u00e2nde\u0219te"},"content":{"rendered":"<div class=\"entry data-app-meta data-app-meta-article\" data-embed-base-url-canonical=\"https:\/\/www.digi24.ro\/embed\/stiri\/actualitate\/politica\/liviu-dragnea-ameninta-guvernul-apoi-se-razgandeste-493067\">\n<p data-index=\"1\">Liviu Dragnea a m\u0103rturisit c\u0103 PSD nu va depune nicio mo\u0163iune simpl\u0103 sau de cenzur\u0103 p\u00e2n\u0103 la alegeri. Are \u00eens\u0103 o condi\u0163ie: la Ministerul de Interne s\u0103 fie un \u015fef nep\u0103rtinitor. Deocamdat\u0103, Petre Tob\u0103 este pe placul s\u0103u. \u00cen plus, \u015feful PSD este mul\u0163umit c\u0103 Guvernul Ciolo\u015f nu i-a ajutat pe liberali s\u0103 modifice legea electoral\u0103, astfel \u00eenc\u00e2t primarii s\u0103 fie ale\u015fi din dou\u0103 tururi.<\/p>\n<p data-index=\"2\">Alina Manolache, reporter Digi24: \u201eAtitudinea \u00eemp\u0103ciuitoare a lui Liviu Dragnea nu \u00eenseamn\u0103 c\u0103 PSD este mul\u0163umit de activitatea mini\u015ftrilor. Ba din contr\u0103, lista neagr\u0103 e destul de lung\u0103.<\/p>\n<p data-index=\"3\">&#8211; ministrul Finan\u0163elor, pentru modul cum gestioneaz\u0103 bugetul \u0163\u0103rii<\/p>\n<p data-index=\"4\">&#8211; ministrul S\u0103n\u0103t\u0103\u0163ii, pentru modul cum a comunicat \u00een cazul bebelu\u015filor interna\u0163i<\/p>\n<p data-index=\"5\">&#8211; ministrul Mediului, pentru schimbarea directorului Romsilva<\/p>\n<p data-index=\"6\">&#8211; ministrul Fondurilor Europene, pentru c\u0103 nu are proiecte prin care s\u0103 acceseze banii europeni<\/p>\n<p data-index=\"7\">&#8211; ministrul Transporturilor, pentru c\u0103 este tem\u0103tor, lipsit de ini\u0163iativ\u0103 \u015fi nu se apuc\u0103 serios de niciun proiect. \u201d<\/p>\n<p data-index=\"8\">De la instalarea Guvernului Ciolo\u015f, Liviu Dragnea s-a sup\u0103rat de multe ori pe Executiv \u015fi tot de at\u00e2tea ori i-a trecut. Ultima sup\u0103rare a fost generat\u0103 de scandalul INTACT-ANAF.<\/p>\n<p data-index=\"9\">Liviu Dragnea: \u201eDac\u0103 se \u00eent\u00e2mpl\u0103 lucrul acesta, noi analiz\u0103m serios eventualitatea depunerii unei mo\u0163iuni de cenzur\u0103.\u201d<\/p>\n<p data-index=\"10\">Un senator social-democrat a trecut la fapte. \u015eerban Nicolae a scris o mo\u0163iune de cenzur\u0103. Nu mic\u0103 i-a fost mirarea a doua zi, c\u00e2nd pre\u015fedintele partidului l-a apostrofat.<\/p>\n<p data-index=\"11\">Liviu Dragnea, pre\u0219edinte PSD: \u201eDomnul \u015eerban Nicolae poate depune mo\u0163iune de cenzur\u0103 \u00een nume propriu. PSD nu a luat o decizie \u00een acest sens. Stilul \u0103sta \u00een care toat\u0103 lumea vrea s\u0103 devin\u0103 vedet\u0103, juc\u00e2ndu-se cu o asemenea inten\u0163ie, nu mai este agreat \u00een PSD.\u201d<\/p>\n<p data-index=\"12\">Liderul PSD s-a r\u0103zg\u00e2ndit \u015fi cu alte ocazii. C\u00e2nd Guvernul Ciolo\u015f a anun\u0163at c\u0103 am\u00e2n\u0103 majorarea salariului minim, Liviu Dragnea i-a dat premierului ultimatum.<\/p>\n<p data-index=\"13\">Liviu Dragnea, pre\u015fedintele PSD: \u201eE o solicitare ferm\u0103 s\u0103 ne spun\u0103 cel mai t\u00e2rziu p\u00e2n\u0103 mar\u021bi c\u00e2nd inten\u021bioneaz\u0103 s\u0103 m\u0103reasc\u0103 salariu minim. Explica\u021biile doamnei ministru de Finan\u021be nu ne mul\u021bumesc nici pe noi, nici pe nimeni. Altfel, \u00eenseamn\u0103 c\u0103 nu mai putem avea o colaborare foarte str\u00e2ns\u0103 cu acest Guvern.\u201d<\/p>\n<p data-index=\"14\">Dup\u0103 cinci zile, Liviu Dragnea \u015fi-a nuan\u0163at considerabil pozi\u0163ia.<\/p>\n<p data-index=\"15\">Liviu Dragnea, pre\u0219edinte PSD: ,,S\u0103 vedem cu ce hot\u0103r\u00e2re de guvern ies. Nu vreau s\u0103 pun presiune pe Guvern, nu se lucreaz\u0103 a\u015fa. Vreau s\u0103 \u00ee\u015fi fac\u0103 analiza \u015fi nu sub presiune.&#8221;<\/p>\n<p data-index=\"16\">\u015ei la \u00eenceputul anului, \u00eentr-o \u015fedin\u0163\u0103 la Piatra Neam\u0163, Liviu Dragnea spunea c\u0103 este nemul\u0163umit de activitatea mini\u015ftrilor \u015fi c\u0103 partidul ar putea trece \u00een opozi\u0163ie. \u00a0<\/p>\n<\/div>\n<p> Source URL: https:\/\/www.digi24.ro\/stiri\/actualitate\/politica\/liviu-dragnea-ameninta-guvernul-apoi-se-razgandeste-493067<\/p>\n","protected":false},"excerpt":{"rendered":"<p>Liviu Dragnea a m\u0103rturisit c\u0103 PSD nu va depune nicio mo\u0163iune simpl\u0103 sau de cenzur\u0103 p\u00e2n\u0103 la alegeri. Are \u00eens\u0103 o condi\u0163ie: la Ministerul de Interne s\u0103 fie un \u015fef nep\u0103rtinitor. Deocamdat\u0103, Petre Tob\u0103 este pe placul s\u0103u. \u00cen plus, \u015feful PSD este mul\u0163umit c\u0103 Guvernul Ciolo\u015f nu i-a ajutat pe liberali s\u0103 modifice legea [&hellip;]<\/p>\n","protected":false},"author":1,"featured_media":167006,"comment_status":"open","ping_status":"","sticky":false,"template":"","format":"standard","meta":{"footnotes":""},"categories":[2],"tags":[11],"class_list":["post-167005","post","type-post","status-publish","format-standard","has-post-thumbnail","hentry","category-politics","tag-digi24"],"_links":{"self":[{"href":"https:\/\/analyse.optim.biz\/index.php?rest_route=\/wp\/v2\/posts\/167005","targetHints":{"allow":["GET"]}}],"collection":[{"href":"https:\/\/analyse.optim.biz\/index.php?rest_route=\/wp\/v2\/posts"}],"about":[{"href":"https:\/\/analyse.optim.biz\/index.php?rest_route=\/wp\/v2\/types\/post"}],"author":[{"embeddable":true,"href":"https:\/\/analyse.optim.biz\/index.php?rest_route=\/wp\/v2\/users\/1"}],"replies":[{"embeddable":true,"href":"https:\/\/analyse.optim.biz\/index.php?rest_route=%2Fwp%2Fv2%2Fcomments&post=167005"}],"version-history":[{"count":0,"href":"https:\/\/analyse.optim.biz\/index.php?rest_route=\/wp\/v2\/posts\/167005\/revisions"}],"wp:featuredmedia":[{"embeddable":true,"href":"https:\/\/analyse.optim.biz\/index.php?rest_route=\/wp\/v2\/media\/167006"}],"wp:attachment":[{"href":"https:\/\/analyse.optim.biz\/index.php?rest_route=%2Fwp%2Fv2%2Fmedia&parent=167005"}],"wp:term":[{"taxonomy":"category","embeddable":true,"href":"https:\/\/analyse.optim.biz\/index.php?rest_route=%2Fwp%2Fv2%2Fcategories&post=167005"},{"taxonomy":"post_tag","embeddable":true,"href":"https:\/\/analyse.optim.biz\/index.php?rest_route=%2Fwp%2Fv2%2Ftags&post=167005"}],"curies":[{"name":"wp","href":"https:\/\/api.w.org\/{rel}","templated":true}]}}