{"id":166994,"date":"2016-03-05T17:05:50","date_gmt":"2016-03-05T14:05:50","guid":{"rendered":"https:\/\/analyse.optim.biz\/?p=166994"},"modified":"2016-03-05T17:05:50","modified_gmt":"2016-03-05T14:05:50","slug":"soarta-usl-demisii-sonore-in-politica","status":"publish","type":"post","link":"https:\/\/analyse.optim.biz\/?p=166994","title":{"rendered":"Soarta USL. Demisii sonore \u00een politic\u0103"},"content":{"rendered":"<div class=\"entry data-app-meta data-app-meta-article\" data-embed-base-url-canonical=\"https:\/\/www.digi24.ro\/embed\/stiri\/actualitate\/politica\/soarta-usl-demisii-sonore-in-politica-493083\">\n<p data-index=\"1\">Crin Antonescu, fostul lider PNL, dar \u015fi al USL, a fost un deschiz\u0103tor de drumuri \u00een ceea ce prive\u0219te demisiile \u00een politic\u0103.<\/p>\n<p data-index=\"2\">Crin Antonescu, fost pre\u015fedinte PNL: \u201eNeatingerea obiectivului stabilit pentru aceste alegeri europarlamentare este un e\u015fec pe care ca pre\u015fedinte \u00een primul r\u00e2nd \u015fi \u00eenainte de to\u0163i mi-l asum.\u201d<\/p>\n<p data-index=\"3\">Misterul demisiei sale genereaz\u0103 \u00een continuare controverse \u0219i teorii. Liberalul spune c\u0103 sunt doar fabula\u0163ii, inclusiv cele legate de implicarea serviciilor secrete. El reafirm\u0103 c\u0103 PNL l-a preferat pe Klaus Iohannis la preziden\u0163iale.<\/p>\n<p data-index=\"4\">Crin Antonescu, fost pre\u015fedinte PNL: \u201eFaptul c\u0103 niciun alt pre\u015fedinte de partid nu mai demisionase p\u00e2n\u0103 atunci pentru un rezultat prost \u00een alegeri, au f\u0103cut s\u0103 existe at\u00e2tea surpriz\u0103 \u015fi at\u00e2ta mister p\u00e2n\u0103 \u00een ziua de azi.\u201d<\/p>\n<p data-index=\"5\">Planurile sale de viitor sunt \u00een afara politicii.<\/p>\n<p data-index=\"6\">Crin Antonescu, fost pre\u0219edinte PNL: \u201eDe politica \u00een care am activat, de scena politic\u0103 \u00een care am activat eu nu \u00eemi e dor deloc. (Reporter: V\u0103 ve\u0163i implica \u00een campania electoral\u0103 \u015fi parlamentar\u0103?) Nu.\u201d<\/p>\n<p data-index=\"7\">Urm\u0103rit penal, Victor Ponta \u0219i-a anun\u021bat retragerea din fruntea PSD pe Facebook \u00een vara lui 2015. Demisia sa a luat prin surprindere pe toat\u0103 lumea.<\/p>\n<p data-index=\"8\">Liviu Dragnea, pre\u0219edinte PSD: \u201eNu am \u0219tiut c\u0103 o va face ieri. Nu a fost o decizie colectiv\u0103 sau asumat\u0103 a fost o decizie personal\u0103.\u201d<\/p>\n<p data-index=\"9\">Apoi, Victor Ponta a plecat \u015fi din fruntea Guvernului, f\u0103r\u0103 s\u0103 consulte partidul.<\/p>\n<p data-index=\"10\">Liviu Dragnea, pre\u0219edinte PSD: \u201eM-a c\u0103utat, a venit la mine acas\u0103 diminea\u021b\u0103, mi-a spus c\u0103 a avut o discu\u021bie cu domnul Gabriel Oprea cu o sear\u0103 \u00eenainte \u0219i c\u0103 s-a decis s\u0103 \u00ee\u0219i depun\u0103 mandatul.\u201d<\/p>\n<p data-index=\"11\">Ultima demisie important\u0103 \u00eei apar\u021bine lui Gabriel Oprea, care a plecat din fruntea UNPR dup\u0103 ce DNA a \u00eenceput urm\u0103rirea sa penal\u0103 pentru abuz \u00een serviciu.<\/p>\n<p data-index=\"12\">\u015eerban Mih\u0103ilescu, vicepre\u015fedinte UNPR: \u201eAm avut o scurt\u0103 \u015fedin\u0163\u0103, \u015fi-a dat demisia \u0163in\u00e2nd cont de faptul c\u0103 toat\u0103 presiunea mediatic\u0103 este pe noi, \u00een aceast\u0103 situa\u0163ie grea putea s\u0103 ne fac\u0103 r\u0103u.\u201d<\/p>\n<p data-index=\"13\">Crin Antonescu nu vede vreo leg\u0103tur\u0103 \u00eentre cele trei demisii.<\/p>\n<p data-index=\"14\">Crin Antonescu, fost pre\u0219edinte PNL: \u201eNu exist\u0103 niciun motiv, niciun temei, pentru ideea c\u0103 cineva, ni\u015fte for\u0163e politice sau de alt\u0103 natur\u0103 au avut o agend\u0103 de eliminare a tuturor, a protagoni\u015ftilor de la epoca respectiv\u0103 sau din USL.\u201d<\/p>\n<p data-index=\"15\">Un alt lider USL, Daniel Constantin este \u00een prezent co-pre\u015fedinte ALDE. \u00a0<\/p>\n<\/div>\n<p> Source URL: https:\/\/www.digi24.ro\/stiri\/actualitate\/politica\/soarta-usl-demisii-sonore-in-politica-493083<\/p>\n","protected":false},"excerpt":{"rendered":"<p>Crin Antonescu, fostul lider PNL, dar \u015fi al USL, a fost un deschiz\u0103tor de drumuri \u00een ceea ce prive\u0219te demisiile \u00een politic\u0103. Crin Antonescu, fost pre\u015fedinte PNL: \u201eNeatingerea obiectivului stabilit pentru aceste alegeri europarlamentare este un e\u015fec pe care ca pre\u015fedinte \u00een primul r\u00e2nd \u015fi \u00eenainte de to\u0163i mi-l asum.\u201d Misterul demisiei sale genereaz\u0103 \u00een [&hellip;]<\/p>\n","protected":false},"author":1,"featured_media":166995,"comment_status":"open","ping_status":"","sticky":false,"template":"","format":"standard","meta":{"footnotes":""},"categories":[2],"tags":[11],"class_list":["post-166994","post","type-post","status-publish","format-standard","has-post-thumbnail","hentry","category-politics","tag-digi24"],"_links":{"self":[{"href":"https:\/\/analyse.optim.biz\/index.php?rest_route=\/wp\/v2\/posts\/166994","targetHints":{"allow":["GET"]}}],"collection":[{"href":"https:\/\/analyse.optim.biz\/index.php?rest_route=\/wp\/v2\/posts"}],"about":[{"href":"https:\/\/analyse.optim.biz\/index.php?rest_route=\/wp\/v2\/types\/post"}],"author":[{"embeddable":true,"href":"https:\/\/analyse.optim.biz\/index.php?rest_route=\/wp\/v2\/users\/1"}],"replies":[{"embeddable":true,"href":"https:\/\/analyse.optim.biz\/index.php?rest_route=%2Fwp%2Fv2%2Fcomments&post=166994"}],"version-history":[{"count":0,"href":"https:\/\/analyse.optim.biz\/index.php?rest_route=\/wp\/v2\/posts\/166994\/revisions"}],"wp:featuredmedia":[{"embeddable":true,"href":"https:\/\/analyse.optim.biz\/index.php?rest_route=\/wp\/v2\/media\/166995"}],"wp:attachment":[{"href":"https:\/\/analyse.optim.biz\/index.php?rest_route=%2Fwp%2Fv2%2Fmedia&parent=166994"}],"wp:term":[{"taxonomy":"category","embeddable":true,"href":"https:\/\/analyse.optim.biz\/index.php?rest_route=%2Fwp%2Fv2%2Fcategories&post=166994"},{"taxonomy":"post_tag","embeddable":true,"href":"https:\/\/analyse.optim.biz\/index.php?rest_route=%2Fwp%2Fv2%2Ftags&post=166994"}],"curies":[{"name":"wp","href":"https:\/\/api.w.org\/{rel}","templated":true}]}}