{"id":166983,"date":"2016-03-05T20:30:45","date_gmt":"2016-03-05T17:30:45","guid":{"rendered":"https:\/\/analyse.optim.biz\/?p=166983"},"modified":"2016-03-05T20:30:45","modified_gmt":"2016-03-05T17:30:45","slug":"deputat-unpr-gabriel-oprea-tradat-si-fortat-sa-iasa-din-politica-de-psd","status":"publish","type":"post","link":"https:\/\/analyse.optim.biz\/?p=166983","title":{"rendered":"Deputat UNPR: Gabriel Oprea tr\u0103dat \u0219i for\u021bat s\u0103 ias\u0103 din politic\u0103 de PSD"},"content":{"rendered":"<div class=\"entry data-app-meta data-app-meta-article\" data-embed-base-url-canonical=\"https:\/\/www.digi24.ro\/embed\/stiri\/actualitate\/politica\/deputat-unpr-gabriel-oprea-tradat-si-fortat-sa-iasa-din-politica-de-psd-493128\">\n<p data-index=\"1\">Ion R\u0103ducanu este convins c\u0103 fostul s\u0103u \u015fef politic a fost tr\u0103dat de social-democra\u0163i \u015fi for\u0163at s\u0103 ias\u0103 din politic\u0103, dup\u0103 ce DNA l-a pus sub urm\u0103rire penal\u0103.<\/p>\n<p data-index=\"2\">O alt\u0103 amenin\u0163are lansat\u0103 de deputatul progresist este aceea c\u0103 partidul s\u0103u ar putea sus\u0163ine ini\u0163iativa PNL de revenire la dou\u0103 tururi de scrutin \u00een alegerea primarilor.<\/p>\n<p data-index=\"3\">\u00cen acela\u015fi timp, forma\u0163iunea ar putea s\u0103-\u015fi retrag\u0103 \u015fi sprijinul pentru \u015feful Senatului, C\u0103lin Popescu T\u0103riceanu, mai spune Ion R\u0103ducanu.<\/p>\n<\/div>\n<p> Source URL: https:\/\/www.digi24.ro\/stiri\/actualitate\/politica\/deputat-unpr-gabriel-oprea-tradat-si-fortat-sa-iasa-din-politica-de-psd-493128<\/p>\n","protected":false},"excerpt":{"rendered":"<p>Ion R\u0103ducanu este convins c\u0103 fostul s\u0103u \u015fef politic a fost tr\u0103dat de social-democra\u0163i \u015fi for\u0163at s\u0103 ias\u0103 din politic\u0103, dup\u0103 ce DNA l-a pus sub urm\u0103rire penal\u0103. O alt\u0103 amenin\u0163are lansat\u0103 de deputatul progresist este aceea c\u0103 partidul s\u0103u ar putea sus\u0163ine ini\u0163iativa PNL de revenire la dou\u0103 tururi de scrutin \u00een alegerea primarilor. [&hellip;]<\/p>\n","protected":false},"author":1,"featured_media":166984,"comment_status":"open","ping_status":"","sticky":false,"template":"","format":"standard","meta":{"footnotes":""},"categories":[2],"tags":[11],"class_list":["post-166983","post","type-post","status-publish","format-standard","has-post-thumbnail","hentry","category-politics","tag-digi24"],"_links":{"self":[{"href":"https:\/\/analyse.optim.biz\/index.php?rest_route=\/wp\/v2\/posts\/166983","targetHints":{"allow":["GET"]}}],"collection":[{"href":"https:\/\/analyse.optim.biz\/index.php?rest_route=\/wp\/v2\/posts"}],"about":[{"href":"https:\/\/analyse.optim.biz\/index.php?rest_route=\/wp\/v2\/types\/post"}],"author":[{"embeddable":true,"href":"https:\/\/analyse.optim.biz\/index.php?rest_route=\/wp\/v2\/users\/1"}],"replies":[{"embeddable":true,"href":"https:\/\/analyse.optim.biz\/index.php?rest_route=%2Fwp%2Fv2%2Fcomments&post=166983"}],"version-history":[{"count":0,"href":"https:\/\/analyse.optim.biz\/index.php?rest_route=\/wp\/v2\/posts\/166983\/revisions"}],"wp:featuredmedia":[{"embeddable":true,"href":"https:\/\/analyse.optim.biz\/index.php?rest_route=\/wp\/v2\/media\/166984"}],"wp:attachment":[{"href":"https:\/\/analyse.optim.biz\/index.php?rest_route=%2Fwp%2Fv2%2Fmedia&parent=166983"}],"wp:term":[{"taxonomy":"category","embeddable":true,"href":"https:\/\/analyse.optim.biz\/index.php?rest_route=%2Fwp%2Fv2%2Fcategories&post=166983"},{"taxonomy":"post_tag","embeddable":true,"href":"https:\/\/analyse.optim.biz\/index.php?rest_route=%2Fwp%2Fv2%2Ftags&post=166983"}],"curies":[{"name":"wp","href":"https:\/\/api.w.org\/{rel}","templated":true}]}}