{"id":166870,"date":"2016-03-09T00:53:25","date_gmt":"2016-03-08T21:53:25","guid":{"rendered":"https:\/\/analyse.optim.biz\/?p=166870"},"modified":"2016-03-09T00:53:25","modified_gmt":"2016-03-08T21:53:25","slug":"premierul-ciolos-despre-schengen-nu-trebuie-sa-ne-milogim","status":"publish","type":"post","link":"https:\/\/analyse.optim.biz\/?p=166870","title":{"rendered":"Premierul Ciolo\u0219, despre Schengen: Nu trebuie s\u0103 ne milogim!"},"content":{"rendered":"<div class=\"entry data-app-meta data-app-meta-article\" data-embed-base-url-canonical=\"https:\/\/www.digi24.ro\/embed\/stiri\/actualitate\/politica\/premierul-ciolos-despre-schengen-nu-trebuie-sa-ne-milogim-494336\">\n<p data-index=\"1\">\u201e<span><em><strong>Rom\u00e2nia a f\u0103cut eforturile pentru a \u00eendeplini criteriile de aderare la Schengen \u015fi nu cred c\u0103 se pune problema s\u0103 ne milogim atunci c\u00e2nd ne sus\u0163inem punctul de vedere. (&#8230;) Rom\u00e2nia a sugerat de mai mult\u0103 vreme o aderare \u00een trepte la spa\u0163iul Schengen. O prim\u0103 aderare la spa\u0163iul aerian, care poate s\u0103 se fac\u0103 chiar \u015fi \u00een condi\u0163iile actuale de dificultate pentru frontierele terestre, ceea ce ar cre\u015fte \u00eencrederea \u00een faptul c\u0103 Rom\u00e2nia poate s\u0103 \u00ee\u015fi asume responsabilit\u0103\u0163ile de membru al spa\u0163iului Schengen<\/strong><\/em>\u201d, a spus premierul Dacian Ciolo\u0219, care a participat, luni, la summitul informal al UE de la Bruxelles consacrat problemei imigra\u021biei ilegale.<\/span><\/p>\n<p data-index=\"2\">Dacian Ciolo\u0219 a precizat c\u0103 integrarea \u0163\u0103rii noastre \u00een spa\u0163iul de liber\u0103 circula\u0163ie r\u0103m\u00e2ne \u00een continuare un obiectiv important, chiar dac\u0103 viitorul Schengen e pus sub semnul \u00eentreb\u0103rii de criza refugia\u0163ilor.<\/p>\n<p data-index=\"3\">Dacian Ciolo\u015f face ast\u0103zi o vizit\u0103 oficial\u0103 \u00een Olanda, \u0163ar\u0103 care s-a opus vehement ader\u0103rii Rom\u00e2niei la Spa\u0163iul Schegen.\u00a0<\/p>\n<\/div>\n<p> Source URL: https:\/\/www.digi24.ro\/stiri\/actualitate\/politica\/premierul-ciolos-despre-schengen-nu-trebuie-sa-ne-milogim-494336<\/p>\n","protected":false},"excerpt":{"rendered":"<p>\u201eRom\u00e2nia a f\u0103cut eforturile pentru a \u00eendeplini criteriile de aderare la Schengen \u015fi nu cred c\u0103 se pune problema s\u0103 ne milogim atunci c\u00e2nd ne sus\u0163inem punctul de vedere. (&#8230;) Rom\u00e2nia a sugerat de mai mult\u0103 vreme o aderare \u00een trepte la spa\u0163iul Schengen. O prim\u0103 aderare la spa\u0163iul aerian, care poate s\u0103 se fac\u0103 [&hellip;]<\/p>\n","protected":false},"author":1,"featured_media":166871,"comment_status":"open","ping_status":"","sticky":false,"template":"","format":"standard","meta":{"footnotes":""},"categories":[2],"tags":[11],"class_list":["post-166870","post","type-post","status-publish","format-standard","has-post-thumbnail","hentry","category-politics","tag-digi24"],"_links":{"self":[{"href":"https:\/\/analyse.optim.biz\/index.php?rest_route=\/wp\/v2\/posts\/166870","targetHints":{"allow":["GET"]}}],"collection":[{"href":"https:\/\/analyse.optim.biz\/index.php?rest_route=\/wp\/v2\/posts"}],"about":[{"href":"https:\/\/analyse.optim.biz\/index.php?rest_route=\/wp\/v2\/types\/post"}],"author":[{"embeddable":true,"href":"https:\/\/analyse.optim.biz\/index.php?rest_route=\/wp\/v2\/users\/1"}],"replies":[{"embeddable":true,"href":"https:\/\/analyse.optim.biz\/index.php?rest_route=%2Fwp%2Fv2%2Fcomments&post=166870"}],"version-history":[{"count":0,"href":"https:\/\/analyse.optim.biz\/index.php?rest_route=\/wp\/v2\/posts\/166870\/revisions"}],"wp:featuredmedia":[{"embeddable":true,"href":"https:\/\/analyse.optim.biz\/index.php?rest_route=\/wp\/v2\/media\/166871"}],"wp:attachment":[{"href":"https:\/\/analyse.optim.biz\/index.php?rest_route=%2Fwp%2Fv2%2Fmedia&parent=166870"}],"wp:term":[{"taxonomy":"category","embeddable":true,"href":"https:\/\/analyse.optim.biz\/index.php?rest_route=%2Fwp%2Fv2%2Fcategories&post=166870"},{"taxonomy":"post_tag","embeddable":true,"href":"https:\/\/analyse.optim.biz\/index.php?rest_route=%2Fwp%2Fv2%2Ftags&post=166870"}],"curies":[{"name":"wp","href":"https:\/\/api.w.org\/{rel}","templated":true}]}}