{"id":166837,"date":"2016-03-09T15:02:56","date_gmt":"2016-03-09T12:02:56","guid":{"rendered":"https:\/\/analyse.optim.biz\/?p=166837"},"modified":"2016-03-09T15:02:56","modified_gmt":"2016-03-09T12:02:56","slug":"psd-cauta-candidatul-perfect-pentru-capitala","status":"publish","type":"post","link":"https:\/\/analyse.optim.biz\/?p=166837","title":{"rendered":"PSD caut\u0103 candidatul perfect pentru Capital\u0103"},"content":{"rendered":"<div class=\"entry data-app-meta data-app-meta-article\" data-embed-base-url-canonical=\"https:\/\/www.digi24.ro\/embed\/stiri\/actualitate\/politica\/psd-cauta-candidatul-perfect-pentru-capitala-494564\">\n<p data-index=\"1\">Pe lista candida\u0163ilor se afl\u0103 Gabriela Firea, Eugen Teodorovici, \u015eerban Nicolae \u015fi europarlamentarul Mircea Diaconu. Sondajul va fi gata la finalul acestei s\u0103pt\u0103m\u00e2ni, iar decizia final\u0103 va fi luat\u0103 la Comitetul Executiv al PSD programat miercurea viitoare.\u00a0<\/p>\n<p data-index=\"2\">Liviu Dragnea a anun\u0163at c\u0103 nu exclude s\u0103 sus\u0163in\u0103 pentru prim\u0103riile de sector candida\u0163ii ALDE sau UNPR.<\/p>\n<p data-index=\"3\"><em>\u201e\u00cen opinia mea, Firea are prima \u0219ans\u0103, dar sunt \u0219i al\u021bi colegi care vor s\u0103-\u0219i asume aceast\u0103 candidatur\u0103. Mai sunt doi colegi care au spus c\u0103 \u00ee\u0219i doresc, \u0218erban Nicolae \u0219i Eugen Teodorovici \u0219i p\u00e2n\u0103 la Cex vom avea \u00eenc\u0103 o cercetare sociologic\u0103 \u0219i apoi se va lua decizia\u201d<\/em>, a spus Liviu Dragnea. \u00a0<\/p>\n<\/div>\n<p> Source URL: https:\/\/www.digi24.ro\/stiri\/actualitate\/politica\/psd-cauta-candidatul-perfect-pentru-capitala-494564<\/p>\n","protected":false},"excerpt":{"rendered":"<p>Pe lista candida\u0163ilor se afl\u0103 Gabriela Firea, Eugen Teodorovici, \u015eerban Nicolae \u015fi europarlamentarul Mircea Diaconu. Sondajul va fi gata la finalul acestei s\u0103pt\u0103m\u00e2ni, iar decizia final\u0103 va fi luat\u0103 la Comitetul Executiv al PSD programat miercurea viitoare.\u00a0 Liviu Dragnea a anun\u0163at c\u0103 nu exclude s\u0103 sus\u0163in\u0103 pentru prim\u0103riile de sector candida\u0163ii ALDE sau UNPR. \u201e\u00cen [&hellip;]<\/p>\n","protected":false},"author":1,"featured_media":166838,"comment_status":"open","ping_status":"","sticky":false,"template":"","format":"standard","meta":{"footnotes":""},"categories":[2],"tags":[11],"class_list":["post-166837","post","type-post","status-publish","format-standard","has-post-thumbnail","hentry","category-politics","tag-digi24"],"_links":{"self":[{"href":"https:\/\/analyse.optim.biz\/index.php?rest_route=\/wp\/v2\/posts\/166837","targetHints":{"allow":["GET"]}}],"collection":[{"href":"https:\/\/analyse.optim.biz\/index.php?rest_route=\/wp\/v2\/posts"}],"about":[{"href":"https:\/\/analyse.optim.biz\/index.php?rest_route=\/wp\/v2\/types\/post"}],"author":[{"embeddable":true,"href":"https:\/\/analyse.optim.biz\/index.php?rest_route=\/wp\/v2\/users\/1"}],"replies":[{"embeddable":true,"href":"https:\/\/analyse.optim.biz\/index.php?rest_route=%2Fwp%2Fv2%2Fcomments&post=166837"}],"version-history":[{"count":0,"href":"https:\/\/analyse.optim.biz\/index.php?rest_route=\/wp\/v2\/posts\/166837\/revisions"}],"wp:featuredmedia":[{"embeddable":true,"href":"https:\/\/analyse.optim.biz\/index.php?rest_route=\/wp\/v2\/media\/166838"}],"wp:attachment":[{"href":"https:\/\/analyse.optim.biz\/index.php?rest_route=%2Fwp%2Fv2%2Fmedia&parent=166837"}],"wp:term":[{"taxonomy":"category","embeddable":true,"href":"https:\/\/analyse.optim.biz\/index.php?rest_route=%2Fwp%2Fv2%2Fcategories&post=166837"},{"taxonomy":"post_tag","embeddable":true,"href":"https:\/\/analyse.optim.biz\/index.php?rest_route=%2Fwp%2Fv2%2Ftags&post=166837"}],"curies":[{"name":"wp","href":"https:\/\/api.w.org\/{rel}","templated":true}]}}