{"id":166558,"date":"2016-03-21T14:36:19","date_gmt":"2016-03-21T11:36:19","guid":{"rendered":"https:\/\/analyse.optim.biz\/?p=166558"},"modified":"2016-03-21T14:36:19","modified_gmt":"2016-03-21T11:36:19","slug":"ordonanta-interceptarilor-in-dezbatere-la-senat","status":"publish","type":"post","link":"https:\/\/analyse.optim.biz\/?p=166558","title":{"rendered":"Ordonan\u021ba intercept\u0103rilor, \u00een dezbatere la Senat\u00a0"},"content":{"rendered":"<div class=\"entry data-app-meta data-app-meta-article\" data-embed-base-url-canonical=\"https:\/\/www.digi24.ro\/embed\/stiri\/actualitate\/politica\/ordonanta-interceptarilor-in-dezbatere-la-senat-498370\">\n<p data-index=\"1\">Pre\u0219edintele Senatului a declarat, ini\u021bial, c\u0103 dore\u0219te blocarea ordonan\u021bei de urgen\u021b\u0103 pe motiv c\u0103 \u00eencalc\u0103 drepturile omului. \u00cen aschimb, a propus redactarea unui proiect de lege, elaborat de Parlament, care s\u0103 prevad\u0103 o autoritate care s\u0103 se ocupe de aceste intercept\u0103ri audio. Autoritatea ar urma s\u0103 fie \u00een subordinea Parlamentului.<\/p>\n<p data-index=\"2\">P\u00e2n\u0103 la intrarea \u00een dezbatere a ordonan\u021bei, aceasta r\u0103m\u00e2ne \u00een vigoare \u0219i \u00ee\u0219i produce efectele. Dac\u0103 va fi respins\u0103 de ambele Camere ale Parlamentului atunci ordonan\u021ba nu mai poate s\u0103 \u00ee\u0219i produc\u0103 efectele \u0219i trebuie s\u0103 fie ceva pus \u00een loc.<\/p>\n<p data-index=\"3\">Deocamdat\u0103, doar C\u0103lin Popescu T\u0103riceanu \u0219i-a exprimat clar punctul de vedere \u00een leg\u0103tur\u0103 cu aceast\u0103 ordonan\u021b\u0103, dar au mai fost voci care au spus c\u0103 ordonan\u021ba trebuie respuns\u0103.<\/p>\n<p data-index=\"4\">Social-democra\u021bii nu s-au pronun\u021bat definitiv deocamdat\u0103, dar au spus c\u0103 iau \u00een calcul toate variantele, inclusiv cea a respingerii ordonan\u021bei.\u00a0<\/p>\n<h5>Citi\u021bi \u0219i:\u00a0<\/h5>\n<h5><a href=\"https:\/\/www.digi24.ro\/Stiri\/Digi24\/Actualitate\/Justitie\/Judecatorul+C+Danilet+Prin+decizia+CCR+referitoare+la+intercepta\" target=\"_blank\" data-skip-linkfix=\"1\" rel=\"noopener\"><span>Judec\u0103torul C. Danile\u021b: Prin decizia CCR referitoare la intercept\u0103ri s-a atras aten\u021bia c\u0103 avem o problem\u0103 \u00een Codul de procedur\u0103 penal\u0103<\/span><\/a><\/h5>\n<h5><a href=\"https:\/\/www.digi24.ro\/Stiri\/Digi24\/Actualitate\/Politica\/MINISTRUL+JUSTITIEI+INTERCEPTARI+CRITICI\" target=\"_blank\" data-skip-linkfix=\"1\" rel=\"noopener\"><span>Ministrul justi\u0163iei, sub tirul criticilor. Ordonan\u0163a intercept\u0103rilor st\u00e2rne\u015fte controverse<\/span><\/a><\/h5>\n<\/div>\n<p> Source URL: https:\/\/www.digi24.ro\/stiri\/actualitate\/politica\/ordonanta-interceptarilor-in-dezbatere-la-senat-498370<\/p>\n","protected":false},"excerpt":{"rendered":"<p>Pre\u0219edintele Senatului a declarat, ini\u021bial, c\u0103 dore\u0219te blocarea ordonan\u021bei de urgen\u021b\u0103 pe motiv c\u0103 \u00eencalc\u0103 drepturile omului. \u00cen aschimb, a propus redactarea unui proiect de lege, elaborat de Parlament, care s\u0103 prevad\u0103 o autoritate care s\u0103 se ocupe de aceste intercept\u0103ri audio. Autoritatea ar urma s\u0103 fie \u00een subordinea Parlamentului. P\u00e2n\u0103 la intrarea \u00een dezbatere [&hellip;]<\/p>\n","protected":false},"author":1,"featured_media":166559,"comment_status":"open","ping_status":"","sticky":false,"template":"","format":"standard","meta":{"footnotes":""},"categories":[2],"tags":[11],"class_list":["post-166558","post","type-post","status-publish","format-standard","has-post-thumbnail","hentry","category-politics","tag-digi24"],"_links":{"self":[{"href":"https:\/\/analyse.optim.biz\/index.php?rest_route=\/wp\/v2\/posts\/166558","targetHints":{"allow":["GET"]}}],"collection":[{"href":"https:\/\/analyse.optim.biz\/index.php?rest_route=\/wp\/v2\/posts"}],"about":[{"href":"https:\/\/analyse.optim.biz\/index.php?rest_route=\/wp\/v2\/types\/post"}],"author":[{"embeddable":true,"href":"https:\/\/analyse.optim.biz\/index.php?rest_route=\/wp\/v2\/users\/1"}],"replies":[{"embeddable":true,"href":"https:\/\/analyse.optim.biz\/index.php?rest_route=%2Fwp%2Fv2%2Fcomments&post=166558"}],"version-history":[{"count":0,"href":"https:\/\/analyse.optim.biz\/index.php?rest_route=\/wp\/v2\/posts\/166558\/revisions"}],"wp:featuredmedia":[{"embeddable":true,"href":"https:\/\/analyse.optim.biz\/index.php?rest_route=\/wp\/v2\/media\/166559"}],"wp:attachment":[{"href":"https:\/\/analyse.optim.biz\/index.php?rest_route=%2Fwp%2Fv2%2Fmedia&parent=166558"}],"wp:term":[{"taxonomy":"category","embeddable":true,"href":"https:\/\/analyse.optim.biz\/index.php?rest_route=%2Fwp%2Fv2%2Fcategories&post=166558"},{"taxonomy":"post_tag","embeddable":true,"href":"https:\/\/analyse.optim.biz\/index.php?rest_route=%2Fwp%2Fv2%2Ftags&post=166558"}],"curies":[{"name":"wp","href":"https:\/\/api.w.org\/{rel}","templated":true}]}}