{"id":166547,"date":"2016-03-22T09:12:52","date_gmt":"2016-03-22T06:12:52","guid":{"rendered":"https:\/\/analyse.optim.biz\/?p=166547"},"modified":"2016-03-22T09:12:52","modified_gmt":"2016-03-22T06:12:52","slug":"parlamentarii-aleg-noii-sefi-ai-tvr","status":"publish","type":"post","link":"https:\/\/analyse.optim.biz\/?p=166547","title":{"rendered":"Parlamentarii aleg noii \u0219efi ai TVR"},"content":{"rendered":"<div class=\"entry data-app-meta data-app-meta-article\" data-embed-base-url-canonical=\"https:\/\/www.digi24.ro\/embed\/stiri\/actualitate\/politica\/parlamentarii-aleg-noii-sefi-ai-tvr-498640\">\n<p data-index=\"1\">Consiliul de Administra\u021bie al TVR este format din 13 membri, inclusiv pre\u0219edintele-director general. Candida\u021bii vor fi mai \u00eent\u00e2i audia\u021bi \u00een comisiile parlamentare de Cultur\u0103, iar lista cu cei nominaliza\u021bi va fi supus\u0103 la vot \u00een plenul reunit.<\/p>\n<p data-index=\"2\">Plenul Camerei Deputa\u021bilor \u0219i Senatului se reune\u0219te de la ora 12.00 \u00een \u0219edin\u021b\u0103 comun\u0103 pentru votarea candida\u021bilor propu\u0219i \u00een Consiliul de Administra\u021bie al Societ\u0103\u021bii Rom\u00e2ne de Televiziune<\/p>\n<p data-index=\"3\">Potrivit listelor depuse la Birourile permanente reunite, PSD i-a propus ca membri titulari \u00een CA al televiziunii publice pe Irina Radu, Doina Gradea, Alfred Bulai, iar pe Elena Anca Dindiric\u0103, Smaranda Vornicu Shalit \u0219i Lucian Roma\u0219canu ca membri suplean\u021bi.<\/p>\n<p data-index=\"4\">PNL i-a propus ca membri titulari pe Ionica St\u0103nciulescu \u0219i pe Radu Carp, iar ca suplean\u021bi pe Adriana Mesesian \u0219i pe Cristian Petcu.<\/p>\n<p data-index=\"5\">UDMR a propus-o pe Debreczeni Hajnal ca titular \u0219i pe Rostas Peter Istvan ca membru supleant.<\/p>\n<p data-index=\"6\">Propunerile UNPR sunt: membru titular Ruxandra Garofeanu \u0219i Savu C\u0103t\u0103lin C\u0103tan\u0103 supleant.<\/p>\n<p data-index=\"7\">ALDE i-a nominalizat pe Cristian Hadji-Culea ca titular \u0219i pe Gheorghe B\u0103l\u0103\u0219oiu ca supleant, iar grupul minorit\u0103\u021bilor na\u021bionale i-a propus pe Raico Cornea ca titular \u0219i pe Andrea Ghi\u021b\u0103 ca supleant.<\/p>\n<p data-index=\"8\">Pre\u0219edintele Klaus Iohannis le-a propus pe Christel \u021aopescu ca titular \u0219i pe Ana Maria Sandu ca supleant, iar Guvernul pe George Orbean ca titular, f\u0103r\u0103 a propune \u0219i un supleant.<\/p>\n<p data-index=\"9\">Din partea angaja\u021bilor au fost propu\u0219i ca titulari Monica Ghiurco \u0219i Teodor Gabriel Giurgiu, iar ca suplean\u021bi \u2014 Cornel Mihalache \u0219i Lumini\u021ba Velciu.<\/p>\n<\/div>\n<p> Source URL: https:\/\/www.digi24.ro\/stiri\/actualitate\/politica\/parlamentarii-aleg-noii-sefi-ai-tvr-498640<\/p>\n","protected":false},"excerpt":{"rendered":"<p>Consiliul de Administra\u021bie al TVR este format din 13 membri, inclusiv pre\u0219edintele-director general. Candida\u021bii vor fi mai \u00eent\u00e2i audia\u021bi \u00een comisiile parlamentare de Cultur\u0103, iar lista cu cei nominaliza\u021bi va fi supus\u0103 la vot \u00een plenul reunit. Plenul Camerei Deputa\u021bilor \u0219i Senatului se reune\u0219te de la ora 12.00 \u00een \u0219edin\u021b\u0103 comun\u0103 pentru votarea candida\u021bilor propu\u0219i [&hellip;]<\/p>\n","protected":false},"author":1,"featured_media":166548,"comment_status":"open","ping_status":"","sticky":false,"template":"","format":"standard","meta":{"footnotes":""},"categories":[2],"tags":[11],"class_list":["post-166547","post","type-post","status-publish","format-standard","has-post-thumbnail","hentry","category-politics","tag-digi24"],"_links":{"self":[{"href":"https:\/\/analyse.optim.biz\/index.php?rest_route=\/wp\/v2\/posts\/166547","targetHints":{"allow":["GET"]}}],"collection":[{"href":"https:\/\/analyse.optim.biz\/index.php?rest_route=\/wp\/v2\/posts"}],"about":[{"href":"https:\/\/analyse.optim.biz\/index.php?rest_route=\/wp\/v2\/types\/post"}],"author":[{"embeddable":true,"href":"https:\/\/analyse.optim.biz\/index.php?rest_route=\/wp\/v2\/users\/1"}],"replies":[{"embeddable":true,"href":"https:\/\/analyse.optim.biz\/index.php?rest_route=%2Fwp%2Fv2%2Fcomments&post=166547"}],"version-history":[{"count":0,"href":"https:\/\/analyse.optim.biz\/index.php?rest_route=\/wp\/v2\/posts\/166547\/revisions"}],"wp:featuredmedia":[{"embeddable":true,"href":"https:\/\/analyse.optim.biz\/index.php?rest_route=\/wp\/v2\/media\/166548"}],"wp:attachment":[{"href":"https:\/\/analyse.optim.biz\/index.php?rest_route=%2Fwp%2Fv2%2Fmedia&parent=166547"}],"wp:term":[{"taxonomy":"category","embeddable":true,"href":"https:\/\/analyse.optim.biz\/index.php?rest_route=%2Fwp%2Fv2%2Fcategories&post=166547"},{"taxonomy":"post_tag","embeddable":true,"href":"https:\/\/analyse.optim.biz\/index.php?rest_route=%2Fwp%2Fv2%2Ftags&post=166547"}],"curies":[{"name":"wp","href":"https:\/\/api.w.org\/{rel}","templated":true}]}}