{"id":166516,"date":"2016-03-23T19:43:31","date_gmt":"2016-03-23T16:43:31","guid":{"rendered":"https:\/\/analyse.optim.biz\/?p=166516"},"modified":"2016-03-23T19:43:31","modified_gmt":"2016-03-23T16:43:31","slug":"neculai-ontanu-retinut-scandalurile-in-care-a-fost-implicat-primarul-sectorului-2","status":"publish","type":"post","link":"https:\/\/analyse.optim.biz\/?p=166516","title":{"rendered":"Neculai On\u0163anu RE\u0162INUT. Scandalurile \u00een care a fost implicat primarul sectorului 2"},"content":{"rendered":"<div class=\"entry data-app-meta data-app-meta-article\" data-embed-base-url-canonical=\"https:\/\/www.digi24.ro\/embed\/stiri\/actualitate\/politica\/neculai-ontanu-retinut-scandalurile-in-care-a-fost-implicat-primarul-sectorului-2-499339\">\n<p data-index=\"1\">\u00a0<img decoding=\"async\" src=\"https:\/\/analyse.optim.biz\/wp-content\/uploads\/2024\/09\/odczmjgzyzayn2i1ymnmmtizzgvhzjezyjjlogviodq-thumb_.jpg\" data-skip-htmlfix=\"1\" title=\"odczmjgzyzayn2i1ymnmmtizzgvhzjezyjjlogviodq-thumb_\"><\/p>\n<p data-index=\"2\">\u00centre 1995 \u015fi 1996, Neculai On\u0163anu a ocupat func\u0163ia de expert parlamentar la Camera Deputa\u0163ilor, iar \u00eentre 1996 \u015fi 2000 a fost membru \u00een Consiliul General al Municipiului Bucure\u015fti.<\/p>\n<p data-index=\"3\">Din 2000 este primar al sectorului 2 al Capitalei. Este \u015fi general maior \u00een rezerv\u0103.<\/p>\n<p data-index=\"4\">De-a lungul timpului, numele lui a fost invocat \u00een mai multe scandaluri, scrie <a href=\"http:\/\/www.news.ro\/\" target=\"_blank\" data-skip-linkfix=\"1\" rel=\"noopener\">news.ro<\/a>. Cel mai recent a fost la \u00eenceputul anului, c\u00e2nd s-a descoperit c\u0103 On\u0163anu ar fi semnat dou\u0103 autoriza\u0163ii diferite, \u00eens\u0103 cu aceea\u015fi dat\u0103 \u015fi acela\u015fi num\u0103r de \u00eenregistrare, pentru construirea Arenei Na\u0163ionale.<\/p>\n<p data-index=\"5\">\u00cen februarie, Neculai On\u0163anu anun\u0163a c\u0103 va candida pentru un nou mandat (al cincilea) la Prim\u0103ria Sectorului 2, din partea UNPR \u015fi beneficiind de sprijinul PSD.<\/p>\n<p data-index=\"6\">La capitolul studii, On\u0163anu a bifat toate diplomele. Astfel, \u00een 2010 a ob\u0163inut titlul de doctor \u00een \u015ftiin\u0163e militare \u015fi informa\u0163ii la Academia Na\u0163ional\u0103 de Informa\u0163ii \u201cMihai Viteazul\u201d. Lucrarea de doctorat a lui On\u0163anu a fost coordonat\u0103 de Gabriel Oprea.<\/p>\n<p data-index=\"7\">\u00cen vara anului trecut a fost suspectat de plagiat \u00een teza sa de doctorat, care se nume\u015fte \u201dManagementul protec\u0163iei infrastructurii critice\u201d, are 313 pagini \u015fi a fost publicat\u0103 f\u0103r\u0103 bibliografie \u015fi anexe.<\/p>\n<p data-index=\"8\">\u00cen ultima declara\u0163ie de avere, On\u0163anu \u015fi-a trecut un teren mo\u015ftenit \u00een Voluntari, o cas\u0103 \u00een aceea\u015fi localitate, bijuterii \u015fi obiecte de art\u0103 cu valoare \u00eentre 15 \u015fi 25.000 de euro. La categoria bunuri \u00eenstr\u0103inate, primarul a consemnat c\u0103 a donat o cl\u0103dire fiicei sale, Laura Cristina On\u0163anu.<\/p>\n<p data-index=\"9\">Primarul On\u0163anu a declarat \u015fi dou\u0103 \u00eemprumuturi pe care le-a contractat, \u00een 2005, unul de la banc\u0103, de 77.000 de lei, \u015fi altul de la o persoan\u0103 fizic\u0103, \u00een valoare de 35.000 de euro.\u00a0<\/p>\n<p data-index=\"10\">La capitolul venituri, On\u0163anu \u015fi so\u0163ia au declarat salarii anuale de 54.000 de lei \u015fi pensii de 30.000 de lei.<\/p>\n<\/div>\n<p> Source URL: https:\/\/www.digi24.ro\/stiri\/actualitate\/politica\/neculai-ontanu-retinut-scandalurile-in-care-a-fost-implicat-primarul-sectorului-2-499339<\/p>\n","protected":false},"excerpt":{"rendered":"<p>\u00a0 \u00centre 1995 \u015fi 1996, Neculai On\u0163anu a ocupat func\u0163ia de expert parlamentar la Camera Deputa\u0163ilor, iar \u00eentre 1996 \u015fi 2000 a fost membru \u00een Consiliul General al Municipiului Bucure\u015fti. Din 2000 este primar al sectorului 2 al Capitalei. Este \u015fi general maior \u00een rezerv\u0103. De-a lungul timpului, numele lui a fost invocat \u00een mai [&hellip;]<\/p>\n","protected":false},"author":1,"featured_media":166517,"comment_status":"open","ping_status":"","sticky":false,"template":"","format":"standard","meta":{"footnotes":""},"categories":[2],"tags":[11],"class_list":["post-166516","post","type-post","status-publish","format-standard","has-post-thumbnail","hentry","category-politics","tag-digi24"],"_links":{"self":[{"href":"https:\/\/analyse.optim.biz\/index.php?rest_route=\/wp\/v2\/posts\/166516","targetHints":{"allow":["GET"]}}],"collection":[{"href":"https:\/\/analyse.optim.biz\/index.php?rest_route=\/wp\/v2\/posts"}],"about":[{"href":"https:\/\/analyse.optim.biz\/index.php?rest_route=\/wp\/v2\/types\/post"}],"author":[{"embeddable":true,"href":"https:\/\/analyse.optim.biz\/index.php?rest_route=\/wp\/v2\/users\/1"}],"replies":[{"embeddable":true,"href":"https:\/\/analyse.optim.biz\/index.php?rest_route=%2Fwp%2Fv2%2Fcomments&post=166516"}],"version-history":[{"count":0,"href":"https:\/\/analyse.optim.biz\/index.php?rest_route=\/wp\/v2\/posts\/166516\/revisions"}],"wp:featuredmedia":[{"embeddable":true,"href":"https:\/\/analyse.optim.biz\/index.php?rest_route=\/wp\/v2\/media\/166517"}],"wp:attachment":[{"href":"https:\/\/analyse.optim.biz\/index.php?rest_route=%2Fwp%2Fv2%2Fmedia&parent=166516"}],"wp:term":[{"taxonomy":"category","embeddable":true,"href":"https:\/\/analyse.optim.biz\/index.php?rest_route=%2Fwp%2Fv2%2Fcategories&post=166516"},{"taxonomy":"post_tag","embeddable":true,"href":"https:\/\/analyse.optim.biz\/index.php?rest_route=%2Fwp%2Fv2%2Ftags&post=166516"}],"curies":[{"name":"wp","href":"https:\/\/api.w.org\/{rel}","templated":true}]}}