{"id":166505,"date":"2016-03-23T20:11:47","date_gmt":"2016-03-23T17:11:47","guid":{"rendered":"https:\/\/analyse.optim.biz\/?p=166505"},"modified":"2016-03-23T20:11:47","modified_gmt":"2016-03-23T17:11:47","slug":"erdogan-si-iohannis-au-discutat-despre-moscheea-din-bucuresti","status":"publish","type":"post","link":"https:\/\/analyse.optim.biz\/?p=166505","title":{"rendered":"Erdogan \u0219i Iohannis au discutat despre moscheea din Bucure\u0219ti"},"content":{"rendered":"<div class=\"entry data-app-meta data-app-meta-article\" data-embed-base-url-canonical=\"https:\/\/www.digi24.ro\/embed\/stiri\/actualitate\/politica\/erdogan-si-iohannis-au-discutat-despre-moscheea-din-bucuresti-499348\">\n<p data-index=\"1\">Pre\u0219edintele turc a spus, \u00eentr-o conferin\u021b\u0103 de pres\u0103 comun\u0103 cu pre\u0219edintele Klaus Iohannis, c\u0103 a discutat cu \u201eprietenul rom\u00e2n\u201d despre moscheea ce urmeaz\u0103 s\u0103 fie construit\u0103 \u00een Bucure\u0219ti \u0219i despre oferta pe care Turcia o are, la schimb, pentru Rom\u00e2nia.<\/p>\n<p data-index=\"2\">\u201e\u00centre timp, a fost oferit un teren \u00een Bucure\u0219ti Muftiatului musulmanilor din Rom\u00e2nia pentru construirea unei moschei \u00een Bucure\u0219ti. Muftiatul se ocup\u0103 de ob\u021binerea autoriza\u021biilor necesare, iar Turcia este gata s\u0103 acorde tot sprijinul pe care \u00eel poate acorda acestui proiect. La r\u00e2ndul nostru, \u0219i noi am stabilit c\u00e2teva terenuri \u00een Istanbul unde vor putea fi construite o capel\u0103 \u0219i un loc de cazare pentru pelerinii rom\u00e2ni. Aceste aspecte, aceste detalii le-am discutat cu prietenul meu, cu dl. Iohannis\u201d, a declarat pre\u0219edintele Turciei.<\/p>\n<p data-index=\"3\">Potrivit <a href=\"http:\/\/www.news.ro\/social\/iohannis-si-erdogan-confirma-ca-moscheea-din-bucuresti-se-afla-in-faza-de-autorizatii-la-primarie-1922402223002016031915413003\" target=\"_blank\" data-skip-linkfix=\"1\" rel=\"noopener\">news.ro<\/a>, pre\u0219edintele Klaus Iohannis a afirmat, la r\u00e2ndul s\u0103u, c\u0103 poate \u201econfirma\u201d faza \u00een care s-a ajuns \u00een ceea ce prive\u015fte moscheea de la Bucure\u015fti. \u201eChestiunea este de competen\u0163a Prim\u0103riei \u015fi se lucreaz\u0103 la aceste documenta\u0163ii\u201d, a spus \u015feful statului.<\/p>\n<p data-index=\"4\">\u201eCei 70.000 de cona\u021bionali turci care tr\u0103iesc azi \u00een Rom\u00e2nia \u0219i cei 20.000 de cet\u0103\u021beni turci care se afl\u0103 \u00een Rom\u00e2nia reprezint\u0103 ast\u0103zi o punte de prietenie puternic\u0103 \u00eentre \u021b\u0103rile noastre. Centrele culturale Yunus Emre din Rom\u00e2nia \u0219i Institutul Cultural Dimitrie Cantermir din Istanbul au o contribu\u021bie foarte \u00eensemnat\u0103 la dezvoltarea rela\u021biilor dintre popoarele noastre. TIKA (Agen\u021bia Turc\u0103 pentru Coordonare \u0219i Cooperare \u2013 n.r.) \u00ee\u0219i desf\u0103\u0219oar\u0103 activitatea la Bucure\u0219ti de aproape un an. TIKA, \u00een cooperare cu institu\u021biile din Rom\u00e2nia, \u0219i-a pus semn\u0103tura pe foarte multe proiecte \u00een domeniul educa\u021bional, cultural, al s\u0103n\u0103t\u0103\u021bii \u0219i al sportului\u201d, a ar\u0103tat pre\u0219edintele turc.<\/p>\n<p data-index=\"5\">Proiectul unei Mari Moschei se afl\u0103, de fapt, pe agenda discu\u0163iilor diplomatice dintre Rom\u00e2nia \u015fi Turcia \u00eenc\u0103 din anul 1990, \u00eens\u0103 discu\u021biile pe aceast\u0103 tem\u0103 s-au reaprins pe un ton polemic anul trecut, dup\u0103 ce fostul premier Victor Ponta s-a operat \u00een Turcia.<\/p>\n<p data-index=\"6\">Protocolul pentru ridicarea Marii Moschei de la Bucure\u015fti<a href=\"https:\/\/www.digi24.ro\/Stiri\/Digi24\/Actualitate\/Stiri\/Semnare+protocol+marea+moschee+de+la+Bucuresti\" target=\"_blank\" data-skip-linkfix=\"1\" rel=\"noopener\"> a fost semnat \u00een vara anului trecut.<\/a> Moscheea va fi ridicat\u0103 pe un teren de 11.000 de metri patra\u0163i acordat gratuit de Guvern \u0219i va avea o capacitate de o mie de persoane.<\/p>\n<p data-index=\"7\">Ion Iliescu, Emil Constantinescu, Traian B\u0103sescu \u015fi Klaus Iohannis sunt cei patru pre\u015fedin\u0163i ai Rom\u00e2niei post comuniste care au avut, fiecare \u00een parte, pe agenda discu\u0163iilor cu omologii turcii, tema moscheei \u015fi cimitirului musulman de la Bucure\u015fti \u015fi a bisericii \u015fi cimitirului ortodox de la Istanbul.<\/p>\n<p data-index=\"8\">Discu\u0163ille preliminare dintre Rom\u00e2nia \u015fi Turcia pe tema moscheei \u015fi bisericii au \u00eenceput imediat dup\u0103 Revolu\u0163ie. Oficialit\u0103\u0163ile celor dou\u0103 \u0163\u0103ri solicitau partenerului un loc de rug\u0103ciune \u015fi un cimitir pentru credinicio\u015fii celor dou\u0103 religii. Unul la Istanbul, unul la Bucure\u015fti.<\/p>\n<p data-index=\"9\">Rom\u00e2nii din Turcia urmau s\u0103 primeasc\u0103 un loc pentru un cimitir la Istanbul \u0219i altul pentru ridicarea unei biserici ortodoxe exclusiv rom\u00e2ne\u015fti.<\/p>\n<p data-index=\"10\">Un l\u0103ca\u0219 de cult ortodox exist\u0103 deja. Ctitorie a domnitorului Constantin Br\u00e2ncoveanu, din 1692, Biserica Sf\u00e2nta Mucenic\u0103 Parascheva, proprietate a comunit\u0103\u021bii grece\u0219ti din Turcia, serve\u0219te acum \u015fi ca l\u0103ca\u015f de cult pentru comunitatea de 30.000 de rom\u00e2ni din Istanbul.<\/p>\n<p data-index=\"11\">Alte detalii despre proiectul Marii Moschei din Bucure\u0219ti citi\u021bi\u00a0<strong><a href=\"https:\/\/www.digi24.ro\/Stiri\/Digi24\/Special\/Reportaj\/Povestea+marii+moschei+de+la+Bucuresti+25+de+ani+de+negocieri+si\" target=\"_blank\" data-skip-linkfix=\"1\" rel=\"noopener\">aici<\/a>.<\/strong><\/p>\n<\/div>\n<p> Source URL: https:\/\/www.digi24.ro\/stiri\/actualitate\/politica\/erdogan-si-iohannis-au-discutat-despre-moscheea-din-bucuresti-499348<\/p>\n","protected":false},"excerpt":{"rendered":"<p>Pre\u0219edintele turc a spus, \u00eentr-o conferin\u021b\u0103 de pres\u0103 comun\u0103 cu pre\u0219edintele Klaus Iohannis, c\u0103 a discutat cu \u201eprietenul rom\u00e2n\u201d despre moscheea ce urmeaz\u0103 s\u0103 fie construit\u0103 \u00een Bucure\u0219ti \u0219i despre oferta pe care Turcia o are, la schimb, pentru Rom\u00e2nia. \u201e\u00centre timp, a fost oferit un teren \u00een Bucure\u0219ti Muftiatului musulmanilor din Rom\u00e2nia pentru construirea [&hellip;]<\/p>\n","protected":false},"author":1,"featured_media":166506,"comment_status":"open","ping_status":"","sticky":false,"template":"","format":"standard","meta":{"footnotes":""},"categories":[2],"tags":[11],"class_list":["post-166505","post","type-post","status-publish","format-standard","has-post-thumbnail","hentry","category-politics","tag-digi24"],"_links":{"self":[{"href":"https:\/\/analyse.optim.biz\/index.php?rest_route=\/wp\/v2\/posts\/166505","targetHints":{"allow":["GET"]}}],"collection":[{"href":"https:\/\/analyse.optim.biz\/index.php?rest_route=\/wp\/v2\/posts"}],"about":[{"href":"https:\/\/analyse.optim.biz\/index.php?rest_route=\/wp\/v2\/types\/post"}],"author":[{"embeddable":true,"href":"https:\/\/analyse.optim.biz\/index.php?rest_route=\/wp\/v2\/users\/1"}],"replies":[{"embeddable":true,"href":"https:\/\/analyse.optim.biz\/index.php?rest_route=%2Fwp%2Fv2%2Fcomments&post=166505"}],"version-history":[{"count":0,"href":"https:\/\/analyse.optim.biz\/index.php?rest_route=\/wp\/v2\/posts\/166505\/revisions"}],"wp:featuredmedia":[{"embeddable":true,"href":"https:\/\/analyse.optim.biz\/index.php?rest_route=\/wp\/v2\/media\/166506"}],"wp:attachment":[{"href":"https:\/\/analyse.optim.biz\/index.php?rest_route=%2Fwp%2Fv2%2Fmedia&parent=166505"}],"wp:term":[{"taxonomy":"category","embeddable":true,"href":"https:\/\/analyse.optim.biz\/index.php?rest_route=%2Fwp%2Fv2%2Fcategories&post=166505"},{"taxonomy":"post_tag","embeddable":true,"href":"https:\/\/analyse.optim.biz\/index.php?rest_route=%2Fwp%2Fv2%2Ftags&post=166505"}],"curies":[{"name":"wp","href":"https:\/\/api.w.org\/{rel}","templated":true}]}}