{"id":166502,"date":"2016-03-23T21:28:05","date_gmt":"2016-03-23T18:28:05","guid":{"rendered":"https:\/\/analyse.optim.biz\/?p=166502"},"modified":"2016-03-23T21:28:05","modified_gmt":"2016-03-23T18:28:05","slug":"unpr-dupa-retinerea-lui-n-ontanu-in-mod-evident-acest-moment-nu-este-simplu","status":"publish","type":"post","link":"https:\/\/analyse.optim.biz\/?p=166502","title":{"rendered":"UNPR, dup\u0103 re\u0163inerea lui N. On\u0163anu: &#8220;\u00cen mod evident, acest moment nu este simplu&#8221;"},"content":{"rendered":"<div class=\"entry data-app-meta data-app-meta-article\" data-embed-base-url-canonical=\"https:\/\/www.digi24.ro\/embed\/stiri\/actualitate\/politica\/unpr-dupa-retinerea-lui-n-ontanu-in-mod-evident-acest-moment-nu-este-simplu-499368\">\n<p data-index=\"1\">\u00a0<img decoding=\"async\" src=\"https:\/\/analyse.optim.biz\/wp-content\/uploads\/2024\/09\/dz04mdamagfzad0zmzjmzgezowi5nmjhnzu2ndm5nmm1mdrmzwe0mzvhma-thumb_.jpg\" data-skip-htmlfix=\"1\" title=\"dz04mdamagfzad0zmzjmzgezowi5nmjhnzu2ndm5nmm1mdrmzwe0mzvhma-thumb_\"><\/p>\n<p data-index=\"2\">UNPR a luat act de decizia procurorilor DNA de a-l re\u0163ine pe primarul sectorului 2 \u015fi pre\u015fedinte interimar al Uniunii, Neculai On\u0163anu.<\/p>\n<p data-index=\"3\">\u201dUNPR nu a comentat \u015fi nu comenteaz\u0103 deciziile celor \u00een drept s\u0103 stabileasc\u0103 oportunitatea sau justificarea m\u0103surii re\u0163inerii \u2013 \u00eentr-un dosar ce vizeaz\u0103 fapte petrecute acum 10 ani \u2013 , la fel cum nu comenteaz\u0103 \u00een general deciziile Justi\u0163iei, indiferent de numele celui \u00een cauz\u0103\u201d, se arat\u0103 \u00een comunicatul UNPR.<\/p>\n<p data-index=\"4\">Uniunea invoc\u0103 faptul c\u0103 On\u0163anu se bucur\u0103, potrivit Constitu\u0163iei, de prezum\u0163i de nevinov\u0103\u0163ie, p\u00e2n\u0103 la o decizie judec\u0103toreasc\u0103 contrar\u0103. \u201dPrin urmare, p\u00e2n\u0103 \u00een momentul \u00een care o instan\u0163\u0103 de judecat\u0103 va decide altfel, Neculai On\u0163anu este nevinovat. Astfel, UNPR \u00ee\u015fi exprim\u0103 convingerea c\u0103 Primarul Sectorului 2 va explica tot ceea ce este de explicat astfel \u00eenc\u00e2t situa\u0163ia s\u0103 fie l\u0103murit\u0103 \u00een cel mai scurt timp, iar suspiciunile pe care le au procurorii s\u0103 fie infirmate\u201d, sus\u0163ine UNPR.<\/p>\n<p data-index=\"5\">\u00cen ce prive\u015fte implica\u0163iile politice ale re\u0163inerii lui On\u0163anu, cei de la UNPR sunt \u00eencrez\u0103tori c\u0103 efectele vor fi limitate, \u00een condi\u0163iile \u00een care va fi aleas\u0103, s\u00e2mb\u0103t\u0103, o nou\u0103 conducere Uniunii.<\/p>\n<p data-index=\"6\">\u201d\u00cen mod evident, acest moment nu este unul simplu, \u00een condi\u0163iile \u00een care campania electoral\u0103 va \u00eencepe \u00een scurt timp. UNPR este \u00eens\u0103 un partid puternic \u015fi va face fa\u0163\u0103 acestei provoc\u0103ri, p\u0103str\u00e2ndu-\u015fi valorile, obiectivele electorale \u015fi strategia politic\u0103. S\u00e2mb\u0103t\u0103 va avea loc Conferin\u0163a Na\u0163ional\u0103 UNPR, moment \u00een care partidul \u00ee\u015fi va alege pre\u015fedintele \u015fi va intra \u00een linie dreapt\u0103 pentru alegerile locale din acest an\u201d, se mai arat\u0103 \u00een comunicatul citat.<\/p>\n<p data-index=\"7\">Primarul Sectorului 2, Neculai On\u0163anu, a fost re\u0163inut, miercuri, dup\u0103 mai pu\u0163in de o or\u0103 de audieri la DNA. \u00a0<\/p>\n<\/div>\n<p> Source URL: https:\/\/www.digi24.ro\/stiri\/actualitate\/politica\/unpr-dupa-retinerea-lui-n-ontanu-in-mod-evident-acest-moment-nu-este-simplu-499368<\/p>\n","protected":false},"excerpt":{"rendered":"<p>\u00a0 UNPR a luat act de decizia procurorilor DNA de a-l re\u0163ine pe primarul sectorului 2 \u015fi pre\u015fedinte interimar al Uniunii, Neculai On\u0163anu. \u201dUNPR nu a comentat \u015fi nu comenteaz\u0103 deciziile celor \u00een drept s\u0103 stabileasc\u0103 oportunitatea sau justificarea m\u0103surii re\u0163inerii \u2013 \u00eentr-un dosar ce vizeaz\u0103 fapte petrecute acum 10 ani \u2013 , la fel [&hellip;]<\/p>\n","protected":false},"author":1,"featured_media":166503,"comment_status":"open","ping_status":"","sticky":false,"template":"","format":"standard","meta":{"footnotes":""},"categories":[2],"tags":[11],"class_list":["post-166502","post","type-post","status-publish","format-standard","has-post-thumbnail","hentry","category-politics","tag-digi24"],"_links":{"self":[{"href":"https:\/\/analyse.optim.biz\/index.php?rest_route=\/wp\/v2\/posts\/166502","targetHints":{"allow":["GET"]}}],"collection":[{"href":"https:\/\/analyse.optim.biz\/index.php?rest_route=\/wp\/v2\/posts"}],"about":[{"href":"https:\/\/analyse.optim.biz\/index.php?rest_route=\/wp\/v2\/types\/post"}],"author":[{"embeddable":true,"href":"https:\/\/analyse.optim.biz\/index.php?rest_route=\/wp\/v2\/users\/1"}],"replies":[{"embeddable":true,"href":"https:\/\/analyse.optim.biz\/index.php?rest_route=%2Fwp%2Fv2%2Fcomments&post=166502"}],"version-history":[{"count":0,"href":"https:\/\/analyse.optim.biz\/index.php?rest_route=\/wp\/v2\/posts\/166502\/revisions"}],"wp:featuredmedia":[{"embeddable":true,"href":"https:\/\/analyse.optim.biz\/index.php?rest_route=\/wp\/v2\/media\/166503"}],"wp:attachment":[{"href":"https:\/\/analyse.optim.biz\/index.php?rest_route=%2Fwp%2Fv2%2Fmedia&parent=166502"}],"wp:term":[{"taxonomy":"category","embeddable":true,"href":"https:\/\/analyse.optim.biz\/index.php?rest_route=%2Fwp%2Fv2%2Fcategories&post=166502"},{"taxonomy":"post_tag","embeddable":true,"href":"https:\/\/analyse.optim.biz\/index.php?rest_route=%2Fwp%2Fv2%2Ftags&post=166502"}],"curies":[{"name":"wp","href":"https:\/\/api.w.org\/{rel}","templated":true}]}}