{"id":166430,"date":"2016-03-27T16:21:10","date_gmt":"2016-03-27T13:21:10","guid":{"rendered":"https:\/\/analyse.optim.biz\/?p=166430"},"modified":"2016-03-27T16:21:10","modified_gmt":"2016-03-27T13:21:10","slug":"traian-basescu-din-nou-presedinte","status":"publish","type":"post","link":"https:\/\/analyse.optim.biz\/?p=166430","title":{"rendered":"Traian B\u0103sescu, din nou pre\u0219edinte"},"content":{"rendered":"<div class=\"entry data-app-meta data-app-meta-article\" data-embed-base-url-canonical=\"https:\/\/www.digi24.ro\/embed\/stiri\/actualitate\/politica\/traian-basescu-din-nou-presedinte-500532\">\n<p data-index=\"1\">Cu unanimitate de voturi, Traian B\u0103sescu a fost ales s\u0103 conduc\u0103 Partidul Mi\u015fcarea Popular\u0103. Fostul \u015fef de stat le-a transmis celor prezen\u0163i la Congresul Extraordinar c\u0103 PMP este un partid de \u00eenving\u0103tori.<\/p>\n<p data-index=\"2\">Traian B\u0103sescu: \u201eV\u0103 cer la toate organiza\u021biile s\u0103 v\u0103 fixa\u021bi ca obiectiv c\u00e2\u0219tigarea alegerilor locale. Alegeri care vor fi postamentul pentru ca \u00een toamn\u0103 s\u0103 fim un partid care va guverna Rom\u00e2nia.\u201d<\/p>\n<p data-index=\"3\">Traian B\u0103sescu le-a mai cerut candida\u0163ilor s\u0103-\u015fi fac\u0103 programul electoral baz\u00e2ndu-se pe Constitu\u0163ie. De asemenea, fostul pre\u015fedinte le-a propus membrilor de partid s\u0103-\u015fi asume ca obiectiv unirea Republicii Moldova cu Rom\u00e2nia.<\/p>\n<p data-index=\"4\">Traian Basescu: \u201eV\u0103 \u00eentreb, pentru c\u0103 avem nevoie de confirmarea dumneavoastr\u0103, dac\u0103 unirea Rom\u00e2niei cu Republica Moldova e un obiectiv pe care \u00eel accepta\u021bi, cine e pentru, \u00eempotriv\u0103. Cuntem singurul partid care \u00eentr-un congres a dat un asemenea vot.\u201d<\/p>\n<p data-index=\"5\">Fostul \u015fef de stat l-a criticat pe pre\u015fedintele Klaus Iohannis pentru c\u0103 a acceptat construirea unei moschei pe teritoriul Rom\u00e2niei.<\/p>\n<p data-index=\"6\">Traian Basescu: \u201eAici discut\u0103m despre o moschee, ceea ce \u00eenseamn\u0103 pelerinaj. Ce a oferit Erdogan \u00een schimb e o capel\u0103. Dac\u0103 Erdogan vrea s\u0103 fac\u0103 o moschee, Rom\u00e2niei s\u0103 i se dea teren pentru o catedral\u0103, nu? Ceea ce ne-au comunicat cei 2 \u0219efi de stat e inadmisibil \u00een ceea ce prive\u0219te acordul p\u0103r\u021bii rom\u00e2ne. Domnul pre\u0219edinte Iohannis ne-a ar\u0103tat la Ziua Unirii la Ia\u0219i c\u0103 are o c\u0103ciul\u0103 cu care putem s\u0103 \u00eel facem muftiu la moschee.<\/p>\n<p data-index=\"7\">La Congresul PMP au fost prezen\u0163i sute de simpatizan\u0163i ai fostului pre\u015fedinte.<\/p>\n<p data-index=\"8\">Din noua echip\u0103 de conducere a PMP mai fac parte Eugen Tomac, numit pre\u015fedinte executiv, Dorel Onaca, secretar general, Siegfried Mure\u015fan \u015fi Cristian Diaconescu, prim-vicepre\u015fedin\u0163i. Fostul \u015fef de stat nu a f\u0103cut niciun anun\u0163 cu privire la candidatul PMP la Prim\u0103ria Capitalei. \u00a0<\/p>\n<\/div>\n<p> Source URL: https:\/\/www.digi24.ro\/stiri\/actualitate\/politica\/traian-basescu-din-nou-presedinte-500532<\/p>\n","protected":false},"excerpt":{"rendered":"<p>Cu unanimitate de voturi, Traian B\u0103sescu a fost ales s\u0103 conduc\u0103 Partidul Mi\u015fcarea Popular\u0103. Fostul \u015fef de stat le-a transmis celor prezen\u0163i la Congresul Extraordinar c\u0103 PMP este un partid de \u00eenving\u0103tori. Traian B\u0103sescu: \u201eV\u0103 cer la toate organiza\u021biile s\u0103 v\u0103 fixa\u021bi ca obiectiv c\u00e2\u0219tigarea alegerilor locale. Alegeri care vor fi postamentul pentru ca \u00een [&hellip;]<\/p>\n","protected":false},"author":1,"featured_media":166431,"comment_status":"open","ping_status":"","sticky":false,"template":"","format":"standard","meta":{"footnotes":""},"categories":[2],"tags":[11],"class_list":["post-166430","post","type-post","status-publish","format-standard","has-post-thumbnail","hentry","category-politics","tag-digi24"],"_links":{"self":[{"href":"https:\/\/analyse.optim.biz\/index.php?rest_route=\/wp\/v2\/posts\/166430","targetHints":{"allow":["GET"]}}],"collection":[{"href":"https:\/\/analyse.optim.biz\/index.php?rest_route=\/wp\/v2\/posts"}],"about":[{"href":"https:\/\/analyse.optim.biz\/index.php?rest_route=\/wp\/v2\/types\/post"}],"author":[{"embeddable":true,"href":"https:\/\/analyse.optim.biz\/index.php?rest_route=\/wp\/v2\/users\/1"}],"replies":[{"embeddable":true,"href":"https:\/\/analyse.optim.biz\/index.php?rest_route=%2Fwp%2Fv2%2Fcomments&post=166430"}],"version-history":[{"count":0,"href":"https:\/\/analyse.optim.biz\/index.php?rest_route=\/wp\/v2\/posts\/166430\/revisions"}],"wp:featuredmedia":[{"embeddable":true,"href":"https:\/\/analyse.optim.biz\/index.php?rest_route=\/wp\/v2\/media\/166431"}],"wp:attachment":[{"href":"https:\/\/analyse.optim.biz\/index.php?rest_route=%2Fwp%2Fv2%2Fmedia&parent=166430"}],"wp:term":[{"taxonomy":"category","embeddable":true,"href":"https:\/\/analyse.optim.biz\/index.php?rest_route=%2Fwp%2Fv2%2Fcategories&post=166430"},{"taxonomy":"post_tag","embeddable":true,"href":"https:\/\/analyse.optim.biz\/index.php?rest_route=%2Fwp%2Fv2%2Ftags&post=166430"}],"curies":[{"name":"wp","href":"https:\/\/api.w.org\/{rel}","templated":true}]}}