{"id":166337,"date":"2016-03-31T07:47:30","date_gmt":"2016-03-31T04:47:30","guid":{"rendered":"https:\/\/analyse.optim.biz\/?p=166337"},"modified":"2016-03-31T07:47:30","modified_gmt":"2016-03-31T04:47:30","slug":"video-presedintele-iohannis-si-prima-doamna-au-ajuns-in-statele-unite","status":"publish","type":"post","link":"https:\/\/analyse.optim.biz\/?p=166337","title":{"rendered":"VIDEO. Pre\u0219edintele Iohannis \u0219i prima-doamn\u0103 au ajuns \u00een Statele Unite"},"content":{"rendered":"<div class=\"entry data-app-meta data-app-meta-article\" data-embed-base-url-canonical=\"https:\/\/www.digi24.ro\/embed\/stiri\/actualitate\/politica\/video-presedintele-iohannis-si-prima-doamna-au-ajuns-in-statele-unite-501787\">\n<p data-index=\"1\">La summit vor participa 53 de state, dar NU \u015fi Rusia, care boicoteaz\u0103 aceste discu\u0163ii.<\/p>\n<p data-index=\"2\">Pre\u0219edintele Klaus Iohannis \u0219i so\u021bia sa, Carmen Iohannis, au ajuns ieri \u00een Statele Unite. Ei au fost \u00eent\u00e2mpina\u021bi la aeroport de ambasadorul Rom\u00e2niei la Washington, George Maior, \u0219i de ambasadorul SUA \u00een Rom\u00e2nia, Hans Klemm.\u00a0<\/p>\n<p data-index=\"3\">Summitul de la Washington este dedicat prevenirii terorismului nuclear prin \u00eent\u0103rirea arhitecturii globale \u00een domeniul securit\u0103\u0163ii nucleare, a precizat, miercuri, pre\u0219edintele Klaus Iohannis \u00eenainte de a pleca spre Washington.<\/p>\n<p data-index=\"4\">\u201eVreau ca mesajul Rom\u00e2niei s\u0103 se aud\u0103 ferm de la Washington. Rom\u00e2nia se afl\u0103 \u00een prima linie a statelor care \u00ee\u0219i \u00eendeplinesc pe deplin angajamentele \u00een domeniul securit\u0103\u0163ii nucleare, av\u00e2nd un program nuclear clar \u0219i o conduit\u0103 responsabil\u0103. Am considerat c\u0103 reprezentarea Rom\u00e2niei la cel mai \u00eenalt nivel la acest Summit este esen\u021bial\u0103 \u0219i \u00een acord cu rolul pe care \u021bara noastr\u0103 \u0219i l-a asumat \u00een materie de securitate \u0219i cu participarea noastr\u0103 la eforturile interna\u021bionale \u0219i ac\u021biunile comune \u00een acest domeniu\u201d, a explicat \u0219eful statului.<\/p>\n<p data-index=\"5\">Evenimentul de la Washington este al patrulea dintr-un proces mai amplu, lansat \u00een 2010 de c\u0103tre pre\u0219edintele Barack Obama. Actuala reuniune \u00ee\u0219i propune s\u0103 analizeze ceea ce s-a realizat \u00een ultimii \u0219ase ani \u015fi care sunt pa\u0219ii de urmat \u00een continuare.<\/p>\n<p data-index=\"6\">\u201ePentru Rom\u00e2nia, participarea la Summitul de la Washington reprezint\u0103 o chestiune de prestigiu, de consecven\u0163\u0103 \u015fi de influen\u0163\u0103\u201d, a spus pre\u0219edintele Iohannis. Rom\u00e2nia, a ar\u0103tat \u0219eful statului, \u201ereconfirm\u0103 faptul c\u0103 este un membru activ \u015fi responsabil al grupului restr\u00e2ns al statelor cu capacit\u0103\u0163i nucleare relevante, posesoare ale \u00eentregului ciclu al combustibilului nuclear \u015fi ferm angajate \u00een promovarea arhitecturii globale de securitate nuclear\u0103 \u015fi de combatere a terorismului nuclear\u201d.<\/p>\n<\/div>\n<p> Source URL: https:\/\/www.digi24.ro\/stiri\/actualitate\/politica\/video-presedintele-iohannis-si-prima-doamna-au-ajuns-in-statele-unite-501787<\/p>\n","protected":false},"excerpt":{"rendered":"<p>La summit vor participa 53 de state, dar NU \u015fi Rusia, care boicoteaz\u0103 aceste discu\u0163ii. Pre\u0219edintele Klaus Iohannis \u0219i so\u021bia sa, Carmen Iohannis, au ajuns ieri \u00een Statele Unite. Ei au fost \u00eent\u00e2mpina\u021bi la aeroport de ambasadorul Rom\u00e2niei la Washington, George Maior, \u0219i de ambasadorul SUA \u00een Rom\u00e2nia, Hans Klemm.\u00a0 Summitul de la Washington este [&hellip;]<\/p>\n","protected":false},"author":1,"featured_media":166338,"comment_status":"open","ping_status":"","sticky":false,"template":"","format":"standard","meta":{"footnotes":""},"categories":[2],"tags":[11],"class_list":["post-166337","post","type-post","status-publish","format-standard","has-post-thumbnail","hentry","category-politics","tag-digi24"],"_links":{"self":[{"href":"https:\/\/analyse.optim.biz\/index.php?rest_route=\/wp\/v2\/posts\/166337","targetHints":{"allow":["GET"]}}],"collection":[{"href":"https:\/\/analyse.optim.biz\/index.php?rest_route=\/wp\/v2\/posts"}],"about":[{"href":"https:\/\/analyse.optim.biz\/index.php?rest_route=\/wp\/v2\/types\/post"}],"author":[{"embeddable":true,"href":"https:\/\/analyse.optim.biz\/index.php?rest_route=\/wp\/v2\/users\/1"}],"replies":[{"embeddable":true,"href":"https:\/\/analyse.optim.biz\/index.php?rest_route=%2Fwp%2Fv2%2Fcomments&post=166337"}],"version-history":[{"count":0,"href":"https:\/\/analyse.optim.biz\/index.php?rest_route=\/wp\/v2\/posts\/166337\/revisions"}],"wp:featuredmedia":[{"embeddable":true,"href":"https:\/\/analyse.optim.biz\/index.php?rest_route=\/wp\/v2\/media\/166338"}],"wp:attachment":[{"href":"https:\/\/analyse.optim.biz\/index.php?rest_route=%2Fwp%2Fv2%2Fmedia&parent=166337"}],"wp:term":[{"taxonomy":"category","embeddable":true,"href":"https:\/\/analyse.optim.biz\/index.php?rest_route=%2Fwp%2Fv2%2Fcategories&post=166337"},{"taxonomy":"post_tag","embeddable":true,"href":"https:\/\/analyse.optim.biz\/index.php?rest_route=%2Fwp%2Fv2%2Ftags&post=166337"}],"curies":[{"name":"wp","href":"https:\/\/api.w.org\/{rel}","templated":true}]}}