{"id":166326,"date":"2016-03-31T09:35:39","date_gmt":"2016-03-31T06:35:39","guid":{"rendered":"https:\/\/analyse.optim.biz\/?p=166326"},"modified":"2016-03-31T09:35:39","modified_gmt":"2016-03-31T06:35:39","slug":"sebastian-ghita-presedintele-iohannis-e-in-pragul-demisiei-din-cauza-unui-posibil-dosar","status":"publish","type":"post","link":"https:\/\/analyse.optim.biz\/?p=166326","title":{"rendered":"Sebastian Ghi\u021b\u0103: Pre\u0219edintele Iohannis e \u00een pragul demisiei, din cauza unui posibil dosar"},"content":{"rendered":"<div class=\"entry data-app-meta data-app-meta-article\" data-embed-base-url-canonical=\"https:\/\/www.digi24.ro\/embed\/stiri\/actualitate\/politica\/sebastian-ghita-presedintele-iohannis-e-in-pragul-demisiei-din-cauza-unui-posibil-dosar-501810\">\n<p data-index=\"1\">Sebastian Ghi\u0163\u0103, deputat: \u201eEu nu m-am n\u0103scut s\u0103 fur. Nu cred c\u0103 pentru pl\u0103cerile sadice ale unor oameni care se bucur\u0103 de arestari \u0219i de durerile oamenilor trebuie s\u0103 hr\u0103nim cu denun\u021buri aceast\u0103 ma\u0219in\u0103rie crunt\u0103 care a adus \u00een malaxorul ei 4 milioane de rom\u00e2ni\u201d.<\/p>\n<p data-index=\"2\">A fost reac\u0163ia la cald a deputatului Sebastian Ghi\u0163\u0103 imediat dup\u0103 ce a aflat c\u0103 ai s\u0103i colegii l-au sc\u0103pat de emo\u0163ii. Cererea nu a \u00eentrunit suficiente voturi.<\/p>\n<p data-index=\"3\">\u201eVoturi pentru &#8211; 107 , voturi contra &#8211; 176, ab\u021binere &#8211; una \u0219i \u00eemi permit s\u0103 spun \u0219i un Nurofen, c\u0103 l-am g\u0103sit acolo\u201d, a anun\u021bat Mircea Dolha, deputat PNL.<\/p>\n<p data-index=\"4\">Dup\u0103 terminarea votului, Sebastian Ghi\u0163\u0103 nu a mai avut r\u0103bdare s\u0103 a\u015ftepte rezultatul oficial \u015fi a vrut s\u0103 intre \u00een sala \u00een care se se num\u0103rau bilele.<\/p>\n<p data-index=\"5\">\u00cen fa\u0163a plenului, \u00eentr-un discurs de aproape 20 de minute, <strong>Sebastian Ghi\u0163\u0103 a zugr\u0103vit portretul unei Rom\u00e2nii controlate de procurori, \u00een care oamenii politici \u015fi familiile lor tr\u0103iesc sub teroarea amenin\u0163\u0103rilor cu dosare.<\/strong><\/p>\n<p data-index=\"6\"><em><strong>\u201ePre\u0219edintele Iohannis e \u00een pragul demisiei, din cauza unui posibil dosar pe care cumva so\u021bia \u00eel poate avea. (&#8230;) Am v\u0103zut-o to\u021bi pe so\u021bia lui Dragnea, inculpat\u0103 pentru o fapt\u0103 minor\u0103 de acum 10 ani. (&#8230;) Se chinuie de trei luni s\u0103-i fac\u0103 dosar \u0219i so\u021biei lui Ponta\u201d<\/strong><\/em>, a afirmat deputatul Sebastian Ghi\u021b\u0103 de la tribuna Parlamentului.<\/p>\n<p data-index=\"7\">Administra\u0163ia Preziden\u0163ial\u0103 neag\u0103 c\u0103 ar exista un dosar pe numele primei-doamne \u015fi c\u0103 pre\u015fedintele ar inten\u0163iona s\u0103 \u00ee\u015fi dea demisia.<\/p>\n<p data-index=\"8\">Liviu Dragnea a ironizat problemele pe care fosta sa so\u0163ie le are cu DNA. (Reporter: \u015ei dumneavoastr\u0103 sunte\u0163i vizat de un dosar. Am v\u0103zut c\u0103 so\u0163ia dumneavoastr\u0103 fost chemat\u0103 la DNA.) Pe cazul acela chiar nu am ce s\u0103 spun. Cazul e foarte clar, un caz de mare corup\u0163ie. Ce s\u0103 comentez aici?!\u201d, a declarat Liviu Dragnea.<\/p>\n<p data-index=\"9\">Sebastian Ghi\u0163\u0103 sus\u0163ine c\u0103 se fac presiuni asupra sa ca s\u0103 \u00eel denun\u0163e pe Victor Ponta.<\/p>\n<p data-index=\"10\">\u201eAve\u0163i informa\u0163ii c\u0103 so\u0163iei dumneavoastr\u0103 i se preg\u0103te\u015fte un dosar?\u201d a fost \u00eentrebat fostul premier.<\/p>\n<p data-index=\"11\">\u201eDa. Am citit pe site-uri. De unde afl\u0103m toate informa\u0163iile despre dosare\u201d, a spus Victor Ponta.<\/p>\n<p data-index=\"12\">Fostul premier apare \u00een dosarul lui Sebastian Ghi\u0163\u0103. El i-ar fi propus unui procuror din Ploie\u015fti propulsarea \u00eentr-o func\u0163ie important\u0103, \u00een schimbul unor informa\u0163ii din anchete pe care ar fi trebuit s\u0103 i le ofere deputatului. Magistratul \u00een cauz\u0103, aflat acum dup\u0103 gratii, a recunoscut existen\u0163a unei astfel de \u00een\u0163elegeri.\u00a0<\/p>\n<\/div>\n<p> Source URL: https:\/\/www.digi24.ro\/stiri\/actualitate\/politica\/sebastian-ghita-presedintele-iohannis-e-in-pragul-demisiei-din-cauza-unui-posibil-dosar-501810<\/p>\n","protected":false},"excerpt":{"rendered":"<p>Sebastian Ghi\u0163\u0103, deputat: \u201eEu nu m-am n\u0103scut s\u0103 fur. Nu cred c\u0103 pentru pl\u0103cerile sadice ale unor oameni care se bucur\u0103 de arestari \u0219i de durerile oamenilor trebuie s\u0103 hr\u0103nim cu denun\u021buri aceast\u0103 ma\u0219in\u0103rie crunt\u0103 care a adus \u00een malaxorul ei 4 milioane de rom\u00e2ni\u201d. A fost reac\u0163ia la cald a deputatului Sebastian Ghi\u0163\u0103 imediat [&hellip;]<\/p>\n","protected":false},"author":1,"featured_media":166327,"comment_status":"open","ping_status":"","sticky":false,"template":"","format":"standard","meta":{"footnotes":""},"categories":[2],"tags":[11],"class_list":["post-166326","post","type-post","status-publish","format-standard","has-post-thumbnail","hentry","category-politics","tag-digi24"],"_links":{"self":[{"href":"https:\/\/analyse.optim.biz\/index.php?rest_route=\/wp\/v2\/posts\/166326","targetHints":{"allow":["GET"]}}],"collection":[{"href":"https:\/\/analyse.optim.biz\/index.php?rest_route=\/wp\/v2\/posts"}],"about":[{"href":"https:\/\/analyse.optim.biz\/index.php?rest_route=\/wp\/v2\/types\/post"}],"author":[{"embeddable":true,"href":"https:\/\/analyse.optim.biz\/index.php?rest_route=\/wp\/v2\/users\/1"}],"replies":[{"embeddable":true,"href":"https:\/\/analyse.optim.biz\/index.php?rest_route=%2Fwp%2Fv2%2Fcomments&post=166326"}],"version-history":[{"count":0,"href":"https:\/\/analyse.optim.biz\/index.php?rest_route=\/wp\/v2\/posts\/166326\/revisions"}],"wp:featuredmedia":[{"embeddable":true,"href":"https:\/\/analyse.optim.biz\/index.php?rest_route=\/wp\/v2\/media\/166327"}],"wp:attachment":[{"href":"https:\/\/analyse.optim.biz\/index.php?rest_route=%2Fwp%2Fv2%2Fmedia&parent=166326"}],"wp:term":[{"taxonomy":"category","embeddable":true,"href":"https:\/\/analyse.optim.biz\/index.php?rest_route=%2Fwp%2Fv2%2Fcategories&post=166326"},{"taxonomy":"post_tag","embeddable":true,"href":"https:\/\/analyse.optim.biz\/index.php?rest_route=%2Fwp%2Fv2%2Ftags&post=166326"}],"curies":[{"name":"wp","href":"https:\/\/api.w.org\/{rel}","templated":true}]}}