{"id":1663164,"date":"2014-08-28T10:27:41","date_gmt":"2014-08-28T07:27:41","guid":{"rendered":"https:\/\/analyse.optim.biz\/?p=1663164"},"modified":"2014-08-28T10:27:41","modified_gmt":"2014-08-28T07:27:41","slug":"talharie-sub-semnul-intrebarii-suceavalive","status":"publish","type":"post","link":"https:\/\/analyse.optim.biz\/?p=1663164","title":{"rendered":"T\u00e2lh\u0103rie sub semnul \u00eentreb\u0103rii &#8211; SuceavaLIVE"},"content":{"rendered":"<article id=\"post-44895\" class=\"clearfix post-44895 post type-post status-publish format-standard has-post-thumbnail hentry category-comunicate tag-apel-de-panica tag-areni tag-deposedat tag-firma-de-paza tag-ipj tag-plangere tag-politisti tag-scandal tag-suceava tag-suceavalive tag-victima\">\n<header id=\"cb-standard-featured\">\n<div id=\"cb-fis-wrap\" class=\"cb-entry-header cb-fis cb-style-standard\"><span class=\"cb-title-fi\"><\/p>\n<h1 class=\"entry-title cb-entry-title cb-single-title\">T\u00e2lh\u0103rie sub semnul \u00eentreb\u0103rii<\/h1>\n<div class=\"cb-byline cb-font-header\">\n<div class=\"cb-date cb-byline-element\"><time datetime=\"2014-08-28\">28 august 2014<\/time><\/div>\n<div class=\"cb-comments cb-byline-element\"><a href=\"https:\/\/suceavalive.ro\/talharie-sub-semnul-intrebarii\/#comments\">1<\/a><\/div>\n<\/div>\n<p><\/span><\/div>\n<div class=\"cb-mask\"><img decoding=\"async\" width=\"768\" height=\"1024\" src=\"https:\/\/analyse.optim.biz\/wp-content\/uploads\/2026\/02\/areni-1.jpg\" class=\"attachment-cb-full-full size-cb-full-full wp-post-image\" loading=\"lazy\" title=\"areni-1\"><\/div>\n<\/header>\n<p>I.P.J. Suceava a fost sesizat miercuri, 27 august, despre un scandal produs \u00een zona \u201eAreni\u201d din municipiul Suceava.<\/p>\n<section class=\"cb-entry-content entry-content clearfix\">\n<p>Din cercet\u0103ri, poli\u0163i\u015ftii au stabilit faptul c\u0103 \u00een jurul orei 20.30, dup\u0103 ce a consumat b\u0103uturi alcoolice \u00eentr-un bar, un t\u00e2n\u0103r de 25 ani, din localitate, \u00eempreun\u0103 cu al\u0163i prieteni, au spart un pahar \u015fi au provocat scandal \u00een local, motiv pentru care au fost sco\u015fi afar\u0103 de angaja\u021bii firmei de paz\u0103, iar ulterior t\u00e2n\u0103rul a fost implicat \u00eentr-un nou scandal.<\/p>\n<p>Acesta a fost condus la sediul poli\u0163iei, unde a depus pl\u00e2ngere, prin care a men\u0163ionat c\u0103 \u00een timp ce se afla \u00een zona \u201eAreni\u2019\u2019 a fost lovit \u015fi deposedat de telefonul mobil, o borset\u0103 cu bani \u015fi cartea de identitate, de mai multe persoane, din care f\u0103ceau parte angaja\u021bii firmei de paz\u0103 care au intervenit la scandalul din local.<\/p>\n<p>Din audieri, angaja\u021bii firmei de paz\u0103 au men\u0163ionat faptul c\u0103 au intervenit \u00een urma apelului de panic\u0103 transmis de dispecer la barul \u00een cauz\u0103, f\u0103r\u0103 a se folosi for\u0163a \u00een mod abuziv \u015fi nu au fost sustrase bunuri, acte sau valori de la persoanele implicate \u00een eveniment.<\/p>\n<p>Victima nu a putut face dovada existen\u0163ei sumei de bani \u015fi nici a telefonului reclamate ca fiind sustrase.<\/p>\n<p>Cercet\u0103rile continu\u0103 pentru stabilirea cu exactitate a \u00eemprejur\u0103rilor comiterii faptelor.<\/p>\n<\/section>\n<footer class=\"article-footer\">\n<p class=\"cb-tags\"><a href=\"https:\/\/suceavalive.ro\/tag\/apel-de-panica\/\" rel=\"tag\">apel de panica<\/a><a href=\"https:\/\/suceavalive.ro\/tag\/areni\/\" rel=\"tag\">areni<\/a><a href=\"https:\/\/suceavalive.ro\/tag\/deposedat\/\" rel=\"tag\">deposedat<\/a><a href=\"https:\/\/suceavalive.ro\/tag\/firma-de-paza\/\" rel=\"tag\">firma de paza<\/a><a href=\"https:\/\/suceavalive.ro\/tag\/ipj\/\" rel=\"tag\">ipj<\/a><a href=\"https:\/\/suceavalive.ro\/tag\/plangere\/\" rel=\"tag\">plangere<\/a><a href=\"https:\/\/suceavalive.ro\/tag\/politisti\/\" rel=\"tag\">politisti<\/a><a href=\"https:\/\/suceavalive.ro\/tag\/scandal\/\" rel=\"tag\">scandal<\/a><a href=\"https:\/\/suceavalive.ro\/tag\/suceava\/\" rel=\"tag\">Suceava<\/a><a href=\"https:\/\/suceavalive.ro\/tag\/suceavalive\/\" rel=\"tag\">suceavalive<\/a><a href=\"https:\/\/suceavalive.ro\/tag\/victima\/\" rel=\"tag\">victima<\/a><\/p>\n<div class=\"cb-social-sharing cb-post-footer-block cb-beside clearfix\">\n<div class=\"cb-title-subtle\">Share On:<\/div>\n<div class=\"cb-twitter\"><a href=\"https:\/\/twitter.com\/share\" class=\"twitter-share-button\" data-dnt=\"true\" data-count=\"horizontal\">Tweet<\/a><\/div>\n<\/div>\n<div id=\"cb-previous-next-links\" class=\"cb-post-footer-block clearfix\">\n<div id=\"cb-previous-link\"><a href=\"https:\/\/suceavalive.ro\/graba-unui-sofer-trimis-4-persoane-la-spital\/\" rel=\"prev\">Graba unui \u0219ofer a \u201etrimis\u201d 4 persoane la spital<\/a><\/div>\n<div id=\"cb-next-link\"><a href=\"https:\/\/suceavalive.ro\/maidanezi-din-suceava-tratati-necorespunzator\/\" rel=\"next\">Maidanezii din Suceava, trata\u021bi necorespunz\u0103tor<\/a><\/div>\n<\/div>\n<div id=\"cb-author-box\" class=\"clearfix\">\n<h3 class=\"cb-block-title\">Despre autor<\/h3>\n<div class=\"cb-mask\"><a href=\"https:\/\/suceavalive.ro\/author\/luiza-loghin\/\"><img decoding=\"async\" src=\"https:\/\/analyse.optim.biz\/wp-content\/uploads\/2026\/02\/21ec5a38ee016d23a9c9d50ce3b4e9e7ef5b09765e70997405f8f9e4b1856ee7-2.jpg\" class=\"avatar avatar-120 photo\" height=\"120\" width=\"120\" loading=\"lazy\" title=\"21ec5a38ee016d23a9c9d50ce3b4e9e7ef5b09765e70997405f8f9e4b1856ee7-2\"><\/a><\/div>\n<div class=\"cb-meta\">\n<div class=\"cb-info\">\n<div class=\"cb-author-title vcard\"><a href=\"https:\/\/suceavalive.ro\/author\/luiza-loghin\/\"><span class=\"fn\">Luiza Loghin<\/span><\/a><\/div>\n<\/div>\n<\/div>\n<\/div>\n<div id=\"cb-related-posts\" class=\"cb-related-posts-block cb-post-end-block clearfix\">\n<h3 class=\"cb-block-title\">Postari asemanatoare<\/h3>\n<ul>\n<li class=\"cb-style-overlay cb-grid-entry cb-related-post no-1\">\n<div class=\"cb-mask\"><a href=\"https:\/\/suceavalive.ro\/calendarul-zilei-de-30-ianuarie\/\"><img decoding=\"async\" width=\"360\" height=\"240\" src=\"https:\/\/analyse.optim.biz\/wp-content\/uploads\/2026\/02\/grigore-gafencu_0-360x240-8.jpg\" class=\"attachment-cb-360-240 size-cb-360-240 wp-post-image\" loading=\"lazy\" title=\"grigore-gafencu_0-360x240-8\"><\/a><\/div>\n<div class=\"cb-meta cb-article-meta\">\n<h4 class=\"h3 cb-post-title\"><a href=\"https:\/\/suceavalive.ro\/calendarul-zilei-de-30-ianuarie\/\">Calendarul zilei de 30 ianuarie<\/a><\/h4>\n<div class=\"cb-byline cb-font-header\">\n<div class=\"cb-date cb-byline-element\"><time datetime=\"2026-01-30\">30 ianuarie 2026<\/time><\/div>\n<\/div>\n<\/div>\n<\/li>\n<li class=\"cb-style-overlay cb-grid-entry cb-related-post no-2\">\n<div class=\"cb-mask\"><a href=\"https:\/\/suceavalive.ro\/calendarul-zilei-de-28-ianuarie\/\"><img decoding=\"async\" width=\"360\" height=\"240\" src=\"https:\/\/analyse.optim.biz\/wp-content\/uploads\/2026\/02\/bibescu-360x240-8.jpg\" class=\"attachment-cb-360-240 size-cb-360-240 wp-post-image\" loading=\"lazy\" title=\"bibescu-360x240-8\"><\/a><\/div>\n<div class=\"cb-meta cb-article-meta\">\n<h4 class=\"h3 cb-post-title\"><a href=\"https:\/\/suceavalive.ro\/calendarul-zilei-de-28-ianuarie\/\">Calendarul zilei de 28 ianuarie<\/a><\/h4>\n<div class=\"cb-byline cb-font-header\">\n<div class=\"cb-date cb-byline-element\"><time datetime=\"2026-01-28\">28 ianuarie 2026<\/time><\/div>\n<\/div>\n<\/div>\n<\/li>\n<\/ul>\n<\/div>\n<\/footer>\n<h3 id=\"comments\" class=\"cb-block-title\">One Response<\/h3>\n<nav id=\"comment-nav\">\n<ul class=\"clearfix\">\n<li>\n<li><\/ul>\n<\/nav>\n<ol class=\"commentlist\">\n<li class=\"comment even thread-even depth-1\">\n<article id=\"comment-138207\" class=\"clearfix\">\n<div class=\"cb-gravatar-image\"><img decoding=\"async\" src=\"https:\/\/analyse.optim.biz\/wp-content\/uploads\/2026\/02\/02aa211e1872b5f4cb3c90b5e1e7db1d8d788cb92fc1d786699998750d7c99fd.jpg\" class=\"avatar avatar-80 photo\" height=\"80\" width=\"80\" loading=\"lazy\" title=\"02aa211e1872b5f4cb3c90b5e1e7db1d8d788cb92fc1d786699998750d7c99fd\"><\/div>\n<div class=\"cb-comment-body clearfix\">\n<header class=\"comment-author vcard\"><cite class=\"fn\">Maryjo<\/cite><time datetime=\"11 februarie 2020\"><a href=\"https:\/\/suceavalive.ro\/talharie-sub-semnul-intrebarii\/#comment-138207\">11 februarie 2020 <\/a><\/time><\/header>\n<section class=\"comment_content clearfix\">\n<p>Buna ziua ,<\/p>\n<p>Va puteti externaliza serviciile IT cu noi, avem multe optiuni:<br \/>\n\u2013 Dezvoltare de software<br \/>\n\u2013 Administrare server Linux si Windows<br \/>\n\u2013 Administrare VMware<br \/>\n\u2013 Retele<br \/>\n\u2013 Dezvoltare web si gazduire<br \/>\nIntra pe ngbss.com . Proiectele dvs sunt succesul nostru.<\/p>\n<p>Toate cele bune,<br \/>\nEchipa NGBSS.<\/p>\n<\/section>\n<p><a rel=\"nofollow\" class=\"comment-reply-link\" href=\"https:\/\/suceavalive.ro\/talharie-sub-semnul-intrebarii\/#comment-138207\" data-commentid=\"138207\" data-postid=\"44895\" data-belowelement=\"comment-138207\" data-respondelement=\"respond\" data-replyto=\"R\u0103spunde-i lui Maryjo\" aria-label=\"R\u0103spunde-i lui Maryjo\">R\u0103spunde<\/a><\/div>\n<\/article>\n<\/li>\n<\/ol>\n<nav id=\"comment-nav\">\n<ul class=\"clearfix\">\n<li>\n<li><\/ul>\n<\/nav>\n<div id=\"respond\" class=\"comment-respond\">\n<h3 id=\"reply-title\" class=\"comment-reply-title\">Lasa un raspuns <small><a rel=\"nofollow\" id=\"cancel-comment-reply-link\" href=\"https:\/\/suceavalive.ro\/talharie-sub-semnul-intrebarii\/#respond\">Anuleaza raspunsul<\/a><\/small><\/h3>\n<p class=\"comment-notes\">Adresa ta de email nu va fi publicat\u0103.<\/p>\n<\/div>\n<\/article>\n<section class=\"cb-entry-content entry-content clearfix\">\n<p>Din cercet\u0103ri, poli\u0163i\u015ftii au stabilit faptul c\u0103 \u00een jurul orei 20.30, dup\u0103 ce a consumat b\u0103uturi alcoolice \u00eentr-un bar, un t\u00e2n\u0103r de 25 ani, din localitate, \u00eempreun\u0103 cu al\u0163i prieteni, au spart un pahar \u015fi au provocat scandal \u00een local, motiv pentru care au fost sco\u015fi afar\u0103 de angaja\u021bii firmei de paz\u0103, iar ulterior t\u00e2n\u0103rul a fost implicat \u00eentr-un nou scandal.<\/p>\n<p>Acesta a fost condus la sediul poli\u0163iei, unde a depus pl\u00e2ngere, prin care a men\u0163ionat c\u0103 \u00een timp ce se afla \u00een zona \u201eAreni\u2019\u2019 a fost lovit \u015fi deposedat de telefonul mobil, o borset\u0103 cu bani \u015fi cartea de identitate, de mai multe persoane, din care f\u0103ceau parte angaja\u021bii firmei de paz\u0103 care au intervenit la scandalul din local.<\/p>\n<p>Din audieri, angaja\u021bii firmei de paz\u0103 au men\u0163ionat faptul c\u0103 au intervenit \u00een urma apelului de panic\u0103 transmis de dispecer la barul \u00een cauz\u0103, f\u0103r\u0103 a se folosi for\u0163a \u00een mod abuziv \u015fi nu au fost sustrase bunuri, acte sau valori de la persoanele implicate \u00een eveniment.<\/p>\n<p>Victima nu a putut face dovada existen\u0163ei sumei de bani \u015fi nici a telefonului reclamate ca fiind sustrase.<\/p>\n<p>Cercet\u0103rile continu\u0103 pentru stabilirea cu exactitate a \u00eemprejur\u0103rilor comiterii faptelor.<\/p>\n<\/section>\n<section class=\"cb-entry-content entry-content clearfix\">\n<p>Din cercet\u0103ri, poli\u0163i\u015ftii au stabilit faptul c\u0103 \u00een jurul orei 20.30, dup\u0103 ce a consumat b\u0103uturi alcoolice \u00eentr-un bar, un t\u00e2n\u0103r de 25 ani, din localitate, \u00eempreun\u0103 cu al\u0163i prieteni, au spart un pahar \u015fi au provocat scandal \u00een local, motiv pentru care au fost sco\u015fi afar\u0103 de angaja\u021bii firmei de paz\u0103, iar ulterior t\u00e2n\u0103rul a fost implicat \u00eentr-un nou scandal.<\/p>\n<p>Acesta a fost condus la sediul poli\u0163iei, unde a depus pl\u00e2ngere, prin care a men\u0163ionat c\u0103 \u00een timp ce se afla \u00een zona \u201eAreni\u2019\u2019 a fost lovit \u015fi deposedat de telefonul mobil, o borset\u0103 cu bani \u015fi cartea de identitate, de mai multe persoane, din care f\u0103ceau parte angaja\u021bii firmei de paz\u0103 care au intervenit la scandalul din local.<\/p>\n<p>Din audieri, angaja\u021bii firmei de paz\u0103 au men\u0163ionat faptul c\u0103 au intervenit \u00een urma apelului de panic\u0103 transmis de dispecer la barul \u00een cauz\u0103, f\u0103r\u0103 a se folosi for\u0163a \u00een mod abuziv \u015fi nu au fost sustrase bunuri, acte sau valori de la persoanele implicate \u00een eveniment.<\/p>\n<p>Victima nu a putut face dovada existen\u0163ei sumei de bani \u015fi nici a telefonului reclamate ca fiind sustrase.<\/p>\n<p>Cercet\u0103rile continu\u0103 pentru stabilirea cu exactitate a \u00eemprejur\u0103rilor comiterii faptelor.<\/p>\n<\/section>\n<p> Source URL: https:\/\/suceavalive.ro\/talharie-sub-semnul-intrebarii\/<\/p>\n","protected":false},"excerpt":{"rendered":"<p>T\u00e2lh\u0103rie sub semnul \u00eentreb\u0103rii 28 august 2014 1 I.P.J. Suceava a fost sesizat miercuri, 27 august, despre un scandal produs \u00een zona \u201eAreni\u201d din municipiul Suceava. Din cercet\u0103ri, poli\u0163i\u015ftii au stabilit faptul c\u0103 \u00een jurul orei 20.30, dup\u0103 ce a consumat b\u0103uturi alcoolice \u00eentr-un bar, un t\u00e2n\u0103r de 25 ani, din localitate, \u00eempreun\u0103 cu al\u0163i [&hellip;]<\/p>\n","protected":false},"author":1,"featured_media":1663165,"comment_status":"open","ping_status":"","sticky":false,"template":"","format":"standard","meta":{"footnotes":""},"categories":[89],"tags":[173],"class_list":["post-1663164","post","type-post","status-publish","format-standard","has-post-thumbnail","hentry","category-romania","tag-suceavalive-ro"],"_links":{"self":[{"href":"https:\/\/analyse.optim.biz\/index.php?rest_route=\/wp\/v2\/posts\/1663164","targetHints":{"allow":["GET"]}}],"collection":[{"href":"https:\/\/analyse.optim.biz\/index.php?rest_route=\/wp\/v2\/posts"}],"about":[{"href":"https:\/\/analyse.optim.biz\/index.php?rest_route=\/wp\/v2\/types\/post"}],"author":[{"embeddable":true,"href":"https:\/\/analyse.optim.biz\/index.php?rest_route=\/wp\/v2\/users\/1"}],"replies":[{"embeddable":true,"href":"https:\/\/analyse.optim.biz\/index.php?rest_route=%2Fwp%2Fv2%2Fcomments&post=1663164"}],"version-history":[{"count":0,"href":"https:\/\/analyse.optim.biz\/index.php?rest_route=\/wp\/v2\/posts\/1663164\/revisions"}],"wp:featuredmedia":[{"embeddable":true,"href":"https:\/\/analyse.optim.biz\/index.php?rest_route=\/wp\/v2\/media\/1663165"}],"wp:attachment":[{"href":"https:\/\/analyse.optim.biz\/index.php?rest_route=%2Fwp%2Fv2%2Fmedia&parent=1663164"}],"wp:term":[{"taxonomy":"category","embeddable":true,"href":"https:\/\/analyse.optim.biz\/index.php?rest_route=%2Fwp%2Fv2%2Fcategories&post=1663164"},{"taxonomy":"post_tag","embeddable":true,"href":"https:\/\/analyse.optim.biz\/index.php?rest_route=%2Fwp%2Fv2%2Ftags&post=1663164"}],"curies":[{"name":"wp","href":"https:\/\/api.w.org\/{rel}","templated":true}]}}