{"id":1663128,"date":"2014-03-11T18:07:55","date_gmt":"2014-03-11T15:07:55","guid":{"rendered":"https:\/\/analyse.optim.biz\/?p=1663128"},"modified":"2014-03-11T18:07:55","modified_gmt":"2014-03-11T15:07:55","slug":"100-metri-cablu-de-cupru-furati-de-pe-strada-eugen-dobrila-suceavalive","status":"publish","type":"post","link":"https:\/\/analyse.optim.biz\/?p=1663128","title":{"rendered":"100 metri cablu de cupru, fura\u021bi de pe strada Eugen Dobril\u0103 &#8211; SuceavaLIVE"},"content":{"rendered":"<article id=\"post-33837\" class=\"clearfix post-33837 post type-post status-publish format-standard has-post-thumbnail hentry category-comunicate tag-cablu tag-eugen-dobrila tag-suceava\">\n<header id=\"cb-standard-featured\">\n<div id=\"cb-fis-wrap\" class=\"cb-entry-header cb-fis cb-style-standard\"><span class=\"cb-title-fi\"><\/p>\n<h1 class=\"entry-title cb-entry-title cb-single-title\">100 metri cablu de cupru, fura\u021bi de pe strada Eugen Dobril\u0103<\/h1>\n<div class=\"cb-byline cb-font-header\">\n<div class=\"cb-date cb-byline-element\"><time datetime=\"2014-03-11\">11 martie 2014<\/time><\/div>\n<\/div>\n<p><\/span><\/div>\n<div class=\"cb-mask\"><img decoding=\"async\" width=\"568\" height=\"480\" src=\"https:\/\/analyse.optim.biz\/wp-content\/uploads\/2026\/02\/cablu1-1.jpg\" class=\"attachment-cb-full-full size-cb-full-full wp-post-image\" loading=\"lazy\" title=\"cablu1-1\"><\/div>\n<\/header>\n<p>Luni, 10 martie, la ora 10.00, Poli\u0163ia municipiului Suceava a fost sesizat\u0103 de un localnic de 49 ani despre faptul c\u0103 \u00een noaptea de 8\/9 martie, persoane necunoscute au sustras aproximativ 100 m cablu de telefonie, suspendat \u00eentre 3 st\u00e2lpi amplasa\u021bi pe str. Dobril\u0103 Eugen din municipiul Suceava.<\/p>\n<section class=\"cb-entry-content entry-content clearfix\">\n<p>\u00cen urma m\u0103surilor \u00eentreprinse de poli\u021bi\u0219ti au fost identifica\u0163i autorii ca fiind doi b\u0103rba\u0163i de 29 ani \u0219i 35 ani, ambii din municipiul Suceava, care au predat la un centru de colectare din municipiul Suceava cantitatea de 13 kg de\u0219euri cupru, rezultat\u0103 \u00een urma arderii cablului.<\/p>\n<p>Cei doi au fost re\u021binu\u021bi timp de 24 de ore, fiind \u00eencarcera\u021bi \u00een arestul IPJ Suceava, urm\u00e2nd ca mar\u0163i s\u0103 fie prezenta\u021bi unit\u0103\u021bii de parchet cu propuneri legale.<\/p>\n<p>\u201cCercet\u0103rile continu\u0103 sub aspectul s\u0103v\u00e2r\u0219irii infrac\u021biunii de furt calificat \u015fi pentru probarea \u00eentregii activit\u0103\u021bi infrac\u021bionale\u201d, se precizeaz\u0103 \u00een comunicatul poli\u0163iei.<\/p>\n<\/section>\n<footer class=\"article-footer\">\n<p class=\"cb-tags\"><a href=\"https:\/\/suceavalive.ro\/tag\/cablu\/\" rel=\"tag\">cablu<\/a><a href=\"https:\/\/suceavalive.ro\/tag\/eugen-dobrila\/\" rel=\"tag\">eugen dobrila<\/a><a href=\"https:\/\/suceavalive.ro\/tag\/suceava\/\" rel=\"tag\">Suceava<\/a><\/p>\n<div class=\"cb-social-sharing cb-post-footer-block cb-beside clearfix\">\n<div class=\"cb-title-subtle\">Share On:<\/div>\n<div class=\"cb-twitter\"><a href=\"https:\/\/twitter.com\/share\" class=\"twitter-share-button\" data-dnt=\"true\" data-count=\"horizontal\">Tweet<\/a><\/div>\n<\/div>\n<div id=\"cb-previous-next-links\" class=\"cb-post-footer-block clearfix\">\n<div id=\"cb-previous-link\"><a href=\"https:\/\/suceavalive.ro\/proiect-international-implementat-de-asociatia-blijdorp-romania\/\" rel=\"prev\">Proiect interna\u021bional implementat de Asocia\u021bia Blijdorp Rom\u00e2nia<\/a><\/div>\n<div id=\"cb-next-link\"><a href=\"https:\/\/suceavalive.ro\/daruri\/\" rel=\"next\">Daruri<\/a><\/div>\n<\/div>\n<div id=\"cb-author-box\" class=\"clearfix\">\n<h3 class=\"cb-block-title\">Despre autor<\/h3>\n<div class=\"cb-mask\"><a href=\"https:\/\/suceavalive.ro\/author\/tilihoi\/\"><img decoding=\"async\" src=\"https:\/\/analyse.optim.biz\/wp-content\/uploads\/2026\/02\/fa2d18728c5d81a58c6469ecd1ad7e557d4f11a4993458ce4a8238aca4504c9f-3.jpg\" class=\"avatar avatar-120 photo\" height=\"120\" width=\"120\" loading=\"lazy\" title=\"fa2d18728c5d81a58c6469ecd1ad7e557d4f11a4993458ce4a8238aca4504c9f-3\"><\/a><\/div>\n<div class=\"cb-meta\">\n<div class=\"cb-info\">\n<div class=\"cb-author-title vcard\"><a href=\"https:\/\/suceavalive.ro\/author\/tilihoi\/\"><span class=\"fn\">Cornel Tilihoi<\/span><\/a><\/div>\n<\/div>\n<\/div>\n<\/div>\n<div id=\"cb-related-posts\" class=\"cb-related-posts-block cb-post-end-block clearfix\">\n<h3 class=\"cb-block-title\">Postari asemanatoare<\/h3>\n<ul>\n<li class=\"cb-style-overlay cb-grid-entry cb-related-post no-1\">\n<div class=\"cb-mask\"><a href=\"https:\/\/suceavalive.ro\/calendarul-zilei-de-23-ianuarie\/\"><img decoding=\"async\" width=\"360\" height=\"240\" src=\"https:\/\/analyse.optim.biz\/wp-content\/uploads\/2026\/02\/vladimirescucover-interior-360x240-3.jpg\" class=\"attachment-cb-360-240 size-cb-360-240 wp-post-image\" loading=\"lazy\" title=\"vladimirescucover-interior-360x240-3\"><\/a><\/div>\n<div class=\"cb-meta cb-article-meta\">\n<h4 class=\"h3 cb-post-title\"><a href=\"https:\/\/suceavalive.ro\/calendarul-zilei-de-23-ianuarie\/\">Calendarul zilei de 23 ianuarie<\/a><\/h4>\n<div class=\"cb-byline cb-font-header\">\n<div class=\"cb-date cb-byline-element\"><time datetime=\"2026-01-23\">23 ianuarie 2026<\/time><\/div>\n<\/div>\n<\/div>\n<\/li>\n<li class=\"cb-style-overlay cb-grid-entry cb-related-post no-2\">\n<div class=\"cb-mask\"><a href=\"https:\/\/suceavalive.ro\/calendarul-zilei-de-22-ianuarie\/\"><img decoding=\"async\" width=\"360\" height=\"240\" src=\"https:\/\/analyse.optim.biz\/wp-content\/uploads\/2026\/02\/george-motoi-360x240-3.jpg\" class=\"attachment-cb-360-240 size-cb-360-240 wp-post-image\" loading=\"lazy\" title=\"george-motoi-360x240-3\"><\/a><\/div>\n<div class=\"cb-meta cb-article-meta\">\n<h4 class=\"h3 cb-post-title\"><a href=\"https:\/\/suceavalive.ro\/calendarul-zilei-de-22-ianuarie\/\">Calendarul zilei de 22 ianuarie<\/a><\/h4>\n<div class=\"cb-byline cb-font-header\">\n<div class=\"cb-date cb-byline-element\"><time datetime=\"2026-01-22\">22 ianuarie 2026<\/time><\/div>\n<\/div>\n<\/div>\n<\/li>\n<\/ul>\n<\/div>\n<\/footer>\n<div id=\"respond\" class=\"comment-respond\">\n<h3 id=\"reply-title\" class=\"comment-reply-title\">Lasa un raspuns <small><a rel=\"nofollow\" id=\"cancel-comment-reply-link\" href=\"https:\/\/suceavalive.ro\/100-metri-cablu-de-cupru-furati-de-pe-strada-eugen-dobrila\/#respond\">Anuleaza raspunsul<\/a><\/small><\/h3>\n<p class=\"comment-notes\">Adresa ta de email nu va fi publicat\u0103.<\/p>\n<\/div>\n<\/article>\n<section class=\"cb-entry-content entry-content clearfix\">\n<p>\u00cen urma m\u0103surilor \u00eentreprinse de poli\u021bi\u0219ti au fost identifica\u0163i autorii ca fiind doi b\u0103rba\u0163i de 29 ani \u0219i 35 ani, ambii din municipiul Suceava, care au predat la un centru de colectare din municipiul Suceava cantitatea de 13 kg de\u0219euri cupru, rezultat\u0103 \u00een urma arderii cablului.<\/p>\n<p>Cei doi au fost re\u021binu\u021bi timp de 24 de ore, fiind \u00eencarcera\u021bi \u00een arestul IPJ Suceava, urm\u00e2nd ca mar\u0163i s\u0103 fie prezenta\u021bi unit\u0103\u021bii de parchet cu propuneri legale.<\/p>\n<p>\u201cCercet\u0103rile continu\u0103 sub aspectul s\u0103v\u00e2r\u0219irii infrac\u021biunii de furt calificat \u015fi pentru probarea \u00eentregii activit\u0103\u021bi infrac\u021bionale\u201d, se precizeaz\u0103 \u00een comunicatul poli\u0163iei.<\/p>\n<\/section>\n<section class=\"cb-entry-content entry-content clearfix\">\n<p>\u00cen urma m\u0103surilor \u00eentreprinse de poli\u021bi\u0219ti au fost identifica\u0163i autorii ca fiind doi b\u0103rba\u0163i de 29 ani \u0219i 35 ani, ambii din municipiul Suceava, care au predat la un centru de colectare din municipiul Suceava cantitatea de 13 kg de\u0219euri cupru, rezultat\u0103 \u00een urma arderii cablului.<\/p>\n<p>Cei doi au fost re\u021binu\u021bi timp de 24 de ore, fiind \u00eencarcera\u021bi \u00een arestul IPJ Suceava, urm\u00e2nd ca mar\u0163i s\u0103 fie prezenta\u021bi unit\u0103\u021bii de parchet cu propuneri legale.<\/p>\n<p>\u201cCercet\u0103rile continu\u0103 sub aspectul s\u0103v\u00e2r\u0219irii infrac\u021biunii de furt calificat \u015fi pentru probarea \u00eentregii activit\u0103\u021bi infrac\u021bionale\u201d, se precizeaz\u0103 \u00een comunicatul poli\u0163iei.<\/p>\n<\/section>\n<p> Source URL: https:\/\/suceavalive.ro\/100-metri-cablu-de-cupru-furati-de-pe-strada-eugen-dobrila\/<\/p>\n","protected":false},"excerpt":{"rendered":"<p>100 metri cablu de cupru, fura\u021bi de pe strada Eugen Dobril\u0103 11 martie 2014 Luni, 10 martie, la ora 10.00, Poli\u0163ia municipiului Suceava a fost sesizat\u0103 de un localnic de 49 ani despre faptul c\u0103 \u00een noaptea de 8\/9 martie, persoane necunoscute au sustras aproximativ 100 m cablu de telefonie, suspendat \u00eentre 3 st\u00e2lpi amplasa\u021bi [&hellip;]<\/p>\n","protected":false},"author":1,"featured_media":1663129,"comment_status":"open","ping_status":"","sticky":false,"template":"","format":"standard","meta":{"footnotes":""},"categories":[89],"tags":[173],"class_list":["post-1663128","post","type-post","status-publish","format-standard","has-post-thumbnail","hentry","category-romania","tag-suceavalive-ro"],"_links":{"self":[{"href":"https:\/\/analyse.optim.biz\/index.php?rest_route=\/wp\/v2\/posts\/1663128","targetHints":{"allow":["GET"]}}],"collection":[{"href":"https:\/\/analyse.optim.biz\/index.php?rest_route=\/wp\/v2\/posts"}],"about":[{"href":"https:\/\/analyse.optim.biz\/index.php?rest_route=\/wp\/v2\/types\/post"}],"author":[{"embeddable":true,"href":"https:\/\/analyse.optim.biz\/index.php?rest_route=\/wp\/v2\/users\/1"}],"replies":[{"embeddable":true,"href":"https:\/\/analyse.optim.biz\/index.php?rest_route=%2Fwp%2Fv2%2Fcomments&post=1663128"}],"version-history":[{"count":0,"href":"https:\/\/analyse.optim.biz\/index.php?rest_route=\/wp\/v2\/posts\/1663128\/revisions"}],"wp:featuredmedia":[{"embeddable":true,"href":"https:\/\/analyse.optim.biz\/index.php?rest_route=\/wp\/v2\/media\/1663129"}],"wp:attachment":[{"href":"https:\/\/analyse.optim.biz\/index.php?rest_route=%2Fwp%2Fv2%2Fmedia&parent=1663128"}],"wp:term":[{"taxonomy":"category","embeddable":true,"href":"https:\/\/analyse.optim.biz\/index.php?rest_route=%2Fwp%2Fv2%2Fcategories&post=1663128"},{"taxonomy":"post_tag","embeddable":true,"href":"https:\/\/analyse.optim.biz\/index.php?rest_route=%2Fwp%2Fv2%2Ftags&post=1663128"}],"curies":[{"name":"wp","href":"https:\/\/api.w.org\/{rel}","templated":true}]}}