{"id":166312,"date":"2016-03-31T16:14:14","date_gmt":"2016-03-31T13:14:14","guid":{"rendered":"https:\/\/analyse.optim.biz\/?p=166312"},"modified":"2016-03-31T16:14:14","modified_gmt":"2016-03-31T13:14:14","slug":"liviu-dragnea-am-fost-foarte-afectat-de-imaginea-olgutei-vasilescu-in-catuse","status":"publish","type":"post","link":"https:\/\/analyse.optim.biz\/?p=166312","title":{"rendered":"Liviu Dragnea: Am fost foarte afectat de imaginea Olgu\u021bei Vasilescu \u00een c\u0103tu\u015fe"},"content":{"rendered":"<div class=\"entry data-app-meta data-app-meta-article\" data-embed-base-url-canonical=\"https:\/\/www.digi24.ro\/embed\/stiri\/actualitate\/politica\/liviu-dragnea-am-fost-foarte-afectat-de-imaginea-olgutei-vasilescu-in-catuse-502043\">\n<p data-index=\"1\">Pre\u015fedintele PSD le-a cerut colegilor juri\u015fti s\u0103 elaboreze un ghid de practici pentru primarii afla\u0163i \u00een campanie electoral\u0103, pentru a pre\u00eent\u00e2mpina o situa\u0163ie similar\u0103 celei de la Craiova. <\/p>\n<p data-index=\"2\">Mai mult, Liviu Dragnea vrea ca directiva european\u0103 privind respectarea prezum\u0163iei de nevinov\u0103\u0163ie s\u0103 fie respectat\u0103, iar \u00eenc\u0103tu\u015farea acuza\u0163ilor s\u0103 devin\u0103 istorie. <\/p>\n<p data-index=\"3\">\u201e<span>\u0218i eu \u015fi colegii am fost foarte afectat de imaginea colegei noastre \u00een c\u0103tu\u015fe, au fost imagini cu un puternic impact emo\u0163ional. Uman suntem al\u0103turi de Olgu\u0163a, este colega noastr\u0103, ea a fost sus\u0163inut\u0103 pentru prim\u0103ria Craiovei\u201d, a spus Liviu Dragnea. <\/span><\/p>\n<p data-index=\"4\">\u201e<span>S\u0103pt\u0103m\u00e2na viitoare, cu colegii cu preg\u0103tire juridic\u0103, s\u0103 vedem dac\u0103 este nevoie de o clarificare legislativ\u0103, pentru c\u0103 mul\u0163i colegi primari vor s\u0103 \u015ftie ce se poate face. S\u0103 analizeze bine \u015fi s\u0103 fie acest ghid, ce nu trebuie s\u0103 fac\u0103 un candidat \u00een campanie\u201d, a ad\u0103ugat pre\u0219edintele PSD.<\/span><\/p>\n<\/div>\n<p> Source URL: https:\/\/www.digi24.ro\/stiri\/actualitate\/politica\/liviu-dragnea-am-fost-foarte-afectat-de-imaginea-olgutei-vasilescu-in-catuse-502043<\/p>\n","protected":false},"excerpt":{"rendered":"<p>Pre\u015fedintele PSD le-a cerut colegilor juri\u015fti s\u0103 elaboreze un ghid de practici pentru primarii afla\u0163i \u00een campanie electoral\u0103, pentru a pre\u00eent\u00e2mpina o situa\u0163ie similar\u0103 celei de la Craiova. Mai mult, Liviu Dragnea vrea ca directiva european\u0103 privind respectarea prezum\u0163iei de nevinov\u0103\u0163ie s\u0103 fie respectat\u0103, iar \u00eenc\u0103tu\u015farea acuza\u0163ilor s\u0103 devin\u0103 istorie. \u201e\u0218i eu \u015fi colegii am [&hellip;]<\/p>\n","protected":false},"author":1,"featured_media":166313,"comment_status":"open","ping_status":"","sticky":false,"template":"","format":"standard","meta":{"footnotes":""},"categories":[2],"tags":[11],"class_list":["post-166312","post","type-post","status-publish","format-standard","has-post-thumbnail","hentry","category-politics","tag-digi24"],"_links":{"self":[{"href":"https:\/\/analyse.optim.biz\/index.php?rest_route=\/wp\/v2\/posts\/166312","targetHints":{"allow":["GET"]}}],"collection":[{"href":"https:\/\/analyse.optim.biz\/index.php?rest_route=\/wp\/v2\/posts"}],"about":[{"href":"https:\/\/analyse.optim.biz\/index.php?rest_route=\/wp\/v2\/types\/post"}],"author":[{"embeddable":true,"href":"https:\/\/analyse.optim.biz\/index.php?rest_route=\/wp\/v2\/users\/1"}],"replies":[{"embeddable":true,"href":"https:\/\/analyse.optim.biz\/index.php?rest_route=%2Fwp%2Fv2%2Fcomments&post=166312"}],"version-history":[{"count":0,"href":"https:\/\/analyse.optim.biz\/index.php?rest_route=\/wp\/v2\/posts\/166312\/revisions"}],"wp:featuredmedia":[{"embeddable":true,"href":"https:\/\/analyse.optim.biz\/index.php?rest_route=\/wp\/v2\/media\/166313"}],"wp:attachment":[{"href":"https:\/\/analyse.optim.biz\/index.php?rest_route=%2Fwp%2Fv2%2Fmedia&parent=166312"}],"wp:term":[{"taxonomy":"category","embeddable":true,"href":"https:\/\/analyse.optim.biz\/index.php?rest_route=%2Fwp%2Fv2%2Fcategories&post=166312"},{"taxonomy":"post_tag","embeddable":true,"href":"https:\/\/analyse.optim.biz\/index.php?rest_route=%2Fwp%2Fv2%2Ftags&post=166312"}],"curies":[{"name":"wp","href":"https:\/\/api.w.org\/{rel}","templated":true}]}}