{"id":166309,"date":"2016-03-31T19:04:08","date_gmt":"2016-03-31T16:04:08","guid":{"rendered":"https:\/\/analyse.optim.biz\/?p=166309"},"modified":"2016-03-31T19:04:08","modified_gmt":"2016-03-31T16:04:08","slug":"s-au-gasit-bani-pentru-pensiile-speciale-ale-alesilor-locali-parlamentar-este-un-lucru-normal","status":"publish","type":"post","link":"https:\/\/analyse.optim.biz\/?p=166309","title":{"rendered":"S-au g\u0103sit bani pentru pensiile speciale ale ale\u015filor locali. Parlamentar: &#8220;Este un lucru normal&#8221;"},"content":{"rendered":"<div class=\"entry data-app-meta data-app-meta-article\" data-embed-base-url-canonical=\"https:\/\/www.digi24.ro\/embed\/stiri\/actualitate\/politica\/s-au-gasit-bani-pentru-pensiile-speciale-ale-alesilor-locali-parlamentar-este-un-lucru-normal-502119\">\n<p data-index=\"1\">\u00a0<img decoding=\"async\" src=\"https:\/\/analyse.optim.biz\/wp-content\/uploads\/2024\/09\/cgcmdz04mdamagfzad0xzwmxyjcyyme4mdk5zja0ngzkm2u1yjhiytm4owzkmq-thumb_.jpg\" data-skip-htmlfix=\"1\" title=\"cgcmdz04mdamagfzad0xzwmxyjcyyme4mdk5zja0ngzkm2u1yjhiytm4owzkmq-thumb_\"><\/p>\n<p data-index=\"2\"><span><em>Foto: Agerpres<\/em><\/span><\/p>\n<p data-index=\"3\">\u201c<span lang=\"en-US\">V<\/span>orbim de indemniza\u021bii pentru primari, viceprimari, pre\u0219edin\u0163i de CJ \u0219i vicepre\u0219edin\u021bi. Deci sunt exclu\u0219i consilierii locali \u0219i consilierii jude\u021beni\u201d, a precizat Florin Iordache, vicepre\u015fedinte al Camerei Deputa\u0163ilor.<\/p>\n<p data-index=\"4\">Indemniza\u0163ia va fi acordat\u0103 celor care au avut cel pu\u0163in un manda \u00eentreg, de 4 ani, \u00een func\u0163ie. Pensia special\u0103 a ale\u015filor locali nu va putea fi cumulat\u0103 cu cea acordat\u0103 parlamentarilor. Nu vor beneficia de ea cei condamna\u0163i pentru fapte de corup\u0163ie. Legea ar urma s\u0103 intre \u00een vigoare de la 1 ianuarie 2017.<\/p>\n<p data-index=\"5\">\u201eNu este vorba de pensii speciale, este vorba de indemniza\u021bii, pe principiul parlamentar. Era descriminatoriu pentru ale\u0219ii locali\u201d, sus\u0163ine Florin Iordache.<\/p>\n<p data-index=\"6\">Legea care acord\u0103 indemniza\u0163ii speciale ale\u015filor locali care ies la pensie la limit\u0103 de v\u00e2rst\u0103 va intra \u00een discu\u0163ia plenului Camerei Deputa\u0163ilor s\u0103pt\u0103m\u00e2na viitoare.<\/p>\n<p data-index=\"7\"><strong>\u201eEste un lucru normal, noi nu facem cadouri\u201d<\/strong>, a mai spus vicepre\u015fedintele Camerei Deputa\u0163ilor.<\/p>\n<p data-index=\"8\">Viitoarele indemniza\u0163ii speciale vor fi pl\u0103tite de bugetele locale. Legea pensiilor speciale ale ale\u015filor locali a fost declarat\u0103 neconstitu\u0163ional\u0103, cu voturile tuturor celor 9 judec\u0103tori ai Cur\u0163ii Constitu\u0163ionale, \u00een ianuarie anul acesta, \u00een urma unei sesiz\u0103ri a Guvernului. Executivul a reclamat c\u0103 aplicarea legii ar institui privilegii pentru anumi\u0163i ale\u015fi locali. \u00cen plus, a argumentat Guvernul, nu exist\u0103 bani \u00een buget pentru plata acestor pensii speciale. Un argument pe care Curtea Constitu\u0163ional\u0103 l-a preluat \u00een motivarea deciziei prin care a declarat c\u0103 actul normativ \u00eencalc\u0103 prevederile legii fundamentale. Pentru 2016, efortul bugetar era calculat la 469 de milioane de lei.<\/p>\n<p data-index=\"9\"><strong>Citi\u0163i \u015fi:<\/strong><\/p>\n<p data-index=\"10\"><strong><a href=\"https:\/\/www.digi24.ro\/Stiri\/Digi24\/Actualitate\/Justitie\/Curtea+Constitutionala+Nu+exista+bani+in+buget+pentru+pensiile+a\" target=\"_blank\" data-skip-linkfix=\"1\" rel=\"noopener\">MOTIVARE. Curtea Constitu\u0163ional\u0103: Nu exist\u0103 bani \u00een buget pentru pensiile ale\u015filor locali<\/a><\/strong><\/p>\n<\/div>\n<p> Source URL: https:\/\/www.digi24.ro\/stiri\/actualitate\/politica\/s-au-gasit-bani-pentru-pensiile-speciale-ale-alesilor-locali-parlamentar-este-un-lucru-normal-502119<\/p>\n","protected":false},"excerpt":{"rendered":"<p>\u00a0 Foto: Agerpres \u201cVorbim de indemniza\u021bii pentru primari, viceprimari, pre\u0219edin\u0163i de CJ \u0219i vicepre\u0219edin\u021bi. Deci sunt exclu\u0219i consilierii locali \u0219i consilierii jude\u021beni\u201d, a precizat Florin Iordache, vicepre\u015fedinte al Camerei Deputa\u0163ilor. Indemniza\u0163ia va fi acordat\u0103 celor care au avut cel pu\u0163in un manda \u00eentreg, de 4 ani, \u00een func\u0163ie. Pensia special\u0103 a ale\u015filor locali nu va [&hellip;]<\/p>\n","protected":false},"author":1,"featured_media":166310,"comment_status":"open","ping_status":"","sticky":false,"template":"","format":"standard","meta":{"footnotes":""},"categories":[2],"tags":[11],"class_list":["post-166309","post","type-post","status-publish","format-standard","has-post-thumbnail","hentry","category-politics","tag-digi24"],"_links":{"self":[{"href":"https:\/\/analyse.optim.biz\/index.php?rest_route=\/wp\/v2\/posts\/166309","targetHints":{"allow":["GET"]}}],"collection":[{"href":"https:\/\/analyse.optim.biz\/index.php?rest_route=\/wp\/v2\/posts"}],"about":[{"href":"https:\/\/analyse.optim.biz\/index.php?rest_route=\/wp\/v2\/types\/post"}],"author":[{"embeddable":true,"href":"https:\/\/analyse.optim.biz\/index.php?rest_route=\/wp\/v2\/users\/1"}],"replies":[{"embeddable":true,"href":"https:\/\/analyse.optim.biz\/index.php?rest_route=%2Fwp%2Fv2%2Fcomments&post=166309"}],"version-history":[{"count":0,"href":"https:\/\/analyse.optim.biz\/index.php?rest_route=\/wp\/v2\/posts\/166309\/revisions"}],"wp:featuredmedia":[{"embeddable":true,"href":"https:\/\/analyse.optim.biz\/index.php?rest_route=\/wp\/v2\/media\/166310"}],"wp:attachment":[{"href":"https:\/\/analyse.optim.biz\/index.php?rest_route=%2Fwp%2Fv2%2Fmedia&parent=166309"}],"wp:term":[{"taxonomy":"category","embeddable":true,"href":"https:\/\/analyse.optim.biz\/index.php?rest_route=%2Fwp%2Fv2%2Fcategories&post=166309"},{"taxonomy":"post_tag","embeddable":true,"href":"https:\/\/analyse.optim.biz\/index.php?rest_route=%2Fwp%2Fv2%2Ftags&post=166309"}],"curies":[{"name":"wp","href":"https:\/\/api.w.org\/{rel}","templated":true}]}}