{"id":1663035,"date":"2014-06-11T19:04:32","date_gmt":"2014-06-11T16:04:32","guid":{"rendered":"https:\/\/analyse.optim.biz\/?p=1663035"},"modified":"2014-06-11T19:04:32","modified_gmt":"2014-06-11T16:04:32","slug":"utopismul-gandirii-eminesciene-la-biblioteca-bucovinei-suceavalive","status":"publish","type":"post","link":"https:\/\/analyse.optim.biz\/?p=1663035","title":{"rendered":"\u201eUtopismul g\u00e2ndirii eminesciene?\u201d, la Biblioteca Bucovinei &#8211; SuceavaLIVE"},"content":{"rendered":"<article id=\"post-39586\" class=\"clearfix post-39586 post type-post status-publish format-standard has-post-thumbnail hentry category-comunicate tag-utopismul-gandirii-eminesciene tag-biblioteca-bucovinei tag-suceava tag-suceavalive\">\n<header id=\"cb-standard-featured\">\n<div id=\"cb-fis-wrap\" class=\"cb-entry-header cb-fis cb-style-standard\"><span class=\"cb-title-fi\"><\/p>\n<h1 class=\"entry-title cb-entry-title cb-single-title\">\u201eUtopismul g\u00e2ndirii eminesciene?\u201d, la Biblioteca Bucovinei<\/h1>\n<div class=\"cb-byline cb-font-header\">\n<div class=\"cb-date cb-byline-element\"><time datetime=\"2014-06-11\">11 iunie 2014<\/time><\/div>\n<\/div>\n<p><\/span><\/div>\n<div class=\"cb-mask\"><img decoding=\"async\" width=\"322\" height=\"454\" src=\"https:\/\/analyse.optim.biz\/wp-content\/uploads\/2026\/02\/unnamed-4.jpg\" class=\"attachment-cb-full-full size-cb-full-full wp-post-image\" loading=\"lazy\" title=\"unnamed-4\"><\/div>\n<\/header>\n<p>La Biblioteca Bucovinei \u201eI. G. Sbiera\u201d va avea loc Conferin\u021ba intitulat\u0103 \u201dUtopismul g\u00e2ndirii eminesciene?\u201d, sus\u0163inut\u0103 de lect. univ. dr. Adrian Gelu Jicu. Moderator va fi dr. Alexandru \u2013 Ovidiu Vintil\u0103.<\/p>\n<section class=\"cb-entry-content entry-content clearfix\">\n<p>Sub egida Consiliului Jude\u0163ean Suceava, Biblioteca Bucovinei \u201eI.G. Sbiera\u201d organizeaz\u0103 luni, 16 iunie, la ora 11.00, \u00een Sala de Art\u0103 \u201eElena Greculesi\u201d a bibliotecii publice sucevene, conferin\u0163a cu genericul \u201eUtopismul g\u00e2ndirii eminesciene?\u201d, sus\u0163inut\u0103 de lect. univ. dr. Adrian Gelu Jicu.<\/p>\n<\/section>\n<footer class=\"article-footer\">\n<p class=\"cb-tags\"><a href=\"https:\/\/suceavalive.ro\/tag\/utopismul-gandirii-eminesciene\/\" rel=\"tag\">\u201eUtopismul g\u00e2ndirii eminesciene?\u201d<\/a><a href=\"https:\/\/suceavalive.ro\/tag\/biblioteca-bucovinei\/\" rel=\"tag\">biblioteca bucovinei<\/a><a href=\"https:\/\/suceavalive.ro\/tag\/suceava\/\" rel=\"tag\">Suceava<\/a><a href=\"https:\/\/suceavalive.ro\/tag\/suceavalive\/\" rel=\"tag\">suceavalive<\/a><\/p>\n<div class=\"cb-social-sharing cb-post-footer-block cb-beside clearfix\">\n<div class=\"cb-title-subtle\">Share On:<\/div>\n<div class=\"cb-twitter\"><a href=\"https:\/\/twitter.com\/share\" class=\"twitter-share-button\" data-dnt=\"true\" data-count=\"horizontal\">Tweet<\/a><\/div>\n<\/div>\n<div id=\"cb-previous-next-links\" class=\"cb-post-footer-block clearfix\">\n<div id=\"cb-previous-link\"><a href=\"https:\/\/suceavalive.ro\/ascunzisuri\/\" rel=\"prev\">Ascunzi\u0219uri<\/a><\/div>\n<div id=\"cb-next-link\"><a href=\"https:\/\/suceavalive.ro\/anunt-informativ-vanzare-lemn-de-foc-47\/\" rel=\"next\">ANUN\u0162 INFORMATIV V\u00c2NZARE LEMN DE FOC<\/a><\/div>\n<\/div>\n<div id=\"cb-author-box\" class=\"clearfix\">\n<h3 class=\"cb-block-title\">Despre autor<\/h3>\n<div class=\"cb-mask\"><a href=\"https:\/\/suceavalive.ro\/author\/tilihoi\/\"><img decoding=\"async\" src=\"https:\/\/analyse.optim.biz\/wp-content\/uploads\/2026\/02\/fa2d18728c5d81a58c6469ecd1ad7e557d4f11a4993458ce4a8238aca4504c9f-2.jpg\" class=\"avatar avatar-120 photo\" height=\"120\" width=\"120\" loading=\"lazy\" title=\"fa2d18728c5d81a58c6469ecd1ad7e557d4f11a4993458ce4a8238aca4504c9f-2\"><\/a><\/div>\n<div class=\"cb-meta\">\n<div class=\"cb-info\">\n<div class=\"cb-author-title vcard\"><a href=\"https:\/\/suceavalive.ro\/author\/tilihoi\/\"><span class=\"fn\">Cornel Tilihoi<\/span><\/a><\/div>\n<\/div>\n<\/div>\n<\/div>\n<div id=\"cb-related-posts\" class=\"cb-related-posts-block cb-post-end-block clearfix\">\n<h3 class=\"cb-block-title\">Postari asemanatoare<\/h3>\n<ul>\n<li class=\"cb-style-overlay cb-grid-entry cb-related-post no-1\">\n<div class=\"cb-mask\"><a href=\"https:\/\/suceavalive.ro\/calendarul-zilei-de-30-ianuarie\/\"><img decoding=\"async\" width=\"360\" height=\"240\" src=\"https:\/\/analyse.optim.biz\/wp-content\/uploads\/2026\/02\/grigore-gafencu_0-360x240-5.jpg\" class=\"attachment-cb-360-240 size-cb-360-240 wp-post-image\" loading=\"lazy\" title=\"grigore-gafencu_0-360x240-5\"><\/a><\/div>\n<div class=\"cb-meta cb-article-meta\">\n<h4 class=\"h3 cb-post-title\"><a href=\"https:\/\/suceavalive.ro\/calendarul-zilei-de-30-ianuarie\/\">Calendarul zilei de 30 ianuarie<\/a><\/h4>\n<div class=\"cb-byline cb-font-header\">\n<div class=\"cb-date cb-byline-element\"><time datetime=\"2026-01-30\">30 ianuarie 2026<\/time><\/div>\n<\/div>\n<\/div>\n<\/li>\n<li class=\"cb-style-overlay cb-grid-entry cb-related-post no-2\">\n<div class=\"cb-mask\"><a href=\"https:\/\/suceavalive.ro\/calendarul-zilei-de-28-ianuarie\/\"><img decoding=\"async\" width=\"360\" height=\"240\" src=\"https:\/\/analyse.optim.biz\/wp-content\/uploads\/2026\/02\/bibescu-360x240-5.jpg\" class=\"attachment-cb-360-240 size-cb-360-240 wp-post-image\" loading=\"lazy\" title=\"bibescu-360x240-5\"><\/a><\/div>\n<div class=\"cb-meta cb-article-meta\">\n<h4 class=\"h3 cb-post-title\"><a href=\"https:\/\/suceavalive.ro\/calendarul-zilei-de-28-ianuarie\/\">Calendarul zilei de 28 ianuarie<\/a><\/h4>\n<div class=\"cb-byline cb-font-header\">\n<div class=\"cb-date cb-byline-element\"><time datetime=\"2026-01-28\">28 ianuarie 2026<\/time><\/div>\n<\/div>\n<\/div>\n<\/li>\n<\/ul>\n<\/div>\n<\/footer>\n<div id=\"respond\" class=\"comment-respond\">\n<h3 id=\"reply-title\" class=\"comment-reply-title\">Lasa un raspuns <small><a rel=\"nofollow\" id=\"cancel-comment-reply-link\" href=\"https:\/\/suceavalive.ro\/utopismul-gandirii-eminesciene-la-biblioteca-bucovinei\/#respond\">Anuleaza raspunsul<\/a><\/small><\/h3>\n<p class=\"comment-notes\">Adresa ta de email nu va fi publicat\u0103.<\/p>\n<\/div>\n<\/article>\n<section class=\"cb-entry-content entry-content clearfix\">\n<p>Sub egida Consiliului Jude\u0163ean Suceava, Biblioteca Bucovinei \u201eI.G. Sbiera\u201d organizeaz\u0103 luni, 16 iunie, la ora 11.00, \u00een Sala de Art\u0103 \u201eElena Greculesi\u201d a bibliotecii publice sucevene, conferin\u0163a cu genericul \u201eUtopismul g\u00e2ndirii eminesciene?\u201d, sus\u0163inut\u0103 de lect. univ. dr. Adrian Gelu Jicu.<\/p>\n<\/section>\n<section class=\"cb-entry-content entry-content clearfix\">\n<p>Sub egida Consiliului Jude\u0163ean Suceava, Biblioteca Bucovinei \u201eI.G. Sbiera\u201d organizeaz\u0103 luni, 16 iunie, la ora 11.00, \u00een Sala de Art\u0103 \u201eElena Greculesi\u201d a bibliotecii publice sucevene, conferin\u0163a cu genericul \u201eUtopismul g\u00e2ndirii eminesciene?\u201d, sus\u0163inut\u0103 de lect. univ. dr. Adrian Gelu Jicu.<\/p>\n<\/section>\n<p> Source URL: https:\/\/suceavalive.ro\/utopismul-gandirii-eminesciene-la-biblioteca-bucovinei\/<\/p>\n","protected":false},"excerpt":{"rendered":"<p>\u201eUtopismul g\u00e2ndirii eminesciene?\u201d, la Biblioteca Bucovinei 11 iunie 2014 La Biblioteca Bucovinei \u201eI. G. Sbiera\u201d va avea loc Conferin\u021ba intitulat\u0103 \u201dUtopismul g\u00e2ndirii eminesciene?\u201d, sus\u0163inut\u0103 de lect. univ. dr. Adrian Gelu Jicu. Moderator va fi dr. Alexandru \u2013 Ovidiu Vintil\u0103. Sub egida Consiliului Jude\u0163ean Suceava, Biblioteca Bucovinei \u201eI.G. Sbiera\u201d organizeaz\u0103 luni, 16 iunie, la ora 11.00, [&hellip;]<\/p>\n","protected":false},"author":1,"featured_media":1663040,"comment_status":"open","ping_status":"","sticky":false,"template":"","format":"standard","meta":{"footnotes":""},"categories":[89],"tags":[173],"class_list":["post-1663035","post","type-post","status-publish","format-standard","has-post-thumbnail","hentry","category-romania","tag-suceavalive-ro"],"_links":{"self":[{"href":"https:\/\/analyse.optim.biz\/index.php?rest_route=\/wp\/v2\/posts\/1663035","targetHints":{"allow":["GET"]}}],"collection":[{"href":"https:\/\/analyse.optim.biz\/index.php?rest_route=\/wp\/v2\/posts"}],"about":[{"href":"https:\/\/analyse.optim.biz\/index.php?rest_route=\/wp\/v2\/types\/post"}],"author":[{"embeddable":true,"href":"https:\/\/analyse.optim.biz\/index.php?rest_route=\/wp\/v2\/users\/1"}],"replies":[{"embeddable":true,"href":"https:\/\/analyse.optim.biz\/index.php?rest_route=%2Fwp%2Fv2%2Fcomments&post=1663035"}],"version-history":[{"count":0,"href":"https:\/\/analyse.optim.biz\/index.php?rest_route=\/wp\/v2\/posts\/1663035\/revisions"}],"wp:featuredmedia":[{"embeddable":true,"href":"https:\/\/analyse.optim.biz\/index.php?rest_route=\/wp\/v2\/media\/1663040"}],"wp:attachment":[{"href":"https:\/\/analyse.optim.biz\/index.php?rest_route=%2Fwp%2Fv2%2Fmedia&parent=1663035"}],"wp:term":[{"taxonomy":"category","embeddable":true,"href":"https:\/\/analyse.optim.biz\/index.php?rest_route=%2Fwp%2Fv2%2Fcategories&post=1663035"},{"taxonomy":"post_tag","embeddable":true,"href":"https:\/\/analyse.optim.biz\/index.php?rest_route=%2Fwp%2Fv2%2Ftags&post=1663035"}],"curies":[{"name":"wp","href":"https:\/\/api.w.org\/{rel}","templated":true}]}}