{"id":1662998,"date":"2026-02-01T00:00:00","date_gmt":"2026-01-31T21:00:00","guid":{"rendered":"https:\/\/analyse.optim.biz\/?p=1662998"},"modified":"2026-02-01T00:00:00","modified_gmt":"2026-01-31T21:00:00","slug":"primar-anchetat-dupa-ce-si-ar-fi-agresat-iubita-si-pe-fiica-acesteia-perchezitii-la-locuinta-acestuia","status":"publish","type":"post","link":"https:\/\/analyse.optim.biz\/?p=1662998","title":{"rendered":"Primar anchetat dup\u0103 ce \u0219i-ar fi agresat iubita \u0219i pe fiica acesteia. Perchezi\u021bii la locuin\u021ba acestuia"},"content":{"rendered":"<div class=\"entry-content\">\n<p><a href=\"https:\/\/www.botosaninews.ro\/wp-content\/uploads\/2025\/12\/politie-noaptea-orice-razie-1.jpg\"><img decoding=\"async\" loading=\"lazy\" class=\"alignright size-medium wp-image-711532\" src=\"https:\/\/analyse.optim.biz\/wp-content\/uploads\/2026\/02\/politie-noaptea-orice-razie-1-300x213-2.jpg\" width=\"300\" height=\"213\" title=\"politie-noaptea-orice-razie-1-300x213-2\"><\/a>Un primar din jude\u021bul Suceava este anchetat de poli\u021bi\u0219ti dup\u0103 ce \u0219i-ar fi agresat iubita \u0219i pe fiica acesteia. Primarul comunei Mitocu Dragomirnei, Radu Reziuc, de 40 de ani, a ajuns \u00een aten\u021bia oamenilor legii dup\u0103 ce concubina acestuia, Alina, de 41 de ani, \u0219i fiica sa, de 19 ani, au cerut ajutor dup\u0103 ce ar fi fost agresate, pe 30 ianuarie.<\/p>\n<p>Cei doi au o rela\u021bie de doi ani, iar cu o noapte \u00een urm\u0103, la locuin\u021ba lor a venit fiica femeii. \u00centre ea \u0219i primar a \u00eenceput o ceart\u0103, aceasta fiind agresat\u0103 de edil. Mama fetei ar fi intervenit, iar b\u0103rbatul ar fi agresat-o \u0219i pe ea.<\/p>\n<p>Acestea ar fi fost lovite cu tocul unui obiect ce ar p\u0103rea a fi un pistol, a\u0219a c\u0103 au fugit de acas\u0103 \u0219i au anun\u021bat poli\u021bita.\u00a0 B\u0103rbatul nu figura ca fiind posesor de arm\u0103 a\u0219a c\u0103 poli\u021bi\u0219tii au descins la locuin\u021ba acestuia \u0219i au scotocit-o, dar nici urm\u0103 de vreo arm\u0103.<\/p>\n<p>Poli\u021bi\u0219tii fac cercet\u0103ri sub aspectul s\u0103v\u00e2r\u0219irii infrac\u021biunilor de violen\u021b\u0103 \u00een familie, lipsire de libertate \u00een mod ilegal \u0219i nerespectarea regimului armelor \u0219i muni\u021biilor, cercet\u0103rile fiind continuate pentru stabilirea tuturor circumstan\u021belor producerii evenimentelor.<\/p>\n<\/div>\n<div class=\"entry-content\">\n<p><a href=\"https:\/\/www.botosaninews.ro\/wp-content\/uploads\/2025\/12\/politie-noaptea-orice-razie-1.jpg\"><img decoding=\"async\" loading=\"lazy\" class=\"alignright size-medium wp-image-711532\" src=\"https:\/\/analyse.optim.biz\/wp-content\/uploads\/2026\/02\/politie-noaptea-orice-razie-1-300x213-2.jpg\" width=\"300\" height=\"213\" title=\"politie-noaptea-orice-razie-1-300x213-2\"><\/a>Un primar din jude\u021bul Suceava este anchetat de poli\u021bi\u0219ti dup\u0103 ce \u0219i-ar fi agresat iubita \u0219i pe fiica acesteia. Primarul comunei Mitocu Dragomirnei, Radu Reziuc, de 40 de ani, a ajuns \u00een aten\u021bia oamenilor legii dup\u0103 ce concubina acestuia, Alina, de 41 de ani, \u0219i fiica sa, de 19 ani, au cerut ajutor dup\u0103 ce ar fi fost agresate, pe 30 ianuarie.<\/p>\n<p>Cei doi au o rela\u021bie de doi ani, iar cu o noapte \u00een urm\u0103, la locuin\u021ba lor a venit fiica femeii. \u00centre ea \u0219i primar a \u00eenceput o ceart\u0103, aceasta fiind agresat\u0103 de edil. Mama fetei ar fi intervenit, iar b\u0103rbatul ar fi agresat-o \u0219i pe ea.<\/p>\n<p>Acestea ar fi fost lovite cu tocul unui obiect ce ar p\u0103rea a fi un pistol, a\u0219a c\u0103 au fugit de acas\u0103 \u0219i au anun\u021bat poli\u021bita.\u00a0 B\u0103rbatul nu figura ca fiind posesor de arm\u0103 a\u0219a c\u0103 poli\u021bi\u0219tii au descins la locuin\u021ba acestuia \u0219i au scotocit-o, dar nici urm\u0103 de vreo arm\u0103.<\/p>\n<p>Poli\u021bi\u0219tii fac cercet\u0103ri sub aspectul s\u0103v\u00e2r\u0219irii infrac\u021biunilor de violen\u021b\u0103 \u00een familie, lipsire de libertate \u00een mod ilegal \u0219i nerespectarea regimului armelor \u0219i muni\u021biilor, cercet\u0103rile fiind continuate pentru stabilirea tuturor circumstan\u021belor producerii evenimentelor.<\/p>\n<\/div>\n","protected":false},"excerpt":{"rendered":"<p>Un primar din jude\u021bul Suceava este anchetat de poli\u021bi\u0219ti dup\u0103 ce \u0219i-ar fi agresat iubita \u0219i pe fiica acesteia. Primarul comunei Mitocu Dragomirnei, Radu Reziuc, de 40 de ani, a ajuns \u00een aten\u021bia oamenilor legii dup\u0103 ce concubina acestuia, Alina, de 41 de ani, \u0219i fiica sa, de 19 ani, au cerut ajutor dup\u0103 ce [&hellip;]<\/p>\n","protected":false},"author":1,"featured_media":1662999,"comment_status":"open","ping_status":"","sticky":false,"template":"","format":"standard","meta":{"footnotes":""},"categories":[89],"tags":[174],"class_list":["post-1662998","post","type-post","status-publish","format-standard","has-post-thumbnail","hentry","category-romania","tag-suceavanews-ro"],"_links":{"self":[{"href":"https:\/\/analyse.optim.biz\/index.php?rest_route=\/wp\/v2\/posts\/1662998","targetHints":{"allow":["GET"]}}],"collection":[{"href":"https:\/\/analyse.optim.biz\/index.php?rest_route=\/wp\/v2\/posts"}],"about":[{"href":"https:\/\/analyse.optim.biz\/index.php?rest_route=\/wp\/v2\/types\/post"}],"author":[{"embeddable":true,"href":"https:\/\/analyse.optim.biz\/index.php?rest_route=\/wp\/v2\/users\/1"}],"replies":[{"embeddable":true,"href":"https:\/\/analyse.optim.biz\/index.php?rest_route=%2Fwp%2Fv2%2Fcomments&post=1662998"}],"version-history":[{"count":0,"href":"https:\/\/analyse.optim.biz\/index.php?rest_route=\/wp\/v2\/posts\/1662998\/revisions"}],"wp:featuredmedia":[{"embeddable":true,"href":"https:\/\/analyse.optim.biz\/index.php?rest_route=\/wp\/v2\/media\/1662999"}],"wp:attachment":[{"href":"https:\/\/analyse.optim.biz\/index.php?rest_route=%2Fwp%2Fv2%2Fmedia&parent=1662998"}],"wp:term":[{"taxonomy":"category","embeddable":true,"href":"https:\/\/analyse.optim.biz\/index.php?rest_route=%2Fwp%2Fv2%2Fcategories&post=1662998"},{"taxonomy":"post_tag","embeddable":true,"href":"https:\/\/analyse.optim.biz\/index.php?rest_route=%2Fwp%2Fv2%2Ftags&post=1662998"}],"curies":[{"name":"wp","href":"https:\/\/api.w.org\/{rel}","templated":true}]}}