{"id":166298,"date":"2016-03-31T21:39:04","date_gmt":"2016-03-31T18:39:04","guid":{"rendered":"https:\/\/analyse.optim.biz\/?p=166298"},"modified":"2016-03-31T21:39:04","modified_gmt":"2016-03-31T18:39:04","slug":"social-democratii-deplang-la-unison-retinerea-olgutei-vasilescu","status":"publish","type":"post","link":"https:\/\/analyse.optim.biz\/?p=166298","title":{"rendered":"Social-democra\u0163ii depl\u00e2ng la unison re\u0163inerea Olgu\u0163ei Vasilescu"},"content":{"rendered":"<div class=\"entry data-app-meta data-app-meta-article\" data-embed-base-url-canonical=\"https:\/\/www.digi24.ro\/embed\/stiri\/actualitate\/politica\/social-democratii-deplang-la-unison-retinerea-olgutei-vasilescu-502154\">\n<p data-index=\"1\"><strong><a href=\"https:\/\/www.digi24.ro\/Stiri\/Digi24\/Actualitate\/Politica\/Liviu+Dragnea+afectat+Olguta+Vasilescu+catuse\" target=\"_blank\" data-skip-linkfix=\"1\" rel=\"noopener\">Liviu Dragnea<\/a>, pre\u015fedintele PSD:<\/strong>\u00a0\u201e\u015ei eu, \u015fi colegii, am fost foarte afecta\u0163i de imaginea colegei noastre \u00een c\u0103tu\u015fe, au fost imagini cu un puternic impact emo\u0163ional. Nu \u015ftim exact ce e \u00een dosar. Uman, suntem al\u0103turi de Olgu\u0163a, ea a fost sus\u0163inut\u0103 pentru Craiova\u201d.<\/p>\n<p data-index=\"2\"><strong>Codrin \u015etef\u0103nescu, secretar general adjunct:<\/strong>\u00a0\u201eSunt \u015focat de ce ni se \u00eent\u00e2mpl\u0103, nu doar \u00een cazul Olgu\u0163ei Vasilescu, r\u00e2nd pe r\u00e2nd nu mai r\u0103m\u00e2ne nimeni pe teren, degeaba cre\u015ftem \u00een sondaje dac\u0103 suntem v\u00e2na\u0163i a\u015fa, sistematic\u201d.<\/p>\n<p data-index=\"3\"><strong>Valeriu Zgonea, pre\u015fedinte executiv PSD:<\/strong>\u00a0\u201eSuntem foarte buni prieteni, \u00eemi pare r\u0103u pentru familie \u015fi sunt al\u0103turi de ea\u201d.<\/p>\n<p data-index=\"4\"><strong>Rovana Plumb, vicepre\u015fedinte PSD:<\/strong>\u00a0\u201eM\u0103 g\u00e2ndesc la Olgu\u0163a Vasilescu ca om, la faptul c\u0103 este mam\u0103, la faptul c\u0103 nu \u015ftiu cum reac\u0163ioneaza p\u0103rin\u0163ii \u015fi ce simt \u00een momentul respectiv starea de spirit. Toat\u0103 lumea este surprins\u0103, \u015focat\u0103 \u015fi se consider\u0103 c\u0103 este o lovitur\u0103 grea, este o mare pierdere\u201d.<\/p>\n<p data-index=\"5\"><strong>Ecaterina Andronescu, vicepre\u015fedinte PSD:<\/strong>\u00a0\u201eNu este pentru nimeni o bucurie, sunt foarte multe \u00eentreb\u0103ri la care eu, personal, nu g\u0103sesc r\u0103spunsuri\u201d.<\/p>\n<p data-index=\"6\"><strong>Gabriela Firea, pre\u015fedinte interimar PSD Bucure\u015fti:<\/strong>\u00a0\u201e\u00cemi pare r\u0103u de Olgu\u0163a, sunt al\u0103turi de familia sa, este mam\u0103, \u00eemi dau seama c\u00e2t de mult sufer\u0103 un copil \u015fi p\u0103rin\u0163ii unui om politic atunci c\u00e2nd \u00eel v\u0103d \u00een c\u0103tu\u015fe. Nu po\u0163i s\u0103 nu fii aproape de un om pe care \u00eel cuno\u015fti, s\u0103n\u0103tate \u015fi libertate, c\u0103 sunt cele mai de pre\u0163\u201d.<\/p>\n<h1 class=\"articleTitle mceAutoSelect\" id=\"highlight-502154-1\">TITLE<\/h1>\n<h2 class=\"articleLead mceAutoSelect\" id=\"highlight-502154-2\">LEAD<\/h2>\n<p data-index=\"7\">CONTENT<\/p>\n<\/div>\n<p> Source URL: https:\/\/www.digi24.ro\/stiri\/actualitate\/politica\/social-democratii-deplang-la-unison-retinerea-olgutei-vasilescu-502154<\/p>\n","protected":false},"excerpt":{"rendered":"<p>Liviu Dragnea, pre\u015fedintele PSD:\u00a0\u201e\u015ei eu, \u015fi colegii, am fost foarte afecta\u0163i de imaginea colegei noastre \u00een c\u0103tu\u015fe, au fost imagini cu un puternic impact emo\u0163ional. Nu \u015ftim exact ce e \u00een dosar. Uman, suntem al\u0103turi de Olgu\u0163a, ea a fost sus\u0163inut\u0103 pentru Craiova\u201d. Codrin \u015etef\u0103nescu, secretar general adjunct:\u00a0\u201eSunt \u015focat de ce ni se \u00eent\u00e2mpl\u0103, nu [&hellip;]<\/p>\n","protected":false},"author":1,"featured_media":166299,"comment_status":"open","ping_status":"","sticky":false,"template":"","format":"standard","meta":{"footnotes":""},"categories":[2],"tags":[11],"class_list":["post-166298","post","type-post","status-publish","format-standard","has-post-thumbnail","hentry","category-politics","tag-digi24"],"_links":{"self":[{"href":"https:\/\/analyse.optim.biz\/index.php?rest_route=\/wp\/v2\/posts\/166298","targetHints":{"allow":["GET"]}}],"collection":[{"href":"https:\/\/analyse.optim.biz\/index.php?rest_route=\/wp\/v2\/posts"}],"about":[{"href":"https:\/\/analyse.optim.biz\/index.php?rest_route=\/wp\/v2\/types\/post"}],"author":[{"embeddable":true,"href":"https:\/\/analyse.optim.biz\/index.php?rest_route=\/wp\/v2\/users\/1"}],"replies":[{"embeddable":true,"href":"https:\/\/analyse.optim.biz\/index.php?rest_route=%2Fwp%2Fv2%2Fcomments&post=166298"}],"version-history":[{"count":0,"href":"https:\/\/analyse.optim.biz\/index.php?rest_route=\/wp\/v2\/posts\/166298\/revisions"}],"wp:featuredmedia":[{"embeddable":true,"href":"https:\/\/analyse.optim.biz\/index.php?rest_route=\/wp\/v2\/media\/166299"}],"wp:attachment":[{"href":"https:\/\/analyse.optim.biz\/index.php?rest_route=%2Fwp%2Fv2%2Fmedia&parent=166298"}],"wp:term":[{"taxonomy":"category","embeddable":true,"href":"https:\/\/analyse.optim.biz\/index.php?rest_route=%2Fwp%2Fv2%2Fcategories&post=166298"},{"taxonomy":"post_tag","embeddable":true,"href":"https:\/\/analyse.optim.biz\/index.php?rest_route=%2Fwp%2Fv2%2Ftags&post=166298"}],"curies":[{"name":"wp","href":"https:\/\/api.w.org\/{rel}","templated":true}]}}