{"id":166287,"date":"2016-03-31T21:50:27","date_gmt":"2016-03-31T18:50:27","guid":{"rendered":"https:\/\/analyse.optim.biz\/?p=166287"},"modified":"2016-03-31T21:50:27","modified_gmt":"2016-03-31T18:50:27","slug":"victor-ponta-reprosuri-pentru-liderii-psd-chiar-nu-era-cazul-ca-elena-udrea-sa-fie-prima-care-ia-atitudine-in-retinerea-olgutei","status":"publish","type":"post","link":"https:\/\/analyse.optim.biz\/?p=166287","title":{"rendered":"Victor Ponta, repro\u015furi pentru liderii PSD: Chiar nu era cazul ca Elena Udrea s\u0103 fie prima care ia atitudine \u00een re\u0163inerea Olgu\u0163ei!"},"content":{"rendered":"<div class=\"entry data-app-meta data-app-meta-article\" data-embed-base-url-canonical=\"https:\/\/www.digi24.ro\/embed\/stiri\/actualitate\/politica\/victor-ponta-reprosuri-pentru-liderii-psd-chiar-nu-era-cazul-ca-elena-udrea-sa-fie-prima-care-ia-atitudine-in-retinerea-olgutei-502157\">\n<p data-index=\"1\">Victor Ponta se refer\u0103 la declara\u0163ia Elenei Udrea care, imediat dup\u0103 ce Olgu\u0163a Vasilescu a fost dus\u0103, \u00een c\u0103tu\u015fe, la arestul central, \u015fi-a exprimat indignarea fa\u0163\u0103 situa\u0163ie. Elena Udrea, care a petrecut mai multe zile \u00een arest cu un an \u00een urm\u0103, anun\u0163a chiar c\u0103 vrea s\u0103 o viziteze pe social-democrat\u0103 dup\u0103 gratii.<\/p>\n<p data-index=\"2\">Liviu Dragnea, pre\u015fedinte PSD: \u201eNu mi se poate repro\u015fa nici mie, nici altcuiva. PSD a dep\u0103\u015fit perioadele \u00een care mergea cu o mul\u0163ime \u00een fa\u0163a unei institu\u0163ii s\u0103 protesteze. A\u015fa nu se rezolv\u0103 lucrurile nici \u00een Rom\u00e2nia, nici \u00een alt\u0103 parte. Ba mai mult, ai putea s\u0103 faci r\u0103u celui pentru care se genereaz\u0103 astfel de demers. Nu a\u015fa se rezolv\u0103 problemele\u201d.<\/p>\n<p data-index=\"3\">Liviu Dragnea se refer\u0103 la protestul organizat\u0103 de PSD \u00een 2011, dup\u0103 arestarea lui Constantin Nicolescu, \u015feful CJ Arge\u015f. Atunci, liderii social-democra\u0163i, \u00een frunte cu Victor Ponta, s-au dus la sediul PDL din Pite\u015fti pentru a reclama ceea ce ei numeau &#8220;abuzul politic&#8221; \u00eendreptat \u00eempotriva lui Nicolescu. \u00a0<\/p>\n<\/div>\n<p> Source URL: https:\/\/www.digi24.ro\/stiri\/actualitate\/politica\/victor-ponta-reprosuri-pentru-liderii-psd-chiar-nu-era-cazul-ca-elena-udrea-sa-fie-prima-care-ia-atitudine-in-retinerea-olgutei-502157<\/p>\n","protected":false},"excerpt":{"rendered":"<p>Victor Ponta se refer\u0103 la declara\u0163ia Elenei Udrea care, imediat dup\u0103 ce Olgu\u0163a Vasilescu a fost dus\u0103, \u00een c\u0103tu\u015fe, la arestul central, \u015fi-a exprimat indignarea fa\u0163\u0103 situa\u0163ie. Elena Udrea, care a petrecut mai multe zile \u00een arest cu un an \u00een urm\u0103, anun\u0163a chiar c\u0103 vrea s\u0103 o viziteze pe social-democrat\u0103 dup\u0103 gratii. Liviu Dragnea, [&hellip;]<\/p>\n","protected":false},"author":1,"featured_media":166288,"comment_status":"open","ping_status":"","sticky":false,"template":"","format":"standard","meta":{"footnotes":""},"categories":[2],"tags":[11],"class_list":["post-166287","post","type-post","status-publish","format-standard","has-post-thumbnail","hentry","category-politics","tag-digi24"],"_links":{"self":[{"href":"https:\/\/analyse.optim.biz\/index.php?rest_route=\/wp\/v2\/posts\/166287","targetHints":{"allow":["GET"]}}],"collection":[{"href":"https:\/\/analyse.optim.biz\/index.php?rest_route=\/wp\/v2\/posts"}],"about":[{"href":"https:\/\/analyse.optim.biz\/index.php?rest_route=\/wp\/v2\/types\/post"}],"author":[{"embeddable":true,"href":"https:\/\/analyse.optim.biz\/index.php?rest_route=\/wp\/v2\/users\/1"}],"replies":[{"embeddable":true,"href":"https:\/\/analyse.optim.biz\/index.php?rest_route=%2Fwp%2Fv2%2Fcomments&post=166287"}],"version-history":[{"count":0,"href":"https:\/\/analyse.optim.biz\/index.php?rest_route=\/wp\/v2\/posts\/166287\/revisions"}],"wp:featuredmedia":[{"embeddable":true,"href":"https:\/\/analyse.optim.biz\/index.php?rest_route=\/wp\/v2\/media\/166288"}],"wp:attachment":[{"href":"https:\/\/analyse.optim.biz\/index.php?rest_route=%2Fwp%2Fv2%2Fmedia&parent=166287"}],"wp:term":[{"taxonomy":"category","embeddable":true,"href":"https:\/\/analyse.optim.biz\/index.php?rest_route=%2Fwp%2Fv2%2Fcategories&post=166287"},{"taxonomy":"post_tag","embeddable":true,"href":"https:\/\/analyse.optim.biz\/index.php?rest_route=%2Fwp%2Fv2%2Ftags&post=166287"}],"curies":[{"name":"wp","href":"https:\/\/api.w.org\/{rel}","templated":true}]}}