{"id":166276,"date":"2016-03-31T22:43:27","date_gmt":"2016-03-31T19:43:27","guid":{"rendered":"https:\/\/analyse.optim.biz\/?p=166276"},"modified":"2016-03-31T22:43:27","modified_gmt":"2016-03-31T19:43:27","slug":"presedintele-cheama-partidele-la-consultari-pe-tema-legilor-sigurantei-nationale","status":"publish","type":"post","link":"https:\/\/analyse.optim.biz\/?p=166276","title":{"rendered":"Pre\u015fedintele cheam\u0103 partidele la consult\u0103ri pe tema legilor siguran\u021bei na\u021bionale"},"content":{"rendered":"<div class=\"entry data-app-meta data-app-meta-article\" data-embed-base-url-canonical=\"https:\/\/www.digi24.ro\/embed\/stiri\/actualitate\/politica\/presedintele-cheama-partidele-la-consultari-pe-tema-legilor-sigurantei-nationale-502171\">\n<p data-index=\"1\"><em>\u201eEcoul din \u021bar\u0103 m\u0103 bucur\u0103. Dac\u0103 politicienii a\u0219teapt\u0103 aceste consult\u0103ri \u00eenseamn\u0103 ca au \u00een\u021beles mesajul meu vreau s\u0103-i asigur pe to\u021bi c\u0103 \u00een urm\u0103toarele s\u0103pt\u0103m\u00e2ni voi avea consult\u0103ri cu toate partidele politice. Vom aduna \u0219i exper\u021bi care vin s\u0103 propun\u0103 c\u00e2teva idei \u00een domeniu \u0219i sper s\u0103 reu\u0219im \u00een cel mai scurt timp s\u0103 \u00eencepem un proces de modernizare \u0219i actualizare a \u00eentregii legisla\u021bii\u201d,<\/em> a spus Klaus Iohannis.\u00a0<\/p>\n<p data-index=\"2\">Pre\u015fedintele PSD, Liviu Dragnea, a declarat c\u0103 partidul pe care \u00eel conduce va merge la Cotroceni cu ni\u015fte propuneri \u201efoarte bine structurate\u201d, relateaz\u0103 <a href=\"http:\/\/www.news.ro\/\" target=\"_blank\" data-skip-linkfix=\"1\" rel=\"noopener\">News.ro. <\/a><\/p>\n<p data-index=\"3\"><em>\u201ePSD va merge sigur, cu precizarea c\u0103 trebuia f\u0103cut mai demult aceast\u0103 \u00eent\u00e2lnire \u015fi aceast\u0103 discu\u0163ie. Este o discu\u0163ie foarte important\u0103 pentru statul rom\u00e2n \u015fi pentru siguran\u0163a na\u0163ional\u0103 \u015fi pentru siguran\u0163a persoanei din Rom\u00e2nia. PSD are foarte clar definit ceea ce sus\u0163ine. Pe de-o parte s\u0103 nu fie \u015ftirbit\u0103 capacitatea investigativ\u0103 a statului rom\u00e2n, capacitatea institu\u0163iilor statului de a asigura protec\u0163ia persoanelor, cet\u0103\u0163enilor rom\u00e2ni, \u00eempotriva terorismului \u015fi a altor ac\u0163iuni de genul acesta, iar, pe de alt\u0103 parte, drepturile fundamentale ale cet\u0103\u0163enilor s\u0103 nu fie \u015ftirbite&#8221;<\/em>, a declarat Liviu Dragnea, \u00eentr-o conferin\u0163\u0103 de pres\u0103 dup\u0103 \u015fedin\u0163a BPN.\u00a0<\/p>\n<p data-index=\"4\">Liderul PSD a men\u0163ionat c\u0103 social-democra\u0163ii au deja mai multe propuneri \u201ebine structurate\u201d privind legile siguran\u0163ei na\u0163ionale.<\/p>\n<p data-index=\"5\"><em>\u201eDac\u0103 se va confirma oficial, PSD va merge \u015fi va merge foarte bine preg\u0103tit, nu s\u0103-\u015fi dea cu p\u0103rerea, nu s\u0103 vorbeasc\u0103 ca s\u0103 se aud\u0103, ci va merge cu ni\u015fte propuneri foarte bine structurate<\/em>&#8220;, a mai spus Dragnea.<\/p>\n<p data-index=\"6\">De asemenea, Liviu Dragnea a declarat c\u0103, cel mai probabil, Parlamentul va adopta\u00a0\u00eentreg pachetul de legi privind siguran\u0163a na\u0163ional\u0103 anul acesta.<\/p>\n<p data-index=\"7\">\u201eDac\u0103 nu suntem \u00een stare s\u0103 facem lucrul acesta, \u00eenseamn\u0103 c\u0103 avem o problem\u0103. Eu cred c\u0103 da, din moment ce sper s\u0103 ajungem la un punct de vedere comun, partidele din Parlament, Pre\u015fedin\u0163ia, Guvernul \u015fi alte institu\u0163ii \u00een ac\u0163iunile acestea, nu avem de ce s\u0103 nu-l adopt\u0103m. E important, aici nu te po\u0163i juca. Din c\u00e2te \u015ftiu eu, cei care vizeaz\u0103 atacuri cibernetice sau de alt\u0103 natur\u0103 nu cred c\u0103 a\u015fteapt\u0103 p\u00e2n\u0103 c\u00e2nd Parlamentul Rom\u00e2niei se treze\u015fte. Suntem obliga\u0163i s\u0103 facem lucrul acesta&#8221;, a conchis pre\u015fedintele PSD.\u00a0<\/p>\n<\/div>\n<p> Source URL: https:\/\/www.digi24.ro\/stiri\/actualitate\/politica\/presedintele-cheama-partidele-la-consultari-pe-tema-legilor-sigurantei-nationale-502171<\/p>\n","protected":false},"excerpt":{"rendered":"<p>\u201eEcoul din \u021bar\u0103 m\u0103 bucur\u0103. Dac\u0103 politicienii a\u0219teapt\u0103 aceste consult\u0103ri \u00eenseamn\u0103 ca au \u00een\u021beles mesajul meu vreau s\u0103-i asigur pe to\u021bi c\u0103 \u00een urm\u0103toarele s\u0103pt\u0103m\u00e2ni voi avea consult\u0103ri cu toate partidele politice. Vom aduna \u0219i exper\u021bi care vin s\u0103 propun\u0103 c\u00e2teva idei \u00een domeniu \u0219i sper s\u0103 reu\u0219im \u00een cel mai scurt timp s\u0103 \u00eencepem [&hellip;]<\/p>\n","protected":false},"author":1,"featured_media":166277,"comment_status":"open","ping_status":"","sticky":false,"template":"","format":"standard","meta":{"footnotes":""},"categories":[2],"tags":[11],"class_list":["post-166276","post","type-post","status-publish","format-standard","has-post-thumbnail","hentry","category-politics","tag-digi24"],"_links":{"self":[{"href":"https:\/\/analyse.optim.biz\/index.php?rest_route=\/wp\/v2\/posts\/166276","targetHints":{"allow":["GET"]}}],"collection":[{"href":"https:\/\/analyse.optim.biz\/index.php?rest_route=\/wp\/v2\/posts"}],"about":[{"href":"https:\/\/analyse.optim.biz\/index.php?rest_route=\/wp\/v2\/types\/post"}],"author":[{"embeddable":true,"href":"https:\/\/analyse.optim.biz\/index.php?rest_route=\/wp\/v2\/users\/1"}],"replies":[{"embeddable":true,"href":"https:\/\/analyse.optim.biz\/index.php?rest_route=%2Fwp%2Fv2%2Fcomments&post=166276"}],"version-history":[{"count":0,"href":"https:\/\/analyse.optim.biz\/index.php?rest_route=\/wp\/v2\/posts\/166276\/revisions"}],"wp:featuredmedia":[{"embeddable":true,"href":"https:\/\/analyse.optim.biz\/index.php?rest_route=\/wp\/v2\/media\/166277"}],"wp:attachment":[{"href":"https:\/\/analyse.optim.biz\/index.php?rest_route=%2Fwp%2Fv2%2Fmedia&parent=166276"}],"wp:term":[{"taxonomy":"category","embeddable":true,"href":"https:\/\/analyse.optim.biz\/index.php?rest_route=%2Fwp%2Fv2%2Fcategories&post=166276"},{"taxonomy":"post_tag","embeddable":true,"href":"https:\/\/analyse.optim.biz\/index.php?rest_route=%2Fwp%2Fv2%2Ftags&post=166276"}],"curies":[{"name":"wp","href":"https:\/\/api.w.org\/{rel}","templated":true}]}}