{"id":1662075,"date":"2026-02-01T10:32:22","date_gmt":"2026-02-01T07:32:22","guid":{"rendered":"https:\/\/analyse.optim.biz\/?p=1662075"},"modified":"2026-02-01T10:32:22","modified_gmt":"2026-02-01T07:32:22","slug":"atentie-soferi-restrictii-temporare-de-trafic-pe-a7-in-judetul-vrancea","status":"publish","type":"post","link":"https:\/\/analyse.optim.biz\/?p=1662075","title":{"rendered":"ATEN\u021aIE, \u0219oferi! Restric\u021bii temporare de trafic pe A7, \u00een jude\u021bul Vrancea"},"content":{"rendered":"<div class=\"td_block_wrap tdb_single_content tdi_106 td-pb-border-top td_block_template_1 td-post-content tagdiv-type\" data-td-block-uid=\"tdi_106\">\n<div class=\"tdb-block-inner td-fix-index\">\n<p data-start=\"62\" data-end=\"516\" data-is-last-node data-is-only-node>DRDP Buz\u0103u informeaz\u0103 c\u0103 luni, 2 februarie 2026, vor avea loc verific\u0103ri tehnice la portalurile ANPR de pe Autostrada A7, \u00een jude\u021bul Vrancea. Interven\u021biile sunt programate la km 134+250, \u00een intervalul 12:00\u201314:00, \u0219i la km 115+000, \u00eentre orele 15:00\u201317:00. Pe durata lucr\u0103rilor, traficul va fi restric\u021bionat temporar, alternativ, pe banda 1 sau banda 2. Conduc\u0103torii auto sunt sf\u0103tui\u021bi s\u0103 circule cu pruden\u021b\u0103 \u0219i s\u0103 respecte semnalizarea rutier\u0103 din zon\u0103.<\/p>\n<\/div>\n<\/div>\n<p> Source URL: https:\/\/www.jurnaldevrancea.ro\/atentie-soferi-restrictii-temporare-de-trafic-pe-a7-in-judetul-vrancea\/<\/p>\n","protected":false},"excerpt":{"rendered":"<p>DRDP Buz\u0103u informeaz\u0103 c\u0103 luni, 2 februarie 2026, vor avea loc verific\u0103ri tehnice la portalurile ANPR de pe Autostrada A7, \u00een jude\u021bul Vrancea. Interven\u021biile sunt programate la km 134+250, \u00een intervalul 12:00\u201314:00, \u0219i la km 115+000, \u00eentre orele 15:00\u201317:00. Pe durata lucr\u0103rilor, traficul va fi restric\u021bionat temporar, alternativ, pe banda 1 sau banda 2. Conduc\u0103torii [&hellip;]<\/p>\n","protected":false},"author":1,"featured_media":1662078,"comment_status":"open","ping_status":"","sticky":false,"template":"","format":"standard","meta":{"footnotes":""},"categories":[89],"tags":[207],"class_list":["post-1662075","post","type-post","status-publish","format-standard","has-post-thumbnail","hentry","category-romania","tag-jurnaldevrancea-ro"],"_links":{"self":[{"href":"https:\/\/analyse.optim.biz\/index.php?rest_route=\/wp\/v2\/posts\/1662075","targetHints":{"allow":["GET"]}}],"collection":[{"href":"https:\/\/analyse.optim.biz\/index.php?rest_route=\/wp\/v2\/posts"}],"about":[{"href":"https:\/\/analyse.optim.biz\/index.php?rest_route=\/wp\/v2\/types\/post"}],"author":[{"embeddable":true,"href":"https:\/\/analyse.optim.biz\/index.php?rest_route=\/wp\/v2\/users\/1"}],"replies":[{"embeddable":true,"href":"https:\/\/analyse.optim.biz\/index.php?rest_route=%2Fwp%2Fv2%2Fcomments&post=1662075"}],"version-history":[{"count":0,"href":"https:\/\/analyse.optim.biz\/index.php?rest_route=\/wp\/v2\/posts\/1662075\/revisions"}],"wp:featuredmedia":[{"embeddable":true,"href":"https:\/\/analyse.optim.biz\/index.php?rest_route=\/wp\/v2\/media\/1662078"}],"wp:attachment":[{"href":"https:\/\/analyse.optim.biz\/index.php?rest_route=%2Fwp%2Fv2%2Fmedia&parent=1662075"}],"wp:term":[{"taxonomy":"category","embeddable":true,"href":"https:\/\/analyse.optim.biz\/index.php?rest_route=%2Fwp%2Fv2%2Fcategories&post=1662075"},{"taxonomy":"post_tag","embeddable":true,"href":"https:\/\/analyse.optim.biz\/index.php?rest_route=%2Fwp%2Fv2%2Ftags&post=1662075"}],"curies":[{"name":"wp","href":"https:\/\/api.w.org\/{rel}","templated":true}]}}