{"id":166101,"date":"2016-04-05T13:51:15","date_gmt":"2016-04-05T10:51:15","guid":{"rendered":"https:\/\/analyse.optim.biz\/?p=166101"},"modified":"2016-04-05T13:51:15","modified_gmt":"2016-04-05T10:51:15","slug":"concurs-national-pentru-recrutarea-functionarilor","status":"publish","type":"post","link":"https:\/\/analyse.optim.biz\/?p=166101","title":{"rendered":"Concurs na\u021bional pentru recrutarea func\u021bionarilor"},"content":{"rendered":"<div class=\"entry data-app-meta data-app-meta-article\" data-embed-base-url-canonical=\"https:\/\/www.digi24.ro\/embed\/stiri\/actualitate\/politica\/concurs-national-pentru-recrutarea-functionarilor-503510\">\n<p data-index=\"1\">M\u0103surile vor viza recrutarea, promovarea ierarhic\u0103 \u015fi statutul func\u0163ionarilor publici, a declarat ast\u0103zi premierul, \u00een cadrul unei \u00eent\u00e2lniri primarii de ora\u015fe.<\/p>\n<p data-index=\"2\">Printre propunerile cu care Dacian Ciolo\u015f va merge \u00een Legislativ se num\u0103ra \u015fi organizarea unui concurs na\u0163ional de selec\u0163ie pentru persoanele care vor s\u0103 lucreze \u00een administra\u0163ie.<\/p>\n<p data-index=\"3\">\u201e<span>Ideea ar fi, de exemplu, s\u0103 avem pe de-o parte un concurs na\u021bional de recrutare pentru a intra \u00een func\u021bia public\u0103, unde s\u0103 existe ni\u0219te reguli de baz\u0103, ni\u0219te competen\u021be de baz\u0103 care s\u0103 fie valabile pentru to\u021bi functionarii, indiferent unde lucreaz\u0103, \u0219i odat\u0103 ce au trecut prin filtru acesta al unui concurs na\u021bional de selec\u021bie, s\u0103 ave\u021bi posibilitatea, dumneavoastr\u0103 ca \u0219i \u0219efi ierarhici, \u0219efi ai administra\u021biei, s\u0103 v\u0103 recruta\u021bi oamenii pe care-i considera\u021bi cei mai adapta\u021bi pentru posturile de care ave\u021bi nevoie\u201d, a declarat prim-ministrul Dacian Ciolo\u015f.<\/span><\/p>\n<p data-index=\"4\">Potrivit \u0219efului Executivului, dezbaterea pe principiile reformei administra\u021biei se va desf\u0103\u0219ura \u00een aprilie \u0219i mai.<\/p>\n<p data-index=\"5\">\u201eInten\u021bia noastr\u0103 e s\u0103 lans\u0103m \u00een s\u0103pt\u0103m\u00e2nile urm\u0103toare aceast\u0103 dezbatere pe principiile de reform\u0103, s\u0103 folosim lunile aprilie \u0219i mai pentru dezbateri, \u00een a\u0219a fel \u00eenc\u00e2t, dup\u0103 alegerile locale, \u00een luna iunie, Guvernul s\u0103 vin\u0103 \u00een Parlament cu un pachet de modific\u0103ri legislative care s\u0103 mearg\u0103 \u00een aceast\u0103 direc\u021bie\u201d, a subliniat premierul.<\/p>\n<\/div>\n<p> Source URL: https:\/\/www.digi24.ro\/stiri\/actualitate\/politica\/concurs-national-pentru-recrutarea-functionarilor-503510<\/p>\n","protected":false},"excerpt":{"rendered":"<p>M\u0103surile vor viza recrutarea, promovarea ierarhic\u0103 \u015fi statutul func\u0163ionarilor publici, a declarat ast\u0103zi premierul, \u00een cadrul unei \u00eent\u00e2lniri primarii de ora\u015fe. Printre propunerile cu care Dacian Ciolo\u015f va merge \u00een Legislativ se num\u0103ra \u015fi organizarea unui concurs na\u0163ional de selec\u0163ie pentru persoanele care vor s\u0103 lucreze \u00een administra\u0163ie. \u201eIdeea ar fi, de exemplu, s\u0103 avem [&hellip;]<\/p>\n","protected":false},"author":1,"featured_media":166102,"comment_status":"open","ping_status":"","sticky":false,"template":"","format":"standard","meta":{"footnotes":""},"categories":[2],"tags":[11],"class_list":["post-166101","post","type-post","status-publish","format-standard","has-post-thumbnail","hentry","category-politics","tag-digi24"],"_links":{"self":[{"href":"https:\/\/analyse.optim.biz\/index.php?rest_route=\/wp\/v2\/posts\/166101","targetHints":{"allow":["GET"]}}],"collection":[{"href":"https:\/\/analyse.optim.biz\/index.php?rest_route=\/wp\/v2\/posts"}],"about":[{"href":"https:\/\/analyse.optim.biz\/index.php?rest_route=\/wp\/v2\/types\/post"}],"author":[{"embeddable":true,"href":"https:\/\/analyse.optim.biz\/index.php?rest_route=\/wp\/v2\/users\/1"}],"replies":[{"embeddable":true,"href":"https:\/\/analyse.optim.biz\/index.php?rest_route=%2Fwp%2Fv2%2Fcomments&post=166101"}],"version-history":[{"count":0,"href":"https:\/\/analyse.optim.biz\/index.php?rest_route=\/wp\/v2\/posts\/166101\/revisions"}],"wp:featuredmedia":[{"embeddable":true,"href":"https:\/\/analyse.optim.biz\/index.php?rest_route=\/wp\/v2\/media\/166102"}],"wp:attachment":[{"href":"https:\/\/analyse.optim.biz\/index.php?rest_route=%2Fwp%2Fv2%2Fmedia&parent=166101"}],"wp:term":[{"taxonomy":"category","embeddable":true,"href":"https:\/\/analyse.optim.biz\/index.php?rest_route=%2Fwp%2Fv2%2Fcategories&post=166101"},{"taxonomy":"post_tag","embeddable":true,"href":"https:\/\/analyse.optim.biz\/index.php?rest_route=%2Fwp%2Fv2%2Ftags&post=166101"}],"curies":[{"name":"wp","href":"https:\/\/api.w.org\/{rel}","templated":true}]}}