{"id":165786,"date":"2016-04-12T23:19:59","date_gmt":"2016-04-12T20:19:59","guid":{"rendered":"https:\/\/analyse.optim.biz\/?p=165786"},"modified":"2016-04-12T23:19:59","modified_gmt":"2016-04-12T20:19:59","slug":"protestul-lui-mircea-ionescu-quintus-la-adresa-conducerii-pnl","status":"publish","type":"post","link":"https:\/\/analyse.optim.biz\/?p=165786","title":{"rendered":"Protestul lui Mircea Ionescu Quintus la adresa conducerii PNL"},"content":{"rendered":"<div class=\"entry data-app-meta data-app-meta-article\" data-embed-base-url-canonical=\"https:\/\/www.digi24.ro\/embed\/stiri\/actualitate\/politica\/protestul-lui-mircea-ionescu-quintus-la-adresa-conducerii-pnl-506235\">\n<p data-index=\"1\">\u00a0<img decoding=\"async\" src=\"https:\/\/analyse.optim.biz\/wp-content\/uploads\/2024\/09\/agfzad03mjuxngqwngq4nmiyogrimte4mgjhndc5zjbizmnjng-thumb_.jpg\" data-skip-htmlfix=\"1\" title=\"agfzad03mjuxngqwngq4nmiyogrimte4mgjhndc5zjbizmnjng-thumb_\"><\/p>\n<p data-index=\"2\"><span><em>Foto: inquamphotos.com<\/em><\/span><\/p>\n<p data-index=\"3\">\u201e<span>Nu m-am ab\u021binut \u00een privin\u021ba alegerii domnului Marian Munteanu, pe care \u00eel cunosc \u0219i care, dup\u0103 p\u0103rerea mea, este o legend\u0103 a Bucure\u0219tiului, ci m-am ab\u021binut \u00een privin\u021ba conducerii partidului din care fac parte, c\u0103 nu am fost preg\u0103ti\u021bi pentru \u0219ocul de ieri\u201d, a explicat Mircea Ionescu Quintus. El s-a referit la decizia lui Ludovic Orban de a renun\u0163a la candidatur\u0103, dup\u0103 ce a fost pus sub acuzare de DNA pentru c\u0103 ar fi cerut unui om de afaceri 50.000 de euro, bani pentru campania electoral\u0103. Mai exact, banii ar fi urmat s\u0103 ajung\u0103 la persoane din dou\u0103 televiziuni.<\/span><\/p>\n<p data-index=\"4\">\u201e<span>Am fost lua\u021bi prin surprindere\u201d, a spus pre\u015fedintele de onoare al PNL. \u201eS-a g\u0103sit solu\u021bia aceasta, dar un om politic trebuie \u00eentotdeauna s\u0103 aib\u0103 un plan de rezerv\u0103 \u0219i noi nu l-am avut \u0219i ab\u021binerea a fost \u00een privin\u021ba mea \u0219i a conducerii&#8221;, a explicat Mircea Ionescu-Quintus dup\u0103 \u0219edin\u021ba Biroului Permanent Na\u0163ional al PNL.<\/span><\/p>\n<p data-index=\"5\">\u00cen acela\u015fi timp, Mircea Ionescu Quintus spune c\u0103 Marian Munteanu este o variant\u0103 bun\u0103 de candidat. &#8220;Una mai bun\u0103 ca asta nu se putea g\u0103si&#8221;.<\/p>\n<p data-index=\"6\">Imediat dup\u0103 \u015fedin\u0163a conducerii PNL, copre\u015fedintele Alina Gorghiu a spus c\u0103 toat\u0103 lumea a votat pentru desemnarea lui Marian Munteanu, de la pre\u015fedintele de onoare Mircea ionescu Quintus la ultimul membru al BPN.<\/p>\n<\/div>\n<p> Source URL: https:\/\/www.digi24.ro\/stiri\/actualitate\/politica\/protestul-lui-mircea-ionescu-quintus-la-adresa-conducerii-pnl-506235<\/p>\n","protected":false},"excerpt":{"rendered":"<p>\u00a0 Foto: inquamphotos.com \u201eNu m-am ab\u021binut \u00een privin\u021ba alegerii domnului Marian Munteanu, pe care \u00eel cunosc \u0219i care, dup\u0103 p\u0103rerea mea, este o legend\u0103 a Bucure\u0219tiului, ci m-am ab\u021binut \u00een privin\u021ba conducerii partidului din care fac parte, c\u0103 nu am fost preg\u0103ti\u021bi pentru \u0219ocul de ieri\u201d, a explicat Mircea Ionescu Quintus. El s-a referit la [&hellip;]<\/p>\n","protected":false},"author":1,"featured_media":165787,"comment_status":"open","ping_status":"","sticky":false,"template":"","format":"standard","meta":{"footnotes":""},"categories":[2],"tags":[11],"class_list":["post-165786","post","type-post","status-publish","format-standard","has-post-thumbnail","hentry","category-politics","tag-digi24"],"_links":{"self":[{"href":"https:\/\/analyse.optim.biz\/index.php?rest_route=\/wp\/v2\/posts\/165786","targetHints":{"allow":["GET"]}}],"collection":[{"href":"https:\/\/analyse.optim.biz\/index.php?rest_route=\/wp\/v2\/posts"}],"about":[{"href":"https:\/\/analyse.optim.biz\/index.php?rest_route=\/wp\/v2\/types\/post"}],"author":[{"embeddable":true,"href":"https:\/\/analyse.optim.biz\/index.php?rest_route=\/wp\/v2\/users\/1"}],"replies":[{"embeddable":true,"href":"https:\/\/analyse.optim.biz\/index.php?rest_route=%2Fwp%2Fv2%2Fcomments&post=165786"}],"version-history":[{"count":0,"href":"https:\/\/analyse.optim.biz\/index.php?rest_route=\/wp\/v2\/posts\/165786\/revisions"}],"wp:featuredmedia":[{"embeddable":true,"href":"https:\/\/analyse.optim.biz\/index.php?rest_route=\/wp\/v2\/media\/165787"}],"wp:attachment":[{"href":"https:\/\/analyse.optim.biz\/index.php?rest_route=%2Fwp%2Fv2%2Fmedia&parent=165786"}],"wp:term":[{"taxonomy":"category","embeddable":true,"href":"https:\/\/analyse.optim.biz\/index.php?rest_route=%2Fwp%2Fv2%2Fcategories&post=165786"},{"taxonomy":"post_tag","embeddable":true,"href":"https:\/\/analyse.optim.biz\/index.php?rest_route=%2Fwp%2Fv2%2Ftags&post=165786"}],"curies":[{"name":"wp","href":"https:\/\/api.w.org\/{rel}","templated":true}]}}